{"id":157827,"date":"2022-04-25T00:00:00","date_gmt":"2022-04-24T21:00:00","guid":{"rendered":"http:\/\/south.euneighbours.eu\/news\/journee-internationale-du-multilateralisme-et-de-la-diplomatie-au-service-de-la-paix-declaration-du-haut-representant-vice-president-josep-borrell\/"},"modified":"2022-07-08T15:47:49","modified_gmt":"2022-07-08T12:47:49","slug":"journee-internationale-du-multilateralisme-et-de-la-diplomatie-au-service-de","status":"publish","type":"news","link":"https:\/\/www.eumedbridge.eu\/fr\/news\/journee-internationale-du-multilateralisme-et-de-la-diplomatie-au-service-de\/","title":{"rendered":"Journ\u00e9e internationale du multilat\u00e9ralisme et de la diplomatie au service de la paix\u00a0: d\u00e9claration du Haut repr\u00e9sentant\/vice-pr\u00e9sident, Josep\u00a0Borrell"},"content":{"rendered":"<p>\u00ab\u00a0Il y a 77\u00a0ans, le monde s\u2019est uni pour signer la Charte des Nations Unies et \u201cpr\u00e9server les g\u00e9n\u00e9rations futures du fl\u00e9au de la guerre\u201d. Aujourd\u2019hui, alors que le monde se trouve confront\u00e9 \u00e0 l\u2019un des plus grands d\u00e9fis pos\u00e9s \u00e0 l\u2019architecture mondiale de la paix\u00a0\u2013 la guerre d\u2019agression de la Russie contre l\u2019Ukraine\u00a0\u2013 la Charte des Nations Unies est plus importante que jamais.<\/p>\n<p>\u00c0 l\u2019occasion de la Journ\u00e9e internationale du multilat\u00e9ralisme et de la diplomatie au service de la paix\u00a0, nous\u00a0\u2013 l\u2019Union europ\u00e9enne\u00a0\u2013 r\u00e9affirmons notre attachement ind\u00e9fectible au multilat\u00e9ralisme fond\u00e9 sur des r\u00e8gles et \u00e0 la gouvernance mondiale. \u00a0Aux c\u00f4t\u00e9s de nos partenaires, nous continuerons \u00e0 \u0153uvrer pour faire du monde un lieu de vie plus s\u00fbr, en d\u00e9fendant la d\u00e9mocratie et l\u2019universalit\u00e9 des droits de l\u2019homme pour tous et en promouvant la paix et la s\u00e9curit\u00e9 mondiales. Les droits de l\u2019homme s\u2019appliquent \u00e0 tous, partout.<\/p>\n<p>Au moment m\u00eame o\u00f9 le monde commen\u00e7ait \u00e0 se relever des d\u00e9fis extraordinaires pos\u00e9s par la pand\u00e9mie, l\u2019invasion ill\u00e9gale de l\u2019Ukraine par la Russie l\u2019a pr\u00e9cipit\u00e9 dans une p\u00e9riode encore plus incertaine. Cette agression contre l\u2019Ukraine n\u2019est pas seulement une catastrophe humanitaire pour l\u2019Ukraine et sa population, c\u2019est aussi une violation flagrante du droit international.<\/p>\n<p>[&#8230;]\u00a0<\/p>\n<p>Nous saluons et appuyons les travaux men\u00e9s actuellement pour enqu\u00eater sur les crimes de guerre et les crimes contre l\u2019humanit\u00e9 et en rassembler les preuves, notamment par le Bureau du Procureur de la Cour p\u00e9nale internationale, la Commission d\u2019enqu\u00eate mandat\u00e9e par le Conseil des droits de l\u2019homme des Nations Unies, la Mission de surveillance des droits de l\u2019homme en Ukraine du HCDH et la mission d\u2019experts de l\u2019OSCE mandat\u00e9e par les \u00c9tats participants de l\u2019OSCE.<\/p>\n<p>C\u2019est par l\u2019interm\u00e9diaire de ces instances multilat\u00e9rales que le processus de responsabilisation et l\u2019administration de la justice peuvent \u00eatre assur\u00e9s.<\/p>\n<p>Ce sont les actions multilat\u00e9rales qui nous permettront de r\u00e9tablir la s\u00e9curit\u00e9 et de consolider une paix durable pour tous. Nous le devons aux victimes des conflits et \u00e0 leurs familles, \u00e0 nous-m\u00eames et aux g\u00e9n\u00e9rations de demain\u00a0\u00bb.<\/p>\n<p><strong>Pour plus d&rsquo;informations<\/strong><\/p>\n<p><a href=\"https:\/\/www.eeas.europa.eu\/eeas\/international-day-multilateralism-and-diplomacy-peace-statement-high-representativevice_en\">D\u00e9claration compl\u00e8te<\/a><\/p>\n","protected":false},"featured_media":133345,"parent":0,"template":"","news_category":[],"country":[1956],"special_action":[],"custom_tag":[2313,2821],"class_list":["post-157827","news","type-news","status-publish","has-post-thumbnail","hentry","country-region-sud","custom_tag-droit-de-lhomme","custom_tag-migration-fr"],"acf":[],"yoast_head":"<!-- This site is optimized with the Yoast SEO plugin v26.5 - https:\/\/yoast.com\/wordpress\/plugins\/seo\/ -->\n<title>Journ\u00e9e internationale du multilat\u00e9ralisme et de la diplomatie au service de la paix\u00a0: d\u00e9claration du Haut repr\u00e9sentant\/vice-pr\u00e9sident, Josep\u00a0Borrell - Voisins de l&#039;UE<\/title>\n<meta name=\"robots\" content=\"index, follow, max-snippet:-1, max-image-preview:large, max-video-preview:-1\" \/>\n<link rel=\"canonical\" href=\"https:\/\/www.eumedbridge.eu\/fr\/news\/journee-internationale-du-multilateralisme-et-de-la-diplomatie-au-service-de\/\" \/>\n<meta property=\"og:locale\" content=\"fr_FR\" \/>\n<meta property=\"og:type\" content=\"article\" \/>\n<meta property=\"og:title\" content=\"Journ\u00e9e internationale du multilat\u00e9ralisme et de la diplomatie au service de la paix\u00a0: d\u00e9claration du Haut repr\u00e9sentant\/vice-pr\u00e9sident, Josep\u00a0Borrell - Voisins de l&#039;UE\" \/>\n<meta property=\"og:description\" content=\"\u00ab\u00a0Il y a 77\u00a0ans, le monde s\u2019est uni pour signer la Charte des Nations Unies et \u201cpr\u00e9server les g\u00e9n\u00e9rations futures du fl\u00e9au de la guerre\u201d. Aujourd\u2019hui, alors que le monde se trouve confront\u00e9 \u00e0 l\u2019un des plus grands d\u00e9fis pos\u00e9s \u00e0 l\u2019architecture mondiale de la paix\u00a0\u2013 la guerre d\u2019agression de la Russie contre l\u2019Ukraine\u00a0\u2013 la [&hellip;]\" \/>\n<meta property=\"og:url\" content=\"https:\/\/www.eumedbridge.eu\/fr\/news\/journee-internationale-du-multilateralisme-et-de-la-diplomatie-au-service-de\/\" \/>\n<meta property=\"og:site_name\" content=\"Voisins de l&#039;UE\" \/>\n<meta property=\"article:publisher\" content=\"https:\/\/www.facebook.com\/eumedbridge\/\" \/>\n<meta property=\"article:modified_time\" content=\"2022-07-08T12:47:49+00:00\" \/>\n<meta property=\"og:image\" content=\"https:\/\/www.eumedbridge.eu\/wp-content\/uploads\/2022\/05\/eu_3.jpg\" \/>\n\t<meta property=\"og:image:width\" content=\"1680\" \/>\n\t<meta property=\"og:image:height\" content=\"750\" \/>\n\t<meta property=\"og:image:type\" content=\"image\/jpeg\" \/>\n<meta name=\"twitter:card\" content=\"summary_large_image\" \/>\n<meta name=\"twitter:site\" content=\"@eumedbridge\" \/>\n<meta name=\"twitter:label1\" content=\"Dur\u00e9e de lecture estim\u00e9e\" \/>\n\t<meta name=\"twitter:data1\" content=\"2 minutes\" \/>\n<script type=\"application\/ld+json\" class=\"yoast-schema-graph\">{\"@context\":\"https:\/\/schema.org\",\"@graph\":[{\"@type\":\"WebPage\",\"@id\":\"https:\/\/www.eumedbridge.eu\/fr\/news\/journee-internationale-du-multilateralisme-et-de-la-diplomatie-au-service-de\/\",\"url\":\"https:\/\/www.eumedbridge.eu\/fr\/news\/journee-internationale-du-multilateralisme-et-de-la-diplomatie-au-service-de\/\",\"name\":\"Journ\u00e9e internationale du multilat\u00e9ralisme et de la diplomatie au service de la paix\u00a0: d\u00e9claration du Haut repr\u00e9sentant\/vice-pr\u00e9sident, Josep\u00a0Borrell - Voisins de l'UE\",\"isPartOf\":{\"@id\":\"https:\/\/www.eumedbridge.eu\/#website\"},\"primaryImageOfPage\":{\"@id\":\"https:\/\/www.eumedbridge.eu\/fr\/news\/journee-internationale-du-multilateralisme-et-de-la-diplomatie-au-service-de\/#primaryimage\"},\"image\":{\"@id\":\"https:\/\/www.eumedbridge.eu\/fr\/news\/journee-internationale-du-multilateralisme-et-de-la-diplomatie-au-service-de\/#primaryimage\"},\"thumbnailUrl\":\"https:\/\/www.eumedbridge.eu\/wp-content\/uploads\/2022\/05\/eu_3.jpg\",\"datePublished\":\"2022-04-24T21:00:00+00:00\",\"dateModified\":\"2022-07-08T12:47:49+00:00\",\"breadcrumb\":{\"@id\":\"https:\/\/www.eumedbridge.eu\/fr\/news\/journee-internationale-du-multilateralisme-et-de-la-diplomatie-au-service-de\/#breadcrumb\"},\"inLanguage\":\"fr-FR\",\"potentialAction\":[{\"@type\":\"ReadAction\",\"target\":[\"https:\/\/www.eumedbridge.eu\/fr\/news\/journee-internationale-du-multilateralisme-et-de-la-diplomatie-au-service-de\/\"]}]},{\"@type\":\"ImageObject\",\"inLanguage\":\"fr-FR\",\"@id\":\"https:\/\/www.eumedbridge.eu\/fr\/news\/journee-internationale-du-multilateralisme-et-de-la-diplomatie-au-service-de\/#primaryimage\",\"url\":\"https:\/\/www.eumedbridge.eu\/wp-content\/uploads\/2022\/05\/eu_3.jpg\",\"contentUrl\":\"https:\/\/www.eumedbridge.eu\/wp-content\/uploads\/2022\/05\/eu_3.jpg\",\"width\":1680,\"height\":750},{\"@type\":\"BreadcrumbList\",\"@id\":\"https:\/\/www.eumedbridge.eu\/fr\/news\/journee-internationale-du-multilateralisme-et-de-la-diplomatie-au-service-de\/#breadcrumb\",\"itemListElement\":[{\"@type\":\"ListItem\",\"position\":1,\"name\":\"Home\",\"item\":\"https:\/\/www.eumedbridge.eu\/fr\/home-page\/\"},{\"@type\":\"ListItem\",\"position\":2,\"name\":\"Actualit\u00e9s\",\"item\":\"https:\/\/www.eumedbridge.eu\/fr\/news\/\"},{\"@type\":\"ListItem\",\"position\":3,\"name\":\"Journ\u00e9e internationale du multilat\u00e9ralisme et de la diplomatie au service de la paix\u00a0: d\u00e9claration du Haut repr\u00e9sentant\/vice-pr\u00e9sident, Josep\u00a0Borrell\"}]},{\"@type\":\"WebSite\",\"@id\":\"https:\/\/www.eumedbridge.eu\/#website\",\"url\":\"https:\/\/www.eumedbridge.eu\/\",\"name\":\"EU Medbridge\",\"description\":\"\",\"publisher\":{\"@id\":\"https:\/\/www.eumedbridge.eu\/#organization\"},\"potentialAction\":[{\"@type\":\"SearchAction\",\"target\":{\"@type\":\"EntryPoint\",\"urlTemplate\":\"https:\/\/www.eumedbridge.eu\/?s={search_term_string}\"},\"query-input\":{\"@type\":\"PropertyValueSpecification\",\"valueRequired\":true,\"valueName\":\"search_term_string\"}}],\"inLanguage\":\"fr-FR\"},{\"@type\":\"Organization\",\"@id\":\"https:\/\/www.eumedbridge.eu\/#organization\",\"name\":\"EU Medbridge\",\"url\":\"https:\/\/www.eumedbridge.eu\/\",\"logo\":{\"@type\":\"ImageObject\",\"inLanguage\":\"fr-FR\",\"@id\":\"https:\/\/www.eumedbridge.eu\/#\/schema\/logo\/image\/\",\"url\":\"https:\/\/www.eumedbridge.eu\/wp-content\/uploads\/2021\/12\/Logo.png\",\"contentUrl\":\"https:\/\/www.eumedbridge.eu\/wp-content\/uploads\/2021\/12\/Logo.png\",\"width\":325,\"height\":114,\"caption\":\"EU Medbridge\"},\"image\":{\"@id\":\"https:\/\/www.eumedbridge.eu\/#\/schema\/logo\/image\/\"},\"sameAs\":[\"https:\/\/www.facebook.com\/eumedbridge\/\",\"https:\/\/x.com\/eumedbridge\",\"https:\/\/www.linkedin.com\/company\/eumedbridge\",\"https:\/\/www.youtube.com\/@eumedbridge\",\"https:\/\/www.instagram.com\/eumedbridge\",\"https:\/\/www.flickr.com\/photos\/euneighbours-south\/\"]}]}<\/script>\n<!-- \/ Yoast SEO plugin. -->","yoast_head_json":{"title":"Journ\u00e9e internationale du multilat\u00e9ralisme et de la diplomatie au service de la paix\u00a0: d\u00e9claration du Haut repr\u00e9sentant\/vice-pr\u00e9sident, Josep\u00a0Borrell - Voisins de l'UE","robots":{"index":"index","follow":"follow","max-snippet":"max-snippet:-1","max-image-preview":"max-image-preview:large","max-video-preview":"max-video-preview:-1"},"canonical":"https:\/\/www.eumedbridge.eu\/fr\/news\/journee-internationale-du-multilateralisme-et-de-la-diplomatie-au-service-de\/","og_locale":"fr_FR","og_type":"article","og_title":"Journ\u00e9e internationale du multilat\u00e9ralisme et de la diplomatie au service de la paix\u00a0: d\u00e9claration du Haut repr\u00e9sentant\/vice-pr\u00e9sident, Josep\u00a0Borrell - Voisins de l'UE","og_description":"\u00ab\u00a0Il y a 77\u00a0ans, le monde s\u2019est uni pour signer la Charte des Nations Unies et \u201cpr\u00e9server les g\u00e9n\u00e9rations futures du fl\u00e9au de la guerre\u201d. Aujourd\u2019hui, alors que le monde se trouve confront\u00e9 \u00e0 l\u2019un des plus grands d\u00e9fis pos\u00e9s \u00e0 l\u2019architecture mondiale de la paix\u00a0\u2013 la guerre d\u2019agression de la Russie contre l\u2019Ukraine\u00a0\u2013 la [&hellip;]","og_url":"https:\/\/www.eumedbridge.eu\/fr\/news\/journee-internationale-du-multilateralisme-et-de-la-diplomatie-au-service-de\/","og_site_name":"Voisins de l'UE","article_publisher":"https:\/\/www.facebook.com\/eumedbridge\/","article_modified_time":"2022-07-08T12:47:49+00:00","og_image":[{"width":1680,"height":750,"url":"https:\/\/www.eumedbridge.eu\/wp-content\/uploads\/2022\/05\/eu_3.jpg","type":"image\/jpeg"}],"twitter_card":"summary_large_image","twitter_site":"@eumedbridge","twitter_misc":{"Dur\u00e9e de lecture estim\u00e9e":"2 minutes"},"schema":{"@context":"https:\/\/schema.org","@graph":[{"@type":"WebPage","@id":"https:\/\/www.eumedbridge.eu\/fr\/news\/journee-internationale-du-multilateralisme-et-de-la-diplomatie-au-service-de\/","url":"https:\/\/www.eumedbridge.eu\/fr\/news\/journee-internationale-du-multilateralisme-et-de-la-diplomatie-au-service-de\/","name":"Journ\u00e9e internationale du multilat\u00e9ralisme et de la diplomatie au service de la paix\u00a0: d\u00e9claration du Haut repr\u00e9sentant\/vice-pr\u00e9sident, Josep\u00a0Borrell - Voisins de l'UE","isPartOf":{"@id":"https:\/\/www.eumedbridge.eu\/#website"},"primaryImageOfPage":{"@id":"https:\/\/www.eumedbridge.eu\/fr\/news\/journee-internationale-du-multilateralisme-et-de-la-diplomatie-au-service-de\/#primaryimage"},"image":{"@id":"https:\/\/www.eumedbridge.eu\/fr\/news\/journee-internationale-du-multilateralisme-et-de-la-diplomatie-au-service-de\/#primaryimage"},"thumbnailUrl":"https:\/\/www.eumedbridge.eu\/wp-content\/uploads\/2022\/05\/eu_3.jpg","datePublished":"2022-04-24T21:00:00+00:00","dateModified":"2022-07-08T12:47:49+00:00","breadcrumb":{"@id":"https:\/\/www.eumedbridge.eu\/fr\/news\/journee-internationale-du-multilateralisme-et-de-la-diplomatie-au-service-de\/#breadcrumb"},"inLanguage":"fr-FR","potentialAction":[{"@type":"ReadAction","target":["https:\/\/www.eumedbridge.eu\/fr\/news\/journee-internationale-du-multilateralisme-et-de-la-diplomatie-au-service-de\/"]}]},{"@type":"ImageObject","inLanguage":"fr-FR","@id":"https:\/\/www.eumedbridge.eu\/fr\/news\/journee-internationale-du-multilateralisme-et-de-la-diplomatie-au-service-de\/#primaryimage","url":"https:\/\/www.eumedbridge.eu\/wp-content\/uploads\/2022\/05\/eu_3.jpg","contentUrl":"https:\/\/www.eumedbridge.eu\/wp-content\/uploads\/2022\/05\/eu_3.jpg","width":1680,"height":750},{"@type":"BreadcrumbList","@id":"https:\/\/www.eumedbridge.eu\/fr\/news\/journee-internationale-du-multilateralisme-et-de-la-diplomatie-au-service-de\/#breadcrumb","itemListElement":[{"@type":"ListItem","position":1,"name":"Home","item":"https:\/\/www.eumedbridge.eu\/fr\/home-page\/"},{"@type":"ListItem","position":2,"name":"Actualit\u00e9s","item":"https:\/\/www.eumedbridge.eu\/fr\/news\/"},{"@type":"ListItem","position":3,"name":"Journ\u00e9e internationale du multilat\u00e9ralisme et de la diplomatie au service de la paix\u00a0: d\u00e9claration du Haut repr\u00e9sentant\/vice-pr\u00e9sident, Josep\u00a0Borrell"}]},{"@type":"WebSite","@id":"https:\/\/www.eumedbridge.eu\/#website","url":"https:\/\/www.eumedbridge.eu\/","name":"EU Medbridge","description":"","publisher":{"@id":"https:\/\/www.eumedbridge.eu\/#organization"},"potentialAction":[{"@type":"SearchAction","target":{"@type":"EntryPoint","urlTemplate":"https:\/\/www.eumedbridge.eu\/?s={search_term_string}"},"query-input":{"@type":"PropertyValueSpecification","valueRequired":true,"valueName":"search_term_string"}}],"inLanguage":"fr-FR"},{"@type":"Organization","@id":"https:\/\/www.eumedbridge.eu\/#organization","name":"EU Medbridge","url":"https:\/\/www.eumedbridge.eu\/","logo":{"@type":"ImageObject","inLanguage":"fr-FR","@id":"https:\/\/www.eumedbridge.eu\/#\/schema\/logo\/image\/","url":"https:\/\/www.eumedbridge.eu\/wp-content\/uploads\/2021\/12\/Logo.png","contentUrl":"https:\/\/www.eumedbridge.eu\/wp-content\/uploads\/2021\/12\/Logo.png","width":325,"height":114,"caption":"EU Medbridge"},"image":{"@id":"https:\/\/www.eumedbridge.eu\/#\/schema\/logo\/image\/"},"sameAs":["https:\/\/www.facebook.com\/eumedbridge\/","https:\/\/x.com\/eumedbridge","https:\/\/www.linkedin.com\/company\/eumedbridge","https:\/\/www.youtube.com\/@eumedbridge","https:\/\/www.instagram.com\/eumedbridge","https:\/\/www.flickr.com\/photos\/euneighbours-south\/"]}]}},"_links":{"self":[{"href":"https:\/\/www.eumedbridge.eu\/fr\/wp-json\/wp\/v2\/news\/157827","targetHints":{"allow":["GET"]}}],"collection":[{"href":"https:\/\/www.eumedbridge.eu\/fr\/wp-json\/wp\/v2\/news"}],"about":[{"href":"https:\/\/www.eumedbridge.eu\/fr\/wp-json\/wp\/v2\/types\/news"}],"wp:featuredmedia":[{"embeddable":true,"href":"https:\/\/www.eumedbridge.eu\/fr\/wp-json\/wp\/v2\/media\/133345"}],"wp:attachment":[{"href":"https:\/\/www.eumedbridge.eu\/fr\/wp-json\/wp\/v2\/media?parent=157827"}],"wp:term":[{"taxonomy":"news_category","embeddable":true,"href":"https:\/\/www.eumedbridge.eu\/fr\/wp-json\/wp\/v2\/news_category?post=157827"},{"taxonomy":"country","embeddable":true,"href":"https:\/\/www.eumedbridge.eu\/fr\/wp-json\/wp\/v2\/country?post=157827"},{"taxonomy":"special_action","embeddable":true,"href":"https:\/\/www.eumedbridge.eu\/fr\/wp-json\/wp\/v2\/special_action?post=157827"},{"taxonomy":"custom_tag","embeddable":true,"href":"https:\/\/www.eumedbridge.eu\/fr\/wp-json\/wp\/v2\/custom_tag?post=157827"}],"curies":[{"name":"wp","href":"https:\/\/api.w.org\/{rel}","templated":true}]}}