{"id":157849,"date":"2022-04-13T00:00:00","date_gmt":"2022-04-12T21:00:00","guid":{"rendered":"http:\/\/south.euneighbours.eu\/news\/le-projet-crective-a-recu-81-propositions-de-mpme-dartistes-et-de-designers-de-toute-la-region-mediterraneenne-dans-le-cadre-de-son-appel-a-sous-subventions\/"},"modified":"2022-07-08T15:48:40","modified_gmt":"2022-07-08T12:48:40","slug":"le-projet-crective-recu-81-propositions-de-mpme-dartistes-et-de-designers-de","status":"publish","type":"news","link":"https:\/\/www.eumedbridge.eu\/fr\/news\/le-projet-crective-recu-81-propositions-de-mpme-dartistes-et-de-designers-de\/","title":{"rendered":"Le projet CRE@CTIVE a re\u00e7u 81\u00a0propositions de MPME, d\u2019artistes et de designers de toute la r\u00e9gion m\u00e9diterran\u00e9enne dans le cadre de son appel \u00e0 sous-subventions"},"content":{"rendered":"<p>Dans le cadre de l\u2019appel \u00e0 sous-subventions du projet CRE@CTIVE, 250\u00a0personnes se sont inscrites sur la plate-forme et 81\u00a0propositions de projet ont \u00e9t\u00e9 soumises. Ces r\u00e9sultats t\u00e9moignent d\u2019un int\u00e9r\u00eat majeur de la part des secteurs traditionnels de la r\u00e9gion m\u00e9diterran\u00e9enne et de leur potentiel d\u2019innovation encore inexploit\u00e9.<\/p>\n<p>L\u2019\u00e9quipe de CRE@CTIVE \u00e9value actuellement les propositions afin de s\u00e9lectionner les 16\u00a0meilleures id\u00e9es. Les r\u00e9sultats seront publi\u00e9s le 13\u00a0mai.<\/p>\n<p>La liste des propositions retenues est compos\u00e9e des cinq meilleures id\u00e9es de chaque L@B. Ces propositions seront \u00e9valu\u00e9es par le comit\u00e9 d\u2019\u00e9valuation le 12\u00a0mai pour identifier les 16\u00a0meilleures id\u00e9es.<\/p>\n<p>Les 16\u00a0projets finaux seront pr\u00e9sent\u00e9s par le biais des canaux de communication de CRE@CTIVE. Alors suivez r\u00e9guli\u00e8rement les actualit\u00e9s du projet pour d\u00e9couvrir leurs id\u00e9es innovantes pour aider les secteurs du textile, de l\u2019habillement, de la chaussure et du cuir.<\/p>\n<p><strong>Pour plus d&rsquo;informations<\/strong><\/p>\n<p><a href=\"https:\/\/www.enicbcmed.eu\/crective-received-81-proposals-its-call-subgrants-msmes-artists-and-designers-across-mediterranean\">Communiqu\u00e9 de presse<\/a><\/p>\n","protected":false},"featured_media":133415,"parent":0,"template":"","news_category":[],"country":[1956],"special_action":[],"custom_tag":[2312,2315,1897],"class_list":["post-157849","news","type-news","status-publish","has-post-thumbnail","hentry","country-region-sud","custom_tag-developpement-durable","custom_tag-emploi-et-entrpreuneuriat","custom_tag-medias"],"acf":[],"yoast_head":"<!-- This site is optimized with the Yoast SEO plugin v26.5 - https:\/\/yoast.com\/wordpress\/plugins\/seo\/ -->\n<title>Le projet CRE@CTIVE a re\u00e7u 81\u00a0propositions de MPME, d\u2019artistes et de designers de toute la r\u00e9gion m\u00e9diterran\u00e9enne dans le cadre de son appel \u00e0 sous-subventions - Voisins de l&#039;UE<\/title>\n<meta name=\"robots\" content=\"index, follow, max-snippet:-1, max-image-preview:large, max-video-preview:-1\" \/>\n<link rel=\"canonical\" href=\"https:\/\/www.eumedbridge.eu\/fr\/news\/le-projet-crective-recu-81-propositions-de-mpme-dartistes-et-de-designers-de\/\" \/>\n<meta property=\"og:locale\" content=\"fr_FR\" \/>\n<meta property=\"og:type\" content=\"article\" \/>\n<meta property=\"og:title\" content=\"Le projet CRE@CTIVE a re\u00e7u 81\u00a0propositions de MPME, d\u2019artistes et de designers de toute la r\u00e9gion m\u00e9diterran\u00e9enne dans le cadre de son appel \u00e0 sous-subventions - Voisins de l&#039;UE\" \/>\n<meta property=\"og:description\" content=\"Dans le cadre de l\u2019appel \u00e0 sous-subventions du projet CRE@CTIVE, 250\u00a0personnes se sont inscrites sur la plate-forme et 81\u00a0propositions de projet ont \u00e9t\u00e9 soumises. Ces r\u00e9sultats t\u00e9moignent d\u2019un int\u00e9r\u00eat majeur de la part des secteurs traditionnels de la r\u00e9gion m\u00e9diterran\u00e9enne et de leur potentiel d\u2019innovation encore inexploit\u00e9. L\u2019\u00e9quipe de CRE@CTIVE \u00e9value actuellement les propositions afin [&hellip;]\" \/>\n<meta property=\"og:url\" content=\"https:\/\/www.eumedbridge.eu\/fr\/news\/le-projet-crective-recu-81-propositions-de-mpme-dartistes-et-de-designers-de\/\" \/>\n<meta property=\"og:site_name\" content=\"Voisins de l&#039;UE\" \/>\n<meta property=\"article:publisher\" content=\"https:\/\/www.facebook.com\/eumedbridge\/\" \/>\n<meta property=\"article:modified_time\" content=\"2022-07-08T12:48:40+00:00\" \/>\n<meta property=\"og:image\" content=\"https:\/\/www.eumedbridge.eu\/wp-content\/uploads\/2022\/05\/CRE@CTIVE-end-call.png\" \/>\n\t<meta property=\"og:image:width\" content=\"1500\" \/>\n\t<meta property=\"og:image:height\" content=\"1000\" \/>\n\t<meta property=\"og:image:type\" content=\"image\/png\" \/>\n<meta name=\"twitter:card\" content=\"summary_large_image\" \/>\n<meta name=\"twitter:site\" content=\"@eumedbridge\" \/>\n<meta name=\"twitter:label1\" content=\"Dur\u00e9e de lecture estim\u00e9e\" \/>\n\t<meta name=\"twitter:data1\" content=\"1 minute\" \/>\n<script type=\"application\/ld+json\" class=\"yoast-schema-graph\">{\"@context\":\"https:\/\/schema.org\",\"@graph\":[{\"@type\":\"WebPage\",\"@id\":\"https:\/\/www.eumedbridge.eu\/fr\/news\/le-projet-crective-recu-81-propositions-de-mpme-dartistes-et-de-designers-de\/\",\"url\":\"https:\/\/www.eumedbridge.eu\/fr\/news\/le-projet-crective-recu-81-propositions-de-mpme-dartistes-et-de-designers-de\/\",\"name\":\"Le projet CRE@CTIVE a re\u00e7u 81\u00a0propositions de MPME, d\u2019artistes et de designers de toute la r\u00e9gion m\u00e9diterran\u00e9enne dans le cadre de son appel \u00e0 sous-subventions - Voisins de l'UE\",\"isPartOf\":{\"@id\":\"https:\/\/www.eumedbridge.eu\/#website\"},\"primaryImageOfPage\":{\"@id\":\"https:\/\/www.eumedbridge.eu\/fr\/news\/le-projet-crective-recu-81-propositions-de-mpme-dartistes-et-de-designers-de\/#primaryimage\"},\"image\":{\"@id\":\"https:\/\/www.eumedbridge.eu\/fr\/news\/le-projet-crective-recu-81-propositions-de-mpme-dartistes-et-de-designers-de\/#primaryimage\"},\"thumbnailUrl\":\"https:\/\/www.eumedbridge.eu\/wp-content\/uploads\/2022\/05\/CRE@CTIVE-end-call.png\",\"datePublished\":\"2022-04-12T21:00:00+00:00\",\"dateModified\":\"2022-07-08T12:48:40+00:00\",\"breadcrumb\":{\"@id\":\"https:\/\/www.eumedbridge.eu\/fr\/news\/le-projet-crective-recu-81-propositions-de-mpme-dartistes-et-de-designers-de\/#breadcrumb\"},\"inLanguage\":\"fr-FR\",\"potentialAction\":[{\"@type\":\"ReadAction\",\"target\":[\"https:\/\/www.eumedbridge.eu\/fr\/news\/le-projet-crective-recu-81-propositions-de-mpme-dartistes-et-de-designers-de\/\"]}]},{\"@type\":\"ImageObject\",\"inLanguage\":\"fr-FR\",\"@id\":\"https:\/\/www.eumedbridge.eu\/fr\/news\/le-projet-crective-recu-81-propositions-de-mpme-dartistes-et-de-designers-de\/#primaryimage\",\"url\":\"https:\/\/www.eumedbridge.eu\/wp-content\/uploads\/2022\/05\/CRE@CTIVE-end-call.png\",\"contentUrl\":\"https:\/\/www.eumedbridge.eu\/wp-content\/uploads\/2022\/05\/CRE@CTIVE-end-call.png\",\"width\":1500,\"height\":1000},{\"@type\":\"BreadcrumbList\",\"@id\":\"https:\/\/www.eumedbridge.eu\/fr\/news\/le-projet-crective-recu-81-propositions-de-mpme-dartistes-et-de-designers-de\/#breadcrumb\",\"itemListElement\":[{\"@type\":\"ListItem\",\"position\":1,\"name\":\"Home\",\"item\":\"https:\/\/www.eumedbridge.eu\/fr\/home-page\/\"},{\"@type\":\"ListItem\",\"position\":2,\"name\":\"Actualit\u00e9s\",\"item\":\"https:\/\/www.eumedbridge.eu\/fr\/news\/\"},{\"@type\":\"ListItem\",\"position\":3,\"name\":\"Le projet CRE@CTIVE a re\u00e7u 81\u00a0propositions de MPME, d\u2019artistes et de designers de toute la r\u00e9gion m\u00e9diterran\u00e9enne dans le cadre de son appel \u00e0 sous-subventions\"}]},{\"@type\":\"WebSite\",\"@id\":\"https:\/\/www.eumedbridge.eu\/#website\",\"url\":\"https:\/\/www.eumedbridge.eu\/\",\"name\":\"EU Medbridge\",\"description\":\"\",\"publisher\":{\"@id\":\"https:\/\/www.eumedbridge.eu\/#organization\"},\"potentialAction\":[{\"@type\":\"SearchAction\",\"target\":{\"@type\":\"EntryPoint\",\"urlTemplate\":\"https:\/\/www.eumedbridge.eu\/?s={search_term_string}\"},\"query-input\":{\"@type\":\"PropertyValueSpecification\",\"valueRequired\":true,\"valueName\":\"search_term_string\"}}],\"inLanguage\":\"fr-FR\"},{\"@type\":\"Organization\",\"@id\":\"https:\/\/www.eumedbridge.eu\/#organization\",\"name\":\"EU Medbridge\",\"url\":\"https:\/\/www.eumedbridge.eu\/\",\"logo\":{\"@type\":\"ImageObject\",\"inLanguage\":\"fr-FR\",\"@id\":\"https:\/\/www.eumedbridge.eu\/#\/schema\/logo\/image\/\",\"url\":\"https:\/\/www.eumedbridge.eu\/wp-content\/uploads\/2021\/12\/Logo.png\",\"contentUrl\":\"https:\/\/www.eumedbridge.eu\/wp-content\/uploads\/2021\/12\/Logo.png\",\"width\":325,\"height\":114,\"caption\":\"EU Medbridge\"},\"image\":{\"@id\":\"https:\/\/www.eumedbridge.eu\/#\/schema\/logo\/image\/\"},\"sameAs\":[\"https:\/\/www.facebook.com\/eumedbridge\/\",\"https:\/\/x.com\/eumedbridge\",\"https:\/\/www.linkedin.com\/company\/eumedbridge\",\"https:\/\/www.youtube.com\/@eumedbridge\",\"https:\/\/www.instagram.com\/eumedbridge\",\"https:\/\/www.flickr.com\/photos\/euneighbours-south\/\"]}]}<\/script>\n<!-- \/ Yoast SEO plugin. -->","yoast_head_json":{"title":"Le projet CRE@CTIVE a re\u00e7u 81\u00a0propositions de MPME, d\u2019artistes et de designers de toute la r\u00e9gion m\u00e9diterran\u00e9enne dans le cadre de son appel \u00e0 sous-subventions - Voisins de l'UE","robots":{"index":"index","follow":"follow","max-snippet":"max-snippet:-1","max-image-preview":"max-image-preview:large","max-video-preview":"max-video-preview:-1"},"canonical":"https:\/\/www.eumedbridge.eu\/fr\/news\/le-projet-crective-recu-81-propositions-de-mpme-dartistes-et-de-designers-de\/","og_locale":"fr_FR","og_type":"article","og_title":"Le projet CRE@CTIVE a re\u00e7u 81\u00a0propositions de MPME, d\u2019artistes et de designers de toute la r\u00e9gion m\u00e9diterran\u00e9enne dans le cadre de son appel \u00e0 sous-subventions - Voisins de l'UE","og_description":"Dans le cadre de l\u2019appel \u00e0 sous-subventions du projet CRE@CTIVE, 250\u00a0personnes se sont inscrites sur la plate-forme et 81\u00a0propositions de projet ont \u00e9t\u00e9 soumises. Ces r\u00e9sultats t\u00e9moignent d\u2019un int\u00e9r\u00eat majeur de la part des secteurs traditionnels de la r\u00e9gion m\u00e9diterran\u00e9enne et de leur potentiel d\u2019innovation encore inexploit\u00e9. L\u2019\u00e9quipe de CRE@CTIVE \u00e9value actuellement les propositions afin [&hellip;]","og_url":"https:\/\/www.eumedbridge.eu\/fr\/news\/le-projet-crective-recu-81-propositions-de-mpme-dartistes-et-de-designers-de\/","og_site_name":"Voisins de l'UE","article_publisher":"https:\/\/www.facebook.com\/eumedbridge\/","article_modified_time":"2022-07-08T12:48:40+00:00","og_image":[{"width":1500,"height":1000,"url":"https:\/\/www.eumedbridge.eu\/wp-content\/uploads\/2022\/05\/CRE@CTIVE-end-call.png","type":"image\/png"}],"twitter_card":"summary_large_image","twitter_site":"@eumedbridge","twitter_misc":{"Dur\u00e9e de lecture estim\u00e9e":"1 minute"},"schema":{"@context":"https:\/\/schema.org","@graph":[{"@type":"WebPage","@id":"https:\/\/www.eumedbridge.eu\/fr\/news\/le-projet-crective-recu-81-propositions-de-mpme-dartistes-et-de-designers-de\/","url":"https:\/\/www.eumedbridge.eu\/fr\/news\/le-projet-crective-recu-81-propositions-de-mpme-dartistes-et-de-designers-de\/","name":"Le projet CRE@CTIVE a re\u00e7u 81\u00a0propositions de MPME, d\u2019artistes et de designers de toute la r\u00e9gion m\u00e9diterran\u00e9enne dans le cadre de son appel \u00e0 sous-subventions - Voisins de l'UE","isPartOf":{"@id":"https:\/\/www.eumedbridge.eu\/#website"},"primaryImageOfPage":{"@id":"https:\/\/www.eumedbridge.eu\/fr\/news\/le-projet-crective-recu-81-propositions-de-mpme-dartistes-et-de-designers-de\/#primaryimage"},"image":{"@id":"https:\/\/www.eumedbridge.eu\/fr\/news\/le-projet-crective-recu-81-propositions-de-mpme-dartistes-et-de-designers-de\/#primaryimage"},"thumbnailUrl":"https:\/\/www.eumedbridge.eu\/wp-content\/uploads\/2022\/05\/CRE@CTIVE-end-call.png","datePublished":"2022-04-12T21:00:00+00:00","dateModified":"2022-07-08T12:48:40+00:00","breadcrumb":{"@id":"https:\/\/www.eumedbridge.eu\/fr\/news\/le-projet-crective-recu-81-propositions-de-mpme-dartistes-et-de-designers-de\/#breadcrumb"},"inLanguage":"fr-FR","potentialAction":[{"@type":"ReadAction","target":["https:\/\/www.eumedbridge.eu\/fr\/news\/le-projet-crective-recu-81-propositions-de-mpme-dartistes-et-de-designers-de\/"]}]},{"@type":"ImageObject","inLanguage":"fr-FR","@id":"https:\/\/www.eumedbridge.eu\/fr\/news\/le-projet-crective-recu-81-propositions-de-mpme-dartistes-et-de-designers-de\/#primaryimage","url":"https:\/\/www.eumedbridge.eu\/wp-content\/uploads\/2022\/05\/CRE@CTIVE-end-call.png","contentUrl":"https:\/\/www.eumedbridge.eu\/wp-content\/uploads\/2022\/05\/CRE@CTIVE-end-call.png","width":1500,"height":1000},{"@type":"BreadcrumbList","@id":"https:\/\/www.eumedbridge.eu\/fr\/news\/le-projet-crective-recu-81-propositions-de-mpme-dartistes-et-de-designers-de\/#breadcrumb","itemListElement":[{"@type":"ListItem","position":1,"name":"Home","item":"https:\/\/www.eumedbridge.eu\/fr\/home-page\/"},{"@type":"ListItem","position":2,"name":"Actualit\u00e9s","item":"https:\/\/www.eumedbridge.eu\/fr\/news\/"},{"@type":"ListItem","position":3,"name":"Le projet CRE@CTIVE a re\u00e7u 81\u00a0propositions de MPME, d\u2019artistes et de designers de toute la r\u00e9gion m\u00e9diterran\u00e9enne dans le cadre de son appel \u00e0 sous-subventions"}]},{"@type":"WebSite","@id":"https:\/\/www.eumedbridge.eu\/#website","url":"https:\/\/www.eumedbridge.eu\/","name":"EU Medbridge","description":"","publisher":{"@id":"https:\/\/www.eumedbridge.eu\/#organization"},"potentialAction":[{"@type":"SearchAction","target":{"@type":"EntryPoint","urlTemplate":"https:\/\/www.eumedbridge.eu\/?s={search_term_string}"},"query-input":{"@type":"PropertyValueSpecification","valueRequired":true,"valueName":"search_term_string"}}],"inLanguage":"fr-FR"},{"@type":"Organization","@id":"https:\/\/www.eumedbridge.eu\/#organization","name":"EU Medbridge","url":"https:\/\/www.eumedbridge.eu\/","logo":{"@type":"ImageObject","inLanguage":"fr-FR","@id":"https:\/\/www.eumedbridge.eu\/#\/schema\/logo\/image\/","url":"https:\/\/www.eumedbridge.eu\/wp-content\/uploads\/2021\/12\/Logo.png","contentUrl":"https:\/\/www.eumedbridge.eu\/wp-content\/uploads\/2021\/12\/Logo.png","width":325,"height":114,"caption":"EU Medbridge"},"image":{"@id":"https:\/\/www.eumedbridge.eu\/#\/schema\/logo\/image\/"},"sameAs":["https:\/\/www.facebook.com\/eumedbridge\/","https:\/\/x.com\/eumedbridge","https:\/\/www.linkedin.com\/company\/eumedbridge","https:\/\/www.youtube.com\/@eumedbridge","https:\/\/www.instagram.com\/eumedbridge","https:\/\/www.flickr.com\/photos\/euneighbours-south\/"]}]}},"_links":{"self":[{"href":"https:\/\/www.eumedbridge.eu\/fr\/wp-json\/wp\/v2\/news\/157849","targetHints":{"allow":["GET"]}}],"collection":[{"href":"https:\/\/www.eumedbridge.eu\/fr\/wp-json\/wp\/v2\/news"}],"about":[{"href":"https:\/\/www.eumedbridge.eu\/fr\/wp-json\/wp\/v2\/types\/news"}],"wp:featuredmedia":[{"embeddable":true,"href":"https:\/\/www.eumedbridge.eu\/fr\/wp-json\/wp\/v2\/media\/133415"}],"wp:attachment":[{"href":"https:\/\/www.eumedbridge.eu\/fr\/wp-json\/wp\/v2\/media?parent=157849"}],"wp:term":[{"taxonomy":"news_category","embeddable":true,"href":"https:\/\/www.eumedbridge.eu\/fr\/wp-json\/wp\/v2\/news_category?post=157849"},{"taxonomy":"country","embeddable":true,"href":"https:\/\/www.eumedbridge.eu\/fr\/wp-json\/wp\/v2\/country?post=157849"},{"taxonomy":"special_action","embeddable":true,"href":"https:\/\/www.eumedbridge.eu\/fr\/wp-json\/wp\/v2\/special_action?post=157849"},{"taxonomy":"custom_tag","embeddable":true,"href":"https:\/\/www.eumedbridge.eu\/fr\/wp-json\/wp\/v2\/custom_tag?post=157849"}],"curies":[{"name":"wp","href":"https:\/\/api.w.org\/{rel}","templated":true}]}}