{"id":157851,"date":"2022-04-13T00:00:00","date_gmt":"2022-04-12T21:00:00","guid":{"rendered":"http:\/\/south.euneighbours.eu\/news\/18e-conference-internationale-sur-les-retraites-lassurance-et-lepargne\/"},"modified":"2022-07-08T15:48:44","modified_gmt":"2022-07-08T12:48:44","slug":"18e-conference-internationale-sur-les-retraites-lassurance-et-lepargne","status":"publish","type":"news","link":"https:\/\/www.eumedbridge.eu\/fr\/news\/18e-conference-internationale-sur-les-retraites-lassurance-et-lepargne\/","title":{"rendered":"18e\u00a0Conf\u00e9rence internationale sur les retraites, l\u2019assurance et l\u2019\u00e9pargne"},"content":{"rendered":"<p>La conf\u00e9rence sur le th\u00e8me \u00ab\u00a0Retraites, assurance et \u00e9pargne\u00a0\u00bb aura lieu les 9\u00a0et 10\u00a0juin \u00e0 Rabat, au Maroc. Organis\u00e9e en partenariat avec l\u2019Universit\u00e9 Internationale de Rabat (UIR), l\u2019\u00c9cole d\u2019\u00c9conomie de Paris (PSE), l\u2019Association euro-m\u00e9diterran\u00e9enne des \u00e9conomistes (EMEA), le R\u00e9seau euro-m\u00e9diterran\u00e9en et africain pour les \u00e9tudes \u00e9conomiques (EMANES, anciennement EMNES), l\u2019Universit\u00e9 Nova et l\u2019Universit\u00e9 de management de Singapour, la 18e\u00a0\u00e9dition de la conf\u00e9rence sera accueillie par l\u2019UIR au Maroc.<\/p>\n<p>L\u2019objectif est de r\u00e9unir les chercheurs dans un cadre convivial pour pr\u00e9senter les r\u00e9sultats de leurs derniers travaux de recherche et en discuter.<\/p>\n<p>La conf\u00e9rence comprendra un atelier sur l\u2019alliance SIGMA (Societal Impact and Global Management Alliance) pour pr\u00e9senter les recherches sur les questions de vieillissement. Une session sp\u00e9ciale sera \u00e9galement consacr\u00e9e aux jeunes chercheurs en d\u00e9but de carri\u00e8re. Ces derniers sont vivement encourag\u00e9s \u00e0 soumettre leurs articles (m\u00eame s\u2019ils ont trait \u00e0 des recherches pr\u00e9liminaires).<\/p>\n<p>Les chercheurs souhaitant pr\u00e9senter une communication sont pri\u00e9s d\u2019envoyer sa version compl\u00e8te \u00e0\u00a0l\u2019adresse international.pension.workshop@gmail.com, en indiquant en objet \u00ab\u00a0Soumission\u00a0\u00bb.\u00a0<\/p>\n<p>Date limite de soumission des articles\u00a0: 1er\u00a0mai\u00a02022<\/p>\n<p>Dates de la conf\u00e9rence\u00a0: 9-10\u00a0juin\u00a02022<\/p>\n<p><strong>Pour plus d&rsquo;informations<\/strong><\/p>\n<p><a href=\"https:\/\/euromed-economists.org\/18th-international-conference-on-pensions-insurance-and-savings\/\">Communiqu\u00e9 de presse<\/a><\/p>\n","protected":false},"featured_media":133423,"parent":0,"template":"","news_category":[],"country":[1956],"special_action":[],"custom_tag":[2312,1897],"class_list":["post-157851","news","type-news","status-publish","has-post-thumbnail","hentry","country-region-sud","custom_tag-developpement-durable","custom_tag-medias"],"acf":[],"yoast_head":"<!-- This site is optimized with the Yoast SEO plugin v26.5 - https:\/\/yoast.com\/wordpress\/plugins\/seo\/ -->\n<title>18e\u00a0Conf\u00e9rence internationale sur les retraites, l\u2019assurance et l\u2019\u00e9pargne - Voisins de l&#039;UE<\/title>\n<meta name=\"robots\" content=\"index, follow, max-snippet:-1, max-image-preview:large, max-video-preview:-1\" \/>\n<link rel=\"canonical\" href=\"https:\/\/www.eumedbridge.eu\/fr\/news\/18e-conference-internationale-sur-les-retraites-lassurance-et-lepargne\/\" \/>\n<meta property=\"og:locale\" content=\"fr_FR\" \/>\n<meta property=\"og:type\" content=\"article\" \/>\n<meta property=\"og:title\" content=\"18e\u00a0Conf\u00e9rence internationale sur les retraites, l\u2019assurance et l\u2019\u00e9pargne - Voisins de l&#039;UE\" \/>\n<meta property=\"og:description\" content=\"La conf\u00e9rence sur le th\u00e8me \u00ab\u00a0Retraites, assurance et \u00e9pargne\u00a0\u00bb aura lieu les 9\u00a0et 10\u00a0juin \u00e0 Rabat, au Maroc. Organis\u00e9e en partenariat avec l\u2019Universit\u00e9 Internationale de Rabat (UIR), l\u2019\u00c9cole d\u2019\u00c9conomie de Paris (PSE), l\u2019Association euro-m\u00e9diterran\u00e9enne des \u00e9conomistes (EMEA), le R\u00e9seau euro-m\u00e9diterran\u00e9en et africain pour les \u00e9tudes \u00e9conomiques (EMANES, anciennement EMNES), l\u2019Universit\u00e9 Nova et l\u2019Universit\u00e9 de management [&hellip;]\" \/>\n<meta property=\"og:url\" content=\"https:\/\/www.eumedbridge.eu\/fr\/news\/18e-conference-internationale-sur-les-retraites-lassurance-et-lepargne\/\" \/>\n<meta property=\"og:site_name\" content=\"Voisins de l&#039;UE\" \/>\n<meta property=\"article:publisher\" content=\"https:\/\/www.facebook.com\/eumedbridge\/\" \/>\n<meta property=\"article:modified_time\" content=\"2022-07-08T12:48:44+00:00\" \/>\n<meta property=\"og:image\" content=\"https:\/\/www.eumedbridge.eu\/wp-content\/uploads\/2022\/05\/c4pbanner18thicpis_new_0.png\" \/>\n\t<meta property=\"og:image:width\" content=\"1200\" \/>\n\t<meta property=\"og:image:height\" content=\"630\" \/>\n\t<meta property=\"og:image:type\" content=\"image\/png\" \/>\n<meta name=\"twitter:card\" content=\"summary_large_image\" \/>\n<meta name=\"twitter:site\" content=\"@eumedbridge\" \/>\n<meta name=\"twitter:label1\" content=\"Dur\u00e9e de lecture estim\u00e9e\" \/>\n\t<meta name=\"twitter:data1\" content=\"1 minute\" \/>\n<script type=\"application\/ld+json\" class=\"yoast-schema-graph\">{\"@context\":\"https:\/\/schema.org\",\"@graph\":[{\"@type\":\"WebPage\",\"@id\":\"https:\/\/www.eumedbridge.eu\/fr\/news\/18e-conference-internationale-sur-les-retraites-lassurance-et-lepargne\/\",\"url\":\"https:\/\/www.eumedbridge.eu\/fr\/news\/18e-conference-internationale-sur-les-retraites-lassurance-et-lepargne\/\",\"name\":\"18e\u00a0Conf\u00e9rence internationale sur les retraites, l\u2019assurance et l\u2019\u00e9pargne - Voisins de l'UE\",\"isPartOf\":{\"@id\":\"https:\/\/www.eumedbridge.eu\/#website\"},\"primaryImageOfPage\":{\"@id\":\"https:\/\/www.eumedbridge.eu\/fr\/news\/18e-conference-internationale-sur-les-retraites-lassurance-et-lepargne\/#primaryimage\"},\"image\":{\"@id\":\"https:\/\/www.eumedbridge.eu\/fr\/news\/18e-conference-internationale-sur-les-retraites-lassurance-et-lepargne\/#primaryimage\"},\"thumbnailUrl\":\"https:\/\/www.eumedbridge.eu\/wp-content\/uploads\/2022\/05\/c4pbanner18thicpis_new_0.png\",\"datePublished\":\"2022-04-12T21:00:00+00:00\",\"dateModified\":\"2022-07-08T12:48:44+00:00\",\"breadcrumb\":{\"@id\":\"https:\/\/www.eumedbridge.eu\/fr\/news\/18e-conference-internationale-sur-les-retraites-lassurance-et-lepargne\/#breadcrumb\"},\"inLanguage\":\"fr-FR\",\"potentialAction\":[{\"@type\":\"ReadAction\",\"target\":[\"https:\/\/www.eumedbridge.eu\/fr\/news\/18e-conference-internationale-sur-les-retraites-lassurance-et-lepargne\/\"]}]},{\"@type\":\"ImageObject\",\"inLanguage\":\"fr-FR\",\"@id\":\"https:\/\/www.eumedbridge.eu\/fr\/news\/18e-conference-internationale-sur-les-retraites-lassurance-et-lepargne\/#primaryimage\",\"url\":\"https:\/\/www.eumedbridge.eu\/wp-content\/uploads\/2022\/05\/c4pbanner18thicpis_new_0.png\",\"contentUrl\":\"https:\/\/www.eumedbridge.eu\/wp-content\/uploads\/2022\/05\/c4pbanner18thicpis_new_0.png\",\"width\":1200,\"height\":630},{\"@type\":\"BreadcrumbList\",\"@id\":\"https:\/\/www.eumedbridge.eu\/fr\/news\/18e-conference-internationale-sur-les-retraites-lassurance-et-lepargne\/#breadcrumb\",\"itemListElement\":[{\"@type\":\"ListItem\",\"position\":1,\"name\":\"Home\",\"item\":\"https:\/\/www.eumedbridge.eu\/fr\/home-page\/\"},{\"@type\":\"ListItem\",\"position\":2,\"name\":\"Actualit\u00e9s\",\"item\":\"https:\/\/www.eumedbridge.eu\/fr\/news\/\"},{\"@type\":\"ListItem\",\"position\":3,\"name\":\"18e\u00a0Conf\u00e9rence internationale sur les retraites, l\u2019assurance et l\u2019\u00e9pargne\"}]},{\"@type\":\"WebSite\",\"@id\":\"https:\/\/www.eumedbridge.eu\/#website\",\"url\":\"https:\/\/www.eumedbridge.eu\/\",\"name\":\"EU Medbridge\",\"description\":\"\",\"publisher\":{\"@id\":\"https:\/\/www.eumedbridge.eu\/#organization\"},\"potentialAction\":[{\"@type\":\"SearchAction\",\"target\":{\"@type\":\"EntryPoint\",\"urlTemplate\":\"https:\/\/www.eumedbridge.eu\/?s={search_term_string}\"},\"query-input\":{\"@type\":\"PropertyValueSpecification\",\"valueRequired\":true,\"valueName\":\"search_term_string\"}}],\"inLanguage\":\"fr-FR\"},{\"@type\":\"Organization\",\"@id\":\"https:\/\/www.eumedbridge.eu\/#organization\",\"name\":\"EU Medbridge\",\"url\":\"https:\/\/www.eumedbridge.eu\/\",\"logo\":{\"@type\":\"ImageObject\",\"inLanguage\":\"fr-FR\",\"@id\":\"https:\/\/www.eumedbridge.eu\/#\/schema\/logo\/image\/\",\"url\":\"https:\/\/www.eumedbridge.eu\/wp-content\/uploads\/2021\/12\/Logo.png\",\"contentUrl\":\"https:\/\/www.eumedbridge.eu\/wp-content\/uploads\/2021\/12\/Logo.png\",\"width\":325,\"height\":114,\"caption\":\"EU Medbridge\"},\"image\":{\"@id\":\"https:\/\/www.eumedbridge.eu\/#\/schema\/logo\/image\/\"},\"sameAs\":[\"https:\/\/www.facebook.com\/eumedbridge\/\",\"https:\/\/x.com\/eumedbridge\",\"https:\/\/www.linkedin.com\/company\/eumedbridge\",\"https:\/\/www.youtube.com\/@eumedbridge\",\"https:\/\/www.instagram.com\/eumedbridge\",\"https:\/\/www.flickr.com\/photos\/euneighbours-south\/\"]}]}<\/script>\n<!-- \/ Yoast SEO plugin. -->","yoast_head_json":{"title":"18e\u00a0Conf\u00e9rence internationale sur les retraites, l\u2019assurance et l\u2019\u00e9pargne - Voisins de l'UE","robots":{"index":"index","follow":"follow","max-snippet":"max-snippet:-1","max-image-preview":"max-image-preview:large","max-video-preview":"max-video-preview:-1"},"canonical":"https:\/\/www.eumedbridge.eu\/fr\/news\/18e-conference-internationale-sur-les-retraites-lassurance-et-lepargne\/","og_locale":"fr_FR","og_type":"article","og_title":"18e\u00a0Conf\u00e9rence internationale sur les retraites, l\u2019assurance et l\u2019\u00e9pargne - Voisins de l'UE","og_description":"La conf\u00e9rence sur le th\u00e8me \u00ab\u00a0Retraites, assurance et \u00e9pargne\u00a0\u00bb aura lieu les 9\u00a0et 10\u00a0juin \u00e0 Rabat, au Maroc. Organis\u00e9e en partenariat avec l\u2019Universit\u00e9 Internationale de Rabat (UIR), l\u2019\u00c9cole d\u2019\u00c9conomie de Paris (PSE), l\u2019Association euro-m\u00e9diterran\u00e9enne des \u00e9conomistes (EMEA), le R\u00e9seau euro-m\u00e9diterran\u00e9en et africain pour les \u00e9tudes \u00e9conomiques (EMANES, anciennement EMNES), l\u2019Universit\u00e9 Nova et l\u2019Universit\u00e9 de management [&hellip;]","og_url":"https:\/\/www.eumedbridge.eu\/fr\/news\/18e-conference-internationale-sur-les-retraites-lassurance-et-lepargne\/","og_site_name":"Voisins de l'UE","article_publisher":"https:\/\/www.facebook.com\/eumedbridge\/","article_modified_time":"2022-07-08T12:48:44+00:00","og_image":[{"width":1200,"height":630,"url":"https:\/\/www.eumedbridge.eu\/wp-content\/uploads\/2022\/05\/c4pbanner18thicpis_new_0.png","type":"image\/png"}],"twitter_card":"summary_large_image","twitter_site":"@eumedbridge","twitter_misc":{"Dur\u00e9e de lecture estim\u00e9e":"1 minute"},"schema":{"@context":"https:\/\/schema.org","@graph":[{"@type":"WebPage","@id":"https:\/\/www.eumedbridge.eu\/fr\/news\/18e-conference-internationale-sur-les-retraites-lassurance-et-lepargne\/","url":"https:\/\/www.eumedbridge.eu\/fr\/news\/18e-conference-internationale-sur-les-retraites-lassurance-et-lepargne\/","name":"18e\u00a0Conf\u00e9rence internationale sur les retraites, l\u2019assurance et l\u2019\u00e9pargne - Voisins de l'UE","isPartOf":{"@id":"https:\/\/www.eumedbridge.eu\/#website"},"primaryImageOfPage":{"@id":"https:\/\/www.eumedbridge.eu\/fr\/news\/18e-conference-internationale-sur-les-retraites-lassurance-et-lepargne\/#primaryimage"},"image":{"@id":"https:\/\/www.eumedbridge.eu\/fr\/news\/18e-conference-internationale-sur-les-retraites-lassurance-et-lepargne\/#primaryimage"},"thumbnailUrl":"https:\/\/www.eumedbridge.eu\/wp-content\/uploads\/2022\/05\/c4pbanner18thicpis_new_0.png","datePublished":"2022-04-12T21:00:00+00:00","dateModified":"2022-07-08T12:48:44+00:00","breadcrumb":{"@id":"https:\/\/www.eumedbridge.eu\/fr\/news\/18e-conference-internationale-sur-les-retraites-lassurance-et-lepargne\/#breadcrumb"},"inLanguage":"fr-FR","potentialAction":[{"@type":"ReadAction","target":["https:\/\/www.eumedbridge.eu\/fr\/news\/18e-conference-internationale-sur-les-retraites-lassurance-et-lepargne\/"]}]},{"@type":"ImageObject","inLanguage":"fr-FR","@id":"https:\/\/www.eumedbridge.eu\/fr\/news\/18e-conference-internationale-sur-les-retraites-lassurance-et-lepargne\/#primaryimage","url":"https:\/\/www.eumedbridge.eu\/wp-content\/uploads\/2022\/05\/c4pbanner18thicpis_new_0.png","contentUrl":"https:\/\/www.eumedbridge.eu\/wp-content\/uploads\/2022\/05\/c4pbanner18thicpis_new_0.png","width":1200,"height":630},{"@type":"BreadcrumbList","@id":"https:\/\/www.eumedbridge.eu\/fr\/news\/18e-conference-internationale-sur-les-retraites-lassurance-et-lepargne\/#breadcrumb","itemListElement":[{"@type":"ListItem","position":1,"name":"Home","item":"https:\/\/www.eumedbridge.eu\/fr\/home-page\/"},{"@type":"ListItem","position":2,"name":"Actualit\u00e9s","item":"https:\/\/www.eumedbridge.eu\/fr\/news\/"},{"@type":"ListItem","position":3,"name":"18e\u00a0Conf\u00e9rence internationale sur les retraites, l\u2019assurance et l\u2019\u00e9pargne"}]},{"@type":"WebSite","@id":"https:\/\/www.eumedbridge.eu\/#website","url":"https:\/\/www.eumedbridge.eu\/","name":"EU Medbridge","description":"","publisher":{"@id":"https:\/\/www.eumedbridge.eu\/#organization"},"potentialAction":[{"@type":"SearchAction","target":{"@type":"EntryPoint","urlTemplate":"https:\/\/www.eumedbridge.eu\/?s={search_term_string}"},"query-input":{"@type":"PropertyValueSpecification","valueRequired":true,"valueName":"search_term_string"}}],"inLanguage":"fr-FR"},{"@type":"Organization","@id":"https:\/\/www.eumedbridge.eu\/#organization","name":"EU Medbridge","url":"https:\/\/www.eumedbridge.eu\/","logo":{"@type":"ImageObject","inLanguage":"fr-FR","@id":"https:\/\/www.eumedbridge.eu\/#\/schema\/logo\/image\/","url":"https:\/\/www.eumedbridge.eu\/wp-content\/uploads\/2021\/12\/Logo.png","contentUrl":"https:\/\/www.eumedbridge.eu\/wp-content\/uploads\/2021\/12\/Logo.png","width":325,"height":114,"caption":"EU Medbridge"},"image":{"@id":"https:\/\/www.eumedbridge.eu\/#\/schema\/logo\/image\/"},"sameAs":["https:\/\/www.facebook.com\/eumedbridge\/","https:\/\/x.com\/eumedbridge","https:\/\/www.linkedin.com\/company\/eumedbridge","https:\/\/www.youtube.com\/@eumedbridge","https:\/\/www.instagram.com\/eumedbridge","https:\/\/www.flickr.com\/photos\/euneighbours-south\/"]}]}},"_links":{"self":[{"href":"https:\/\/www.eumedbridge.eu\/fr\/wp-json\/wp\/v2\/news\/157851","targetHints":{"allow":["GET"]}}],"collection":[{"href":"https:\/\/www.eumedbridge.eu\/fr\/wp-json\/wp\/v2\/news"}],"about":[{"href":"https:\/\/www.eumedbridge.eu\/fr\/wp-json\/wp\/v2\/types\/news"}],"wp:featuredmedia":[{"embeddable":true,"href":"https:\/\/www.eumedbridge.eu\/fr\/wp-json\/wp\/v2\/media\/133423"}],"wp:attachment":[{"href":"https:\/\/www.eumedbridge.eu\/fr\/wp-json\/wp\/v2\/media?parent=157851"}],"wp:term":[{"taxonomy":"news_category","embeddable":true,"href":"https:\/\/www.eumedbridge.eu\/fr\/wp-json\/wp\/v2\/news_category?post=157851"},{"taxonomy":"country","embeddable":true,"href":"https:\/\/www.eumedbridge.eu\/fr\/wp-json\/wp\/v2\/country?post=157851"},{"taxonomy":"special_action","embeddable":true,"href":"https:\/\/www.eumedbridge.eu\/fr\/wp-json\/wp\/v2\/special_action?post=157851"},{"taxonomy":"custom_tag","embeddable":true,"href":"https:\/\/www.eumedbridge.eu\/fr\/wp-json\/wp\/v2\/custom_tag?post=157851"}],"curies":[{"name":"wp","href":"https:\/\/api.w.org\/{rel}","templated":true}]}}