{"id":157897,"date":"2022-03-29T00:00:00","date_gmt":"2022-03-28T21:00:00","guid":{"rendered":"http:\/\/south.euneighbours.eu\/news\/conference-sur-le-tourisme-durable-en-mediterranee-a-lere-post-covid\/"},"modified":"2022-07-08T15:50:31","modified_gmt":"2022-07-08T12:50:31","slug":"conference-sur-le-tourisme-durable-en-mediterranee-lere-post-covid","status":"publish","type":"news","link":"https:\/\/www.eumedbridge.eu\/fr\/news\/conference-sur-le-tourisme-durable-en-mediterranee-lere-post-covid\/","title":{"rendered":"Conf\u00e9rence sur le tourisme durable en M\u00e9diterran\u00e9e \u00e0 l\u2019\u00e8re post-COVID"},"content":{"rendered":"<p>La conf\u00e9rence abordera la situation actuelle du tourisme m\u00e9diterran\u00e9en dans le contexte post\u00e9rieur \u00e0 la pand\u00e9mie de COVID-19. Les intervenants \u00e9valueront la situation du tourisme dans les pays m\u00e9diterran\u00e9ens dans les ann\u00e9es\u00a02010 et expliqueront les raisons du ph\u00e9nom\u00e8ne de surtourisme observ\u00e9 jusqu\u2019en\u00a02019.<\/p>\n<p>Coorganis\u00e9e par l\u2019Institut europ\u00e9en de la M\u00e9diterran\u00e9e (IEMed) dans le cadre du programme Aula Mediterr\u00e0nia\u00a02021-2022 et le master en \u00c9tudes Internationales \u2013 Organisations et Coop\u00e9ration Internationale de l\u2019Universit\u00e9 de Barcelone, la conf\u00e9rence se penchera \u00e9galement sur les mesures prises dans plusieurs pays pour relancer le tourisme ainsi que sur la situation du secteur apr\u00e8s la pand\u00e9mie et abordera la question de la n\u00e9cessit\u00e9 d\u2019un nouveau mod\u00e8le de d\u00e9veloppement touristique.<\/p>\n<p>Cet \u00e9v\u00e9nement aura lieu dans la salle de conf\u00e9rences de l\u2019IEMed (Girona, 20, \u00e0 Barcelone) et pourra \u00e9galement \u00eatre suivi en ligne sur la cha\u00eene Youtube de l\u2019IEMed.<\/p>\n<p><strong>Pour plus d&rsquo;informations<\/strong><\/p>\n<p><a href=\"https:\/\/www.iemed.org\/events\/sustainable-tourism-in-the-mediterranean-in-the-post-covid-situation\/\">Communiqu\u00e9 de presse<\/a><\/p>\n","protected":false},"featured_media":133611,"parent":0,"template":"","news_category":[],"country":[1956],"special_action":[],"custom_tag":[2312,2315,1884,1897],"class_list":["post-157897","news","type-news","status-publish","has-post-thumbnail","hentry","country-region-sud","custom_tag-developpement-durable","custom_tag-emploi-et-entrpreuneuriat","custom_tag-environnement-et-changement-climatique","custom_tag-medias"],"acf":[],"yoast_head":"<!-- This site is optimized with the Yoast SEO plugin v26.5 - https:\/\/yoast.com\/wordpress\/plugins\/seo\/ -->\n<title>Conf\u00e9rence sur le tourisme durable en M\u00e9diterran\u00e9e \u00e0 l\u2019\u00e8re post-COVID - Voisins de l&#039;UE<\/title>\n<meta name=\"robots\" content=\"index, follow, max-snippet:-1, max-image-preview:large, max-video-preview:-1\" \/>\n<link rel=\"canonical\" href=\"https:\/\/www.eumedbridge.eu\/fr\/news\/conference-sur-le-tourisme-durable-en-mediterranee-lere-post-covid\/\" \/>\n<meta property=\"og:locale\" content=\"fr_FR\" \/>\n<meta property=\"og:type\" content=\"article\" \/>\n<meta property=\"og:title\" content=\"Conf\u00e9rence sur le tourisme durable en M\u00e9diterran\u00e9e \u00e0 l\u2019\u00e8re post-COVID - Voisins de l&#039;UE\" \/>\n<meta property=\"og:description\" content=\"La conf\u00e9rence abordera la situation actuelle du tourisme m\u00e9diterran\u00e9en dans le contexte post\u00e9rieur \u00e0 la pand\u00e9mie de COVID-19. Les intervenants \u00e9valueront la situation du tourisme dans les pays m\u00e9diterran\u00e9ens dans les ann\u00e9es\u00a02010 et expliqueront les raisons du ph\u00e9nom\u00e8ne de surtourisme observ\u00e9 jusqu\u2019en\u00a02019. Coorganis\u00e9e par l\u2019Institut europ\u00e9en de la M\u00e9diterran\u00e9e (IEMed) dans le cadre du programme [&hellip;]\" \/>\n<meta property=\"og:url\" content=\"https:\/\/www.eumedbridge.eu\/fr\/news\/conference-sur-le-tourisme-durable-en-mediterranee-lere-post-covid\/\" \/>\n<meta property=\"og:site_name\" content=\"Voisins de l&#039;UE\" \/>\n<meta property=\"article:publisher\" content=\"https:\/\/www.facebook.com\/eumedbridge\/\" \/>\n<meta property=\"article:modified_time\" content=\"2022-07-08T12:50:31+00:00\" \/>\n<meta property=\"og:image\" content=\"https:\/\/www.eumedbridge.eu\/wp-content\/uploads\/2022\/05\/Turismo-Sostenible_copia2-1.jpg\" \/>\n\t<meta property=\"og:image:width\" content=\"770\" \/>\n\t<meta property=\"og:image:height\" content=\"432\" \/>\n\t<meta property=\"og:image:type\" content=\"image\/jpeg\" \/>\n<meta name=\"twitter:card\" content=\"summary_large_image\" \/>\n<meta name=\"twitter:site\" content=\"@eumedbridge\" \/>\n<meta name=\"twitter:label1\" content=\"Dur\u00e9e de lecture estim\u00e9e\" \/>\n\t<meta name=\"twitter:data1\" content=\"1 minute\" \/>\n<script type=\"application\/ld+json\" class=\"yoast-schema-graph\">{\"@context\":\"https:\/\/schema.org\",\"@graph\":[{\"@type\":\"WebPage\",\"@id\":\"https:\/\/www.eumedbridge.eu\/fr\/news\/conference-sur-le-tourisme-durable-en-mediterranee-lere-post-covid\/\",\"url\":\"https:\/\/www.eumedbridge.eu\/fr\/news\/conference-sur-le-tourisme-durable-en-mediterranee-lere-post-covid\/\",\"name\":\"Conf\u00e9rence sur le tourisme durable en M\u00e9diterran\u00e9e \u00e0 l\u2019\u00e8re post-COVID - Voisins de l'UE\",\"isPartOf\":{\"@id\":\"https:\/\/www.eumedbridge.eu\/#website\"},\"primaryImageOfPage\":{\"@id\":\"https:\/\/www.eumedbridge.eu\/fr\/news\/conference-sur-le-tourisme-durable-en-mediterranee-lere-post-covid\/#primaryimage\"},\"image\":{\"@id\":\"https:\/\/www.eumedbridge.eu\/fr\/news\/conference-sur-le-tourisme-durable-en-mediterranee-lere-post-covid\/#primaryimage\"},\"thumbnailUrl\":\"https:\/\/www.eumedbridge.eu\/wp-content\/uploads\/2022\/05\/Turismo-Sostenible_copia2-1.jpg\",\"datePublished\":\"2022-03-28T21:00:00+00:00\",\"dateModified\":\"2022-07-08T12:50:31+00:00\",\"breadcrumb\":{\"@id\":\"https:\/\/www.eumedbridge.eu\/fr\/news\/conference-sur-le-tourisme-durable-en-mediterranee-lere-post-covid\/#breadcrumb\"},\"inLanguage\":\"fr-FR\",\"potentialAction\":[{\"@type\":\"ReadAction\",\"target\":[\"https:\/\/www.eumedbridge.eu\/fr\/news\/conference-sur-le-tourisme-durable-en-mediterranee-lere-post-covid\/\"]}]},{\"@type\":\"ImageObject\",\"inLanguage\":\"fr-FR\",\"@id\":\"https:\/\/www.eumedbridge.eu\/fr\/news\/conference-sur-le-tourisme-durable-en-mediterranee-lere-post-covid\/#primaryimage\",\"url\":\"https:\/\/www.eumedbridge.eu\/wp-content\/uploads\/2022\/05\/Turismo-Sostenible_copia2-1.jpg\",\"contentUrl\":\"https:\/\/www.eumedbridge.eu\/wp-content\/uploads\/2022\/05\/Turismo-Sostenible_copia2-1.jpg\",\"width\":770,\"height\":432},{\"@type\":\"BreadcrumbList\",\"@id\":\"https:\/\/www.eumedbridge.eu\/fr\/news\/conference-sur-le-tourisme-durable-en-mediterranee-lere-post-covid\/#breadcrumb\",\"itemListElement\":[{\"@type\":\"ListItem\",\"position\":1,\"name\":\"Home\",\"item\":\"https:\/\/www.eumedbridge.eu\/fr\/home-page\/\"},{\"@type\":\"ListItem\",\"position\":2,\"name\":\"Actualit\u00e9s\",\"item\":\"https:\/\/www.eumedbridge.eu\/fr\/news\/\"},{\"@type\":\"ListItem\",\"position\":3,\"name\":\"Conf\u00e9rence sur le tourisme durable en M\u00e9diterran\u00e9e \u00e0 l\u2019\u00e8re post-COVID\"}]},{\"@type\":\"WebSite\",\"@id\":\"https:\/\/www.eumedbridge.eu\/#website\",\"url\":\"https:\/\/www.eumedbridge.eu\/\",\"name\":\"EU Medbridge\",\"description\":\"\",\"publisher\":{\"@id\":\"https:\/\/www.eumedbridge.eu\/#organization\"},\"potentialAction\":[{\"@type\":\"SearchAction\",\"target\":{\"@type\":\"EntryPoint\",\"urlTemplate\":\"https:\/\/www.eumedbridge.eu\/?s={search_term_string}\"},\"query-input\":{\"@type\":\"PropertyValueSpecification\",\"valueRequired\":true,\"valueName\":\"search_term_string\"}}],\"inLanguage\":\"fr-FR\"},{\"@type\":\"Organization\",\"@id\":\"https:\/\/www.eumedbridge.eu\/#organization\",\"name\":\"EU Medbridge\",\"url\":\"https:\/\/www.eumedbridge.eu\/\",\"logo\":{\"@type\":\"ImageObject\",\"inLanguage\":\"fr-FR\",\"@id\":\"https:\/\/www.eumedbridge.eu\/#\/schema\/logo\/image\/\",\"url\":\"https:\/\/www.eumedbridge.eu\/wp-content\/uploads\/2021\/12\/Logo.png\",\"contentUrl\":\"https:\/\/www.eumedbridge.eu\/wp-content\/uploads\/2021\/12\/Logo.png\",\"width\":325,\"height\":114,\"caption\":\"EU Medbridge\"},\"image\":{\"@id\":\"https:\/\/www.eumedbridge.eu\/#\/schema\/logo\/image\/\"},\"sameAs\":[\"https:\/\/www.facebook.com\/eumedbridge\/\",\"https:\/\/x.com\/eumedbridge\",\"https:\/\/www.linkedin.com\/company\/eumedbridge\",\"https:\/\/www.youtube.com\/@eumedbridge\",\"https:\/\/www.instagram.com\/eumedbridge\",\"https:\/\/www.flickr.com\/photos\/euneighbours-south\/\"]}]}<\/script>\n<!-- \/ Yoast SEO plugin. -->","yoast_head_json":{"title":"Conf\u00e9rence sur le tourisme durable en M\u00e9diterran\u00e9e \u00e0 l\u2019\u00e8re post-COVID - Voisins de l'UE","robots":{"index":"index","follow":"follow","max-snippet":"max-snippet:-1","max-image-preview":"max-image-preview:large","max-video-preview":"max-video-preview:-1"},"canonical":"https:\/\/www.eumedbridge.eu\/fr\/news\/conference-sur-le-tourisme-durable-en-mediterranee-lere-post-covid\/","og_locale":"fr_FR","og_type":"article","og_title":"Conf\u00e9rence sur le tourisme durable en M\u00e9diterran\u00e9e \u00e0 l\u2019\u00e8re post-COVID - Voisins de l'UE","og_description":"La conf\u00e9rence abordera la situation actuelle du tourisme m\u00e9diterran\u00e9en dans le contexte post\u00e9rieur \u00e0 la pand\u00e9mie de COVID-19. Les intervenants \u00e9valueront la situation du tourisme dans les pays m\u00e9diterran\u00e9ens dans les ann\u00e9es\u00a02010 et expliqueront les raisons du ph\u00e9nom\u00e8ne de surtourisme observ\u00e9 jusqu\u2019en\u00a02019. Coorganis\u00e9e par l\u2019Institut europ\u00e9en de la M\u00e9diterran\u00e9e (IEMed) dans le cadre du programme [&hellip;]","og_url":"https:\/\/www.eumedbridge.eu\/fr\/news\/conference-sur-le-tourisme-durable-en-mediterranee-lere-post-covid\/","og_site_name":"Voisins de l'UE","article_publisher":"https:\/\/www.facebook.com\/eumedbridge\/","article_modified_time":"2022-07-08T12:50:31+00:00","og_image":[{"width":770,"height":432,"url":"https:\/\/www.eumedbridge.eu\/wp-content\/uploads\/2022\/05\/Turismo-Sostenible_copia2-1.jpg","type":"image\/jpeg"}],"twitter_card":"summary_large_image","twitter_site":"@eumedbridge","twitter_misc":{"Dur\u00e9e de lecture estim\u00e9e":"1 minute"},"schema":{"@context":"https:\/\/schema.org","@graph":[{"@type":"WebPage","@id":"https:\/\/www.eumedbridge.eu\/fr\/news\/conference-sur-le-tourisme-durable-en-mediterranee-lere-post-covid\/","url":"https:\/\/www.eumedbridge.eu\/fr\/news\/conference-sur-le-tourisme-durable-en-mediterranee-lere-post-covid\/","name":"Conf\u00e9rence sur le tourisme durable en M\u00e9diterran\u00e9e \u00e0 l\u2019\u00e8re post-COVID - Voisins de l'UE","isPartOf":{"@id":"https:\/\/www.eumedbridge.eu\/#website"},"primaryImageOfPage":{"@id":"https:\/\/www.eumedbridge.eu\/fr\/news\/conference-sur-le-tourisme-durable-en-mediterranee-lere-post-covid\/#primaryimage"},"image":{"@id":"https:\/\/www.eumedbridge.eu\/fr\/news\/conference-sur-le-tourisme-durable-en-mediterranee-lere-post-covid\/#primaryimage"},"thumbnailUrl":"https:\/\/www.eumedbridge.eu\/wp-content\/uploads\/2022\/05\/Turismo-Sostenible_copia2-1.jpg","datePublished":"2022-03-28T21:00:00+00:00","dateModified":"2022-07-08T12:50:31+00:00","breadcrumb":{"@id":"https:\/\/www.eumedbridge.eu\/fr\/news\/conference-sur-le-tourisme-durable-en-mediterranee-lere-post-covid\/#breadcrumb"},"inLanguage":"fr-FR","potentialAction":[{"@type":"ReadAction","target":["https:\/\/www.eumedbridge.eu\/fr\/news\/conference-sur-le-tourisme-durable-en-mediterranee-lere-post-covid\/"]}]},{"@type":"ImageObject","inLanguage":"fr-FR","@id":"https:\/\/www.eumedbridge.eu\/fr\/news\/conference-sur-le-tourisme-durable-en-mediterranee-lere-post-covid\/#primaryimage","url":"https:\/\/www.eumedbridge.eu\/wp-content\/uploads\/2022\/05\/Turismo-Sostenible_copia2-1.jpg","contentUrl":"https:\/\/www.eumedbridge.eu\/wp-content\/uploads\/2022\/05\/Turismo-Sostenible_copia2-1.jpg","width":770,"height":432},{"@type":"BreadcrumbList","@id":"https:\/\/www.eumedbridge.eu\/fr\/news\/conference-sur-le-tourisme-durable-en-mediterranee-lere-post-covid\/#breadcrumb","itemListElement":[{"@type":"ListItem","position":1,"name":"Home","item":"https:\/\/www.eumedbridge.eu\/fr\/home-page\/"},{"@type":"ListItem","position":2,"name":"Actualit\u00e9s","item":"https:\/\/www.eumedbridge.eu\/fr\/news\/"},{"@type":"ListItem","position":3,"name":"Conf\u00e9rence sur le tourisme durable en M\u00e9diterran\u00e9e \u00e0 l\u2019\u00e8re post-COVID"}]},{"@type":"WebSite","@id":"https:\/\/www.eumedbridge.eu\/#website","url":"https:\/\/www.eumedbridge.eu\/","name":"EU Medbridge","description":"","publisher":{"@id":"https:\/\/www.eumedbridge.eu\/#organization"},"potentialAction":[{"@type":"SearchAction","target":{"@type":"EntryPoint","urlTemplate":"https:\/\/www.eumedbridge.eu\/?s={search_term_string}"},"query-input":{"@type":"PropertyValueSpecification","valueRequired":true,"valueName":"search_term_string"}}],"inLanguage":"fr-FR"},{"@type":"Organization","@id":"https:\/\/www.eumedbridge.eu\/#organization","name":"EU Medbridge","url":"https:\/\/www.eumedbridge.eu\/","logo":{"@type":"ImageObject","inLanguage":"fr-FR","@id":"https:\/\/www.eumedbridge.eu\/#\/schema\/logo\/image\/","url":"https:\/\/www.eumedbridge.eu\/wp-content\/uploads\/2021\/12\/Logo.png","contentUrl":"https:\/\/www.eumedbridge.eu\/wp-content\/uploads\/2021\/12\/Logo.png","width":325,"height":114,"caption":"EU Medbridge"},"image":{"@id":"https:\/\/www.eumedbridge.eu\/#\/schema\/logo\/image\/"},"sameAs":["https:\/\/www.facebook.com\/eumedbridge\/","https:\/\/x.com\/eumedbridge","https:\/\/www.linkedin.com\/company\/eumedbridge","https:\/\/www.youtube.com\/@eumedbridge","https:\/\/www.instagram.com\/eumedbridge","https:\/\/www.flickr.com\/photos\/euneighbours-south\/"]}]}},"_links":{"self":[{"href":"https:\/\/www.eumedbridge.eu\/fr\/wp-json\/wp\/v2\/news\/157897","targetHints":{"allow":["GET"]}}],"collection":[{"href":"https:\/\/www.eumedbridge.eu\/fr\/wp-json\/wp\/v2\/news"}],"about":[{"href":"https:\/\/www.eumedbridge.eu\/fr\/wp-json\/wp\/v2\/types\/news"}],"wp:featuredmedia":[{"embeddable":true,"href":"https:\/\/www.eumedbridge.eu\/fr\/wp-json\/wp\/v2\/media\/133611"}],"wp:attachment":[{"href":"https:\/\/www.eumedbridge.eu\/fr\/wp-json\/wp\/v2\/media?parent=157897"}],"wp:term":[{"taxonomy":"news_category","embeddable":true,"href":"https:\/\/www.eumedbridge.eu\/fr\/wp-json\/wp\/v2\/news_category?post=157897"},{"taxonomy":"country","embeddable":true,"href":"https:\/\/www.eumedbridge.eu\/fr\/wp-json\/wp\/v2\/country?post=157897"},{"taxonomy":"special_action","embeddable":true,"href":"https:\/\/www.eumedbridge.eu\/fr\/wp-json\/wp\/v2\/special_action?post=157897"},{"taxonomy":"custom_tag","embeddable":true,"href":"https:\/\/www.eumedbridge.eu\/fr\/wp-json\/wp\/v2\/custom_tag?post=157897"}],"curies":[{"name":"wp","href":"https:\/\/api.w.org\/{rel}","templated":true}]}}