{"id":157914,"date":"2022-03-23T00:00:00","date_gmt":"2022-03-22T22:00:00","guid":{"rendered":"http:\/\/south.euneighbours.eu\/news\/presentez-des-maintenant-votre-candidature-pour-le-programme-des-jeunes-leaders-aux-jed-2022\/"},"modified":"2022-07-08T15:51:09","modified_gmt":"2022-07-08T12:51:09","slug":"presentez-des-maintenant-votre-candidature-pour-le-programme-des-jeunes","status":"publish","type":"news","link":"https:\/\/www.eumedbridge.eu\/fr\/news\/presentez-des-maintenant-votre-candidature-pour-le-programme-des-jeunes\/","title":{"rendered":"Pr\u00e9sentez d\u00e8s maintenant votre candidature pour le Programme des jeunes leaders aux JED 2022"},"content":{"rendered":"<p><span>Le <strong><span>Programme des jeunes leaders<\/span><\/strong> aux\u00a0<\/span><a href=\"https:\/\/eudevdays.eu\/get-involved\"><span>Journ\u00e9es europ\u00e9ennes du d\u00e9veloppement<\/span><\/a><strong><span>\u00a0<\/span><\/strong><span>(JED) 2022 se d\u00e9roulera \u00e0 Bruxelles et en ligne les 21 et 22\u00a0juin\u00a02022. L\u2019\u00e9quipe organisatrice s\u00e9lectionnera de jeunes adultes \u00e2g\u00e9s de 21 \u00e0 26\u00a0ans, provenant des quatre coins du monde, qui ont d\u00e9montr\u00e9 leur expertise et leur leadership sur l\u2019un des th\u00e8mes des JED\u00a02022.<\/span><\/p>\n<p><span>Ils seront invit\u00e9s \u00e0 Bruxelles pour y pr\u00e9senter leurs projets et partager leurs exp\u00e9riences, ainsi que pour dialoguer avec des d\u00e9l\u00e9gations de gouvernements et d\u2019organisations internationales \u00e0 la recherche de solutions aux probl\u00e8mes les plus urgents du monde.<\/p>\n<p>Le th\u00e8me g\u00e9n\u00e9ral des JED\u00a02022 sera \u00ab\u00a0<em><span>Global Gateway: building sustainable partnerships for a connected world<\/span><\/em>\u00a0\u00bb (Global Gateway\u00a0: \u00e9tablir des partenariats durables pour un monde connect\u00e9).<\/span><\/p>\n<p><span>Le d\u00e9bat s\u2019articulera quant \u00e0 lui autour de cinq\u00a0th\u00e8mes, couvrant 11\u00a0sujets au total\u00a0:<\/span><\/p>\n<p><span><span>\u00b7<span>\u00a0\u00a0\u00a0\u00a0\u00a0\u00a0\u00a0\u00a0 <\/span><\/span><\/span><span>Num\u00e9rique<\/span><\/p>\n<p><span><span>\u00b7<span>\u00a0\u00a0\u00a0\u00a0\u00a0\u00a0\u00a0\u00a0 <\/span><\/span><\/span><span>Climat et \u00e9nergie<\/span><\/p>\n<p><span><span>\u00b7<span>\u00a0\u00a0\u00a0\u00a0\u00a0\u00a0\u00a0\u00a0 <\/span><\/span><\/span><span>Transport<\/span><\/p>\n<p><span><span>\u00b7<span>\u00a0\u00a0\u00a0\u00a0\u00a0\u00a0\u00a0\u00a0 <\/span><\/span><\/span><span>Sant\u00e9<\/span><\/p>\n<p><span><span>\u00b7<span>\u00a0\u00a0\u00a0\u00a0\u00a0\u00a0\u00a0\u00a0 <\/span><\/span><\/span><span>\u00c9ducation et recherche<\/span><\/p>\n<p><span>Les candidats devront faire montre de leadership et de connaissances dans l\u2019un des th\u00e8mes des JED\u00a02022, d\u00e9montrer leur expertise dans le domaine choisi et expliquer de quelle mani\u00e8re ils repr\u00e9senteront les jeunes au forum.<\/span><\/p>\n<p><strong><span>Pour plus d&rsquo;informations<\/span><\/strong><\/p>\n<p><a href=\"https:\/\/eudevdays.eu\/get-involved\">Programme des jeunes leaders<\/a><\/p>\n<p><a href=\"https:\/\/eudevdays.eu\/community\/doc\/EDD22-Young-Leaders-Programme-Application-Form.pdf\">Formulaire de candidature<\/a><\/p>\n","protected":false},"featured_media":133687,"parent":0,"template":"","news_category":[],"country":[1956],"special_action":[],"custom_tag":[2312,1970],"class_list":["post-157914","news","type-news","status-publish","has-post-thumbnail","hentry","country-region-sud","custom_tag-developpement-durable","custom_tag-jeunesse"],"acf":[],"yoast_head":"<!-- This site is optimized with the Yoast SEO plugin v26.5 - https:\/\/yoast.com\/wordpress\/plugins\/seo\/ -->\n<title>Pr\u00e9sentez d\u00e8s maintenant votre candidature pour le Programme des jeunes leaders aux JED 2022 - Voisins de l&#039;UE<\/title>\n<meta name=\"robots\" content=\"index, follow, max-snippet:-1, max-image-preview:large, max-video-preview:-1\" \/>\n<link rel=\"canonical\" href=\"https:\/\/www.eumedbridge.eu\/fr\/news\/presentez-des-maintenant-votre-candidature-pour-le-programme-des-jeunes\/\" \/>\n<meta property=\"og:locale\" content=\"fr_FR\" \/>\n<meta property=\"og:type\" content=\"article\" \/>\n<meta property=\"og:title\" content=\"Pr\u00e9sentez d\u00e8s maintenant votre candidature pour le Programme des jeunes leaders aux JED 2022 - Voisins de l&#039;UE\" \/>\n<meta property=\"og:description\" content=\"Le Programme des jeunes leaders aux\u00a0Journ\u00e9es europ\u00e9ennes du d\u00e9veloppement\u00a0(JED) 2022 se d\u00e9roulera \u00e0 Bruxelles et en ligne les 21 et 22\u00a0juin\u00a02022. L\u2019\u00e9quipe organisatrice s\u00e9lectionnera de jeunes adultes \u00e2g\u00e9s de 21 \u00e0 26\u00a0ans, provenant des quatre coins du monde, qui ont d\u00e9montr\u00e9 leur expertise et leur leadership sur l\u2019un des th\u00e8mes des JED\u00a02022. Ils seront invit\u00e9s [&hellip;]\" \/>\n<meta property=\"og:url\" content=\"https:\/\/www.eumedbridge.eu\/fr\/news\/presentez-des-maintenant-votre-candidature-pour-le-programme-des-jeunes\/\" \/>\n<meta property=\"og:site_name\" content=\"Voisins de l&#039;UE\" \/>\n<meta property=\"article:publisher\" content=\"https:\/\/www.facebook.com\/eumedbridge\/\" \/>\n<meta property=\"article:modified_time\" content=\"2022-07-08T12:51:09+00:00\" \/>\n<meta property=\"og:image\" content=\"https:\/\/www.eumedbridge.eu\/wp-content\/uploads\/2022\/05\/young-leader.png\" \/>\n\t<meta property=\"og:image:width\" content=\"1200\" \/>\n\t<meta property=\"og:image:height\" content=\"600\" \/>\n\t<meta property=\"og:image:type\" content=\"image\/png\" \/>\n<meta name=\"twitter:card\" content=\"summary_large_image\" \/>\n<meta name=\"twitter:site\" content=\"@eumedbridge\" \/>\n<meta name=\"twitter:label1\" content=\"Dur\u00e9e de lecture estim\u00e9e\" \/>\n\t<meta name=\"twitter:data1\" content=\"1 minute\" \/>\n<script type=\"application\/ld+json\" class=\"yoast-schema-graph\">{\"@context\":\"https:\/\/schema.org\",\"@graph\":[{\"@type\":\"WebPage\",\"@id\":\"https:\/\/www.eumedbridge.eu\/fr\/news\/presentez-des-maintenant-votre-candidature-pour-le-programme-des-jeunes\/\",\"url\":\"https:\/\/www.eumedbridge.eu\/fr\/news\/presentez-des-maintenant-votre-candidature-pour-le-programme-des-jeunes\/\",\"name\":\"Pr\u00e9sentez d\u00e8s maintenant votre candidature pour le Programme des jeunes leaders aux JED 2022 - Voisins de l'UE\",\"isPartOf\":{\"@id\":\"https:\/\/www.eumedbridge.eu\/#website\"},\"primaryImageOfPage\":{\"@id\":\"https:\/\/www.eumedbridge.eu\/fr\/news\/presentez-des-maintenant-votre-candidature-pour-le-programme-des-jeunes\/#primaryimage\"},\"image\":{\"@id\":\"https:\/\/www.eumedbridge.eu\/fr\/news\/presentez-des-maintenant-votre-candidature-pour-le-programme-des-jeunes\/#primaryimage\"},\"thumbnailUrl\":\"https:\/\/www.eumedbridge.eu\/wp-content\/uploads\/2022\/05\/young-leader.png\",\"datePublished\":\"2022-03-22T22:00:00+00:00\",\"dateModified\":\"2022-07-08T12:51:09+00:00\",\"breadcrumb\":{\"@id\":\"https:\/\/www.eumedbridge.eu\/fr\/news\/presentez-des-maintenant-votre-candidature-pour-le-programme-des-jeunes\/#breadcrumb\"},\"inLanguage\":\"fr-FR\",\"potentialAction\":[{\"@type\":\"ReadAction\",\"target\":[\"https:\/\/www.eumedbridge.eu\/fr\/news\/presentez-des-maintenant-votre-candidature-pour-le-programme-des-jeunes\/\"]}]},{\"@type\":\"ImageObject\",\"inLanguage\":\"fr-FR\",\"@id\":\"https:\/\/www.eumedbridge.eu\/fr\/news\/presentez-des-maintenant-votre-candidature-pour-le-programme-des-jeunes\/#primaryimage\",\"url\":\"https:\/\/www.eumedbridge.eu\/wp-content\/uploads\/2022\/05\/young-leader.png\",\"contentUrl\":\"https:\/\/www.eumedbridge.eu\/wp-content\/uploads\/2022\/05\/young-leader.png\",\"width\":1200,\"height\":600},{\"@type\":\"BreadcrumbList\",\"@id\":\"https:\/\/www.eumedbridge.eu\/fr\/news\/presentez-des-maintenant-votre-candidature-pour-le-programme-des-jeunes\/#breadcrumb\",\"itemListElement\":[{\"@type\":\"ListItem\",\"position\":1,\"name\":\"Home\",\"item\":\"https:\/\/www.eumedbridge.eu\/fr\/home-page\/\"},{\"@type\":\"ListItem\",\"position\":2,\"name\":\"Actualit\u00e9s\",\"item\":\"https:\/\/www.eumedbridge.eu\/fr\/news\/\"},{\"@type\":\"ListItem\",\"position\":3,\"name\":\"Pr\u00e9sentez d\u00e8s maintenant votre candidature pour le Programme des jeunes leaders aux JED 2022\"}]},{\"@type\":\"WebSite\",\"@id\":\"https:\/\/www.eumedbridge.eu\/#website\",\"url\":\"https:\/\/www.eumedbridge.eu\/\",\"name\":\"EU Medbridge\",\"description\":\"\",\"publisher\":{\"@id\":\"https:\/\/www.eumedbridge.eu\/#organization\"},\"potentialAction\":[{\"@type\":\"SearchAction\",\"target\":{\"@type\":\"EntryPoint\",\"urlTemplate\":\"https:\/\/www.eumedbridge.eu\/?s={search_term_string}\"},\"query-input\":{\"@type\":\"PropertyValueSpecification\",\"valueRequired\":true,\"valueName\":\"search_term_string\"}}],\"inLanguage\":\"fr-FR\"},{\"@type\":\"Organization\",\"@id\":\"https:\/\/www.eumedbridge.eu\/#organization\",\"name\":\"EU Medbridge\",\"url\":\"https:\/\/www.eumedbridge.eu\/\",\"logo\":{\"@type\":\"ImageObject\",\"inLanguage\":\"fr-FR\",\"@id\":\"https:\/\/www.eumedbridge.eu\/#\/schema\/logo\/image\/\",\"url\":\"https:\/\/www.eumedbridge.eu\/wp-content\/uploads\/2021\/12\/Logo.png\",\"contentUrl\":\"https:\/\/www.eumedbridge.eu\/wp-content\/uploads\/2021\/12\/Logo.png\",\"width\":325,\"height\":114,\"caption\":\"EU Medbridge\"},\"image\":{\"@id\":\"https:\/\/www.eumedbridge.eu\/#\/schema\/logo\/image\/\"},\"sameAs\":[\"https:\/\/www.facebook.com\/eumedbridge\/\",\"https:\/\/x.com\/eumedbridge\",\"https:\/\/www.linkedin.com\/company\/eumedbridge\",\"https:\/\/www.youtube.com\/@eumedbridge\",\"https:\/\/www.instagram.com\/eumedbridge\",\"https:\/\/www.flickr.com\/photos\/euneighbours-south\/\"]}]}<\/script>\n<!-- \/ Yoast SEO plugin. -->","yoast_head_json":{"title":"Pr\u00e9sentez d\u00e8s maintenant votre candidature pour le Programme des jeunes leaders aux JED 2022 - Voisins de l'UE","robots":{"index":"index","follow":"follow","max-snippet":"max-snippet:-1","max-image-preview":"max-image-preview:large","max-video-preview":"max-video-preview:-1"},"canonical":"https:\/\/www.eumedbridge.eu\/fr\/news\/presentez-des-maintenant-votre-candidature-pour-le-programme-des-jeunes\/","og_locale":"fr_FR","og_type":"article","og_title":"Pr\u00e9sentez d\u00e8s maintenant votre candidature pour le Programme des jeunes leaders aux JED 2022 - Voisins de l'UE","og_description":"Le Programme des jeunes leaders aux\u00a0Journ\u00e9es europ\u00e9ennes du d\u00e9veloppement\u00a0(JED) 2022 se d\u00e9roulera \u00e0 Bruxelles et en ligne les 21 et 22\u00a0juin\u00a02022. L\u2019\u00e9quipe organisatrice s\u00e9lectionnera de jeunes adultes \u00e2g\u00e9s de 21 \u00e0 26\u00a0ans, provenant des quatre coins du monde, qui ont d\u00e9montr\u00e9 leur expertise et leur leadership sur l\u2019un des th\u00e8mes des JED\u00a02022. Ils seront invit\u00e9s [&hellip;]","og_url":"https:\/\/www.eumedbridge.eu\/fr\/news\/presentez-des-maintenant-votre-candidature-pour-le-programme-des-jeunes\/","og_site_name":"Voisins de l'UE","article_publisher":"https:\/\/www.facebook.com\/eumedbridge\/","article_modified_time":"2022-07-08T12:51:09+00:00","og_image":[{"width":1200,"height":600,"url":"https:\/\/www.eumedbridge.eu\/wp-content\/uploads\/2022\/05\/young-leader.png","type":"image\/png"}],"twitter_card":"summary_large_image","twitter_site":"@eumedbridge","twitter_misc":{"Dur\u00e9e de lecture estim\u00e9e":"1 minute"},"schema":{"@context":"https:\/\/schema.org","@graph":[{"@type":"WebPage","@id":"https:\/\/www.eumedbridge.eu\/fr\/news\/presentez-des-maintenant-votre-candidature-pour-le-programme-des-jeunes\/","url":"https:\/\/www.eumedbridge.eu\/fr\/news\/presentez-des-maintenant-votre-candidature-pour-le-programme-des-jeunes\/","name":"Pr\u00e9sentez d\u00e8s maintenant votre candidature pour le Programme des jeunes leaders aux JED 2022 - Voisins de l'UE","isPartOf":{"@id":"https:\/\/www.eumedbridge.eu\/#website"},"primaryImageOfPage":{"@id":"https:\/\/www.eumedbridge.eu\/fr\/news\/presentez-des-maintenant-votre-candidature-pour-le-programme-des-jeunes\/#primaryimage"},"image":{"@id":"https:\/\/www.eumedbridge.eu\/fr\/news\/presentez-des-maintenant-votre-candidature-pour-le-programme-des-jeunes\/#primaryimage"},"thumbnailUrl":"https:\/\/www.eumedbridge.eu\/wp-content\/uploads\/2022\/05\/young-leader.png","datePublished":"2022-03-22T22:00:00+00:00","dateModified":"2022-07-08T12:51:09+00:00","breadcrumb":{"@id":"https:\/\/www.eumedbridge.eu\/fr\/news\/presentez-des-maintenant-votre-candidature-pour-le-programme-des-jeunes\/#breadcrumb"},"inLanguage":"fr-FR","potentialAction":[{"@type":"ReadAction","target":["https:\/\/www.eumedbridge.eu\/fr\/news\/presentez-des-maintenant-votre-candidature-pour-le-programme-des-jeunes\/"]}]},{"@type":"ImageObject","inLanguage":"fr-FR","@id":"https:\/\/www.eumedbridge.eu\/fr\/news\/presentez-des-maintenant-votre-candidature-pour-le-programme-des-jeunes\/#primaryimage","url":"https:\/\/www.eumedbridge.eu\/wp-content\/uploads\/2022\/05\/young-leader.png","contentUrl":"https:\/\/www.eumedbridge.eu\/wp-content\/uploads\/2022\/05\/young-leader.png","width":1200,"height":600},{"@type":"BreadcrumbList","@id":"https:\/\/www.eumedbridge.eu\/fr\/news\/presentez-des-maintenant-votre-candidature-pour-le-programme-des-jeunes\/#breadcrumb","itemListElement":[{"@type":"ListItem","position":1,"name":"Home","item":"https:\/\/www.eumedbridge.eu\/fr\/home-page\/"},{"@type":"ListItem","position":2,"name":"Actualit\u00e9s","item":"https:\/\/www.eumedbridge.eu\/fr\/news\/"},{"@type":"ListItem","position":3,"name":"Pr\u00e9sentez d\u00e8s maintenant votre candidature pour le Programme des jeunes leaders aux JED 2022"}]},{"@type":"WebSite","@id":"https:\/\/www.eumedbridge.eu\/#website","url":"https:\/\/www.eumedbridge.eu\/","name":"EU Medbridge","description":"","publisher":{"@id":"https:\/\/www.eumedbridge.eu\/#organization"},"potentialAction":[{"@type":"SearchAction","target":{"@type":"EntryPoint","urlTemplate":"https:\/\/www.eumedbridge.eu\/?s={search_term_string}"},"query-input":{"@type":"PropertyValueSpecification","valueRequired":true,"valueName":"search_term_string"}}],"inLanguage":"fr-FR"},{"@type":"Organization","@id":"https:\/\/www.eumedbridge.eu\/#organization","name":"EU Medbridge","url":"https:\/\/www.eumedbridge.eu\/","logo":{"@type":"ImageObject","inLanguage":"fr-FR","@id":"https:\/\/www.eumedbridge.eu\/#\/schema\/logo\/image\/","url":"https:\/\/www.eumedbridge.eu\/wp-content\/uploads\/2021\/12\/Logo.png","contentUrl":"https:\/\/www.eumedbridge.eu\/wp-content\/uploads\/2021\/12\/Logo.png","width":325,"height":114,"caption":"EU Medbridge"},"image":{"@id":"https:\/\/www.eumedbridge.eu\/#\/schema\/logo\/image\/"},"sameAs":["https:\/\/www.facebook.com\/eumedbridge\/","https:\/\/x.com\/eumedbridge","https:\/\/www.linkedin.com\/company\/eumedbridge","https:\/\/www.youtube.com\/@eumedbridge","https:\/\/www.instagram.com\/eumedbridge","https:\/\/www.flickr.com\/photos\/euneighbours-south\/"]}]}},"_links":{"self":[{"href":"https:\/\/www.eumedbridge.eu\/fr\/wp-json\/wp\/v2\/news\/157914","targetHints":{"allow":["GET"]}}],"collection":[{"href":"https:\/\/www.eumedbridge.eu\/fr\/wp-json\/wp\/v2\/news"}],"about":[{"href":"https:\/\/www.eumedbridge.eu\/fr\/wp-json\/wp\/v2\/types\/news"}],"wp:featuredmedia":[{"embeddable":true,"href":"https:\/\/www.eumedbridge.eu\/fr\/wp-json\/wp\/v2\/media\/133687"}],"wp:attachment":[{"href":"https:\/\/www.eumedbridge.eu\/fr\/wp-json\/wp\/v2\/media?parent=157914"}],"wp:term":[{"taxonomy":"news_category","embeddable":true,"href":"https:\/\/www.eumedbridge.eu\/fr\/wp-json\/wp\/v2\/news_category?post=157914"},{"taxonomy":"country","embeddable":true,"href":"https:\/\/www.eumedbridge.eu\/fr\/wp-json\/wp\/v2\/country?post=157914"},{"taxonomy":"special_action","embeddable":true,"href":"https:\/\/www.eumedbridge.eu\/fr\/wp-json\/wp\/v2\/special_action?post=157914"},{"taxonomy":"custom_tag","embeddable":true,"href":"https:\/\/www.eumedbridge.eu\/fr\/wp-json\/wp\/v2\/custom_tag?post=157914"}],"curies":[{"name":"wp","href":"https:\/\/api.w.org\/{rel}","templated":true}]}}