{"id":157943,"date":"2022-03-14T00:00:00","date_gmt":"2022-03-13T22:00:00","guid":{"rendered":"http:\/\/south.euneighbours.eu\/news\/a-vos-agendas-conference-sur-fostering-circular-blue-economy-in-the-mediterranean\/"},"modified":"2022-07-08T15:52:16","modified_gmt":"2022-07-08T12:52:16","slug":"vos-agendas-conference-sur-fostering-circular-blue-economy-mediterranean","status":"publish","type":"news","link":"https:\/\/www.eumedbridge.eu\/fr\/news\/vos-agendas-conference-sur-fostering-circular-blue-economy-mediterranean\/","title":{"rendered":"\u00c0 vos agendas &#8211; Conf\u00e9rence sur \u00ab Fostering Circular Blue Economy in the Mediterranean \u00bb"},"content":{"rendered":"<p>Comment \u00e9tablir un pont entre les \u00e9conomies circulaire et bleue en M\u00e9diterran\u00e9e\u00a0? C\u2019est la question \u00e0 laquelle la conf\u00e9rence \u00ab\u00a0<strong>Fostering Circular Blue Economy in the Mediterranean<\/strong>\u00a0\u00bb tentera de r\u00e9pondre, \u00e0 Barcelone les 10 et 11 mai 2022, \u00e0 l\u2019occasion d\u2019un \u00e9v\u00e9nement hybride avec des formats \u00e0 la fois en pr\u00e9sentiel et en ligne.\u00a0<\/p>\n<p>Co-organis\u00e9 par le\u00a0<a href=\"https:\/\/switchmed.eu\/fr\/politique\/blue-economy-policy-regional\/\">programme SwitchMed<\/a>\u00a0(Composante Politique r\u00e9gionale), la\u00a0<a href=\"https:\/\/blue-growth.interreg-med.eu\/\">Communaut\u00e9 Interreg MED Croissance Bleue<\/a>\u00a0et le\u00a0<a href=\"https:\/\/bluefasma.interreg-med.eu\/\">projet modulaire Interreg MED BLUEfasma<\/a>, l\u2019\u00e9v\u00e9nement vise \u00e0 mettre en lumi\u00e8re le d\u00e9veloppement de l\u2019\u00e9conomie circulaire au sein de secteurs s\u00e9lectionn\u00e9s de l\u2019\u00e9conomie bleue en M\u00e9diterran\u00e9e, \u00e0 savoir la p\u00eache et l\u2019aquaculture, le tourisme nautique et les activit\u00e9s portuaires, y compris la construction et la r\u00e9paration navales.<\/p>\n<p>La conf\u00e9rence visera \u00e9galement \u00e0 assurer le transfert, l\u2019int\u00e9gration et la capitalisation des connaissances et des outils d\u00e9velopp\u00e9s dans le cadre de la mise en \u0153uvre des projets concern\u00e9s.\u00a0<\/p>\n<p><strong>Pour plus d&rsquo;informations<\/strong><\/p>\n<p><a href=\"https:\/\/switchmed.eu\/fr\/actualites\/a-vos-agendas-la-conference-sur-fostering-circular-blue-economy-in-the-mediterranean-va-bientot-avoir-lieu\/\">Communiqu\u00e9 de presse<\/a><\/p>\n<p><a href=\"https:\/\/docs.google.com\/forms\/d\/e\/1FAIpQLSegSmggIjaL0ctBAu14UefXJVLVkd8Xz4nEl7cDKA9sytBMDQ\/viewform?usp=send_form\">Inscription<\/a><\/p>\n<p>\u00a0<\/p>\n","protected":false},"featured_media":112086,"parent":0,"template":"","news_category":[],"country":[1956],"special_action":[],"custom_tag":[2312,1884],"class_list":["post-157943","news","type-news","status-publish","has-post-thumbnail","hentry","country-region-sud","custom_tag-developpement-durable","custom_tag-environnement-et-changement-climatique"],"acf":[],"yoast_head":"<!-- This site is optimized with the Yoast SEO plugin v26.5 - https:\/\/yoast.com\/wordpress\/plugins\/seo\/ -->\n<title>\u00c0 vos agendas - Conf\u00e9rence sur \u00ab Fostering Circular Blue Economy in the Mediterranean \u00bb - Voisins de l&#039;UE<\/title>\n<meta name=\"robots\" content=\"index, follow, max-snippet:-1, max-image-preview:large, max-video-preview:-1\" \/>\n<link rel=\"canonical\" href=\"https:\/\/www.eumedbridge.eu\/fr\/news\/vos-agendas-conference-sur-fostering-circular-blue-economy-mediterranean\/\" \/>\n<meta property=\"og:locale\" content=\"fr_FR\" \/>\n<meta property=\"og:type\" content=\"article\" \/>\n<meta property=\"og:title\" content=\"\u00c0 vos agendas - Conf\u00e9rence sur \u00ab Fostering Circular Blue Economy in the Mediterranean \u00bb - Voisins de l&#039;UE\" \/>\n<meta property=\"og:description\" content=\"Comment \u00e9tablir un pont entre les \u00e9conomies circulaire et bleue en M\u00e9diterran\u00e9e\u00a0? C\u2019est la question \u00e0 laquelle la conf\u00e9rence \u00ab\u00a0Fostering Circular Blue Economy in the Mediterranean\u00a0\u00bb tentera de r\u00e9pondre, \u00e0 Barcelone les 10 et 11 mai 2022, \u00e0 l\u2019occasion d\u2019un \u00e9v\u00e9nement hybride avec des formats \u00e0 la fois en pr\u00e9sentiel et en ligne.\u00a0 Co-organis\u00e9 par [&hellip;]\" \/>\n<meta property=\"og:url\" content=\"https:\/\/www.eumedbridge.eu\/fr\/news\/vos-agendas-conference-sur-fostering-circular-blue-economy-mediterranean\/\" \/>\n<meta property=\"og:site_name\" content=\"Voisins de l&#039;UE\" \/>\n<meta property=\"article:publisher\" content=\"https:\/\/www.facebook.com\/eumedbridge\/\" \/>\n<meta property=\"article:modified_time\" content=\"2022-07-08T12:52:16+00:00\" \/>\n<meta property=\"og:image\" content=\"https:\/\/www.eumedbridge.eu\/wp-content\/uploads\/2022\/03\/wsw.png\" \/>\n\t<meta property=\"og:image:width\" content=\"571\" \/>\n\t<meta property=\"og:image:height\" content=\"321\" \/>\n\t<meta property=\"og:image:type\" content=\"image\/png\" \/>\n<meta name=\"twitter:card\" content=\"summary_large_image\" \/>\n<meta name=\"twitter:site\" content=\"@eumedbridge\" \/>\n<meta name=\"twitter:label1\" content=\"Dur\u00e9e de lecture estim\u00e9e\" \/>\n\t<meta name=\"twitter:data1\" content=\"1 minute\" \/>\n<script type=\"application\/ld+json\" class=\"yoast-schema-graph\">{\"@context\":\"https:\/\/schema.org\",\"@graph\":[{\"@type\":\"WebPage\",\"@id\":\"https:\/\/www.eumedbridge.eu\/fr\/news\/vos-agendas-conference-sur-fostering-circular-blue-economy-mediterranean\/\",\"url\":\"https:\/\/www.eumedbridge.eu\/fr\/news\/vos-agendas-conference-sur-fostering-circular-blue-economy-mediterranean\/\",\"name\":\"\u00c0 vos agendas - Conf\u00e9rence sur \u00ab Fostering Circular Blue Economy in the Mediterranean \u00bb - Voisins de l'UE\",\"isPartOf\":{\"@id\":\"https:\/\/www.eumedbridge.eu\/#website\"},\"primaryImageOfPage\":{\"@id\":\"https:\/\/www.eumedbridge.eu\/fr\/news\/vos-agendas-conference-sur-fostering-circular-blue-economy-mediterranean\/#primaryimage\"},\"image\":{\"@id\":\"https:\/\/www.eumedbridge.eu\/fr\/news\/vos-agendas-conference-sur-fostering-circular-blue-economy-mediterranean\/#primaryimage\"},\"thumbnailUrl\":\"https:\/\/www.eumedbridge.eu\/wp-content\/uploads\/2022\/03\/wsw.png\",\"datePublished\":\"2022-03-13T22:00:00+00:00\",\"dateModified\":\"2022-07-08T12:52:16+00:00\",\"breadcrumb\":{\"@id\":\"https:\/\/www.eumedbridge.eu\/fr\/news\/vos-agendas-conference-sur-fostering-circular-blue-economy-mediterranean\/#breadcrumb\"},\"inLanguage\":\"fr-FR\",\"potentialAction\":[{\"@type\":\"ReadAction\",\"target\":[\"https:\/\/www.eumedbridge.eu\/fr\/news\/vos-agendas-conference-sur-fostering-circular-blue-economy-mediterranean\/\"]}]},{\"@type\":\"ImageObject\",\"inLanguage\":\"fr-FR\",\"@id\":\"https:\/\/www.eumedbridge.eu\/fr\/news\/vos-agendas-conference-sur-fostering-circular-blue-economy-mediterranean\/#primaryimage\",\"url\":\"https:\/\/www.eumedbridge.eu\/wp-content\/uploads\/2022\/03\/wsw.png\",\"contentUrl\":\"https:\/\/www.eumedbridge.eu\/wp-content\/uploads\/2022\/03\/wsw.png\",\"width\":571,\"height\":321},{\"@type\":\"BreadcrumbList\",\"@id\":\"https:\/\/www.eumedbridge.eu\/fr\/news\/vos-agendas-conference-sur-fostering-circular-blue-economy-mediterranean\/#breadcrumb\",\"itemListElement\":[{\"@type\":\"ListItem\",\"position\":1,\"name\":\"Home\",\"item\":\"https:\/\/www.eumedbridge.eu\/fr\/home-page\/\"},{\"@type\":\"ListItem\",\"position\":2,\"name\":\"Actualit\u00e9s\",\"item\":\"https:\/\/www.eumedbridge.eu\/fr\/news\/\"},{\"@type\":\"ListItem\",\"position\":3,\"name\":\"\u00c0 vos agendas &#8211; Conf\u00e9rence sur \u00ab Fostering Circular Blue Economy in the Mediterranean \u00bb\"}]},{\"@type\":\"WebSite\",\"@id\":\"https:\/\/www.eumedbridge.eu\/#website\",\"url\":\"https:\/\/www.eumedbridge.eu\/\",\"name\":\"EU Medbridge\",\"description\":\"\",\"publisher\":{\"@id\":\"https:\/\/www.eumedbridge.eu\/#organization\"},\"potentialAction\":[{\"@type\":\"SearchAction\",\"target\":{\"@type\":\"EntryPoint\",\"urlTemplate\":\"https:\/\/www.eumedbridge.eu\/?s={search_term_string}\"},\"query-input\":{\"@type\":\"PropertyValueSpecification\",\"valueRequired\":true,\"valueName\":\"search_term_string\"}}],\"inLanguage\":\"fr-FR\"},{\"@type\":\"Organization\",\"@id\":\"https:\/\/www.eumedbridge.eu\/#organization\",\"name\":\"EU Medbridge\",\"url\":\"https:\/\/www.eumedbridge.eu\/\",\"logo\":{\"@type\":\"ImageObject\",\"inLanguage\":\"fr-FR\",\"@id\":\"https:\/\/www.eumedbridge.eu\/#\/schema\/logo\/image\/\",\"url\":\"https:\/\/www.eumedbridge.eu\/wp-content\/uploads\/2021\/12\/Logo.png\",\"contentUrl\":\"https:\/\/www.eumedbridge.eu\/wp-content\/uploads\/2021\/12\/Logo.png\",\"width\":325,\"height\":114,\"caption\":\"EU Medbridge\"},\"image\":{\"@id\":\"https:\/\/www.eumedbridge.eu\/#\/schema\/logo\/image\/\"},\"sameAs\":[\"https:\/\/www.facebook.com\/eumedbridge\/\",\"https:\/\/x.com\/eumedbridge\",\"https:\/\/www.linkedin.com\/company\/eumedbridge\",\"https:\/\/www.youtube.com\/@eumedbridge\",\"https:\/\/www.instagram.com\/eumedbridge\",\"https:\/\/www.flickr.com\/photos\/euneighbours-south\/\"]}]}<\/script>\n<!-- \/ Yoast SEO plugin. -->","yoast_head_json":{"title":"\u00c0 vos agendas - Conf\u00e9rence sur \u00ab Fostering Circular Blue Economy in the Mediterranean \u00bb - Voisins de l'UE","robots":{"index":"index","follow":"follow","max-snippet":"max-snippet:-1","max-image-preview":"max-image-preview:large","max-video-preview":"max-video-preview:-1"},"canonical":"https:\/\/www.eumedbridge.eu\/fr\/news\/vos-agendas-conference-sur-fostering-circular-blue-economy-mediterranean\/","og_locale":"fr_FR","og_type":"article","og_title":"\u00c0 vos agendas - Conf\u00e9rence sur \u00ab Fostering Circular Blue Economy in the Mediterranean \u00bb - Voisins de l'UE","og_description":"Comment \u00e9tablir un pont entre les \u00e9conomies circulaire et bleue en M\u00e9diterran\u00e9e\u00a0? C\u2019est la question \u00e0 laquelle la conf\u00e9rence \u00ab\u00a0Fostering Circular Blue Economy in the Mediterranean\u00a0\u00bb tentera de r\u00e9pondre, \u00e0 Barcelone les 10 et 11 mai 2022, \u00e0 l\u2019occasion d\u2019un \u00e9v\u00e9nement hybride avec des formats \u00e0 la fois en pr\u00e9sentiel et en ligne.\u00a0 Co-organis\u00e9 par [&hellip;]","og_url":"https:\/\/www.eumedbridge.eu\/fr\/news\/vos-agendas-conference-sur-fostering-circular-blue-economy-mediterranean\/","og_site_name":"Voisins de l'UE","article_publisher":"https:\/\/www.facebook.com\/eumedbridge\/","article_modified_time":"2022-07-08T12:52:16+00:00","og_image":[{"width":571,"height":321,"url":"https:\/\/www.eumedbridge.eu\/wp-content\/uploads\/2022\/03\/wsw.png","type":"image\/png"}],"twitter_card":"summary_large_image","twitter_site":"@eumedbridge","twitter_misc":{"Dur\u00e9e de lecture estim\u00e9e":"1 minute"},"schema":{"@context":"https:\/\/schema.org","@graph":[{"@type":"WebPage","@id":"https:\/\/www.eumedbridge.eu\/fr\/news\/vos-agendas-conference-sur-fostering-circular-blue-economy-mediterranean\/","url":"https:\/\/www.eumedbridge.eu\/fr\/news\/vos-agendas-conference-sur-fostering-circular-blue-economy-mediterranean\/","name":"\u00c0 vos agendas - Conf\u00e9rence sur \u00ab Fostering Circular Blue Economy in the Mediterranean \u00bb - Voisins de l'UE","isPartOf":{"@id":"https:\/\/www.eumedbridge.eu\/#website"},"primaryImageOfPage":{"@id":"https:\/\/www.eumedbridge.eu\/fr\/news\/vos-agendas-conference-sur-fostering-circular-blue-economy-mediterranean\/#primaryimage"},"image":{"@id":"https:\/\/www.eumedbridge.eu\/fr\/news\/vos-agendas-conference-sur-fostering-circular-blue-economy-mediterranean\/#primaryimage"},"thumbnailUrl":"https:\/\/www.eumedbridge.eu\/wp-content\/uploads\/2022\/03\/wsw.png","datePublished":"2022-03-13T22:00:00+00:00","dateModified":"2022-07-08T12:52:16+00:00","breadcrumb":{"@id":"https:\/\/www.eumedbridge.eu\/fr\/news\/vos-agendas-conference-sur-fostering-circular-blue-economy-mediterranean\/#breadcrumb"},"inLanguage":"fr-FR","potentialAction":[{"@type":"ReadAction","target":["https:\/\/www.eumedbridge.eu\/fr\/news\/vos-agendas-conference-sur-fostering-circular-blue-economy-mediterranean\/"]}]},{"@type":"ImageObject","inLanguage":"fr-FR","@id":"https:\/\/www.eumedbridge.eu\/fr\/news\/vos-agendas-conference-sur-fostering-circular-blue-economy-mediterranean\/#primaryimage","url":"https:\/\/www.eumedbridge.eu\/wp-content\/uploads\/2022\/03\/wsw.png","contentUrl":"https:\/\/www.eumedbridge.eu\/wp-content\/uploads\/2022\/03\/wsw.png","width":571,"height":321},{"@type":"BreadcrumbList","@id":"https:\/\/www.eumedbridge.eu\/fr\/news\/vos-agendas-conference-sur-fostering-circular-blue-economy-mediterranean\/#breadcrumb","itemListElement":[{"@type":"ListItem","position":1,"name":"Home","item":"https:\/\/www.eumedbridge.eu\/fr\/home-page\/"},{"@type":"ListItem","position":2,"name":"Actualit\u00e9s","item":"https:\/\/www.eumedbridge.eu\/fr\/news\/"},{"@type":"ListItem","position":3,"name":"\u00c0 vos agendas &#8211; Conf\u00e9rence sur \u00ab Fostering Circular Blue Economy in the Mediterranean \u00bb"}]},{"@type":"WebSite","@id":"https:\/\/www.eumedbridge.eu\/#website","url":"https:\/\/www.eumedbridge.eu\/","name":"EU Medbridge","description":"","publisher":{"@id":"https:\/\/www.eumedbridge.eu\/#organization"},"potentialAction":[{"@type":"SearchAction","target":{"@type":"EntryPoint","urlTemplate":"https:\/\/www.eumedbridge.eu\/?s={search_term_string}"},"query-input":{"@type":"PropertyValueSpecification","valueRequired":true,"valueName":"search_term_string"}}],"inLanguage":"fr-FR"},{"@type":"Organization","@id":"https:\/\/www.eumedbridge.eu\/#organization","name":"EU Medbridge","url":"https:\/\/www.eumedbridge.eu\/","logo":{"@type":"ImageObject","inLanguage":"fr-FR","@id":"https:\/\/www.eumedbridge.eu\/#\/schema\/logo\/image\/","url":"https:\/\/www.eumedbridge.eu\/wp-content\/uploads\/2021\/12\/Logo.png","contentUrl":"https:\/\/www.eumedbridge.eu\/wp-content\/uploads\/2021\/12\/Logo.png","width":325,"height":114,"caption":"EU Medbridge"},"image":{"@id":"https:\/\/www.eumedbridge.eu\/#\/schema\/logo\/image\/"},"sameAs":["https:\/\/www.facebook.com\/eumedbridge\/","https:\/\/x.com\/eumedbridge","https:\/\/www.linkedin.com\/company\/eumedbridge","https:\/\/www.youtube.com\/@eumedbridge","https:\/\/www.instagram.com\/eumedbridge","https:\/\/www.flickr.com\/photos\/euneighbours-south\/"]}]}},"_links":{"self":[{"href":"https:\/\/www.eumedbridge.eu\/fr\/wp-json\/wp\/v2\/news\/157943","targetHints":{"allow":["GET"]}}],"collection":[{"href":"https:\/\/www.eumedbridge.eu\/fr\/wp-json\/wp\/v2\/news"}],"about":[{"href":"https:\/\/www.eumedbridge.eu\/fr\/wp-json\/wp\/v2\/types\/news"}],"wp:featuredmedia":[{"embeddable":true,"href":"https:\/\/www.eumedbridge.eu\/fr\/wp-json\/wp\/v2\/media\/112086"}],"wp:attachment":[{"href":"https:\/\/www.eumedbridge.eu\/fr\/wp-json\/wp\/v2\/media?parent=157943"}],"wp:term":[{"taxonomy":"news_category","embeddable":true,"href":"https:\/\/www.eumedbridge.eu\/fr\/wp-json\/wp\/v2\/news_category?post=157943"},{"taxonomy":"country","embeddable":true,"href":"https:\/\/www.eumedbridge.eu\/fr\/wp-json\/wp\/v2\/country?post=157943"},{"taxonomy":"special_action","embeddable":true,"href":"https:\/\/www.eumedbridge.eu\/fr\/wp-json\/wp\/v2\/special_action?post=157943"},{"taxonomy":"custom_tag","embeddable":true,"href":"https:\/\/www.eumedbridge.eu\/fr\/wp-json\/wp\/v2\/custom_tag?post=157943"}],"curies":[{"name":"wp","href":"https:\/\/api.w.org\/{rel}","templated":true}]}}