{"id":157966,"date":"2022-03-03T00:00:00","date_gmt":"2022-03-02T22:00:00","guid":{"rendered":"http:\/\/south.euneighbours.eu\/news\/ukraine-russie-declaration-du-hr-josep-borrell-sur-ladoption-de-la-resolution-de-lassemblee-generale-des-nations-unies-sur-lagression-contre-lukraine\/"},"modified":"2022-07-08T15:53:08","modified_gmt":"2022-07-08T12:53:08","slug":"ukrainerussie-declaration-du-hr-josep-borrell-sur-ladoption-de-la-resolution","status":"publish","type":"news","link":"https:\/\/www.eumedbridge.eu\/fr\/news\/ukrainerussie-declaration-du-hr-josep-borrell-sur-ladoption-de-la-resolution\/","title":{"rendered":"Ukraine\/Russie\u00a0: d\u00e9claration du HR Josep Borrell sur l\u2019adoption de la r\u00e9solution de l\u2019Assembl\u00e9e g\u00e9n\u00e9rale des Nations Unies sur l\u2019agression contre l\u2019Ukraine"},"content":{"rendered":"<p>L\u2019Assembl\u00e9e g\u00e9n\u00e9rale des Nations Unies a adopt\u00e9 une r\u00e9solution sur \u00ab\u00a0l\u2019agression contre l\u2019Ukraine\u00a0\u00bb, \u00e0 une majorit\u00e9 \u00e9crasante de 141\u00a0voix pour, 5\u00a0contre (et 35\u00a0abstentions). La d\u00e9cision est sans appel. Le monde a condamn\u00e9 avec force les attaques ill\u00e9gales et non provoqu\u00e9es men\u00e9es contre un \u00c9tat souverain.<\/p>\n<p>Il s\u2019agit d\u2019un moment historique. Les Nations Unies ont fait front commun pour se prononcer en faveur du respect des valeurs et des principes inscrits dans la Charte des Nations Unies. Elles ont condamn\u00e9 avec la plus grande fermet\u00e9 l\u2019agression de la F\u00e9d\u00e9ration de Russie, ainsi que l\u2019implication de la Bi\u00e9lorussie, et ont exig\u00e9 que ces pays cessent de recourir \u00e0 la force contre l\u2019Ukraine et retirent toutes leurs forces militaires de l\u2019ensemble du territoire ukrainien\u00a0\u2013 imm\u00e9diatement, int\u00e9gralement et sans condition. L\u2019Union europ\u00e9enne et ses \u00c9tats membres ont \u0153uvr\u00e9 main dans la main avec l\u2019Ukraine et ses partenaires pour \u00e9laborer la r\u00e9solution.<\/p>\n<p>Nous remercions tous les pays qui lui ont apport\u00e9 leur soutien et avec lesquels nous sommes solidaires pour d\u00e9fendre le syst\u00e8me international fond\u00e9 sur des r\u00e8gles. Nous devons continuer \u00e0 \u0153uvrer en faveur de la paix et de la s\u00e9curit\u00e9 internationales, en prot\u00e9geant tous les \u00c9tats, grands et petits, en soutenant l\u2019Ukraine et en \u00e9paulant ses institutions et ses repr\u00e9sentants d\u00e9mocratiques.<\/p>\n","protected":false},"featured_media":79533,"parent":0,"template":"","news_category":[],"country":[1956],"special_action":[],"custom_tag":[2313,2821],"class_list":["post-157966","news","type-news","status-publish","has-post-thumbnail","hentry","country-region-sud","custom_tag-droit-de-lhomme","custom_tag-migration-fr"],"acf":[],"yoast_head":"<!-- This site is optimized with the Yoast SEO plugin v26.5 - https:\/\/yoast.com\/wordpress\/plugins\/seo\/ -->\n<title>Ukraine\/Russie\u00a0: d\u00e9claration du HR Josep Borrell sur l\u2019adoption de la r\u00e9solution de l\u2019Assembl\u00e9e g\u00e9n\u00e9rale des Nations Unies sur l\u2019agression contre l\u2019Ukraine - Voisins de l&#039;UE<\/title>\n<meta name=\"robots\" content=\"index, follow, max-snippet:-1, max-image-preview:large, max-video-preview:-1\" \/>\n<link rel=\"canonical\" href=\"https:\/\/www.eumedbridge.eu\/fr\/news\/ukrainerussie-declaration-du-hr-josep-borrell-sur-ladoption-de-la-resolution\/\" \/>\n<meta property=\"og:locale\" content=\"fr_FR\" \/>\n<meta property=\"og:type\" content=\"article\" \/>\n<meta property=\"og:title\" content=\"Ukraine\/Russie\u00a0: d\u00e9claration du HR Josep Borrell sur l\u2019adoption de la r\u00e9solution de l\u2019Assembl\u00e9e g\u00e9n\u00e9rale des Nations Unies sur l\u2019agression contre l\u2019Ukraine - Voisins de l&#039;UE\" \/>\n<meta property=\"og:description\" content=\"L\u2019Assembl\u00e9e g\u00e9n\u00e9rale des Nations Unies a adopt\u00e9 une r\u00e9solution sur \u00ab\u00a0l\u2019agression contre l\u2019Ukraine\u00a0\u00bb, \u00e0 une majorit\u00e9 \u00e9crasante de 141\u00a0voix pour, 5\u00a0contre (et 35\u00a0abstentions). La d\u00e9cision est sans appel. Le monde a condamn\u00e9 avec force les attaques ill\u00e9gales et non provoqu\u00e9es men\u00e9es contre un \u00c9tat souverain. Il s\u2019agit d\u2019un moment historique. Les Nations Unies ont fait [&hellip;]\" \/>\n<meta property=\"og:url\" content=\"https:\/\/www.eumedbridge.eu\/fr\/news\/ukrainerussie-declaration-du-hr-josep-borrell-sur-ladoption-de-la-resolution\/\" \/>\n<meta property=\"og:site_name\" content=\"Voisins de l&#039;UE\" \/>\n<meta property=\"article:publisher\" content=\"https:\/\/www.facebook.com\/eumedbridge\/\" \/>\n<meta property=\"article:modified_time\" content=\"2022-07-08T12:53:08+00:00\" \/>\n<meta property=\"og:image\" content=\"https:\/\/www.eumedbridge.eu\/wp-content\/uploads\/2022\/03\/eu-7.jpg\" \/>\n\t<meta property=\"og:image:width\" content=\"1680\" \/>\n\t<meta property=\"og:image:height\" content=\"750\" \/>\n\t<meta property=\"og:image:type\" content=\"image\/jpeg\" \/>\n<meta name=\"twitter:card\" content=\"summary_large_image\" \/>\n<meta name=\"twitter:site\" content=\"@eumedbridge\" \/>\n<meta name=\"twitter:label1\" content=\"Dur\u00e9e de lecture estim\u00e9e\" \/>\n\t<meta name=\"twitter:data1\" content=\"1 minute\" \/>\n<script type=\"application\/ld+json\" class=\"yoast-schema-graph\">{\"@context\":\"https:\/\/schema.org\",\"@graph\":[{\"@type\":\"WebPage\",\"@id\":\"https:\/\/www.eumedbridge.eu\/fr\/news\/ukrainerussie-declaration-du-hr-josep-borrell-sur-ladoption-de-la-resolution\/\",\"url\":\"https:\/\/www.eumedbridge.eu\/fr\/news\/ukrainerussie-declaration-du-hr-josep-borrell-sur-ladoption-de-la-resolution\/\",\"name\":\"Ukraine\/Russie\u00a0: d\u00e9claration du HR Josep Borrell sur l\u2019adoption de la r\u00e9solution de l\u2019Assembl\u00e9e g\u00e9n\u00e9rale des Nations Unies sur l\u2019agression contre l\u2019Ukraine - Voisins de l'UE\",\"isPartOf\":{\"@id\":\"https:\/\/www.eumedbridge.eu\/#website\"},\"primaryImageOfPage\":{\"@id\":\"https:\/\/www.eumedbridge.eu\/fr\/news\/ukrainerussie-declaration-du-hr-josep-borrell-sur-ladoption-de-la-resolution\/#primaryimage\"},\"image\":{\"@id\":\"https:\/\/www.eumedbridge.eu\/fr\/news\/ukrainerussie-declaration-du-hr-josep-borrell-sur-ladoption-de-la-resolution\/#primaryimage\"},\"thumbnailUrl\":\"https:\/\/www.eumedbridge.eu\/wp-content\/uploads\/2022\/03\/eu-7.jpg\",\"datePublished\":\"2022-03-02T22:00:00+00:00\",\"dateModified\":\"2022-07-08T12:53:08+00:00\",\"breadcrumb\":{\"@id\":\"https:\/\/www.eumedbridge.eu\/fr\/news\/ukrainerussie-declaration-du-hr-josep-borrell-sur-ladoption-de-la-resolution\/#breadcrumb\"},\"inLanguage\":\"fr-FR\",\"potentialAction\":[{\"@type\":\"ReadAction\",\"target\":[\"https:\/\/www.eumedbridge.eu\/fr\/news\/ukrainerussie-declaration-du-hr-josep-borrell-sur-ladoption-de-la-resolution\/\"]}]},{\"@type\":\"ImageObject\",\"inLanguage\":\"fr-FR\",\"@id\":\"https:\/\/www.eumedbridge.eu\/fr\/news\/ukrainerussie-declaration-du-hr-josep-borrell-sur-ladoption-de-la-resolution\/#primaryimage\",\"url\":\"https:\/\/www.eumedbridge.eu\/wp-content\/uploads\/2022\/03\/eu-7.jpg\",\"contentUrl\":\"https:\/\/www.eumedbridge.eu\/wp-content\/uploads\/2022\/03\/eu-7.jpg\",\"width\":1680,\"height\":750},{\"@type\":\"BreadcrumbList\",\"@id\":\"https:\/\/www.eumedbridge.eu\/fr\/news\/ukrainerussie-declaration-du-hr-josep-borrell-sur-ladoption-de-la-resolution\/#breadcrumb\",\"itemListElement\":[{\"@type\":\"ListItem\",\"position\":1,\"name\":\"Home\",\"item\":\"https:\/\/www.eumedbridge.eu\/fr\/home-page\/\"},{\"@type\":\"ListItem\",\"position\":2,\"name\":\"Actualit\u00e9s\",\"item\":\"https:\/\/www.eumedbridge.eu\/fr\/news\/\"},{\"@type\":\"ListItem\",\"position\":3,\"name\":\"Ukraine\/Russie\u00a0: d\u00e9claration du HR Josep Borrell sur l\u2019adoption de la r\u00e9solution de l\u2019Assembl\u00e9e g\u00e9n\u00e9rale des Nations Unies sur l\u2019agression contre l\u2019Ukraine\"}]},{\"@type\":\"WebSite\",\"@id\":\"https:\/\/www.eumedbridge.eu\/#website\",\"url\":\"https:\/\/www.eumedbridge.eu\/\",\"name\":\"EU Medbridge\",\"description\":\"\",\"publisher\":{\"@id\":\"https:\/\/www.eumedbridge.eu\/#organization\"},\"potentialAction\":[{\"@type\":\"SearchAction\",\"target\":{\"@type\":\"EntryPoint\",\"urlTemplate\":\"https:\/\/www.eumedbridge.eu\/?s={search_term_string}\"},\"query-input\":{\"@type\":\"PropertyValueSpecification\",\"valueRequired\":true,\"valueName\":\"search_term_string\"}}],\"inLanguage\":\"fr-FR\"},{\"@type\":\"Organization\",\"@id\":\"https:\/\/www.eumedbridge.eu\/#organization\",\"name\":\"EU Medbridge\",\"url\":\"https:\/\/www.eumedbridge.eu\/\",\"logo\":{\"@type\":\"ImageObject\",\"inLanguage\":\"fr-FR\",\"@id\":\"https:\/\/www.eumedbridge.eu\/#\/schema\/logo\/image\/\",\"url\":\"https:\/\/www.eumedbridge.eu\/wp-content\/uploads\/2021\/12\/Logo.png\",\"contentUrl\":\"https:\/\/www.eumedbridge.eu\/wp-content\/uploads\/2021\/12\/Logo.png\",\"width\":325,\"height\":114,\"caption\":\"EU Medbridge\"},\"image\":{\"@id\":\"https:\/\/www.eumedbridge.eu\/#\/schema\/logo\/image\/\"},\"sameAs\":[\"https:\/\/www.facebook.com\/eumedbridge\/\",\"https:\/\/x.com\/eumedbridge\",\"https:\/\/www.linkedin.com\/company\/eumedbridge\",\"https:\/\/www.youtube.com\/@eumedbridge\",\"https:\/\/www.instagram.com\/eumedbridge\",\"https:\/\/www.flickr.com\/photos\/euneighbours-south\/\"]}]}<\/script>\n<!-- \/ Yoast SEO plugin. -->","yoast_head_json":{"title":"Ukraine\/Russie\u00a0: d\u00e9claration du HR Josep Borrell sur l\u2019adoption de la r\u00e9solution de l\u2019Assembl\u00e9e g\u00e9n\u00e9rale des Nations Unies sur l\u2019agression contre l\u2019Ukraine - Voisins de l'UE","robots":{"index":"index","follow":"follow","max-snippet":"max-snippet:-1","max-image-preview":"max-image-preview:large","max-video-preview":"max-video-preview:-1"},"canonical":"https:\/\/www.eumedbridge.eu\/fr\/news\/ukrainerussie-declaration-du-hr-josep-borrell-sur-ladoption-de-la-resolution\/","og_locale":"fr_FR","og_type":"article","og_title":"Ukraine\/Russie\u00a0: d\u00e9claration du HR Josep Borrell sur l\u2019adoption de la r\u00e9solution de l\u2019Assembl\u00e9e g\u00e9n\u00e9rale des Nations Unies sur l\u2019agression contre l\u2019Ukraine - Voisins de l'UE","og_description":"L\u2019Assembl\u00e9e g\u00e9n\u00e9rale des Nations Unies a adopt\u00e9 une r\u00e9solution sur \u00ab\u00a0l\u2019agression contre l\u2019Ukraine\u00a0\u00bb, \u00e0 une majorit\u00e9 \u00e9crasante de 141\u00a0voix pour, 5\u00a0contre (et 35\u00a0abstentions). La d\u00e9cision est sans appel. Le monde a condamn\u00e9 avec force les attaques ill\u00e9gales et non provoqu\u00e9es men\u00e9es contre un \u00c9tat souverain. Il s\u2019agit d\u2019un moment historique. Les Nations Unies ont fait [&hellip;]","og_url":"https:\/\/www.eumedbridge.eu\/fr\/news\/ukrainerussie-declaration-du-hr-josep-borrell-sur-ladoption-de-la-resolution\/","og_site_name":"Voisins de l'UE","article_publisher":"https:\/\/www.facebook.com\/eumedbridge\/","article_modified_time":"2022-07-08T12:53:08+00:00","og_image":[{"width":1680,"height":750,"url":"https:\/\/www.eumedbridge.eu\/wp-content\/uploads\/2022\/03\/eu-7.jpg","type":"image\/jpeg"}],"twitter_card":"summary_large_image","twitter_site":"@eumedbridge","twitter_misc":{"Dur\u00e9e de lecture estim\u00e9e":"1 minute"},"schema":{"@context":"https:\/\/schema.org","@graph":[{"@type":"WebPage","@id":"https:\/\/www.eumedbridge.eu\/fr\/news\/ukrainerussie-declaration-du-hr-josep-borrell-sur-ladoption-de-la-resolution\/","url":"https:\/\/www.eumedbridge.eu\/fr\/news\/ukrainerussie-declaration-du-hr-josep-borrell-sur-ladoption-de-la-resolution\/","name":"Ukraine\/Russie\u00a0: d\u00e9claration du HR Josep Borrell sur l\u2019adoption de la r\u00e9solution de l\u2019Assembl\u00e9e g\u00e9n\u00e9rale des Nations Unies sur l\u2019agression contre l\u2019Ukraine - Voisins de l'UE","isPartOf":{"@id":"https:\/\/www.eumedbridge.eu\/#website"},"primaryImageOfPage":{"@id":"https:\/\/www.eumedbridge.eu\/fr\/news\/ukrainerussie-declaration-du-hr-josep-borrell-sur-ladoption-de-la-resolution\/#primaryimage"},"image":{"@id":"https:\/\/www.eumedbridge.eu\/fr\/news\/ukrainerussie-declaration-du-hr-josep-borrell-sur-ladoption-de-la-resolution\/#primaryimage"},"thumbnailUrl":"https:\/\/www.eumedbridge.eu\/wp-content\/uploads\/2022\/03\/eu-7.jpg","datePublished":"2022-03-02T22:00:00+00:00","dateModified":"2022-07-08T12:53:08+00:00","breadcrumb":{"@id":"https:\/\/www.eumedbridge.eu\/fr\/news\/ukrainerussie-declaration-du-hr-josep-borrell-sur-ladoption-de-la-resolution\/#breadcrumb"},"inLanguage":"fr-FR","potentialAction":[{"@type":"ReadAction","target":["https:\/\/www.eumedbridge.eu\/fr\/news\/ukrainerussie-declaration-du-hr-josep-borrell-sur-ladoption-de-la-resolution\/"]}]},{"@type":"ImageObject","inLanguage":"fr-FR","@id":"https:\/\/www.eumedbridge.eu\/fr\/news\/ukrainerussie-declaration-du-hr-josep-borrell-sur-ladoption-de-la-resolution\/#primaryimage","url":"https:\/\/www.eumedbridge.eu\/wp-content\/uploads\/2022\/03\/eu-7.jpg","contentUrl":"https:\/\/www.eumedbridge.eu\/wp-content\/uploads\/2022\/03\/eu-7.jpg","width":1680,"height":750},{"@type":"BreadcrumbList","@id":"https:\/\/www.eumedbridge.eu\/fr\/news\/ukrainerussie-declaration-du-hr-josep-borrell-sur-ladoption-de-la-resolution\/#breadcrumb","itemListElement":[{"@type":"ListItem","position":1,"name":"Home","item":"https:\/\/www.eumedbridge.eu\/fr\/home-page\/"},{"@type":"ListItem","position":2,"name":"Actualit\u00e9s","item":"https:\/\/www.eumedbridge.eu\/fr\/news\/"},{"@type":"ListItem","position":3,"name":"Ukraine\/Russie\u00a0: d\u00e9claration du HR Josep Borrell sur l\u2019adoption de la r\u00e9solution de l\u2019Assembl\u00e9e g\u00e9n\u00e9rale des Nations Unies sur l\u2019agression contre l\u2019Ukraine"}]},{"@type":"WebSite","@id":"https:\/\/www.eumedbridge.eu\/#website","url":"https:\/\/www.eumedbridge.eu\/","name":"EU Medbridge","description":"","publisher":{"@id":"https:\/\/www.eumedbridge.eu\/#organization"},"potentialAction":[{"@type":"SearchAction","target":{"@type":"EntryPoint","urlTemplate":"https:\/\/www.eumedbridge.eu\/?s={search_term_string}"},"query-input":{"@type":"PropertyValueSpecification","valueRequired":true,"valueName":"search_term_string"}}],"inLanguage":"fr-FR"},{"@type":"Organization","@id":"https:\/\/www.eumedbridge.eu\/#organization","name":"EU Medbridge","url":"https:\/\/www.eumedbridge.eu\/","logo":{"@type":"ImageObject","inLanguage":"fr-FR","@id":"https:\/\/www.eumedbridge.eu\/#\/schema\/logo\/image\/","url":"https:\/\/www.eumedbridge.eu\/wp-content\/uploads\/2021\/12\/Logo.png","contentUrl":"https:\/\/www.eumedbridge.eu\/wp-content\/uploads\/2021\/12\/Logo.png","width":325,"height":114,"caption":"EU Medbridge"},"image":{"@id":"https:\/\/www.eumedbridge.eu\/#\/schema\/logo\/image\/"},"sameAs":["https:\/\/www.facebook.com\/eumedbridge\/","https:\/\/x.com\/eumedbridge","https:\/\/www.linkedin.com\/company\/eumedbridge","https:\/\/www.youtube.com\/@eumedbridge","https:\/\/www.instagram.com\/eumedbridge","https:\/\/www.flickr.com\/photos\/euneighbours-south\/"]}]}},"_links":{"self":[{"href":"https:\/\/www.eumedbridge.eu\/fr\/wp-json\/wp\/v2\/news\/157966","targetHints":{"allow":["GET"]}}],"collection":[{"href":"https:\/\/www.eumedbridge.eu\/fr\/wp-json\/wp\/v2\/news"}],"about":[{"href":"https:\/\/www.eumedbridge.eu\/fr\/wp-json\/wp\/v2\/types\/news"}],"wp:featuredmedia":[{"embeddable":true,"href":"https:\/\/www.eumedbridge.eu\/fr\/wp-json\/wp\/v2\/media\/79533"}],"wp:attachment":[{"href":"https:\/\/www.eumedbridge.eu\/fr\/wp-json\/wp\/v2\/media?parent=157966"}],"wp:term":[{"taxonomy":"news_category","embeddable":true,"href":"https:\/\/www.eumedbridge.eu\/fr\/wp-json\/wp\/v2\/news_category?post=157966"},{"taxonomy":"country","embeddable":true,"href":"https:\/\/www.eumedbridge.eu\/fr\/wp-json\/wp\/v2\/country?post=157966"},{"taxonomy":"special_action","embeddable":true,"href":"https:\/\/www.eumedbridge.eu\/fr\/wp-json\/wp\/v2\/special_action?post=157966"},{"taxonomy":"custom_tag","embeddable":true,"href":"https:\/\/www.eumedbridge.eu\/fr\/wp-json\/wp\/v2\/custom_tag?post=157966"}],"curies":[{"name":"wp","href":"https:\/\/api.w.org\/{rel}","templated":true}]}}