{"id":157997,"date":"2022-02-23T00:00:00","date_gmt":"2022-02-22T22:00:00","guid":{"rendered":"http:\/\/south.euneighbours.eu\/news\/evenement-conjoint-de-la-kas-et-de-busimessmed-integration-regionale-sud-sud-une-voie-a-suivre-pour-une-reprise-economique-durable-apres-la-pandemie-de-covid-19\/"},"modified":"2022-07-08T15:54:18","modified_gmt":"2022-07-08T12:54:18","slug":"evenement-conjoint-de-la-kas-et-de-busimessmed-integration-regionale-sud-sud","status":"publish","type":"news","link":"https:\/\/www.eumedbridge.eu\/fr\/news\/evenement-conjoint-de-la-kas-et-de-busimessmed-integration-regionale-sud-sud\/","title":{"rendered":"\u00c9v\u00e9nement conjoint de la KAS et de BUSIMESSMED\u00a0: \u00ab\u00a0Int\u00e9gration r\u00e9gionale Sud-Sud\u00a0: une voie \u00e0 suivre pour une reprise \u00e9conomique durable apr\u00e8s la pand\u00e9mie de COVID-19\u00a0\u00bb"},"content":{"rendered":"<p>Dans le cadre des efforts entrepris pour lier le sauvetage (mesures d\u2019urgence) \u00e0 la reprise \u00e9conomique durable dans la r\u00e9gion, le Programme r\u00e9gional de dialogue politique en M\u00e9diterran\u00e9e du Sud\u00a0(PolDiMed) de la Fondation Konrad Adenauer (KAS) et l\u2019Union m\u00e9diterran\u00e9enne des conf\u00e9d\u00e9rations d\u2019entreprises (BUSINESSMED) ont uni leurs forces en organisant une conf\u00e9rence r\u00e9gionale visant \u00e0\u00a0:<\/p>\n<ul>\n<li>Examiner le contexte de l\u2019int\u00e9gration \u00e9conomique Sud-Sud d\u2019un point de vue juridique, universitaire, professionnel et gouvernemental<\/li>\n<li>Donner un aper\u00e7u de l\u2019\u00e9tat actuel des connaissances, des d\u00e9fis et des enseignements tir\u00e9s des m\u00e9canismes de coop\u00e9ration \u00e9conomique existants<\/li>\n<li>Mettre en exergue les perspectives de la coop\u00e9ration Sud-Sud apr\u00e8s la pand\u00e9mie de COVID-19<\/li>\n<li>Partager des t\u00e9moignages\/r\u00e9ussites (par exemple, entrepreneurs op\u00e9rant dans le Sud et ayant r\u00e9ussi)<\/li>\n<\/ul>\n<p>BUSINESSMED\u00a0(Union m\u00e9diterran\u00e9enne des conf\u00e9d\u00e9rations d\u2019entreprises) est une plateforme privil\u00e9gi\u00e9e de coop\u00e9ration multilat\u00e9rale au profit des conf\u00e9d\u00e9rations membres, vecteur de la promotion de l\u2019investissement direct \u00e9tranger \u00e0 l\u2019international, levier pour la promotion du dialogue et de l\u2019int\u00e9gration socio-\u00e9conomique en M\u00e9diterran\u00e9e.<\/p>\n<p><strong>Pour plus d&rsquo;informations<\/strong><\/p>\n<p><a href=\"https:\/\/www.businessmed-umce.org\/en\/content\/agenda\/joint-event-kas-businessmed-south-south-regional-integration-way-forward-sustainable\">Communiqu\u00e9 de presse<\/a><\/p>\n<p>\u00a0<\/p>\n","protected":false},"featured_media":79173,"parent":0,"template":"","news_category":[],"country":[1956],"special_action":[],"custom_tag":[2312,2315],"class_list":["post-157997","news","type-news","status-publish","has-post-thumbnail","hentry","country-region-sud","custom_tag-developpement-durable","custom_tag-emploi-et-entrpreuneuriat"],"acf":[],"yoast_head":"<!-- This site is optimized with the Yoast SEO plugin v26.5 - https:\/\/yoast.com\/wordpress\/plugins\/seo\/ -->\n<title>\u00c9v\u00e9nement conjoint de la KAS et de BUSIMESSMED\u00a0: \u00ab\u00a0Int\u00e9gration r\u00e9gionale Sud-Sud\u00a0: une voie \u00e0 suivre pour une reprise \u00e9conomique durable apr\u00e8s la pand\u00e9mie de COVID-19\u00a0\u00bb - Voisins de l&#039;UE<\/title>\n<meta name=\"robots\" content=\"index, follow, max-snippet:-1, max-image-preview:large, max-video-preview:-1\" \/>\n<link rel=\"canonical\" href=\"https:\/\/www.eumedbridge.eu\/fr\/news\/evenement-conjoint-de-la-kas-et-de-busimessmed-integration-regionale-sud-sud\/\" \/>\n<meta property=\"og:locale\" content=\"fr_FR\" \/>\n<meta property=\"og:type\" content=\"article\" \/>\n<meta property=\"og:title\" content=\"\u00c9v\u00e9nement conjoint de la KAS et de BUSIMESSMED\u00a0: \u00ab\u00a0Int\u00e9gration r\u00e9gionale Sud-Sud\u00a0: une voie \u00e0 suivre pour une reprise \u00e9conomique durable apr\u00e8s la pand\u00e9mie de COVID-19\u00a0\u00bb - Voisins de l&#039;UE\" \/>\n<meta property=\"og:description\" content=\"Dans le cadre des efforts entrepris pour lier le sauvetage (mesures d\u2019urgence) \u00e0 la reprise \u00e9conomique durable dans la r\u00e9gion, le Programme r\u00e9gional de dialogue politique en M\u00e9diterran\u00e9e du Sud\u00a0(PolDiMed) de la Fondation Konrad Adenauer (KAS) et l\u2019Union m\u00e9diterran\u00e9enne des conf\u00e9d\u00e9rations d\u2019entreprises (BUSINESSMED) ont uni leurs forces en organisant une conf\u00e9rence r\u00e9gionale visant \u00e0\u00a0: Examiner [&hellip;]\" \/>\n<meta property=\"og:url\" content=\"https:\/\/www.eumedbridge.eu\/fr\/news\/evenement-conjoint-de-la-kas-et-de-busimessmed-integration-regionale-sud-sud\/\" \/>\n<meta property=\"og:site_name\" content=\"Voisins de l&#039;UE\" \/>\n<meta property=\"article:publisher\" content=\"https:\/\/www.facebook.com\/eumedbridge\/\" \/>\n<meta property=\"article:modified_time\" content=\"2022-07-08T12:54:18+00:00\" \/>\n<meta property=\"og:image\" content=\"https:\/\/www.eumedbridge.eu\/wp-content\/uploads\/2022\/03\/Save-the-date-1.png\" \/>\n\t<meta property=\"og:image:width\" content=\"568\" \/>\n\t<meta property=\"og:image:height\" content=\"370\" \/>\n\t<meta property=\"og:image:type\" content=\"image\/png\" \/>\n<meta name=\"twitter:card\" content=\"summary_large_image\" \/>\n<meta name=\"twitter:site\" content=\"@eumedbridge\" \/>\n<meta name=\"twitter:label1\" content=\"Dur\u00e9e de lecture estim\u00e9e\" \/>\n\t<meta name=\"twitter:data1\" content=\"1 minute\" \/>\n<script type=\"application\/ld+json\" class=\"yoast-schema-graph\">{\"@context\":\"https:\/\/schema.org\",\"@graph\":[{\"@type\":\"WebPage\",\"@id\":\"https:\/\/www.eumedbridge.eu\/fr\/news\/evenement-conjoint-de-la-kas-et-de-busimessmed-integration-regionale-sud-sud\/\",\"url\":\"https:\/\/www.eumedbridge.eu\/fr\/news\/evenement-conjoint-de-la-kas-et-de-busimessmed-integration-regionale-sud-sud\/\",\"name\":\"\u00c9v\u00e9nement conjoint de la KAS et de BUSIMESSMED\u00a0: \u00ab\u00a0Int\u00e9gration r\u00e9gionale Sud-Sud\u00a0: une voie \u00e0 suivre pour une reprise \u00e9conomique durable apr\u00e8s la pand\u00e9mie de COVID-19\u00a0\u00bb - Voisins de l'UE\",\"isPartOf\":{\"@id\":\"https:\/\/www.eumedbridge.eu\/#website\"},\"primaryImageOfPage\":{\"@id\":\"https:\/\/www.eumedbridge.eu\/fr\/news\/evenement-conjoint-de-la-kas-et-de-busimessmed-integration-regionale-sud-sud\/#primaryimage\"},\"image\":{\"@id\":\"https:\/\/www.eumedbridge.eu\/fr\/news\/evenement-conjoint-de-la-kas-et-de-busimessmed-integration-regionale-sud-sud\/#primaryimage\"},\"thumbnailUrl\":\"https:\/\/www.eumedbridge.eu\/wp-content\/uploads\/2022\/03\/Save-the-date-1.png\",\"datePublished\":\"2022-02-22T22:00:00+00:00\",\"dateModified\":\"2022-07-08T12:54:18+00:00\",\"breadcrumb\":{\"@id\":\"https:\/\/www.eumedbridge.eu\/fr\/news\/evenement-conjoint-de-la-kas-et-de-busimessmed-integration-regionale-sud-sud\/#breadcrumb\"},\"inLanguage\":\"fr-FR\",\"potentialAction\":[{\"@type\":\"ReadAction\",\"target\":[\"https:\/\/www.eumedbridge.eu\/fr\/news\/evenement-conjoint-de-la-kas-et-de-busimessmed-integration-regionale-sud-sud\/\"]}]},{\"@type\":\"ImageObject\",\"inLanguage\":\"fr-FR\",\"@id\":\"https:\/\/www.eumedbridge.eu\/fr\/news\/evenement-conjoint-de-la-kas-et-de-busimessmed-integration-regionale-sud-sud\/#primaryimage\",\"url\":\"https:\/\/www.eumedbridge.eu\/wp-content\/uploads\/2022\/03\/Save-the-date-1.png\",\"contentUrl\":\"https:\/\/www.eumedbridge.eu\/wp-content\/uploads\/2022\/03\/Save-the-date-1.png\",\"width\":568,\"height\":370},{\"@type\":\"BreadcrumbList\",\"@id\":\"https:\/\/www.eumedbridge.eu\/fr\/news\/evenement-conjoint-de-la-kas-et-de-busimessmed-integration-regionale-sud-sud\/#breadcrumb\",\"itemListElement\":[{\"@type\":\"ListItem\",\"position\":1,\"name\":\"Home\",\"item\":\"https:\/\/www.eumedbridge.eu\/fr\/home-page\/\"},{\"@type\":\"ListItem\",\"position\":2,\"name\":\"Actualit\u00e9s\",\"item\":\"https:\/\/www.eumedbridge.eu\/fr\/news\/\"},{\"@type\":\"ListItem\",\"position\":3,\"name\":\"\u00c9v\u00e9nement conjoint de la KAS et de BUSIMESSMED\u00a0: \u00ab\u00a0Int\u00e9gration r\u00e9gionale Sud-Sud\u00a0: une voie \u00e0 suivre pour une reprise \u00e9conomique durable apr\u00e8s la pand\u00e9mie de COVID-19\u00a0\u00bb\"}]},{\"@type\":\"WebSite\",\"@id\":\"https:\/\/www.eumedbridge.eu\/#website\",\"url\":\"https:\/\/www.eumedbridge.eu\/\",\"name\":\"EU Medbridge\",\"description\":\"\",\"publisher\":{\"@id\":\"https:\/\/www.eumedbridge.eu\/#organization\"},\"potentialAction\":[{\"@type\":\"SearchAction\",\"target\":{\"@type\":\"EntryPoint\",\"urlTemplate\":\"https:\/\/www.eumedbridge.eu\/?s={search_term_string}\"},\"query-input\":{\"@type\":\"PropertyValueSpecification\",\"valueRequired\":true,\"valueName\":\"search_term_string\"}}],\"inLanguage\":\"fr-FR\"},{\"@type\":\"Organization\",\"@id\":\"https:\/\/www.eumedbridge.eu\/#organization\",\"name\":\"EU Medbridge\",\"url\":\"https:\/\/www.eumedbridge.eu\/\",\"logo\":{\"@type\":\"ImageObject\",\"inLanguage\":\"fr-FR\",\"@id\":\"https:\/\/www.eumedbridge.eu\/#\/schema\/logo\/image\/\",\"url\":\"https:\/\/www.eumedbridge.eu\/wp-content\/uploads\/2021\/12\/Logo.png\",\"contentUrl\":\"https:\/\/www.eumedbridge.eu\/wp-content\/uploads\/2021\/12\/Logo.png\",\"width\":325,\"height\":114,\"caption\":\"EU Medbridge\"},\"image\":{\"@id\":\"https:\/\/www.eumedbridge.eu\/#\/schema\/logo\/image\/\"},\"sameAs\":[\"https:\/\/www.facebook.com\/eumedbridge\/\",\"https:\/\/x.com\/eumedbridge\",\"https:\/\/www.linkedin.com\/company\/eumedbridge\",\"https:\/\/www.youtube.com\/@eumedbridge\",\"https:\/\/www.instagram.com\/eumedbridge\",\"https:\/\/www.flickr.com\/photos\/euneighbours-south\/\"]}]}<\/script>\n<!-- \/ Yoast SEO plugin. -->","yoast_head_json":{"title":"\u00c9v\u00e9nement conjoint de la KAS et de BUSIMESSMED\u00a0: \u00ab\u00a0Int\u00e9gration r\u00e9gionale Sud-Sud\u00a0: une voie \u00e0 suivre pour une reprise \u00e9conomique durable apr\u00e8s la pand\u00e9mie de COVID-19\u00a0\u00bb - Voisins de l'UE","robots":{"index":"index","follow":"follow","max-snippet":"max-snippet:-1","max-image-preview":"max-image-preview:large","max-video-preview":"max-video-preview:-1"},"canonical":"https:\/\/www.eumedbridge.eu\/fr\/news\/evenement-conjoint-de-la-kas-et-de-busimessmed-integration-regionale-sud-sud\/","og_locale":"fr_FR","og_type":"article","og_title":"\u00c9v\u00e9nement conjoint de la KAS et de BUSIMESSMED\u00a0: \u00ab\u00a0Int\u00e9gration r\u00e9gionale Sud-Sud\u00a0: une voie \u00e0 suivre pour une reprise \u00e9conomique durable apr\u00e8s la pand\u00e9mie de COVID-19\u00a0\u00bb - Voisins de l'UE","og_description":"Dans le cadre des efforts entrepris pour lier le sauvetage (mesures d\u2019urgence) \u00e0 la reprise \u00e9conomique durable dans la r\u00e9gion, le Programme r\u00e9gional de dialogue politique en M\u00e9diterran\u00e9e du Sud\u00a0(PolDiMed) de la Fondation Konrad Adenauer (KAS) et l\u2019Union m\u00e9diterran\u00e9enne des conf\u00e9d\u00e9rations d\u2019entreprises (BUSINESSMED) ont uni leurs forces en organisant une conf\u00e9rence r\u00e9gionale visant \u00e0\u00a0: Examiner [&hellip;]","og_url":"https:\/\/www.eumedbridge.eu\/fr\/news\/evenement-conjoint-de-la-kas-et-de-busimessmed-integration-regionale-sud-sud\/","og_site_name":"Voisins de l'UE","article_publisher":"https:\/\/www.facebook.com\/eumedbridge\/","article_modified_time":"2022-07-08T12:54:18+00:00","og_image":[{"width":568,"height":370,"url":"https:\/\/www.eumedbridge.eu\/wp-content\/uploads\/2022\/03\/Save-the-date-1.png","type":"image\/png"}],"twitter_card":"summary_large_image","twitter_site":"@eumedbridge","twitter_misc":{"Dur\u00e9e de lecture estim\u00e9e":"1 minute"},"schema":{"@context":"https:\/\/schema.org","@graph":[{"@type":"WebPage","@id":"https:\/\/www.eumedbridge.eu\/fr\/news\/evenement-conjoint-de-la-kas-et-de-busimessmed-integration-regionale-sud-sud\/","url":"https:\/\/www.eumedbridge.eu\/fr\/news\/evenement-conjoint-de-la-kas-et-de-busimessmed-integration-regionale-sud-sud\/","name":"\u00c9v\u00e9nement conjoint de la KAS et de BUSIMESSMED\u00a0: \u00ab\u00a0Int\u00e9gration r\u00e9gionale Sud-Sud\u00a0: une voie \u00e0 suivre pour une reprise \u00e9conomique durable apr\u00e8s la pand\u00e9mie de COVID-19\u00a0\u00bb - Voisins de l'UE","isPartOf":{"@id":"https:\/\/www.eumedbridge.eu\/#website"},"primaryImageOfPage":{"@id":"https:\/\/www.eumedbridge.eu\/fr\/news\/evenement-conjoint-de-la-kas-et-de-busimessmed-integration-regionale-sud-sud\/#primaryimage"},"image":{"@id":"https:\/\/www.eumedbridge.eu\/fr\/news\/evenement-conjoint-de-la-kas-et-de-busimessmed-integration-regionale-sud-sud\/#primaryimage"},"thumbnailUrl":"https:\/\/www.eumedbridge.eu\/wp-content\/uploads\/2022\/03\/Save-the-date-1.png","datePublished":"2022-02-22T22:00:00+00:00","dateModified":"2022-07-08T12:54:18+00:00","breadcrumb":{"@id":"https:\/\/www.eumedbridge.eu\/fr\/news\/evenement-conjoint-de-la-kas-et-de-busimessmed-integration-regionale-sud-sud\/#breadcrumb"},"inLanguage":"fr-FR","potentialAction":[{"@type":"ReadAction","target":["https:\/\/www.eumedbridge.eu\/fr\/news\/evenement-conjoint-de-la-kas-et-de-busimessmed-integration-regionale-sud-sud\/"]}]},{"@type":"ImageObject","inLanguage":"fr-FR","@id":"https:\/\/www.eumedbridge.eu\/fr\/news\/evenement-conjoint-de-la-kas-et-de-busimessmed-integration-regionale-sud-sud\/#primaryimage","url":"https:\/\/www.eumedbridge.eu\/wp-content\/uploads\/2022\/03\/Save-the-date-1.png","contentUrl":"https:\/\/www.eumedbridge.eu\/wp-content\/uploads\/2022\/03\/Save-the-date-1.png","width":568,"height":370},{"@type":"BreadcrumbList","@id":"https:\/\/www.eumedbridge.eu\/fr\/news\/evenement-conjoint-de-la-kas-et-de-busimessmed-integration-regionale-sud-sud\/#breadcrumb","itemListElement":[{"@type":"ListItem","position":1,"name":"Home","item":"https:\/\/www.eumedbridge.eu\/fr\/home-page\/"},{"@type":"ListItem","position":2,"name":"Actualit\u00e9s","item":"https:\/\/www.eumedbridge.eu\/fr\/news\/"},{"@type":"ListItem","position":3,"name":"\u00c9v\u00e9nement conjoint de la KAS et de BUSIMESSMED\u00a0: \u00ab\u00a0Int\u00e9gration r\u00e9gionale Sud-Sud\u00a0: une voie \u00e0 suivre pour une reprise \u00e9conomique durable apr\u00e8s la pand\u00e9mie de COVID-19\u00a0\u00bb"}]},{"@type":"WebSite","@id":"https:\/\/www.eumedbridge.eu\/#website","url":"https:\/\/www.eumedbridge.eu\/","name":"EU Medbridge","description":"","publisher":{"@id":"https:\/\/www.eumedbridge.eu\/#organization"},"potentialAction":[{"@type":"SearchAction","target":{"@type":"EntryPoint","urlTemplate":"https:\/\/www.eumedbridge.eu\/?s={search_term_string}"},"query-input":{"@type":"PropertyValueSpecification","valueRequired":true,"valueName":"search_term_string"}}],"inLanguage":"fr-FR"},{"@type":"Organization","@id":"https:\/\/www.eumedbridge.eu\/#organization","name":"EU Medbridge","url":"https:\/\/www.eumedbridge.eu\/","logo":{"@type":"ImageObject","inLanguage":"fr-FR","@id":"https:\/\/www.eumedbridge.eu\/#\/schema\/logo\/image\/","url":"https:\/\/www.eumedbridge.eu\/wp-content\/uploads\/2021\/12\/Logo.png","contentUrl":"https:\/\/www.eumedbridge.eu\/wp-content\/uploads\/2021\/12\/Logo.png","width":325,"height":114,"caption":"EU Medbridge"},"image":{"@id":"https:\/\/www.eumedbridge.eu\/#\/schema\/logo\/image\/"},"sameAs":["https:\/\/www.facebook.com\/eumedbridge\/","https:\/\/x.com\/eumedbridge","https:\/\/www.linkedin.com\/company\/eumedbridge","https:\/\/www.youtube.com\/@eumedbridge","https:\/\/www.instagram.com\/eumedbridge","https:\/\/www.flickr.com\/photos\/euneighbours-south\/"]}]}},"_links":{"self":[{"href":"https:\/\/www.eumedbridge.eu\/fr\/wp-json\/wp\/v2\/news\/157997","targetHints":{"allow":["GET"]}}],"collection":[{"href":"https:\/\/www.eumedbridge.eu\/fr\/wp-json\/wp\/v2\/news"}],"about":[{"href":"https:\/\/www.eumedbridge.eu\/fr\/wp-json\/wp\/v2\/types\/news"}],"wp:featuredmedia":[{"embeddable":true,"href":"https:\/\/www.eumedbridge.eu\/fr\/wp-json\/wp\/v2\/media\/79173"}],"wp:attachment":[{"href":"https:\/\/www.eumedbridge.eu\/fr\/wp-json\/wp\/v2\/media?parent=157997"}],"wp:term":[{"taxonomy":"news_category","embeddable":true,"href":"https:\/\/www.eumedbridge.eu\/fr\/wp-json\/wp\/v2\/news_category?post=157997"},{"taxonomy":"country","embeddable":true,"href":"https:\/\/www.eumedbridge.eu\/fr\/wp-json\/wp\/v2\/country?post=157997"},{"taxonomy":"special_action","embeddable":true,"href":"https:\/\/www.eumedbridge.eu\/fr\/wp-json\/wp\/v2\/special_action?post=157997"},{"taxonomy":"custom_tag","embeddable":true,"href":"https:\/\/www.eumedbridge.eu\/fr\/wp-json\/wp\/v2\/custom_tag?post=157997"}],"curies":[{"name":"wp","href":"https:\/\/api.w.org\/{rel}","templated":true}]}}