{"id":158022,"date":"2022-02-17T00:00:00","date_gmt":"2022-02-16T22:00:00","guid":{"rendered":"http:\/\/south.euneighbours.eu\/news\/coup-denvoi-du-sommet-union-europeenne%e2%80%91union-africaine\/"},"modified":"2022-07-08T15:55:15","modified_gmt":"2022-07-08T12:55:15","slug":"coup-denvoi-du-sommet-union-europeenne-union-africaine","status":"publish","type":"news","link":"https:\/\/www.eumedbridge.eu\/fr\/news\/coup-denvoi-du-sommet-union-europeenne-union-africaine\/","title":{"rendered":"Coup d&rsquo;envoi du Sommet Union europ\u00e9enne\u2011Union africaine"},"content":{"rendered":"<p>Les dirigeants de l&rsquo;<strong>UE<\/strong> et de l&rsquo;<strong>UA<\/strong>, ainsi que ceux de leurs \u00c9tats\u00a0membres respectifs, se r\u00e9uniront \u00e0 l&rsquo;occasion du\u00a0sixi\u00e8me <strong>sommet Union\u00a0europ\u00e9enne\u2011Union\u00a0africaine<\/strong>, qui se tiendra \u00e0 Bruxelles les 17 et 18\u00a0f\u00e9vrier\u00a02022.<\/p>\n<p>Le sommet constituera une occasion unique de jeter les bases d&rsquo;un\u00a0partenariat\u00a0renouvel\u00e9 et approfondi\u00a0entre l&rsquo;UA et l&rsquo;UE\u00a0b\u00e9n\u00e9ficiant d&rsquo;un engagement politique au plus haut niveau fond\u00e9 sur la confiance et une compr\u00e9hension claire de nos int\u00e9r\u00eats mutuels. Les dirigeants devraient d\u00e9battre de la mani\u00e8re dont les deux continents peuvent\u00a0renforcer la prosp\u00e9rit\u00e9.<\/p>\n<p>L&rsquo;objectif est de lancer un ambitieux\u00a0paquet d&rsquo;investissements Afrique\u2011Europe\u00a0en tenant compte des d\u00e9fis mondiaux tels que le changement climatique et la crise sanitaire actuelle. Ils devraient \u00e9galement discuter des outils et solutions permettant de promouvoir la\u00a0stabilit\u00e9 et la s\u00e9curit\u00e9\u00a0gr\u00e2ce \u00e0 une architecture renouvel\u00e9e pour la paix et la s\u00e9curit\u00e9.<\/p>\n<p>Les chefs d&rsquo;\u00c9tat ou de gouvernement de l&rsquo;UE et de l&rsquo;UA participeront aux tables rondes avec un groupe d&rsquo;invit\u00e9s s\u00e9lectionn\u00e9s qui sont des experts dans leurs domaines respectifs.<\/p>\n<p>Une d\u00e9claration conjointe sur une\u00a0<strong>vision commune pour 2030<\/strong>\u00a0devrait \u00eatre adopt\u00e9e par les participants.<\/p>\n<p><strong>Pour plus d&rsquo;informations<\/strong><\/p>\n<p><a href=\"https:\/\/www.consilium.europa.eu\/fr\/meetings\/international-summit\/2022\/02\/17-18\/\">Communiqu\u00e9 de presse<\/a><\/p>\n<p><a href=\"https:\/\/www.consilium.europa.eu\/fr\/policies\/eu-africa\/\">Relations UE-Afrique (informations g\u00e9n\u00e9rales)<\/a><\/p>\n<p>\u00a0<\/p>\n","protected":false},"featured_media":78973,"parent":0,"template":"","news_category":[],"country":[1956],"special_action":[],"custom_tag":[2312,2315,1884,2821,1890],"class_list":["post-158022","news","type-news","status-publish","has-post-thumbnail","hentry","country-region-sud","custom_tag-developpement-durable","custom_tag-emploi-et-entrpreuneuriat","custom_tag-environnement-et-changement-climatique","custom_tag-migration-fr","custom_tag-sante"],"acf":[],"yoast_head":"<!-- This site is optimized with the Yoast SEO plugin v26.5 - https:\/\/yoast.com\/wordpress\/plugins\/seo\/ -->\n<title>Coup d&#039;envoi du Sommet Union europ\u00e9enne\u2011Union africaine - Voisins de l&#039;UE<\/title>\n<meta name=\"robots\" content=\"index, follow, max-snippet:-1, max-image-preview:large, max-video-preview:-1\" \/>\n<link rel=\"canonical\" href=\"https:\/\/www.eumedbridge.eu\/fr\/news\/coup-denvoi-du-sommet-union-europeenne-union-africaine\/\" \/>\n<meta property=\"og:locale\" content=\"fr_FR\" \/>\n<meta property=\"og:type\" content=\"article\" \/>\n<meta property=\"og:title\" content=\"Coup d&#039;envoi du Sommet Union europ\u00e9enne\u2011Union africaine - Voisins de l&#039;UE\" \/>\n<meta property=\"og:description\" content=\"Les dirigeants de l&rsquo;UE et de l&rsquo;UA, ainsi que ceux de leurs \u00c9tats\u00a0membres respectifs, se r\u00e9uniront \u00e0 l&rsquo;occasion du\u00a0sixi\u00e8me sommet Union\u00a0europ\u00e9enne\u2011Union\u00a0africaine, qui se tiendra \u00e0 Bruxelles les 17 et 18\u00a0f\u00e9vrier\u00a02022. Le sommet constituera une occasion unique de jeter les bases d&rsquo;un\u00a0partenariat\u00a0renouvel\u00e9 et approfondi\u00a0entre l&rsquo;UA et l&rsquo;UE\u00a0b\u00e9n\u00e9ficiant d&rsquo;un engagement politique au plus haut niveau fond\u00e9 sur [&hellip;]\" \/>\n<meta property=\"og:url\" content=\"https:\/\/www.eumedbridge.eu\/fr\/news\/coup-denvoi-du-sommet-union-europeenne-union-africaine\/\" \/>\n<meta property=\"og:site_name\" content=\"Voisins de l&#039;UE\" \/>\n<meta property=\"article:publisher\" content=\"https:\/\/www.facebook.com\/eumedbridge\/\" \/>\n<meta property=\"article:modified_time\" content=\"2022-07-08T12:55:15+00:00\" \/>\n<meta property=\"og:image\" content=\"https:\/\/www.eumedbridge.eu\/wp-content\/uploads\/2022\/03\/weekafrica-eu-web_banner-1200x800px_0.png\" \/>\n\t<meta property=\"og:image:width\" content=\"360\" \/>\n\t<meta property=\"og:image:height\" content=\"240\" \/>\n\t<meta property=\"og:image:type\" content=\"image\/png\" \/>\n<meta name=\"twitter:card\" content=\"summary_large_image\" \/>\n<meta name=\"twitter:site\" content=\"@eumedbridge\" \/>\n<meta name=\"twitter:label1\" content=\"Dur\u00e9e de lecture estim\u00e9e\" \/>\n\t<meta name=\"twitter:data1\" content=\"1 minute\" \/>\n<script type=\"application\/ld+json\" class=\"yoast-schema-graph\">{\"@context\":\"https:\/\/schema.org\",\"@graph\":[{\"@type\":\"WebPage\",\"@id\":\"https:\/\/www.eumedbridge.eu\/fr\/news\/coup-denvoi-du-sommet-union-europeenne-union-africaine\/\",\"url\":\"https:\/\/www.eumedbridge.eu\/fr\/news\/coup-denvoi-du-sommet-union-europeenne-union-africaine\/\",\"name\":\"Coup d'envoi du Sommet Union europ\u00e9enne\u2011Union africaine - Voisins de l'UE\",\"isPartOf\":{\"@id\":\"https:\/\/www.eumedbridge.eu\/#website\"},\"primaryImageOfPage\":{\"@id\":\"https:\/\/www.eumedbridge.eu\/fr\/news\/coup-denvoi-du-sommet-union-europeenne-union-africaine\/#primaryimage\"},\"image\":{\"@id\":\"https:\/\/www.eumedbridge.eu\/fr\/news\/coup-denvoi-du-sommet-union-europeenne-union-africaine\/#primaryimage\"},\"thumbnailUrl\":\"https:\/\/www.eumedbridge.eu\/wp-content\/uploads\/2022\/03\/weekafrica-eu-web_banner-1200x800px_0.png\",\"datePublished\":\"2022-02-16T22:00:00+00:00\",\"dateModified\":\"2022-07-08T12:55:15+00:00\",\"breadcrumb\":{\"@id\":\"https:\/\/www.eumedbridge.eu\/fr\/news\/coup-denvoi-du-sommet-union-europeenne-union-africaine\/#breadcrumb\"},\"inLanguage\":\"fr-FR\",\"potentialAction\":[{\"@type\":\"ReadAction\",\"target\":[\"https:\/\/www.eumedbridge.eu\/fr\/news\/coup-denvoi-du-sommet-union-europeenne-union-africaine\/\"]}]},{\"@type\":\"ImageObject\",\"inLanguage\":\"fr-FR\",\"@id\":\"https:\/\/www.eumedbridge.eu\/fr\/news\/coup-denvoi-du-sommet-union-europeenne-union-africaine\/#primaryimage\",\"url\":\"https:\/\/www.eumedbridge.eu\/wp-content\/uploads\/2022\/03\/weekafrica-eu-web_banner-1200x800px_0.png\",\"contentUrl\":\"https:\/\/www.eumedbridge.eu\/wp-content\/uploads\/2022\/03\/weekafrica-eu-web_banner-1200x800px_0.png\",\"width\":360,\"height\":240},{\"@type\":\"BreadcrumbList\",\"@id\":\"https:\/\/www.eumedbridge.eu\/fr\/news\/coup-denvoi-du-sommet-union-europeenne-union-africaine\/#breadcrumb\",\"itemListElement\":[{\"@type\":\"ListItem\",\"position\":1,\"name\":\"Home\",\"item\":\"https:\/\/www.eumedbridge.eu\/fr\/home-page\/\"},{\"@type\":\"ListItem\",\"position\":2,\"name\":\"Actualit\u00e9s\",\"item\":\"https:\/\/www.eumedbridge.eu\/fr\/news\/\"},{\"@type\":\"ListItem\",\"position\":3,\"name\":\"Coup d&rsquo;envoi du Sommet Union europ\u00e9enne\u2011Union africaine\"}]},{\"@type\":\"WebSite\",\"@id\":\"https:\/\/www.eumedbridge.eu\/#website\",\"url\":\"https:\/\/www.eumedbridge.eu\/\",\"name\":\"EU Medbridge\",\"description\":\"\",\"publisher\":{\"@id\":\"https:\/\/www.eumedbridge.eu\/#organization\"},\"potentialAction\":[{\"@type\":\"SearchAction\",\"target\":{\"@type\":\"EntryPoint\",\"urlTemplate\":\"https:\/\/www.eumedbridge.eu\/?s={search_term_string}\"},\"query-input\":{\"@type\":\"PropertyValueSpecification\",\"valueRequired\":true,\"valueName\":\"search_term_string\"}}],\"inLanguage\":\"fr-FR\"},{\"@type\":\"Organization\",\"@id\":\"https:\/\/www.eumedbridge.eu\/#organization\",\"name\":\"EU Medbridge\",\"url\":\"https:\/\/www.eumedbridge.eu\/\",\"logo\":{\"@type\":\"ImageObject\",\"inLanguage\":\"fr-FR\",\"@id\":\"https:\/\/www.eumedbridge.eu\/#\/schema\/logo\/image\/\",\"url\":\"https:\/\/www.eumedbridge.eu\/wp-content\/uploads\/2021\/12\/Logo.png\",\"contentUrl\":\"https:\/\/www.eumedbridge.eu\/wp-content\/uploads\/2021\/12\/Logo.png\",\"width\":325,\"height\":114,\"caption\":\"EU Medbridge\"},\"image\":{\"@id\":\"https:\/\/www.eumedbridge.eu\/#\/schema\/logo\/image\/\"},\"sameAs\":[\"https:\/\/www.facebook.com\/eumedbridge\/\",\"https:\/\/x.com\/eumedbridge\",\"https:\/\/www.linkedin.com\/company\/eumedbridge\",\"https:\/\/www.youtube.com\/@eumedbridge\",\"https:\/\/www.instagram.com\/eumedbridge\",\"https:\/\/www.flickr.com\/photos\/euneighbours-south\/\"]}]}<\/script>\n<!-- \/ Yoast SEO plugin. -->","yoast_head_json":{"title":"Coup d'envoi du Sommet Union europ\u00e9enne\u2011Union africaine - Voisins de l'UE","robots":{"index":"index","follow":"follow","max-snippet":"max-snippet:-1","max-image-preview":"max-image-preview:large","max-video-preview":"max-video-preview:-1"},"canonical":"https:\/\/www.eumedbridge.eu\/fr\/news\/coup-denvoi-du-sommet-union-europeenne-union-africaine\/","og_locale":"fr_FR","og_type":"article","og_title":"Coup d'envoi du Sommet Union europ\u00e9enne\u2011Union africaine - Voisins de l'UE","og_description":"Les dirigeants de l&rsquo;UE et de l&rsquo;UA, ainsi que ceux de leurs \u00c9tats\u00a0membres respectifs, se r\u00e9uniront \u00e0 l&rsquo;occasion du\u00a0sixi\u00e8me sommet Union\u00a0europ\u00e9enne\u2011Union\u00a0africaine, qui se tiendra \u00e0 Bruxelles les 17 et 18\u00a0f\u00e9vrier\u00a02022. Le sommet constituera une occasion unique de jeter les bases d&rsquo;un\u00a0partenariat\u00a0renouvel\u00e9 et approfondi\u00a0entre l&rsquo;UA et l&rsquo;UE\u00a0b\u00e9n\u00e9ficiant d&rsquo;un engagement politique au plus haut niveau fond\u00e9 sur [&hellip;]","og_url":"https:\/\/www.eumedbridge.eu\/fr\/news\/coup-denvoi-du-sommet-union-europeenne-union-africaine\/","og_site_name":"Voisins de l'UE","article_publisher":"https:\/\/www.facebook.com\/eumedbridge\/","article_modified_time":"2022-07-08T12:55:15+00:00","og_image":[{"width":360,"height":240,"url":"https:\/\/www.eumedbridge.eu\/wp-content\/uploads\/2022\/03\/weekafrica-eu-web_banner-1200x800px_0.png","type":"image\/png"}],"twitter_card":"summary_large_image","twitter_site":"@eumedbridge","twitter_misc":{"Dur\u00e9e de lecture estim\u00e9e":"1 minute"},"schema":{"@context":"https:\/\/schema.org","@graph":[{"@type":"WebPage","@id":"https:\/\/www.eumedbridge.eu\/fr\/news\/coup-denvoi-du-sommet-union-europeenne-union-africaine\/","url":"https:\/\/www.eumedbridge.eu\/fr\/news\/coup-denvoi-du-sommet-union-europeenne-union-africaine\/","name":"Coup d'envoi du Sommet Union europ\u00e9enne\u2011Union africaine - Voisins de l'UE","isPartOf":{"@id":"https:\/\/www.eumedbridge.eu\/#website"},"primaryImageOfPage":{"@id":"https:\/\/www.eumedbridge.eu\/fr\/news\/coup-denvoi-du-sommet-union-europeenne-union-africaine\/#primaryimage"},"image":{"@id":"https:\/\/www.eumedbridge.eu\/fr\/news\/coup-denvoi-du-sommet-union-europeenne-union-africaine\/#primaryimage"},"thumbnailUrl":"https:\/\/www.eumedbridge.eu\/wp-content\/uploads\/2022\/03\/weekafrica-eu-web_banner-1200x800px_0.png","datePublished":"2022-02-16T22:00:00+00:00","dateModified":"2022-07-08T12:55:15+00:00","breadcrumb":{"@id":"https:\/\/www.eumedbridge.eu\/fr\/news\/coup-denvoi-du-sommet-union-europeenne-union-africaine\/#breadcrumb"},"inLanguage":"fr-FR","potentialAction":[{"@type":"ReadAction","target":["https:\/\/www.eumedbridge.eu\/fr\/news\/coup-denvoi-du-sommet-union-europeenne-union-africaine\/"]}]},{"@type":"ImageObject","inLanguage":"fr-FR","@id":"https:\/\/www.eumedbridge.eu\/fr\/news\/coup-denvoi-du-sommet-union-europeenne-union-africaine\/#primaryimage","url":"https:\/\/www.eumedbridge.eu\/wp-content\/uploads\/2022\/03\/weekafrica-eu-web_banner-1200x800px_0.png","contentUrl":"https:\/\/www.eumedbridge.eu\/wp-content\/uploads\/2022\/03\/weekafrica-eu-web_banner-1200x800px_0.png","width":360,"height":240},{"@type":"BreadcrumbList","@id":"https:\/\/www.eumedbridge.eu\/fr\/news\/coup-denvoi-du-sommet-union-europeenne-union-africaine\/#breadcrumb","itemListElement":[{"@type":"ListItem","position":1,"name":"Home","item":"https:\/\/www.eumedbridge.eu\/fr\/home-page\/"},{"@type":"ListItem","position":2,"name":"Actualit\u00e9s","item":"https:\/\/www.eumedbridge.eu\/fr\/news\/"},{"@type":"ListItem","position":3,"name":"Coup d&rsquo;envoi du Sommet Union europ\u00e9enne\u2011Union africaine"}]},{"@type":"WebSite","@id":"https:\/\/www.eumedbridge.eu\/#website","url":"https:\/\/www.eumedbridge.eu\/","name":"EU Medbridge","description":"","publisher":{"@id":"https:\/\/www.eumedbridge.eu\/#organization"},"potentialAction":[{"@type":"SearchAction","target":{"@type":"EntryPoint","urlTemplate":"https:\/\/www.eumedbridge.eu\/?s={search_term_string}"},"query-input":{"@type":"PropertyValueSpecification","valueRequired":true,"valueName":"search_term_string"}}],"inLanguage":"fr-FR"},{"@type":"Organization","@id":"https:\/\/www.eumedbridge.eu\/#organization","name":"EU Medbridge","url":"https:\/\/www.eumedbridge.eu\/","logo":{"@type":"ImageObject","inLanguage":"fr-FR","@id":"https:\/\/www.eumedbridge.eu\/#\/schema\/logo\/image\/","url":"https:\/\/www.eumedbridge.eu\/wp-content\/uploads\/2021\/12\/Logo.png","contentUrl":"https:\/\/www.eumedbridge.eu\/wp-content\/uploads\/2021\/12\/Logo.png","width":325,"height":114,"caption":"EU Medbridge"},"image":{"@id":"https:\/\/www.eumedbridge.eu\/#\/schema\/logo\/image\/"},"sameAs":["https:\/\/www.facebook.com\/eumedbridge\/","https:\/\/x.com\/eumedbridge","https:\/\/www.linkedin.com\/company\/eumedbridge","https:\/\/www.youtube.com\/@eumedbridge","https:\/\/www.instagram.com\/eumedbridge","https:\/\/www.flickr.com\/photos\/euneighbours-south\/"]}]}},"_links":{"self":[{"href":"https:\/\/www.eumedbridge.eu\/fr\/wp-json\/wp\/v2\/news\/158022","targetHints":{"allow":["GET"]}}],"collection":[{"href":"https:\/\/www.eumedbridge.eu\/fr\/wp-json\/wp\/v2\/news"}],"about":[{"href":"https:\/\/www.eumedbridge.eu\/fr\/wp-json\/wp\/v2\/types\/news"}],"wp:featuredmedia":[{"embeddable":true,"href":"https:\/\/www.eumedbridge.eu\/fr\/wp-json\/wp\/v2\/media\/78973"}],"wp:attachment":[{"href":"https:\/\/www.eumedbridge.eu\/fr\/wp-json\/wp\/v2\/media?parent=158022"}],"wp:term":[{"taxonomy":"news_category","embeddable":true,"href":"https:\/\/www.eumedbridge.eu\/fr\/wp-json\/wp\/v2\/news_category?post=158022"},{"taxonomy":"country","embeddable":true,"href":"https:\/\/www.eumedbridge.eu\/fr\/wp-json\/wp\/v2\/country?post=158022"},{"taxonomy":"special_action","embeddable":true,"href":"https:\/\/www.eumedbridge.eu\/fr\/wp-json\/wp\/v2\/special_action?post=158022"},{"taxonomy":"custom_tag","embeddable":true,"href":"https:\/\/www.eumedbridge.eu\/fr\/wp-json\/wp\/v2\/custom_tag?post=158022"}],"curies":[{"name":"wp","href":"https:\/\/api.w.org\/{rel}","templated":true}]}}