{"id":158056,"date":"2022-02-07T00:00:00","date_gmt":"2022-02-06T22:00:00","guid":{"rendered":"http:\/\/south.euneighbours.eu\/news\/declaration-conjointe-journee-internationale-de-la-tolerance-zero-a-legard-des-mutilations-genitales-feminines\/"},"modified":"2022-07-08T15:56:34","modified_gmt":"2022-07-08T12:56:34","slug":"declaration-conjointe-journee-internationale-de-la-tolerance-zero-legard-des","status":"publish","type":"news","link":"https:\/\/www.eumedbridge.eu\/fr\/news\/declaration-conjointe-journee-internationale-de-la-tolerance-zero-legard-des\/","title":{"rendered":"D\u00e9claration conjointe &#8211; Journ\u00e9e internationale de la tol\u00e9rance z\u00e9ro \u00e0 l&rsquo;\u00e9gard des mutilations g\u00e9nitales f\u00e9minines"},"content":{"rendered":"<p>A l&rsquo;occasion de\u00a0la <strong>Journ\u00e9e internationale de la tol\u00e9rance z\u00e9ro \u00e0 l&rsquo;\u00e9gard des mutilations g\u00e9nitales f\u00e9minines<\/strong>, le 6\u00a0f\u00e9vrier\u00a02022, M.\u00a0Josep\u00a0Borrell Fontelles, haut repr\u00e9sentant de l&rsquo;Union pour les affaires \u00e9trang\u00e8res et la politique de s\u00e9curit\u00e9\/vice-pr\u00e9sident de la Commission, Mme\u00a0V\u0115ra\u00a0Jourov\u00e1, vice-pr\u00e9sidente charg\u00e9e des valeurs et de la transparence, Mme\u00a0Dubravka\u00a0\u0160uica, vice-pr\u00e9sidente charg\u00e9e de la d\u00e9mocratie et de la d\u00e9mographie, Mme\u00a0Helena\u00a0Dalli, commissaire \u00e0 l&rsquo;\u00e9galit\u00e9, et Mme\u00a0Jutta\u00a0Urpilainen, commissaire aux partenariats internationaux, ont r\u00e9affirm\u00e9 conjointement la d\u00e9termination sans faille de l&rsquo;Union europ\u00e9enne \u00e0 \u00e9radiquer les mutilations g\u00e9nitales f\u00e9minines dans le monde et ont fait la d\u00e9claration suivante:<\/p>\n<p><em>\u00ab\u00a0Les mutilations g\u00e9nitales f\u00e9minines (MGF) constituent un crime et une violation des droits fondamentaux des femmes. Nous devons y mettre un terme.<\/em><\/p>\n<p><em>Rien ne justifie ces pratiques horribles, qui ont des cons\u00e9quences tr\u00e8s graves sur la sant\u00e9 physique et mentale des femmes et des filles, et peuvent notamment entra\u00eener des infections, une infertilit\u00e9 et des douleurs chroniques.\u00a0<\/em><em>Ces pratiques mettent en danger la vie et le bien-\u00eatre de milliers de femmes et de filles et, dans certains cas, elles peuvent m\u00eame conduire \u00e0 leur mort.<\/em><\/p>\n<p><em>Alors que de nombreuses communaut\u00e9s ont abandonn\u00e9 les MGF et que les normes culturelles \u00e9voluent, ce qui a entra\u00een\u00e9 une diminution des mutilations, la pand\u00e9mie de COVID-19 a ralenti les progr\u00e8s accomplis sur la voie de leur \u00e9radication.\u00a0<\/em><em>En p\u00e9riode de confinement, il est plus important que jamais de pr\u00e9server l&rsquo;acc\u00e8s aux services de pr\u00e9vention, de protection et de soins.<\/em><\/p>\n<p><em>Mettre fin \u00e0 toutes les formes de violence fond\u00e9e sur le genre, y compris les MGF, est au c\u0153ur des politiques de l&rsquo;UE en mati\u00e8re d&rsquo;\u00e9galit\u00e9.\u00a0\u00bb<\/em><\/p>\n<p><strong>Pour plus d&rsquo;informations<\/strong><\/p>\n<p><a href=\"https:\/\/ec.europa.eu\/commission\/presscorner\/detail\/fr\/statement_22_727\">D\u00e9claration compl\u00e8te<\/a><\/p>\n<p>\u00a0<\/p>\n","protected":false},"featured_media":78593,"parent":0,"template":"","news_category":[],"country":[1956],"special_action":[],"custom_tag":[2312,2314,1890],"class_list":["post-158056","news","type-news","status-publish","has-post-thumbnail","hentry","country-region-sud","custom_tag-developpement-durable","custom_tag-genre","custom_tag-sante"],"acf":[],"yoast_head":"<!-- This site is optimized with the Yoast SEO plugin v26.5 - https:\/\/yoast.com\/wordpress\/plugins\/seo\/ -->\n<title>D\u00e9claration conjointe - Journ\u00e9e internationale de la tol\u00e9rance z\u00e9ro \u00e0 l&#039;\u00e9gard des mutilations g\u00e9nitales f\u00e9minines - Voisins de l&#039;UE<\/title>\n<meta name=\"robots\" content=\"index, follow, max-snippet:-1, max-image-preview:large, max-video-preview:-1\" \/>\n<link rel=\"canonical\" href=\"https:\/\/www.eumedbridge.eu\/fr\/news\/declaration-conjointe-journee-internationale-de-la-tolerance-zero-legard-des\/\" \/>\n<meta property=\"og:locale\" content=\"fr_FR\" \/>\n<meta property=\"og:type\" content=\"article\" \/>\n<meta property=\"og:title\" content=\"D\u00e9claration conjointe - Journ\u00e9e internationale de la tol\u00e9rance z\u00e9ro \u00e0 l&#039;\u00e9gard des mutilations g\u00e9nitales f\u00e9minines - Voisins de l&#039;UE\" \/>\n<meta property=\"og:description\" content=\"A l&rsquo;occasion de\u00a0la Journ\u00e9e internationale de la tol\u00e9rance z\u00e9ro \u00e0 l&rsquo;\u00e9gard des mutilations g\u00e9nitales f\u00e9minines, le 6\u00a0f\u00e9vrier\u00a02022, M.\u00a0Josep\u00a0Borrell Fontelles, haut repr\u00e9sentant de l&rsquo;Union pour les affaires \u00e9trang\u00e8res et la politique de s\u00e9curit\u00e9\/vice-pr\u00e9sident de la Commission, Mme\u00a0V\u0115ra\u00a0Jourov\u00e1, vice-pr\u00e9sidente charg\u00e9e des valeurs et de la transparence, Mme\u00a0Dubravka\u00a0\u0160uica, vice-pr\u00e9sidente charg\u00e9e de la d\u00e9mocratie et de la d\u00e9mographie, Mme\u00a0Helena\u00a0Dalli, [&hellip;]\" \/>\n<meta property=\"og:url\" content=\"https:\/\/www.eumedbridge.eu\/fr\/news\/declaration-conjointe-journee-internationale-de-la-tolerance-zero-legard-des\/\" \/>\n<meta property=\"og:site_name\" content=\"Voisins de l&#039;UE\" \/>\n<meta property=\"article:publisher\" content=\"https:\/\/www.facebook.com\/eumedbridge\/\" \/>\n<meta property=\"article:modified_time\" content=\"2022-07-08T12:56:34+00:00\" \/>\n<meta property=\"og:image\" content=\"https:\/\/www.eumedbridge.eu\/wp-content\/uploads\/2022\/03\/ec-3.png\" \/>\n\t<meta property=\"og:image:width\" content=\"810\" \/>\n\t<meta property=\"og:image:height\" content=\"450\" \/>\n\t<meta property=\"og:image:type\" content=\"image\/png\" \/>\n<meta name=\"twitter:card\" content=\"summary_large_image\" \/>\n<meta name=\"twitter:site\" content=\"@eumedbridge\" \/>\n<meta name=\"twitter:label1\" content=\"Dur\u00e9e de lecture estim\u00e9e\" \/>\n\t<meta name=\"twitter:data1\" content=\"2 minutes\" \/>\n<script type=\"application\/ld+json\" class=\"yoast-schema-graph\">{\"@context\":\"https:\/\/schema.org\",\"@graph\":[{\"@type\":\"WebPage\",\"@id\":\"https:\/\/www.eumedbridge.eu\/fr\/news\/declaration-conjointe-journee-internationale-de-la-tolerance-zero-legard-des\/\",\"url\":\"https:\/\/www.eumedbridge.eu\/fr\/news\/declaration-conjointe-journee-internationale-de-la-tolerance-zero-legard-des\/\",\"name\":\"D\u00e9claration conjointe - Journ\u00e9e internationale de la tol\u00e9rance z\u00e9ro \u00e0 l'\u00e9gard des mutilations g\u00e9nitales f\u00e9minines - Voisins de l'UE\",\"isPartOf\":{\"@id\":\"https:\/\/www.eumedbridge.eu\/#website\"},\"primaryImageOfPage\":{\"@id\":\"https:\/\/www.eumedbridge.eu\/fr\/news\/declaration-conjointe-journee-internationale-de-la-tolerance-zero-legard-des\/#primaryimage\"},\"image\":{\"@id\":\"https:\/\/www.eumedbridge.eu\/fr\/news\/declaration-conjointe-journee-internationale-de-la-tolerance-zero-legard-des\/#primaryimage\"},\"thumbnailUrl\":\"https:\/\/www.eumedbridge.eu\/wp-content\/uploads\/2022\/03\/ec-3.png\",\"datePublished\":\"2022-02-06T22:00:00+00:00\",\"dateModified\":\"2022-07-08T12:56:34+00:00\",\"breadcrumb\":{\"@id\":\"https:\/\/www.eumedbridge.eu\/fr\/news\/declaration-conjointe-journee-internationale-de-la-tolerance-zero-legard-des\/#breadcrumb\"},\"inLanguage\":\"fr-FR\",\"potentialAction\":[{\"@type\":\"ReadAction\",\"target\":[\"https:\/\/www.eumedbridge.eu\/fr\/news\/declaration-conjointe-journee-internationale-de-la-tolerance-zero-legard-des\/\"]}]},{\"@type\":\"ImageObject\",\"inLanguage\":\"fr-FR\",\"@id\":\"https:\/\/www.eumedbridge.eu\/fr\/news\/declaration-conjointe-journee-internationale-de-la-tolerance-zero-legard-des\/#primaryimage\",\"url\":\"https:\/\/www.eumedbridge.eu\/wp-content\/uploads\/2022\/03\/ec-3.png\",\"contentUrl\":\"https:\/\/www.eumedbridge.eu\/wp-content\/uploads\/2022\/03\/ec-3.png\",\"width\":810,\"height\":450},{\"@type\":\"BreadcrumbList\",\"@id\":\"https:\/\/www.eumedbridge.eu\/fr\/news\/declaration-conjointe-journee-internationale-de-la-tolerance-zero-legard-des\/#breadcrumb\",\"itemListElement\":[{\"@type\":\"ListItem\",\"position\":1,\"name\":\"Home\",\"item\":\"https:\/\/www.eumedbridge.eu\/fr\/home-page\/\"},{\"@type\":\"ListItem\",\"position\":2,\"name\":\"Actualit\u00e9s\",\"item\":\"https:\/\/www.eumedbridge.eu\/fr\/news\/\"},{\"@type\":\"ListItem\",\"position\":3,\"name\":\"D\u00e9claration conjointe &#8211; Journ\u00e9e internationale de la tol\u00e9rance z\u00e9ro \u00e0 l&rsquo;\u00e9gard des mutilations g\u00e9nitales f\u00e9minines\"}]},{\"@type\":\"WebSite\",\"@id\":\"https:\/\/www.eumedbridge.eu\/#website\",\"url\":\"https:\/\/www.eumedbridge.eu\/\",\"name\":\"EU Medbridge\",\"description\":\"\",\"publisher\":{\"@id\":\"https:\/\/www.eumedbridge.eu\/#organization\"},\"potentialAction\":[{\"@type\":\"SearchAction\",\"target\":{\"@type\":\"EntryPoint\",\"urlTemplate\":\"https:\/\/www.eumedbridge.eu\/?s={search_term_string}\"},\"query-input\":{\"@type\":\"PropertyValueSpecification\",\"valueRequired\":true,\"valueName\":\"search_term_string\"}}],\"inLanguage\":\"fr-FR\"},{\"@type\":\"Organization\",\"@id\":\"https:\/\/www.eumedbridge.eu\/#organization\",\"name\":\"EU Medbridge\",\"url\":\"https:\/\/www.eumedbridge.eu\/\",\"logo\":{\"@type\":\"ImageObject\",\"inLanguage\":\"fr-FR\",\"@id\":\"https:\/\/www.eumedbridge.eu\/#\/schema\/logo\/image\/\",\"url\":\"https:\/\/www.eumedbridge.eu\/wp-content\/uploads\/2021\/12\/Logo.png\",\"contentUrl\":\"https:\/\/www.eumedbridge.eu\/wp-content\/uploads\/2021\/12\/Logo.png\",\"width\":325,\"height\":114,\"caption\":\"EU Medbridge\"},\"image\":{\"@id\":\"https:\/\/www.eumedbridge.eu\/#\/schema\/logo\/image\/\"},\"sameAs\":[\"https:\/\/www.facebook.com\/eumedbridge\/\",\"https:\/\/x.com\/eumedbridge\",\"https:\/\/www.linkedin.com\/company\/eumedbridge\",\"https:\/\/www.youtube.com\/@eumedbridge\",\"https:\/\/www.instagram.com\/eumedbridge\",\"https:\/\/www.flickr.com\/photos\/euneighbours-south\/\"]}]}<\/script>\n<!-- \/ Yoast SEO plugin. -->","yoast_head_json":{"title":"D\u00e9claration conjointe - Journ\u00e9e internationale de la tol\u00e9rance z\u00e9ro \u00e0 l'\u00e9gard des mutilations g\u00e9nitales f\u00e9minines - Voisins de l'UE","robots":{"index":"index","follow":"follow","max-snippet":"max-snippet:-1","max-image-preview":"max-image-preview:large","max-video-preview":"max-video-preview:-1"},"canonical":"https:\/\/www.eumedbridge.eu\/fr\/news\/declaration-conjointe-journee-internationale-de-la-tolerance-zero-legard-des\/","og_locale":"fr_FR","og_type":"article","og_title":"D\u00e9claration conjointe - Journ\u00e9e internationale de la tol\u00e9rance z\u00e9ro \u00e0 l'\u00e9gard des mutilations g\u00e9nitales f\u00e9minines - Voisins de l'UE","og_description":"A l&rsquo;occasion de\u00a0la Journ\u00e9e internationale de la tol\u00e9rance z\u00e9ro \u00e0 l&rsquo;\u00e9gard des mutilations g\u00e9nitales f\u00e9minines, le 6\u00a0f\u00e9vrier\u00a02022, M.\u00a0Josep\u00a0Borrell Fontelles, haut repr\u00e9sentant de l&rsquo;Union pour les affaires \u00e9trang\u00e8res et la politique de s\u00e9curit\u00e9\/vice-pr\u00e9sident de la Commission, Mme\u00a0V\u0115ra\u00a0Jourov\u00e1, vice-pr\u00e9sidente charg\u00e9e des valeurs et de la transparence, Mme\u00a0Dubravka\u00a0\u0160uica, vice-pr\u00e9sidente charg\u00e9e de la d\u00e9mocratie et de la d\u00e9mographie, Mme\u00a0Helena\u00a0Dalli, [&hellip;]","og_url":"https:\/\/www.eumedbridge.eu\/fr\/news\/declaration-conjointe-journee-internationale-de-la-tolerance-zero-legard-des\/","og_site_name":"Voisins de l'UE","article_publisher":"https:\/\/www.facebook.com\/eumedbridge\/","article_modified_time":"2022-07-08T12:56:34+00:00","og_image":[{"width":810,"height":450,"url":"https:\/\/www.eumedbridge.eu\/wp-content\/uploads\/2022\/03\/ec-3.png","type":"image\/png"}],"twitter_card":"summary_large_image","twitter_site":"@eumedbridge","twitter_misc":{"Dur\u00e9e de lecture estim\u00e9e":"2 minutes"},"schema":{"@context":"https:\/\/schema.org","@graph":[{"@type":"WebPage","@id":"https:\/\/www.eumedbridge.eu\/fr\/news\/declaration-conjointe-journee-internationale-de-la-tolerance-zero-legard-des\/","url":"https:\/\/www.eumedbridge.eu\/fr\/news\/declaration-conjointe-journee-internationale-de-la-tolerance-zero-legard-des\/","name":"D\u00e9claration conjointe - Journ\u00e9e internationale de la tol\u00e9rance z\u00e9ro \u00e0 l'\u00e9gard des mutilations g\u00e9nitales f\u00e9minines - Voisins de l'UE","isPartOf":{"@id":"https:\/\/www.eumedbridge.eu\/#website"},"primaryImageOfPage":{"@id":"https:\/\/www.eumedbridge.eu\/fr\/news\/declaration-conjointe-journee-internationale-de-la-tolerance-zero-legard-des\/#primaryimage"},"image":{"@id":"https:\/\/www.eumedbridge.eu\/fr\/news\/declaration-conjointe-journee-internationale-de-la-tolerance-zero-legard-des\/#primaryimage"},"thumbnailUrl":"https:\/\/www.eumedbridge.eu\/wp-content\/uploads\/2022\/03\/ec-3.png","datePublished":"2022-02-06T22:00:00+00:00","dateModified":"2022-07-08T12:56:34+00:00","breadcrumb":{"@id":"https:\/\/www.eumedbridge.eu\/fr\/news\/declaration-conjointe-journee-internationale-de-la-tolerance-zero-legard-des\/#breadcrumb"},"inLanguage":"fr-FR","potentialAction":[{"@type":"ReadAction","target":["https:\/\/www.eumedbridge.eu\/fr\/news\/declaration-conjointe-journee-internationale-de-la-tolerance-zero-legard-des\/"]}]},{"@type":"ImageObject","inLanguage":"fr-FR","@id":"https:\/\/www.eumedbridge.eu\/fr\/news\/declaration-conjointe-journee-internationale-de-la-tolerance-zero-legard-des\/#primaryimage","url":"https:\/\/www.eumedbridge.eu\/wp-content\/uploads\/2022\/03\/ec-3.png","contentUrl":"https:\/\/www.eumedbridge.eu\/wp-content\/uploads\/2022\/03\/ec-3.png","width":810,"height":450},{"@type":"BreadcrumbList","@id":"https:\/\/www.eumedbridge.eu\/fr\/news\/declaration-conjointe-journee-internationale-de-la-tolerance-zero-legard-des\/#breadcrumb","itemListElement":[{"@type":"ListItem","position":1,"name":"Home","item":"https:\/\/www.eumedbridge.eu\/fr\/home-page\/"},{"@type":"ListItem","position":2,"name":"Actualit\u00e9s","item":"https:\/\/www.eumedbridge.eu\/fr\/news\/"},{"@type":"ListItem","position":3,"name":"D\u00e9claration conjointe &#8211; Journ\u00e9e internationale de la tol\u00e9rance z\u00e9ro \u00e0 l&rsquo;\u00e9gard des mutilations g\u00e9nitales f\u00e9minines"}]},{"@type":"WebSite","@id":"https:\/\/www.eumedbridge.eu\/#website","url":"https:\/\/www.eumedbridge.eu\/","name":"EU Medbridge","description":"","publisher":{"@id":"https:\/\/www.eumedbridge.eu\/#organization"},"potentialAction":[{"@type":"SearchAction","target":{"@type":"EntryPoint","urlTemplate":"https:\/\/www.eumedbridge.eu\/?s={search_term_string}"},"query-input":{"@type":"PropertyValueSpecification","valueRequired":true,"valueName":"search_term_string"}}],"inLanguage":"fr-FR"},{"@type":"Organization","@id":"https:\/\/www.eumedbridge.eu\/#organization","name":"EU Medbridge","url":"https:\/\/www.eumedbridge.eu\/","logo":{"@type":"ImageObject","inLanguage":"fr-FR","@id":"https:\/\/www.eumedbridge.eu\/#\/schema\/logo\/image\/","url":"https:\/\/www.eumedbridge.eu\/wp-content\/uploads\/2021\/12\/Logo.png","contentUrl":"https:\/\/www.eumedbridge.eu\/wp-content\/uploads\/2021\/12\/Logo.png","width":325,"height":114,"caption":"EU Medbridge"},"image":{"@id":"https:\/\/www.eumedbridge.eu\/#\/schema\/logo\/image\/"},"sameAs":["https:\/\/www.facebook.com\/eumedbridge\/","https:\/\/x.com\/eumedbridge","https:\/\/www.linkedin.com\/company\/eumedbridge","https:\/\/www.youtube.com\/@eumedbridge","https:\/\/www.instagram.com\/eumedbridge","https:\/\/www.flickr.com\/photos\/euneighbours-south\/"]}]}},"_links":{"self":[{"href":"https:\/\/www.eumedbridge.eu\/fr\/wp-json\/wp\/v2\/news\/158056","targetHints":{"allow":["GET"]}}],"collection":[{"href":"https:\/\/www.eumedbridge.eu\/fr\/wp-json\/wp\/v2\/news"}],"about":[{"href":"https:\/\/www.eumedbridge.eu\/fr\/wp-json\/wp\/v2\/types\/news"}],"wp:featuredmedia":[{"embeddable":true,"href":"https:\/\/www.eumedbridge.eu\/fr\/wp-json\/wp\/v2\/media\/78593"}],"wp:attachment":[{"href":"https:\/\/www.eumedbridge.eu\/fr\/wp-json\/wp\/v2\/media?parent=158056"}],"wp:term":[{"taxonomy":"news_category","embeddable":true,"href":"https:\/\/www.eumedbridge.eu\/fr\/wp-json\/wp\/v2\/news_category?post=158056"},{"taxonomy":"country","embeddable":true,"href":"https:\/\/www.eumedbridge.eu\/fr\/wp-json\/wp\/v2\/country?post=158056"},{"taxonomy":"special_action","embeddable":true,"href":"https:\/\/www.eumedbridge.eu\/fr\/wp-json\/wp\/v2\/special_action?post=158056"},{"taxonomy":"custom_tag","embeddable":true,"href":"https:\/\/www.eumedbridge.eu\/fr\/wp-json\/wp\/v2\/custom_tag?post=158056"}],"curies":[{"name":"wp","href":"https:\/\/api.w.org\/{rel}","templated":true}]}}