{"id":158074,"date":"2022-01-31T00:00:00","date_gmt":"2022-01-30T22:00:00","guid":{"rendered":"http:\/\/south.euneighbours.eu\/news\/lupm-et-once-organisent-la-premiere-conference-sur-le-handicap-et-linclusion-sociale-dans-la-region-euromediterraneenne\/"},"modified":"2022-07-08T15:57:16","modified_gmt":"2022-07-08T12:57:16","slug":"lupm-et-once-organisent-la-premiere-conference-sur-le-handicap-et-linclusion","status":"publish","type":"news","link":"https:\/\/www.eumedbridge.eu\/fr\/news\/lupm-et-once-organisent-la-premiere-conference-sur-le-handicap-et-linclusion\/","title":{"rendered":"L\u2019UpM et ONCE organisent la premi\u00e8re conf\u00e9rence sur le handicap et l\u2019inclusion sociale dans la r\u00e9gion eurom\u00e9diterran\u00e9enne"},"content":{"rendered":"<p><span>Cette premi\u00e8re <\/span><span><a href=\"https:\/\/euneighbours.eu\/fr\/sud\/stay-informed\/news\/premiere-conference-de-lupm-sur-le-handicap-et-linclusion-sociale-en\"><span>conf\u00e9rence sur le handicap et l\u2019inclusion sociale dans la r\u00e9gion eurom\u00e9diterran\u00e9enne<\/span><\/a><\/span><span>, organis\u00e9e en partenariat entre l\u2019<\/span><span><a href=\"https:\/\/ufmsecretariat.org\/\"><strong><span>Union pour la M\u00e9diterran\u00e9e<\/span><\/strong><\/a><\/span><span>\u00a0(UpM) et le groupe social espagnol <\/span><strong><strong>ONCE<\/strong><\/strong><span>, s\u2019est tenue \u00e0 Barcelone. Celle-ci a port\u00e9 sur l\u2019analyse de trois\u00a0grands enjeux de l\u2019\u00e8re post-COVID\u00a0: les limitations auxquelles sont confront\u00e9es les personnes handicap\u00e9es en mati\u00e8re d\u2019acc\u00e8s aux droits de l\u2019homme et \u00e0 l\u2019emploi, l\u2019importance de prendre en compte la dimension de genre dans les agendas et les programmes de relance, et le r\u00f4le du tourisme accessible.<\/span><\/p>\n<p><span>L\u2019\u00e9v\u00e9nement a r\u00e9uni des repr\u00e9sentants d\u2019organisations r\u00e9gionales, nationales et internationales de personnes handicap\u00e9es (OPD) ainsi que le repr\u00e9sentant de la Ligue des \u00c9tats arabes et l\u2019Agence espagnole de coop\u00e9ration internationale mandat\u00e9e par le minist\u00e8re espagnol des Affaires \u00e9trang\u00e8res.<\/span><\/p>\n<p><span>Dans le cadre des diff\u00e9rentes tables rondes, les intervenants ont fourni au public des informations et des donn\u00e9es mettant en \u00e9vidence les d\u00e9fis et les solutions possibles en mati\u00e8re d\u2019inclusion sociale et \u00e9conomique des personnes handicap\u00e9es. Les intervenants ont notamment expliqu\u00e9 que, comparativement aux hommes d\u00e9pourvus de handicap, les femmes handicap\u00e9es sont trois\u00a0fois plus susceptibles de souffrir d\u2019analphab\u00e9tisme, deux\u00a0fois moins enclines \u00e0 occuper un emploi et trois\u00a0fois plus \u00e0 risque de pr\u00e9senter des besoins non satisfaits en mati\u00e8re de soins de sant\u00e9.<\/span><\/p>\n<p><strong><span>Pour plus d&rsquo;informations <\/span><\/strong><\/p>\n<p><a href=\"https:\/\/ufmsecretariat.org\/fr\/ufm-once-conference-disability-social-inclusion\/\"><span>Communiqu\u00e9 de presse<\/span><\/a><\/p>\n<p><span><a href=\"https:\/\/ufmsecretariat.org\/\"><span>Union pour la M\u00e9diterran\u00e9e<\/span><\/a><\/span><\/p>\n<p>\u00a0<\/p>\n","protected":false},"featured_media":78383,"parent":0,"template":"","news_category":[],"country":[1956],"special_action":[],"custom_tag":[2312,2315,1890],"class_list":["post-158074","news","type-news","status-publish","has-post-thumbnail","hentry","country-region-sud","custom_tag-developpement-durable","custom_tag-emploi-et-entrpreuneuriat","custom_tag-sante"],"acf":[],"yoast_head":"<!-- This site is optimized with the Yoast SEO plugin v26.5 - https:\/\/yoast.com\/wordpress\/plugins\/seo\/ -->\n<title>L\u2019UpM et ONCE organisent la premi\u00e8re conf\u00e9rence sur le handicap et l\u2019inclusion sociale dans la r\u00e9gion eurom\u00e9diterran\u00e9enne - Voisins de l&#039;UE<\/title>\n<meta name=\"robots\" content=\"index, follow, max-snippet:-1, max-image-preview:large, max-video-preview:-1\" \/>\n<link rel=\"canonical\" href=\"https:\/\/www.eumedbridge.eu\/fr\/news\/lupm-et-once-organisent-la-premiere-conference-sur-le-handicap-et-linclusion\/\" \/>\n<meta property=\"og:locale\" content=\"fr_FR\" \/>\n<meta property=\"og:type\" content=\"article\" \/>\n<meta property=\"og:title\" content=\"L\u2019UpM et ONCE organisent la premi\u00e8re conf\u00e9rence sur le handicap et l\u2019inclusion sociale dans la r\u00e9gion eurom\u00e9diterran\u00e9enne - Voisins de l&#039;UE\" \/>\n<meta property=\"og:description\" content=\"Cette premi\u00e8re conf\u00e9rence sur le handicap et l\u2019inclusion sociale dans la r\u00e9gion eurom\u00e9diterran\u00e9enne, organis\u00e9e en partenariat entre l\u2019Union pour la M\u00e9diterran\u00e9e\u00a0(UpM) et le groupe social espagnol ONCE, s\u2019est tenue \u00e0 Barcelone. Celle-ci a port\u00e9 sur l\u2019analyse de trois\u00a0grands enjeux de l\u2019\u00e8re post-COVID\u00a0: les limitations auxquelles sont confront\u00e9es les personnes handicap\u00e9es en mati\u00e8re d\u2019acc\u00e8s aux droits [&hellip;]\" \/>\n<meta property=\"og:url\" content=\"https:\/\/www.eumedbridge.eu\/fr\/news\/lupm-et-once-organisent-la-premiere-conference-sur-le-handicap-et-linclusion\/\" \/>\n<meta property=\"og:site_name\" content=\"Voisins de l&#039;UE\" \/>\n<meta property=\"article:publisher\" content=\"https:\/\/www.facebook.com\/eumedbridge\/\" \/>\n<meta property=\"article:modified_time\" content=\"2022-07-08T12:57:16+00:00\" \/>\n<meta property=\"og:image\" content=\"https:\/\/www.eumedbridge.eu\/wp-content\/uploads\/2022\/03\/ufm55.jpg\" \/>\n\t<meta property=\"og:image:width\" content=\"1170\" \/>\n\t<meta property=\"og:image:height\" content=\"440\" \/>\n\t<meta property=\"og:image:type\" content=\"image\/jpeg\" \/>\n<meta name=\"twitter:card\" content=\"summary_large_image\" \/>\n<meta name=\"twitter:site\" content=\"@eumedbridge\" \/>\n<meta name=\"twitter:label1\" content=\"Dur\u00e9e de lecture estim\u00e9e\" \/>\n\t<meta name=\"twitter:data1\" content=\"1 minute\" \/>\n<script type=\"application\/ld+json\" class=\"yoast-schema-graph\">{\"@context\":\"https:\/\/schema.org\",\"@graph\":[{\"@type\":\"WebPage\",\"@id\":\"https:\/\/www.eumedbridge.eu\/fr\/news\/lupm-et-once-organisent-la-premiere-conference-sur-le-handicap-et-linclusion\/\",\"url\":\"https:\/\/www.eumedbridge.eu\/fr\/news\/lupm-et-once-organisent-la-premiere-conference-sur-le-handicap-et-linclusion\/\",\"name\":\"L\u2019UpM et ONCE organisent la premi\u00e8re conf\u00e9rence sur le handicap et l\u2019inclusion sociale dans la r\u00e9gion eurom\u00e9diterran\u00e9enne - Voisins de l'UE\",\"isPartOf\":{\"@id\":\"https:\/\/www.eumedbridge.eu\/#website\"},\"primaryImageOfPage\":{\"@id\":\"https:\/\/www.eumedbridge.eu\/fr\/news\/lupm-et-once-organisent-la-premiere-conference-sur-le-handicap-et-linclusion\/#primaryimage\"},\"image\":{\"@id\":\"https:\/\/www.eumedbridge.eu\/fr\/news\/lupm-et-once-organisent-la-premiere-conference-sur-le-handicap-et-linclusion\/#primaryimage\"},\"thumbnailUrl\":\"https:\/\/www.eumedbridge.eu\/wp-content\/uploads\/2022\/03\/ufm55.jpg\",\"datePublished\":\"2022-01-30T22:00:00+00:00\",\"dateModified\":\"2022-07-08T12:57:16+00:00\",\"breadcrumb\":{\"@id\":\"https:\/\/www.eumedbridge.eu\/fr\/news\/lupm-et-once-organisent-la-premiere-conference-sur-le-handicap-et-linclusion\/#breadcrumb\"},\"inLanguage\":\"fr-FR\",\"potentialAction\":[{\"@type\":\"ReadAction\",\"target\":[\"https:\/\/www.eumedbridge.eu\/fr\/news\/lupm-et-once-organisent-la-premiere-conference-sur-le-handicap-et-linclusion\/\"]}]},{\"@type\":\"ImageObject\",\"inLanguage\":\"fr-FR\",\"@id\":\"https:\/\/www.eumedbridge.eu\/fr\/news\/lupm-et-once-organisent-la-premiere-conference-sur-le-handicap-et-linclusion\/#primaryimage\",\"url\":\"https:\/\/www.eumedbridge.eu\/wp-content\/uploads\/2022\/03\/ufm55.jpg\",\"contentUrl\":\"https:\/\/www.eumedbridge.eu\/wp-content\/uploads\/2022\/03\/ufm55.jpg\",\"width\":1170,\"height\":440},{\"@type\":\"BreadcrumbList\",\"@id\":\"https:\/\/www.eumedbridge.eu\/fr\/news\/lupm-et-once-organisent-la-premiere-conference-sur-le-handicap-et-linclusion\/#breadcrumb\",\"itemListElement\":[{\"@type\":\"ListItem\",\"position\":1,\"name\":\"Home\",\"item\":\"https:\/\/www.eumedbridge.eu\/fr\/home-page\/\"},{\"@type\":\"ListItem\",\"position\":2,\"name\":\"Actualit\u00e9s\",\"item\":\"https:\/\/www.eumedbridge.eu\/fr\/news\/\"},{\"@type\":\"ListItem\",\"position\":3,\"name\":\"L\u2019UpM et ONCE organisent la premi\u00e8re conf\u00e9rence sur le handicap et l\u2019inclusion sociale dans la r\u00e9gion eurom\u00e9diterran\u00e9enne\"}]},{\"@type\":\"WebSite\",\"@id\":\"https:\/\/www.eumedbridge.eu\/#website\",\"url\":\"https:\/\/www.eumedbridge.eu\/\",\"name\":\"EU Medbridge\",\"description\":\"\",\"publisher\":{\"@id\":\"https:\/\/www.eumedbridge.eu\/#organization\"},\"potentialAction\":[{\"@type\":\"SearchAction\",\"target\":{\"@type\":\"EntryPoint\",\"urlTemplate\":\"https:\/\/www.eumedbridge.eu\/?s={search_term_string}\"},\"query-input\":{\"@type\":\"PropertyValueSpecification\",\"valueRequired\":true,\"valueName\":\"search_term_string\"}}],\"inLanguage\":\"fr-FR\"},{\"@type\":\"Organization\",\"@id\":\"https:\/\/www.eumedbridge.eu\/#organization\",\"name\":\"EU Medbridge\",\"url\":\"https:\/\/www.eumedbridge.eu\/\",\"logo\":{\"@type\":\"ImageObject\",\"inLanguage\":\"fr-FR\",\"@id\":\"https:\/\/www.eumedbridge.eu\/#\/schema\/logo\/image\/\",\"url\":\"https:\/\/www.eumedbridge.eu\/wp-content\/uploads\/2021\/12\/Logo.png\",\"contentUrl\":\"https:\/\/www.eumedbridge.eu\/wp-content\/uploads\/2021\/12\/Logo.png\",\"width\":325,\"height\":114,\"caption\":\"EU Medbridge\"},\"image\":{\"@id\":\"https:\/\/www.eumedbridge.eu\/#\/schema\/logo\/image\/\"},\"sameAs\":[\"https:\/\/www.facebook.com\/eumedbridge\/\",\"https:\/\/x.com\/eumedbridge\",\"https:\/\/www.linkedin.com\/company\/eumedbridge\",\"https:\/\/www.youtube.com\/@eumedbridge\",\"https:\/\/www.instagram.com\/eumedbridge\",\"https:\/\/www.flickr.com\/photos\/euneighbours-south\/\"]}]}<\/script>\n<!-- \/ Yoast SEO plugin. -->","yoast_head_json":{"title":"L\u2019UpM et ONCE organisent la premi\u00e8re conf\u00e9rence sur le handicap et l\u2019inclusion sociale dans la r\u00e9gion eurom\u00e9diterran\u00e9enne - Voisins de l'UE","robots":{"index":"index","follow":"follow","max-snippet":"max-snippet:-1","max-image-preview":"max-image-preview:large","max-video-preview":"max-video-preview:-1"},"canonical":"https:\/\/www.eumedbridge.eu\/fr\/news\/lupm-et-once-organisent-la-premiere-conference-sur-le-handicap-et-linclusion\/","og_locale":"fr_FR","og_type":"article","og_title":"L\u2019UpM et ONCE organisent la premi\u00e8re conf\u00e9rence sur le handicap et l\u2019inclusion sociale dans la r\u00e9gion eurom\u00e9diterran\u00e9enne - Voisins de l'UE","og_description":"Cette premi\u00e8re conf\u00e9rence sur le handicap et l\u2019inclusion sociale dans la r\u00e9gion eurom\u00e9diterran\u00e9enne, organis\u00e9e en partenariat entre l\u2019Union pour la M\u00e9diterran\u00e9e\u00a0(UpM) et le groupe social espagnol ONCE, s\u2019est tenue \u00e0 Barcelone. Celle-ci a port\u00e9 sur l\u2019analyse de trois\u00a0grands enjeux de l\u2019\u00e8re post-COVID\u00a0: les limitations auxquelles sont confront\u00e9es les personnes handicap\u00e9es en mati\u00e8re d\u2019acc\u00e8s aux droits [&hellip;]","og_url":"https:\/\/www.eumedbridge.eu\/fr\/news\/lupm-et-once-organisent-la-premiere-conference-sur-le-handicap-et-linclusion\/","og_site_name":"Voisins de l'UE","article_publisher":"https:\/\/www.facebook.com\/eumedbridge\/","article_modified_time":"2022-07-08T12:57:16+00:00","og_image":[{"width":1170,"height":440,"url":"https:\/\/www.eumedbridge.eu\/wp-content\/uploads\/2022\/03\/ufm55.jpg","type":"image\/jpeg"}],"twitter_card":"summary_large_image","twitter_site":"@eumedbridge","twitter_misc":{"Dur\u00e9e de lecture estim\u00e9e":"1 minute"},"schema":{"@context":"https:\/\/schema.org","@graph":[{"@type":"WebPage","@id":"https:\/\/www.eumedbridge.eu\/fr\/news\/lupm-et-once-organisent-la-premiere-conference-sur-le-handicap-et-linclusion\/","url":"https:\/\/www.eumedbridge.eu\/fr\/news\/lupm-et-once-organisent-la-premiere-conference-sur-le-handicap-et-linclusion\/","name":"L\u2019UpM et ONCE organisent la premi\u00e8re conf\u00e9rence sur le handicap et l\u2019inclusion sociale dans la r\u00e9gion eurom\u00e9diterran\u00e9enne - Voisins de l'UE","isPartOf":{"@id":"https:\/\/www.eumedbridge.eu\/#website"},"primaryImageOfPage":{"@id":"https:\/\/www.eumedbridge.eu\/fr\/news\/lupm-et-once-organisent-la-premiere-conference-sur-le-handicap-et-linclusion\/#primaryimage"},"image":{"@id":"https:\/\/www.eumedbridge.eu\/fr\/news\/lupm-et-once-organisent-la-premiere-conference-sur-le-handicap-et-linclusion\/#primaryimage"},"thumbnailUrl":"https:\/\/www.eumedbridge.eu\/wp-content\/uploads\/2022\/03\/ufm55.jpg","datePublished":"2022-01-30T22:00:00+00:00","dateModified":"2022-07-08T12:57:16+00:00","breadcrumb":{"@id":"https:\/\/www.eumedbridge.eu\/fr\/news\/lupm-et-once-organisent-la-premiere-conference-sur-le-handicap-et-linclusion\/#breadcrumb"},"inLanguage":"fr-FR","potentialAction":[{"@type":"ReadAction","target":["https:\/\/www.eumedbridge.eu\/fr\/news\/lupm-et-once-organisent-la-premiere-conference-sur-le-handicap-et-linclusion\/"]}]},{"@type":"ImageObject","inLanguage":"fr-FR","@id":"https:\/\/www.eumedbridge.eu\/fr\/news\/lupm-et-once-organisent-la-premiere-conference-sur-le-handicap-et-linclusion\/#primaryimage","url":"https:\/\/www.eumedbridge.eu\/wp-content\/uploads\/2022\/03\/ufm55.jpg","contentUrl":"https:\/\/www.eumedbridge.eu\/wp-content\/uploads\/2022\/03\/ufm55.jpg","width":1170,"height":440},{"@type":"BreadcrumbList","@id":"https:\/\/www.eumedbridge.eu\/fr\/news\/lupm-et-once-organisent-la-premiere-conference-sur-le-handicap-et-linclusion\/#breadcrumb","itemListElement":[{"@type":"ListItem","position":1,"name":"Home","item":"https:\/\/www.eumedbridge.eu\/fr\/home-page\/"},{"@type":"ListItem","position":2,"name":"Actualit\u00e9s","item":"https:\/\/www.eumedbridge.eu\/fr\/news\/"},{"@type":"ListItem","position":3,"name":"L\u2019UpM et ONCE organisent la premi\u00e8re conf\u00e9rence sur le handicap et l\u2019inclusion sociale dans la r\u00e9gion eurom\u00e9diterran\u00e9enne"}]},{"@type":"WebSite","@id":"https:\/\/www.eumedbridge.eu\/#website","url":"https:\/\/www.eumedbridge.eu\/","name":"EU Medbridge","description":"","publisher":{"@id":"https:\/\/www.eumedbridge.eu\/#organization"},"potentialAction":[{"@type":"SearchAction","target":{"@type":"EntryPoint","urlTemplate":"https:\/\/www.eumedbridge.eu\/?s={search_term_string}"},"query-input":{"@type":"PropertyValueSpecification","valueRequired":true,"valueName":"search_term_string"}}],"inLanguage":"fr-FR"},{"@type":"Organization","@id":"https:\/\/www.eumedbridge.eu\/#organization","name":"EU Medbridge","url":"https:\/\/www.eumedbridge.eu\/","logo":{"@type":"ImageObject","inLanguage":"fr-FR","@id":"https:\/\/www.eumedbridge.eu\/#\/schema\/logo\/image\/","url":"https:\/\/www.eumedbridge.eu\/wp-content\/uploads\/2021\/12\/Logo.png","contentUrl":"https:\/\/www.eumedbridge.eu\/wp-content\/uploads\/2021\/12\/Logo.png","width":325,"height":114,"caption":"EU Medbridge"},"image":{"@id":"https:\/\/www.eumedbridge.eu\/#\/schema\/logo\/image\/"},"sameAs":["https:\/\/www.facebook.com\/eumedbridge\/","https:\/\/x.com\/eumedbridge","https:\/\/www.linkedin.com\/company\/eumedbridge","https:\/\/www.youtube.com\/@eumedbridge","https:\/\/www.instagram.com\/eumedbridge","https:\/\/www.flickr.com\/photos\/euneighbours-south\/"]}]}},"_links":{"self":[{"href":"https:\/\/www.eumedbridge.eu\/fr\/wp-json\/wp\/v2\/news\/158074","targetHints":{"allow":["GET"]}}],"collection":[{"href":"https:\/\/www.eumedbridge.eu\/fr\/wp-json\/wp\/v2\/news"}],"about":[{"href":"https:\/\/www.eumedbridge.eu\/fr\/wp-json\/wp\/v2\/types\/news"}],"wp:featuredmedia":[{"embeddable":true,"href":"https:\/\/www.eumedbridge.eu\/fr\/wp-json\/wp\/v2\/media\/78383"}],"wp:attachment":[{"href":"https:\/\/www.eumedbridge.eu\/fr\/wp-json\/wp\/v2\/media?parent=158074"}],"wp:term":[{"taxonomy":"news_category","embeddable":true,"href":"https:\/\/www.eumedbridge.eu\/fr\/wp-json\/wp\/v2\/news_category?post=158074"},{"taxonomy":"country","embeddable":true,"href":"https:\/\/www.eumedbridge.eu\/fr\/wp-json\/wp\/v2\/country?post=158074"},{"taxonomy":"special_action","embeddable":true,"href":"https:\/\/www.eumedbridge.eu\/fr\/wp-json\/wp\/v2\/special_action?post=158074"},{"taxonomy":"custom_tag","embeddable":true,"href":"https:\/\/www.eumedbridge.eu\/fr\/wp-json\/wp\/v2\/custom_tag?post=158074"}],"curies":[{"name":"wp","href":"https:\/\/api.w.org\/{rel}","templated":true}]}}