{"id":158083,"date":"2022-01-27T00:00:00","date_gmt":"2022-01-26T22:00:00","guid":{"rendered":"http:\/\/south.euneighbours.eu\/news\/journee-de-la-memoire-de-lholocauste-declaration-du-haut-representant-vice-president-de-lue-josep-borrell\/"},"modified":"2022-07-08T15:57:36","modified_gmt":"2022-07-08T12:57:36","slug":"journee-de-la-memoire-de-lholocauste-declaration-du-haut-representantvice","status":"publish","type":"news","link":"https:\/\/www.eumedbridge.eu\/fr\/news\/journee-de-la-memoire-de-lholocauste-declaration-du-haut-representantvice\/","title":{"rendered":"Journ\u00e9e de la m\u00e9moire de l\u2019Holocauste\u00a0: d\u00e9claration du Haut repr\u00e9sentant\/vice-pr\u00e9sident de l\u2019UE, Josep\u00a0Borrell"},"content":{"rendered":"<p><span>Elie\u00a0Wiesel, survivant de l\u2019Holocauste et laur\u00e9at du prix Nobel de la paix, a d\u00e9clar\u00e9\u00a0: \u00ab\u00a0<\/span><span>Oublier serait non seulement dangereux mais offensant\u00a0; oublier les morts reviendrait \u00e0 les tuer une seconde fois<\/span><span>\u00a0\u00bb. \u00c0 l\u2019occasion de la Journ\u00e9e de la m\u00e9moire de l\u2019Holocauste, l\u2019UE rend hommage aux six\u00a0millions de Juifs et de membres d\u2019autres groupes cibl\u00e9s qui ont \u00e9t\u00e9 brutalement et m\u00e9thodiquement assassin\u00e9s pendant la Shoah, la plus grande trag\u00e9die de l\u2019histoire de l\u2019humanit\u00e9.<\/span><\/p>\n<p><span>Personne ne devrait jamais oublier les atrocit\u00e9s perp\u00e9tr\u00e9es par les nazis. Les victimes ne doivent jamais \u00eatre oubli\u00e9es. Chaque \u00c9tat dans le monde doit honorer toutes les victimes de l\u2019Holocauste, condamner le n\u00e9gationnisme et les d\u00e9formations de l\u2019Holocauste, et mettre en place des programmes d\u2019\u00e9ducation pour emp\u00eacher que des g\u00e9nocides ne se reproduisent.<\/span><\/p>\n<p><span>Face \u00e0 la propagation de la d\u00e9sinformation et \u00e0 la d\u00e9signation, par de nombreux dirigeants mondiaux, de boucs \u00e9missaires parmi les minorit\u00e9s, le meilleur antidote consiste \u00e0 sensibiliser les jeunes g\u00e9n\u00e9rations \u00e0 l\u2019Holocauste. <\/span><span>Il s\u2019agit de l\u2019outil le plus efficace pour lutter contre l\u2019intol\u00e9rance et le sectarisme et pour faire en sorte que le message \u00ab\u00a0Plus jamais \u00e7a\u00a0\u00bb se r\u00e9percute sur les g\u00e9n\u00e9rations de demain.\u00a0<\/span><\/p>\n<p><span>Ce message est encore plus important aujourd\u2019hui avec la disparition des survivants de l\u2019Holocauste.\u00a0La plupart de celles et ceux qui ont \u00e9t\u00e9 t\u00e9moins des horreurs de la Seconde Guerre mondiale, qui y ont surv\u00e9cu et dont les souvenirs de l\u2019Holocauste sont les plus limpides, ne sont plus de ce monde.\u00a0<\/span><\/p>\n<p><strong>Pour plus d&rsquo;informations<\/strong><\/p>\n<p><a href=\"https:\/\/eeas.europa.eu\/regions\/middle-east-north-africa-mena\/110151\/international-holocaust-remembrance-day-statement-high-representativevice-president-josep_en\">D\u00e9claration compl\u00e8te\u00a0<\/a><\/p>\n<p>\u00a0<\/p>\n","protected":false},"featured_media":78293,"parent":0,"template":"","news_category":[],"country":[1956],"special_action":[],"custom_tag":[2313,2821],"class_list":["post-158083","news","type-news","status-publish","has-post-thumbnail","hentry","country-region-sud","custom_tag-droit-de-lhomme","custom_tag-migration-fr"],"acf":[],"yoast_head":"<!-- This site is optimized with the Yoast SEO plugin v26.5 - https:\/\/yoast.com\/wordpress\/plugins\/seo\/ -->\n<title>Journ\u00e9e de la m\u00e9moire de l\u2019Holocauste\u00a0: d\u00e9claration du Haut repr\u00e9sentant\/vice-pr\u00e9sident de l\u2019UE, Josep\u00a0Borrell - Voisins de l&#039;UE<\/title>\n<meta name=\"robots\" content=\"index, follow, max-snippet:-1, max-image-preview:large, max-video-preview:-1\" \/>\n<link rel=\"canonical\" href=\"https:\/\/www.eumedbridge.eu\/fr\/news\/journee-de-la-memoire-de-lholocauste-declaration-du-haut-representantvice\/\" \/>\n<meta property=\"og:locale\" content=\"fr_FR\" \/>\n<meta property=\"og:type\" content=\"article\" \/>\n<meta property=\"og:title\" content=\"Journ\u00e9e de la m\u00e9moire de l\u2019Holocauste\u00a0: d\u00e9claration du Haut repr\u00e9sentant\/vice-pr\u00e9sident de l\u2019UE, Josep\u00a0Borrell - Voisins de l&#039;UE\" \/>\n<meta property=\"og:description\" content=\"Elie\u00a0Wiesel, survivant de l\u2019Holocauste et laur\u00e9at du prix Nobel de la paix, a d\u00e9clar\u00e9\u00a0: \u00ab\u00a0Oublier serait non seulement dangereux mais offensant\u00a0; oublier les morts reviendrait \u00e0 les tuer une seconde fois\u00a0\u00bb. \u00c0 l\u2019occasion de la Journ\u00e9e de la m\u00e9moire de l\u2019Holocauste, l\u2019UE rend hommage aux six\u00a0millions de Juifs et de membres d\u2019autres groupes cibl\u00e9s qui [&hellip;]\" \/>\n<meta property=\"og:url\" content=\"https:\/\/www.eumedbridge.eu\/fr\/news\/journee-de-la-memoire-de-lholocauste-declaration-du-haut-representantvice\/\" \/>\n<meta property=\"og:site_name\" content=\"Voisins de l&#039;UE\" \/>\n<meta property=\"article:publisher\" content=\"https:\/\/www.facebook.com\/eumedbridge\/\" \/>\n<meta property=\"article:modified_time\" content=\"2022-07-08T12:57:36+00:00\" \/>\n<meta property=\"og:image\" content=\"https:\/\/www.eumedbridge.eu\/wp-content\/uploads\/2022\/03\/euu.png\" \/>\n\t<meta property=\"og:image:width\" content=\"1026\" \/>\n\t<meta property=\"og:image:height\" content=\"628\" \/>\n\t<meta property=\"og:image:type\" content=\"image\/png\" \/>\n<meta name=\"twitter:card\" content=\"summary_large_image\" \/>\n<meta name=\"twitter:site\" content=\"@eumedbridge\" \/>\n<meta name=\"twitter:label1\" content=\"Dur\u00e9e de lecture estim\u00e9e\" \/>\n\t<meta name=\"twitter:data1\" content=\"1 minute\" \/>\n<script type=\"application\/ld+json\" class=\"yoast-schema-graph\">{\"@context\":\"https:\/\/schema.org\",\"@graph\":[{\"@type\":\"WebPage\",\"@id\":\"https:\/\/www.eumedbridge.eu\/fr\/news\/journee-de-la-memoire-de-lholocauste-declaration-du-haut-representantvice\/\",\"url\":\"https:\/\/www.eumedbridge.eu\/fr\/news\/journee-de-la-memoire-de-lholocauste-declaration-du-haut-representantvice\/\",\"name\":\"Journ\u00e9e de la m\u00e9moire de l\u2019Holocauste\u00a0: d\u00e9claration du Haut repr\u00e9sentant\/vice-pr\u00e9sident de l\u2019UE, Josep\u00a0Borrell - Voisins de l'UE\",\"isPartOf\":{\"@id\":\"https:\/\/www.eumedbridge.eu\/#website\"},\"primaryImageOfPage\":{\"@id\":\"https:\/\/www.eumedbridge.eu\/fr\/news\/journee-de-la-memoire-de-lholocauste-declaration-du-haut-representantvice\/#primaryimage\"},\"image\":{\"@id\":\"https:\/\/www.eumedbridge.eu\/fr\/news\/journee-de-la-memoire-de-lholocauste-declaration-du-haut-representantvice\/#primaryimage\"},\"thumbnailUrl\":\"https:\/\/www.eumedbridge.eu\/wp-content\/uploads\/2022\/03\/euu.png\",\"datePublished\":\"2022-01-26T22:00:00+00:00\",\"dateModified\":\"2022-07-08T12:57:36+00:00\",\"breadcrumb\":{\"@id\":\"https:\/\/www.eumedbridge.eu\/fr\/news\/journee-de-la-memoire-de-lholocauste-declaration-du-haut-representantvice\/#breadcrumb\"},\"inLanguage\":\"fr-FR\",\"potentialAction\":[{\"@type\":\"ReadAction\",\"target\":[\"https:\/\/www.eumedbridge.eu\/fr\/news\/journee-de-la-memoire-de-lholocauste-declaration-du-haut-representantvice\/\"]}]},{\"@type\":\"ImageObject\",\"inLanguage\":\"fr-FR\",\"@id\":\"https:\/\/www.eumedbridge.eu\/fr\/news\/journee-de-la-memoire-de-lholocauste-declaration-du-haut-representantvice\/#primaryimage\",\"url\":\"https:\/\/www.eumedbridge.eu\/wp-content\/uploads\/2022\/03\/euu.png\",\"contentUrl\":\"https:\/\/www.eumedbridge.eu\/wp-content\/uploads\/2022\/03\/euu.png\",\"width\":1026,\"height\":628},{\"@type\":\"BreadcrumbList\",\"@id\":\"https:\/\/www.eumedbridge.eu\/fr\/news\/journee-de-la-memoire-de-lholocauste-declaration-du-haut-representantvice\/#breadcrumb\",\"itemListElement\":[{\"@type\":\"ListItem\",\"position\":1,\"name\":\"Home\",\"item\":\"https:\/\/www.eumedbridge.eu\/fr\/home-page\/\"},{\"@type\":\"ListItem\",\"position\":2,\"name\":\"Actualit\u00e9s\",\"item\":\"https:\/\/www.eumedbridge.eu\/fr\/news\/\"},{\"@type\":\"ListItem\",\"position\":3,\"name\":\"Journ\u00e9e de la m\u00e9moire de l\u2019Holocauste\u00a0: d\u00e9claration du Haut repr\u00e9sentant\/vice-pr\u00e9sident de l\u2019UE, Josep\u00a0Borrell\"}]},{\"@type\":\"WebSite\",\"@id\":\"https:\/\/www.eumedbridge.eu\/#website\",\"url\":\"https:\/\/www.eumedbridge.eu\/\",\"name\":\"EU Medbridge\",\"description\":\"\",\"publisher\":{\"@id\":\"https:\/\/www.eumedbridge.eu\/#organization\"},\"potentialAction\":[{\"@type\":\"SearchAction\",\"target\":{\"@type\":\"EntryPoint\",\"urlTemplate\":\"https:\/\/www.eumedbridge.eu\/?s={search_term_string}\"},\"query-input\":{\"@type\":\"PropertyValueSpecification\",\"valueRequired\":true,\"valueName\":\"search_term_string\"}}],\"inLanguage\":\"fr-FR\"},{\"@type\":\"Organization\",\"@id\":\"https:\/\/www.eumedbridge.eu\/#organization\",\"name\":\"EU Medbridge\",\"url\":\"https:\/\/www.eumedbridge.eu\/\",\"logo\":{\"@type\":\"ImageObject\",\"inLanguage\":\"fr-FR\",\"@id\":\"https:\/\/www.eumedbridge.eu\/#\/schema\/logo\/image\/\",\"url\":\"https:\/\/www.eumedbridge.eu\/wp-content\/uploads\/2021\/12\/Logo.png\",\"contentUrl\":\"https:\/\/www.eumedbridge.eu\/wp-content\/uploads\/2021\/12\/Logo.png\",\"width\":325,\"height\":114,\"caption\":\"EU Medbridge\"},\"image\":{\"@id\":\"https:\/\/www.eumedbridge.eu\/#\/schema\/logo\/image\/\"},\"sameAs\":[\"https:\/\/www.facebook.com\/eumedbridge\/\",\"https:\/\/x.com\/eumedbridge\",\"https:\/\/www.linkedin.com\/company\/eumedbridge\",\"https:\/\/www.youtube.com\/@eumedbridge\",\"https:\/\/www.instagram.com\/eumedbridge\",\"https:\/\/www.flickr.com\/photos\/euneighbours-south\/\"]}]}<\/script>\n<!-- \/ Yoast SEO plugin. -->","yoast_head_json":{"title":"Journ\u00e9e de la m\u00e9moire de l\u2019Holocauste\u00a0: d\u00e9claration du Haut repr\u00e9sentant\/vice-pr\u00e9sident de l\u2019UE, Josep\u00a0Borrell - Voisins de l'UE","robots":{"index":"index","follow":"follow","max-snippet":"max-snippet:-1","max-image-preview":"max-image-preview:large","max-video-preview":"max-video-preview:-1"},"canonical":"https:\/\/www.eumedbridge.eu\/fr\/news\/journee-de-la-memoire-de-lholocauste-declaration-du-haut-representantvice\/","og_locale":"fr_FR","og_type":"article","og_title":"Journ\u00e9e de la m\u00e9moire de l\u2019Holocauste\u00a0: d\u00e9claration du Haut repr\u00e9sentant\/vice-pr\u00e9sident de l\u2019UE, Josep\u00a0Borrell - Voisins de l'UE","og_description":"Elie\u00a0Wiesel, survivant de l\u2019Holocauste et laur\u00e9at du prix Nobel de la paix, a d\u00e9clar\u00e9\u00a0: \u00ab\u00a0Oublier serait non seulement dangereux mais offensant\u00a0; oublier les morts reviendrait \u00e0 les tuer une seconde fois\u00a0\u00bb. \u00c0 l\u2019occasion de la Journ\u00e9e de la m\u00e9moire de l\u2019Holocauste, l\u2019UE rend hommage aux six\u00a0millions de Juifs et de membres d\u2019autres groupes cibl\u00e9s qui [&hellip;]","og_url":"https:\/\/www.eumedbridge.eu\/fr\/news\/journee-de-la-memoire-de-lholocauste-declaration-du-haut-representantvice\/","og_site_name":"Voisins de l'UE","article_publisher":"https:\/\/www.facebook.com\/eumedbridge\/","article_modified_time":"2022-07-08T12:57:36+00:00","og_image":[{"width":1026,"height":628,"url":"https:\/\/www.eumedbridge.eu\/wp-content\/uploads\/2022\/03\/euu.png","type":"image\/png"}],"twitter_card":"summary_large_image","twitter_site":"@eumedbridge","twitter_misc":{"Dur\u00e9e de lecture estim\u00e9e":"1 minute"},"schema":{"@context":"https:\/\/schema.org","@graph":[{"@type":"WebPage","@id":"https:\/\/www.eumedbridge.eu\/fr\/news\/journee-de-la-memoire-de-lholocauste-declaration-du-haut-representantvice\/","url":"https:\/\/www.eumedbridge.eu\/fr\/news\/journee-de-la-memoire-de-lholocauste-declaration-du-haut-representantvice\/","name":"Journ\u00e9e de la m\u00e9moire de l\u2019Holocauste\u00a0: d\u00e9claration du Haut repr\u00e9sentant\/vice-pr\u00e9sident de l\u2019UE, Josep\u00a0Borrell - Voisins de l'UE","isPartOf":{"@id":"https:\/\/www.eumedbridge.eu\/#website"},"primaryImageOfPage":{"@id":"https:\/\/www.eumedbridge.eu\/fr\/news\/journee-de-la-memoire-de-lholocauste-declaration-du-haut-representantvice\/#primaryimage"},"image":{"@id":"https:\/\/www.eumedbridge.eu\/fr\/news\/journee-de-la-memoire-de-lholocauste-declaration-du-haut-representantvice\/#primaryimage"},"thumbnailUrl":"https:\/\/www.eumedbridge.eu\/wp-content\/uploads\/2022\/03\/euu.png","datePublished":"2022-01-26T22:00:00+00:00","dateModified":"2022-07-08T12:57:36+00:00","breadcrumb":{"@id":"https:\/\/www.eumedbridge.eu\/fr\/news\/journee-de-la-memoire-de-lholocauste-declaration-du-haut-representantvice\/#breadcrumb"},"inLanguage":"fr-FR","potentialAction":[{"@type":"ReadAction","target":["https:\/\/www.eumedbridge.eu\/fr\/news\/journee-de-la-memoire-de-lholocauste-declaration-du-haut-representantvice\/"]}]},{"@type":"ImageObject","inLanguage":"fr-FR","@id":"https:\/\/www.eumedbridge.eu\/fr\/news\/journee-de-la-memoire-de-lholocauste-declaration-du-haut-representantvice\/#primaryimage","url":"https:\/\/www.eumedbridge.eu\/wp-content\/uploads\/2022\/03\/euu.png","contentUrl":"https:\/\/www.eumedbridge.eu\/wp-content\/uploads\/2022\/03\/euu.png","width":1026,"height":628},{"@type":"BreadcrumbList","@id":"https:\/\/www.eumedbridge.eu\/fr\/news\/journee-de-la-memoire-de-lholocauste-declaration-du-haut-representantvice\/#breadcrumb","itemListElement":[{"@type":"ListItem","position":1,"name":"Home","item":"https:\/\/www.eumedbridge.eu\/fr\/home-page\/"},{"@type":"ListItem","position":2,"name":"Actualit\u00e9s","item":"https:\/\/www.eumedbridge.eu\/fr\/news\/"},{"@type":"ListItem","position":3,"name":"Journ\u00e9e de la m\u00e9moire de l\u2019Holocauste\u00a0: d\u00e9claration du Haut repr\u00e9sentant\/vice-pr\u00e9sident de l\u2019UE, Josep\u00a0Borrell"}]},{"@type":"WebSite","@id":"https:\/\/www.eumedbridge.eu\/#website","url":"https:\/\/www.eumedbridge.eu\/","name":"EU Medbridge","description":"","publisher":{"@id":"https:\/\/www.eumedbridge.eu\/#organization"},"potentialAction":[{"@type":"SearchAction","target":{"@type":"EntryPoint","urlTemplate":"https:\/\/www.eumedbridge.eu\/?s={search_term_string}"},"query-input":{"@type":"PropertyValueSpecification","valueRequired":true,"valueName":"search_term_string"}}],"inLanguage":"fr-FR"},{"@type":"Organization","@id":"https:\/\/www.eumedbridge.eu\/#organization","name":"EU Medbridge","url":"https:\/\/www.eumedbridge.eu\/","logo":{"@type":"ImageObject","inLanguage":"fr-FR","@id":"https:\/\/www.eumedbridge.eu\/#\/schema\/logo\/image\/","url":"https:\/\/www.eumedbridge.eu\/wp-content\/uploads\/2021\/12\/Logo.png","contentUrl":"https:\/\/www.eumedbridge.eu\/wp-content\/uploads\/2021\/12\/Logo.png","width":325,"height":114,"caption":"EU Medbridge"},"image":{"@id":"https:\/\/www.eumedbridge.eu\/#\/schema\/logo\/image\/"},"sameAs":["https:\/\/www.facebook.com\/eumedbridge\/","https:\/\/x.com\/eumedbridge","https:\/\/www.linkedin.com\/company\/eumedbridge","https:\/\/www.youtube.com\/@eumedbridge","https:\/\/www.instagram.com\/eumedbridge","https:\/\/www.flickr.com\/photos\/euneighbours-south\/"]}]}},"_links":{"self":[{"href":"https:\/\/www.eumedbridge.eu\/fr\/wp-json\/wp\/v2\/news\/158083","targetHints":{"allow":["GET"]}}],"collection":[{"href":"https:\/\/www.eumedbridge.eu\/fr\/wp-json\/wp\/v2\/news"}],"about":[{"href":"https:\/\/www.eumedbridge.eu\/fr\/wp-json\/wp\/v2\/types\/news"}],"wp:featuredmedia":[{"embeddable":true,"href":"https:\/\/www.eumedbridge.eu\/fr\/wp-json\/wp\/v2\/media\/78293"}],"wp:attachment":[{"href":"https:\/\/www.eumedbridge.eu\/fr\/wp-json\/wp\/v2\/media?parent=158083"}],"wp:term":[{"taxonomy":"news_category","embeddable":true,"href":"https:\/\/www.eumedbridge.eu\/fr\/wp-json\/wp\/v2\/news_category?post=158083"},{"taxonomy":"country","embeddable":true,"href":"https:\/\/www.eumedbridge.eu\/fr\/wp-json\/wp\/v2\/country?post=158083"},{"taxonomy":"special_action","embeddable":true,"href":"https:\/\/www.eumedbridge.eu\/fr\/wp-json\/wp\/v2\/special_action?post=158083"},{"taxonomy":"custom_tag","embeddable":true,"href":"https:\/\/www.eumedbridge.eu\/fr\/wp-json\/wp\/v2\/custom_tag?post=158083"}],"curies":[{"name":"wp","href":"https:\/\/api.w.org\/{rel}","templated":true}]}}