{"id":158117,"date":"2022-01-17T00:00:00","date_gmt":"2022-01-16T22:00:00","guid":{"rendered":"http:\/\/south.euneighbours.eu\/news\/syrie-declaration-du-porte-parole-sur-la-condamnation-danwar-raslan-pour-crimes-contre-lhumanite\/"},"modified":"2022-07-08T15:58:54","modified_gmt":"2022-07-08T12:58:54","slug":"syrie-declaration-du-porte-parole-sur-la-condamnation-danwar-raslan-pour","status":"publish","type":"news","link":"https:\/\/www.eumedbridge.eu\/fr\/news\/syrie-declaration-du-porte-parole-sur-la-condamnation-danwar-raslan-pour\/","title":{"rendered":"Syrie\u00a0: d\u00e9claration du porte-parole sur la condamnation d\u2019Anwar Raslan pour crimes contre l\u2019humanit\u00e9"},"content":{"rendered":"<p><span>Le verdict rendu par la Haute cour r\u00e9gionale de Coblence, en Allemagne, par lequel un ancien colonel syrien, Anwar Raslan, a \u00e9t\u00e9 reconnu coupable de crimes contre l\u2019humanit\u00e9 en\u00a02011 et\u00a02012 en <\/span><strong><strong>Syrie<\/strong><\/strong><span>, constitue une d\u00e9cision historique.<\/span><\/p>\n<p><span>Ce verdict, qui s\u2019inscrit dans le cadre du premier proc\u00e8s au monde sur les actes de torture commis par le r\u00e9gime syrien, constitue une \u00e9tape importante dans la lutte contre l\u2019impunit\u00e9 et pour garantir la justice et la responsabilit\u00e9 en Syrie.\u00a0<\/span><\/p>\n<p><span>L\u2019UE a soutenu et continuera de soutenir les efforts visant \u00e0 rassembler des preuves en vue d\u2019une action en justice future, notamment par le biais du M\u00e9canisme international, impartial et ind\u00e9pendant (MIII) et de la Commission d\u2019enqu\u00eate internationale ind\u00e9pendante.<\/span><\/p>\n<p><span>L\u2019UE r\u00e9it\u00e8re son appel pour que la Cour p\u00e9nale internationale soit saisie de la situation en Syrie.<\/span><\/p>\n","protected":false},"featured_media":77903,"parent":0,"template":"","news_category":[],"country":[2029],"special_action":[],"custom_tag":[2313,2821],"class_list":["post-158117","news","type-news","status-publish","has-post-thumbnail","hentry","country-syrie","custom_tag-droit-de-lhomme","custom_tag-migration-fr"],"acf":[],"yoast_head":"<!-- This site is optimized with the Yoast SEO plugin v26.5 - https:\/\/yoast.com\/wordpress\/plugins\/seo\/ -->\n<title>Syrie\u00a0: d\u00e9claration du porte-parole sur la condamnation d\u2019Anwar Raslan pour crimes contre l\u2019humanit\u00e9 - Voisins de l&#039;UE<\/title>\n<meta name=\"robots\" content=\"index, follow, max-snippet:-1, max-image-preview:large, max-video-preview:-1\" \/>\n<link rel=\"canonical\" href=\"https:\/\/www.eumedbridge.eu\/fr\/news\/syrie-declaration-du-porte-parole-sur-la-condamnation-danwar-raslan-pour\/\" \/>\n<meta property=\"og:locale\" content=\"fr_FR\" \/>\n<meta property=\"og:type\" content=\"article\" \/>\n<meta property=\"og:title\" content=\"Syrie\u00a0: d\u00e9claration du porte-parole sur la condamnation d\u2019Anwar Raslan pour crimes contre l\u2019humanit\u00e9 - Voisins de l&#039;UE\" \/>\n<meta property=\"og:description\" content=\"Le verdict rendu par la Haute cour r\u00e9gionale de Coblence, en Allemagne, par lequel un ancien colonel syrien, Anwar Raslan, a \u00e9t\u00e9 reconnu coupable de crimes contre l\u2019humanit\u00e9 en\u00a02011 et\u00a02012 en Syrie, constitue une d\u00e9cision historique. Ce verdict, qui s\u2019inscrit dans le cadre du premier proc\u00e8s au monde sur les actes de torture commis par [&hellip;]\" \/>\n<meta property=\"og:url\" content=\"https:\/\/www.eumedbridge.eu\/fr\/news\/syrie-declaration-du-porte-parole-sur-la-condamnation-danwar-raslan-pour\/\" \/>\n<meta property=\"og:site_name\" content=\"Voisins de l&#039;UE\" \/>\n<meta property=\"article:publisher\" content=\"https:\/\/www.facebook.com\/eumedbridge\/\" \/>\n<meta property=\"article:modified_time\" content=\"2022-07-08T12:58:54+00:00\" \/>\n<meta property=\"og:image\" content=\"https:\/\/www.eumedbridge.eu\/wp-content\/uploads\/2022\/03\/eu-syria-24.jpg\" \/>\n\t<meta property=\"og:image:width\" content=\"1600\" \/>\n\t<meta property=\"og:image:height\" content=\"900\" \/>\n\t<meta property=\"og:image:type\" content=\"image\/jpeg\" \/>\n<meta name=\"twitter:card\" content=\"summary_large_image\" \/>\n<meta name=\"twitter:site\" content=\"@eumedbridge\" \/>\n<meta name=\"twitter:label1\" content=\"Dur\u00e9e de lecture estim\u00e9e\" \/>\n\t<meta name=\"twitter:data1\" content=\"1 minute\" \/>\n<script type=\"application\/ld+json\" class=\"yoast-schema-graph\">{\"@context\":\"https:\/\/schema.org\",\"@graph\":[{\"@type\":\"WebPage\",\"@id\":\"https:\/\/www.eumedbridge.eu\/fr\/news\/syrie-declaration-du-porte-parole-sur-la-condamnation-danwar-raslan-pour\/\",\"url\":\"https:\/\/www.eumedbridge.eu\/fr\/news\/syrie-declaration-du-porte-parole-sur-la-condamnation-danwar-raslan-pour\/\",\"name\":\"Syrie\u00a0: d\u00e9claration du porte-parole sur la condamnation d\u2019Anwar Raslan pour crimes contre l\u2019humanit\u00e9 - Voisins de l'UE\",\"isPartOf\":{\"@id\":\"https:\/\/www.eumedbridge.eu\/#website\"},\"primaryImageOfPage\":{\"@id\":\"https:\/\/www.eumedbridge.eu\/fr\/news\/syrie-declaration-du-porte-parole-sur-la-condamnation-danwar-raslan-pour\/#primaryimage\"},\"image\":{\"@id\":\"https:\/\/www.eumedbridge.eu\/fr\/news\/syrie-declaration-du-porte-parole-sur-la-condamnation-danwar-raslan-pour\/#primaryimage\"},\"thumbnailUrl\":\"https:\/\/www.eumedbridge.eu\/wp-content\/uploads\/2022\/03\/eu-syria-24.jpg\",\"datePublished\":\"2022-01-16T22:00:00+00:00\",\"dateModified\":\"2022-07-08T12:58:54+00:00\",\"breadcrumb\":{\"@id\":\"https:\/\/www.eumedbridge.eu\/fr\/news\/syrie-declaration-du-porte-parole-sur-la-condamnation-danwar-raslan-pour\/#breadcrumb\"},\"inLanguage\":\"fr-FR\",\"potentialAction\":[{\"@type\":\"ReadAction\",\"target\":[\"https:\/\/www.eumedbridge.eu\/fr\/news\/syrie-declaration-du-porte-parole-sur-la-condamnation-danwar-raslan-pour\/\"]}]},{\"@type\":\"ImageObject\",\"inLanguage\":\"fr-FR\",\"@id\":\"https:\/\/www.eumedbridge.eu\/fr\/news\/syrie-declaration-du-porte-parole-sur-la-condamnation-danwar-raslan-pour\/#primaryimage\",\"url\":\"https:\/\/www.eumedbridge.eu\/wp-content\/uploads\/2022\/03\/eu-syria-24.jpg\",\"contentUrl\":\"https:\/\/www.eumedbridge.eu\/wp-content\/uploads\/2022\/03\/eu-syria-24.jpg\",\"width\":1600,\"height\":900},{\"@type\":\"BreadcrumbList\",\"@id\":\"https:\/\/www.eumedbridge.eu\/fr\/news\/syrie-declaration-du-porte-parole-sur-la-condamnation-danwar-raslan-pour\/#breadcrumb\",\"itemListElement\":[{\"@type\":\"ListItem\",\"position\":1,\"name\":\"Home\",\"item\":\"https:\/\/www.eumedbridge.eu\/fr\/home-page\/\"},{\"@type\":\"ListItem\",\"position\":2,\"name\":\"Actualit\u00e9s\",\"item\":\"https:\/\/www.eumedbridge.eu\/fr\/news\/\"},{\"@type\":\"ListItem\",\"position\":3,\"name\":\"Syrie\u00a0: d\u00e9claration du porte-parole sur la condamnation d\u2019Anwar Raslan pour crimes contre l\u2019humanit\u00e9\"}]},{\"@type\":\"WebSite\",\"@id\":\"https:\/\/www.eumedbridge.eu\/#website\",\"url\":\"https:\/\/www.eumedbridge.eu\/\",\"name\":\"EU Medbridge\",\"description\":\"\",\"publisher\":{\"@id\":\"https:\/\/www.eumedbridge.eu\/#organization\"},\"potentialAction\":[{\"@type\":\"SearchAction\",\"target\":{\"@type\":\"EntryPoint\",\"urlTemplate\":\"https:\/\/www.eumedbridge.eu\/?s={search_term_string}\"},\"query-input\":{\"@type\":\"PropertyValueSpecification\",\"valueRequired\":true,\"valueName\":\"search_term_string\"}}],\"inLanguage\":\"fr-FR\"},{\"@type\":\"Organization\",\"@id\":\"https:\/\/www.eumedbridge.eu\/#organization\",\"name\":\"EU Medbridge\",\"url\":\"https:\/\/www.eumedbridge.eu\/\",\"logo\":{\"@type\":\"ImageObject\",\"inLanguage\":\"fr-FR\",\"@id\":\"https:\/\/www.eumedbridge.eu\/#\/schema\/logo\/image\/\",\"url\":\"https:\/\/www.eumedbridge.eu\/wp-content\/uploads\/2021\/12\/Logo.png\",\"contentUrl\":\"https:\/\/www.eumedbridge.eu\/wp-content\/uploads\/2021\/12\/Logo.png\",\"width\":325,\"height\":114,\"caption\":\"EU Medbridge\"},\"image\":{\"@id\":\"https:\/\/www.eumedbridge.eu\/#\/schema\/logo\/image\/\"},\"sameAs\":[\"https:\/\/www.facebook.com\/eumedbridge\/\",\"https:\/\/x.com\/eumedbridge\",\"https:\/\/www.linkedin.com\/company\/eumedbridge\",\"https:\/\/www.youtube.com\/@eumedbridge\",\"https:\/\/www.instagram.com\/eumedbridge\",\"https:\/\/www.flickr.com\/photos\/euneighbours-south\/\"]}]}<\/script>\n<!-- \/ Yoast SEO plugin. -->","yoast_head_json":{"title":"Syrie\u00a0: d\u00e9claration du porte-parole sur la condamnation d\u2019Anwar Raslan pour crimes contre l\u2019humanit\u00e9 - Voisins de l'UE","robots":{"index":"index","follow":"follow","max-snippet":"max-snippet:-1","max-image-preview":"max-image-preview:large","max-video-preview":"max-video-preview:-1"},"canonical":"https:\/\/www.eumedbridge.eu\/fr\/news\/syrie-declaration-du-porte-parole-sur-la-condamnation-danwar-raslan-pour\/","og_locale":"fr_FR","og_type":"article","og_title":"Syrie\u00a0: d\u00e9claration du porte-parole sur la condamnation d\u2019Anwar Raslan pour crimes contre l\u2019humanit\u00e9 - Voisins de l'UE","og_description":"Le verdict rendu par la Haute cour r\u00e9gionale de Coblence, en Allemagne, par lequel un ancien colonel syrien, Anwar Raslan, a \u00e9t\u00e9 reconnu coupable de crimes contre l\u2019humanit\u00e9 en\u00a02011 et\u00a02012 en Syrie, constitue une d\u00e9cision historique. Ce verdict, qui s\u2019inscrit dans le cadre du premier proc\u00e8s au monde sur les actes de torture commis par [&hellip;]","og_url":"https:\/\/www.eumedbridge.eu\/fr\/news\/syrie-declaration-du-porte-parole-sur-la-condamnation-danwar-raslan-pour\/","og_site_name":"Voisins de l'UE","article_publisher":"https:\/\/www.facebook.com\/eumedbridge\/","article_modified_time":"2022-07-08T12:58:54+00:00","og_image":[{"width":1600,"height":900,"url":"https:\/\/www.eumedbridge.eu\/wp-content\/uploads\/2022\/03\/eu-syria-24.jpg","type":"image\/jpeg"}],"twitter_card":"summary_large_image","twitter_site":"@eumedbridge","twitter_misc":{"Dur\u00e9e de lecture estim\u00e9e":"1 minute"},"schema":{"@context":"https:\/\/schema.org","@graph":[{"@type":"WebPage","@id":"https:\/\/www.eumedbridge.eu\/fr\/news\/syrie-declaration-du-porte-parole-sur-la-condamnation-danwar-raslan-pour\/","url":"https:\/\/www.eumedbridge.eu\/fr\/news\/syrie-declaration-du-porte-parole-sur-la-condamnation-danwar-raslan-pour\/","name":"Syrie\u00a0: d\u00e9claration du porte-parole sur la condamnation d\u2019Anwar Raslan pour crimes contre l\u2019humanit\u00e9 - Voisins de l'UE","isPartOf":{"@id":"https:\/\/www.eumedbridge.eu\/#website"},"primaryImageOfPage":{"@id":"https:\/\/www.eumedbridge.eu\/fr\/news\/syrie-declaration-du-porte-parole-sur-la-condamnation-danwar-raslan-pour\/#primaryimage"},"image":{"@id":"https:\/\/www.eumedbridge.eu\/fr\/news\/syrie-declaration-du-porte-parole-sur-la-condamnation-danwar-raslan-pour\/#primaryimage"},"thumbnailUrl":"https:\/\/www.eumedbridge.eu\/wp-content\/uploads\/2022\/03\/eu-syria-24.jpg","datePublished":"2022-01-16T22:00:00+00:00","dateModified":"2022-07-08T12:58:54+00:00","breadcrumb":{"@id":"https:\/\/www.eumedbridge.eu\/fr\/news\/syrie-declaration-du-porte-parole-sur-la-condamnation-danwar-raslan-pour\/#breadcrumb"},"inLanguage":"fr-FR","potentialAction":[{"@type":"ReadAction","target":["https:\/\/www.eumedbridge.eu\/fr\/news\/syrie-declaration-du-porte-parole-sur-la-condamnation-danwar-raslan-pour\/"]}]},{"@type":"ImageObject","inLanguage":"fr-FR","@id":"https:\/\/www.eumedbridge.eu\/fr\/news\/syrie-declaration-du-porte-parole-sur-la-condamnation-danwar-raslan-pour\/#primaryimage","url":"https:\/\/www.eumedbridge.eu\/wp-content\/uploads\/2022\/03\/eu-syria-24.jpg","contentUrl":"https:\/\/www.eumedbridge.eu\/wp-content\/uploads\/2022\/03\/eu-syria-24.jpg","width":1600,"height":900},{"@type":"BreadcrumbList","@id":"https:\/\/www.eumedbridge.eu\/fr\/news\/syrie-declaration-du-porte-parole-sur-la-condamnation-danwar-raslan-pour\/#breadcrumb","itemListElement":[{"@type":"ListItem","position":1,"name":"Home","item":"https:\/\/www.eumedbridge.eu\/fr\/home-page\/"},{"@type":"ListItem","position":2,"name":"Actualit\u00e9s","item":"https:\/\/www.eumedbridge.eu\/fr\/news\/"},{"@type":"ListItem","position":3,"name":"Syrie\u00a0: d\u00e9claration du porte-parole sur la condamnation d\u2019Anwar Raslan pour crimes contre l\u2019humanit\u00e9"}]},{"@type":"WebSite","@id":"https:\/\/www.eumedbridge.eu\/#website","url":"https:\/\/www.eumedbridge.eu\/","name":"EU Medbridge","description":"","publisher":{"@id":"https:\/\/www.eumedbridge.eu\/#organization"},"potentialAction":[{"@type":"SearchAction","target":{"@type":"EntryPoint","urlTemplate":"https:\/\/www.eumedbridge.eu\/?s={search_term_string}"},"query-input":{"@type":"PropertyValueSpecification","valueRequired":true,"valueName":"search_term_string"}}],"inLanguage":"fr-FR"},{"@type":"Organization","@id":"https:\/\/www.eumedbridge.eu\/#organization","name":"EU Medbridge","url":"https:\/\/www.eumedbridge.eu\/","logo":{"@type":"ImageObject","inLanguage":"fr-FR","@id":"https:\/\/www.eumedbridge.eu\/#\/schema\/logo\/image\/","url":"https:\/\/www.eumedbridge.eu\/wp-content\/uploads\/2021\/12\/Logo.png","contentUrl":"https:\/\/www.eumedbridge.eu\/wp-content\/uploads\/2021\/12\/Logo.png","width":325,"height":114,"caption":"EU Medbridge"},"image":{"@id":"https:\/\/www.eumedbridge.eu\/#\/schema\/logo\/image\/"},"sameAs":["https:\/\/www.facebook.com\/eumedbridge\/","https:\/\/x.com\/eumedbridge","https:\/\/www.linkedin.com\/company\/eumedbridge","https:\/\/www.youtube.com\/@eumedbridge","https:\/\/www.instagram.com\/eumedbridge","https:\/\/www.flickr.com\/photos\/euneighbours-south\/"]}]}},"_links":{"self":[{"href":"https:\/\/www.eumedbridge.eu\/fr\/wp-json\/wp\/v2\/news\/158117","targetHints":{"allow":["GET"]}}],"collection":[{"href":"https:\/\/www.eumedbridge.eu\/fr\/wp-json\/wp\/v2\/news"}],"about":[{"href":"https:\/\/www.eumedbridge.eu\/fr\/wp-json\/wp\/v2\/types\/news"}],"wp:featuredmedia":[{"embeddable":true,"href":"https:\/\/www.eumedbridge.eu\/fr\/wp-json\/wp\/v2\/media\/77903"}],"wp:attachment":[{"href":"https:\/\/www.eumedbridge.eu\/fr\/wp-json\/wp\/v2\/media?parent=158117"}],"wp:term":[{"taxonomy":"news_category","embeddable":true,"href":"https:\/\/www.eumedbridge.eu\/fr\/wp-json\/wp\/v2\/news_category?post=158117"},{"taxonomy":"country","embeddable":true,"href":"https:\/\/www.eumedbridge.eu\/fr\/wp-json\/wp\/v2\/country?post=158117"},{"taxonomy":"special_action","embeddable":true,"href":"https:\/\/www.eumedbridge.eu\/fr\/wp-json\/wp\/v2\/special_action?post=158117"},{"taxonomy":"custom_tag","embeddable":true,"href":"https:\/\/www.eumedbridge.eu\/fr\/wp-json\/wp\/v2\/custom_tag?post=158117"}],"curies":[{"name":"wp","href":"https:\/\/api.w.org\/{rel}","templated":true}]}}