{"id":158143,"date":"2022-01-06T00:00:00","date_gmt":"2022-01-05T22:00:00","guid":{"rendered":"http:\/\/south.euneighbours.eu\/news\/prix-nord-sud-du-conseil-de-leurope-decerne-au-reseau-dexperts-mediterraneens-sur-le-changement-climatique-et-environnemental-medecc\/"},"modified":"2022-07-08T15:59:53","modified_gmt":"2022-07-08T12:59:53","slug":"prix-nord-sud-du-conseil-de-leurope-decerne-au-reseau-dexperts","status":"publish","type":"news","link":"https:\/\/www.eumedbridge.eu\/fr\/news\/prix-nord-sud-du-conseil-de-leurope-decerne-au-reseau-dexperts\/","title":{"rendered":"Prix Nord-Sud du Conseil de l\u2019Europe d\u00e9cern\u00e9 au R\u00e9seau d\u2019experts m\u00e9diterran\u00e9ens sur le changement climatique et environnemental (MedECC)"},"content":{"rendered":"<p>Le\u00a0<a href=\"https:\/\/www.coe.int\/en\/web\/north-south-centre\/-\/award-ceremony-of-the-north-south-prize-of-the-council-of-europe-to-take-place-on-9-december-2021-at-12-pm-at-the-assembly-of-the-portuguese-republic-\">Prix Nord-Sud du Conseil de l\u2019Europe<\/a>\u00a0a \u00e9t\u00e9 d\u00e9cern\u00e9 au R\u00e9seau m\u00e9diterran\u00e9en d\u2019experts sur le changement climatique et environnemental (MedECC) pour\u00a0<strong><a href=\"https:\/\/ufmsecretariat.org\/climate\/\">l\u2019\u00e9laboration du tout premier rapport d\u2019\u00e9valuation scientifique sur l\u2019impact du changement climatique et environnemental en le bassin m\u00e9diterran\u00e9en<\/a><\/strong>. Le r\u00e9seau MedECC sera repr\u00e9sent\u00e9 par les professeurs Wolfgang Cramer et Jo\u00ebl Guiot.<\/p>\n<p>Le Jury du Prix Nord-Sud a reconnu le travail de MedECC comme\u00a0\u00ab\u00a0un exemple de premier plan du potentiel de collaboration entre les \u00c9tats et les soci\u00e9t\u00e9s pour faire face aux d\u00e9fis du changement climatique et de la durabilit\u00e9 environnementale, ainsi qu\u2019une r\u00e9ponse au besoin de coop\u00e9ration scientifique et d\u2019experts pour produire l\u2019analyse comme base solide pour les politiques publiques \u00bb.<\/p>\n<p>Pendant une p\u00e9riode de six ans, pr\u00e8s de deux cents scientifiques du r\u00e9seau MedECC ont \u00e9valu\u00e9 plus de 3800 articles et rapports dans la litt\u00e9rature scientifique sur\u00a0<a href=\"https:\/\/ufmsecretariat.org\/climate\/\">les risques actuels pour le bassin m\u00e9diterran\u00e9en, pr\u00e9sentant leurs conclusions dans un rapport complet<\/a>. Cette large \u00e9valuation n\u2019a \u00e9t\u00e9 possible que gr\u00e2ce aux contributions volontaires de tous ces experts.<\/p>\n<p><strong>Pour plus d&rsquo;informations<\/strong><\/p>\n<p><a href=\"https:\/\/ufmsecretariat.org\/fr\/event\/north-south-prize-council-europe-award-medecc\/\">Communiqu\u00e9 de presse<\/a><\/p>\n<p>\u00a0<\/p>\n","protected":false},"featured_media":77703,"parent":0,"template":"","news_category":[],"country":[1956],"special_action":[],"custom_tag":[2312,2315,1884],"class_list":["post-158143","news","type-news","status-publish","has-post-thumbnail","hentry","country-region-sud","custom_tag-developpement-durable","custom_tag-emploi-et-entrpreuneuriat","custom_tag-environnement-et-changement-climatique"],"acf":[],"yoast_head":"<!-- This site is optimized with the Yoast SEO plugin v26.5 - https:\/\/yoast.com\/wordpress\/plugins\/seo\/ -->\n<title>Prix Nord-Sud du Conseil de l\u2019Europe d\u00e9cern\u00e9 au R\u00e9seau d\u2019experts m\u00e9diterran\u00e9ens sur le changement climatique et environnemental (MedECC) - Voisins de l&#039;UE<\/title>\n<meta name=\"robots\" content=\"index, follow, max-snippet:-1, max-image-preview:large, max-video-preview:-1\" \/>\n<link rel=\"canonical\" href=\"https:\/\/www.eumedbridge.eu\/fr\/news\/prix-nord-sud-du-conseil-de-leurope-decerne-au-reseau-dexperts\/\" \/>\n<meta property=\"og:locale\" content=\"fr_FR\" \/>\n<meta property=\"og:type\" content=\"article\" \/>\n<meta property=\"og:title\" content=\"Prix Nord-Sud du Conseil de l\u2019Europe d\u00e9cern\u00e9 au R\u00e9seau d\u2019experts m\u00e9diterran\u00e9ens sur le changement climatique et environnemental (MedECC) - Voisins de l&#039;UE\" \/>\n<meta property=\"og:description\" content=\"Le\u00a0Prix Nord-Sud du Conseil de l\u2019Europe\u00a0a \u00e9t\u00e9 d\u00e9cern\u00e9 au R\u00e9seau m\u00e9diterran\u00e9en d\u2019experts sur le changement climatique et environnemental (MedECC) pour\u00a0l\u2019\u00e9laboration du tout premier rapport d\u2019\u00e9valuation scientifique sur l\u2019impact du changement climatique et environnemental en le bassin m\u00e9diterran\u00e9en. Le r\u00e9seau MedECC sera repr\u00e9sent\u00e9 par les professeurs Wolfgang Cramer et Jo\u00ebl Guiot. Le Jury du Prix Nord-Sud [&hellip;]\" \/>\n<meta property=\"og:url\" content=\"https:\/\/www.eumedbridge.eu\/fr\/news\/prix-nord-sud-du-conseil-de-leurope-decerne-au-reseau-dexperts\/\" \/>\n<meta property=\"og:site_name\" content=\"Voisins de l&#039;UE\" \/>\n<meta property=\"article:publisher\" content=\"https:\/\/www.facebook.com\/eumedbridge\/\" \/>\n<meta property=\"article:modified_time\" content=\"2022-07-08T12:59:53+00:00\" \/>\n<meta property=\"og:image\" content=\"https:\/\/www.eumedbridge.eu\/wp-content\/uploads\/2022\/03\/climate-week.jpg\" \/>\n\t<meta property=\"og:image:width\" content=\"1170\" \/>\n\t<meta property=\"og:image:height\" content=\"440\" \/>\n\t<meta property=\"og:image:type\" content=\"image\/jpeg\" \/>\n<meta name=\"twitter:card\" content=\"summary_large_image\" \/>\n<meta name=\"twitter:site\" content=\"@eumedbridge\" \/>\n<meta name=\"twitter:label1\" content=\"Dur\u00e9e de lecture estim\u00e9e\" \/>\n\t<meta name=\"twitter:data1\" content=\"1 minute\" \/>\n<script type=\"application\/ld+json\" class=\"yoast-schema-graph\">{\"@context\":\"https:\/\/schema.org\",\"@graph\":[{\"@type\":\"WebPage\",\"@id\":\"https:\/\/www.eumedbridge.eu\/fr\/news\/prix-nord-sud-du-conseil-de-leurope-decerne-au-reseau-dexperts\/\",\"url\":\"https:\/\/www.eumedbridge.eu\/fr\/news\/prix-nord-sud-du-conseil-de-leurope-decerne-au-reseau-dexperts\/\",\"name\":\"Prix Nord-Sud du Conseil de l\u2019Europe d\u00e9cern\u00e9 au R\u00e9seau d\u2019experts m\u00e9diterran\u00e9ens sur le changement climatique et environnemental (MedECC) - Voisins de l'UE\",\"isPartOf\":{\"@id\":\"https:\/\/www.eumedbridge.eu\/#website\"},\"primaryImageOfPage\":{\"@id\":\"https:\/\/www.eumedbridge.eu\/fr\/news\/prix-nord-sud-du-conseil-de-leurope-decerne-au-reseau-dexperts\/#primaryimage\"},\"image\":{\"@id\":\"https:\/\/www.eumedbridge.eu\/fr\/news\/prix-nord-sud-du-conseil-de-leurope-decerne-au-reseau-dexperts\/#primaryimage\"},\"thumbnailUrl\":\"https:\/\/www.eumedbridge.eu\/wp-content\/uploads\/2022\/03\/climate-week.jpg\",\"datePublished\":\"2022-01-05T22:00:00+00:00\",\"dateModified\":\"2022-07-08T12:59:53+00:00\",\"breadcrumb\":{\"@id\":\"https:\/\/www.eumedbridge.eu\/fr\/news\/prix-nord-sud-du-conseil-de-leurope-decerne-au-reseau-dexperts\/#breadcrumb\"},\"inLanguage\":\"fr-FR\",\"potentialAction\":[{\"@type\":\"ReadAction\",\"target\":[\"https:\/\/www.eumedbridge.eu\/fr\/news\/prix-nord-sud-du-conseil-de-leurope-decerne-au-reseau-dexperts\/\"]}]},{\"@type\":\"ImageObject\",\"inLanguage\":\"fr-FR\",\"@id\":\"https:\/\/www.eumedbridge.eu\/fr\/news\/prix-nord-sud-du-conseil-de-leurope-decerne-au-reseau-dexperts\/#primaryimage\",\"url\":\"https:\/\/www.eumedbridge.eu\/wp-content\/uploads\/2022\/03\/climate-week.jpg\",\"contentUrl\":\"https:\/\/www.eumedbridge.eu\/wp-content\/uploads\/2022\/03\/climate-week.jpg\",\"width\":1170,\"height\":440},{\"@type\":\"BreadcrumbList\",\"@id\":\"https:\/\/www.eumedbridge.eu\/fr\/news\/prix-nord-sud-du-conseil-de-leurope-decerne-au-reseau-dexperts\/#breadcrumb\",\"itemListElement\":[{\"@type\":\"ListItem\",\"position\":1,\"name\":\"Home\",\"item\":\"https:\/\/www.eumedbridge.eu\/fr\/home-page\/\"},{\"@type\":\"ListItem\",\"position\":2,\"name\":\"Actualit\u00e9s\",\"item\":\"https:\/\/www.eumedbridge.eu\/fr\/news\/\"},{\"@type\":\"ListItem\",\"position\":3,\"name\":\"Prix Nord-Sud du Conseil de l\u2019Europe d\u00e9cern\u00e9 au R\u00e9seau d\u2019experts m\u00e9diterran\u00e9ens sur le changement climatique et environnemental (MedECC)\"}]},{\"@type\":\"WebSite\",\"@id\":\"https:\/\/www.eumedbridge.eu\/#website\",\"url\":\"https:\/\/www.eumedbridge.eu\/\",\"name\":\"EU Medbridge\",\"description\":\"\",\"publisher\":{\"@id\":\"https:\/\/www.eumedbridge.eu\/#organization\"},\"potentialAction\":[{\"@type\":\"SearchAction\",\"target\":{\"@type\":\"EntryPoint\",\"urlTemplate\":\"https:\/\/www.eumedbridge.eu\/?s={search_term_string}\"},\"query-input\":{\"@type\":\"PropertyValueSpecification\",\"valueRequired\":true,\"valueName\":\"search_term_string\"}}],\"inLanguage\":\"fr-FR\"},{\"@type\":\"Organization\",\"@id\":\"https:\/\/www.eumedbridge.eu\/#organization\",\"name\":\"EU Medbridge\",\"url\":\"https:\/\/www.eumedbridge.eu\/\",\"logo\":{\"@type\":\"ImageObject\",\"inLanguage\":\"fr-FR\",\"@id\":\"https:\/\/www.eumedbridge.eu\/#\/schema\/logo\/image\/\",\"url\":\"https:\/\/www.eumedbridge.eu\/wp-content\/uploads\/2021\/12\/Logo.png\",\"contentUrl\":\"https:\/\/www.eumedbridge.eu\/wp-content\/uploads\/2021\/12\/Logo.png\",\"width\":325,\"height\":114,\"caption\":\"EU Medbridge\"},\"image\":{\"@id\":\"https:\/\/www.eumedbridge.eu\/#\/schema\/logo\/image\/\"},\"sameAs\":[\"https:\/\/www.facebook.com\/eumedbridge\/\",\"https:\/\/x.com\/eumedbridge\",\"https:\/\/www.linkedin.com\/company\/eumedbridge\",\"https:\/\/www.youtube.com\/@eumedbridge\",\"https:\/\/www.instagram.com\/eumedbridge\",\"https:\/\/www.flickr.com\/photos\/euneighbours-south\/\"]}]}<\/script>\n<!-- \/ Yoast SEO plugin. -->","yoast_head_json":{"title":"Prix Nord-Sud du Conseil de l\u2019Europe d\u00e9cern\u00e9 au R\u00e9seau d\u2019experts m\u00e9diterran\u00e9ens sur le changement climatique et environnemental (MedECC) - Voisins de l'UE","robots":{"index":"index","follow":"follow","max-snippet":"max-snippet:-1","max-image-preview":"max-image-preview:large","max-video-preview":"max-video-preview:-1"},"canonical":"https:\/\/www.eumedbridge.eu\/fr\/news\/prix-nord-sud-du-conseil-de-leurope-decerne-au-reseau-dexperts\/","og_locale":"fr_FR","og_type":"article","og_title":"Prix Nord-Sud du Conseil de l\u2019Europe d\u00e9cern\u00e9 au R\u00e9seau d\u2019experts m\u00e9diterran\u00e9ens sur le changement climatique et environnemental (MedECC) - Voisins de l'UE","og_description":"Le\u00a0Prix Nord-Sud du Conseil de l\u2019Europe\u00a0a \u00e9t\u00e9 d\u00e9cern\u00e9 au R\u00e9seau m\u00e9diterran\u00e9en d\u2019experts sur le changement climatique et environnemental (MedECC) pour\u00a0l\u2019\u00e9laboration du tout premier rapport d\u2019\u00e9valuation scientifique sur l\u2019impact du changement climatique et environnemental en le bassin m\u00e9diterran\u00e9en. Le r\u00e9seau MedECC sera repr\u00e9sent\u00e9 par les professeurs Wolfgang Cramer et Jo\u00ebl Guiot. Le Jury du Prix Nord-Sud [&hellip;]","og_url":"https:\/\/www.eumedbridge.eu\/fr\/news\/prix-nord-sud-du-conseil-de-leurope-decerne-au-reseau-dexperts\/","og_site_name":"Voisins de l'UE","article_publisher":"https:\/\/www.facebook.com\/eumedbridge\/","article_modified_time":"2022-07-08T12:59:53+00:00","og_image":[{"width":1170,"height":440,"url":"https:\/\/www.eumedbridge.eu\/wp-content\/uploads\/2022\/03\/climate-week.jpg","type":"image\/jpeg"}],"twitter_card":"summary_large_image","twitter_site":"@eumedbridge","twitter_misc":{"Dur\u00e9e de lecture estim\u00e9e":"1 minute"},"schema":{"@context":"https:\/\/schema.org","@graph":[{"@type":"WebPage","@id":"https:\/\/www.eumedbridge.eu\/fr\/news\/prix-nord-sud-du-conseil-de-leurope-decerne-au-reseau-dexperts\/","url":"https:\/\/www.eumedbridge.eu\/fr\/news\/prix-nord-sud-du-conseil-de-leurope-decerne-au-reseau-dexperts\/","name":"Prix Nord-Sud du Conseil de l\u2019Europe d\u00e9cern\u00e9 au R\u00e9seau d\u2019experts m\u00e9diterran\u00e9ens sur le changement climatique et environnemental (MedECC) - Voisins de l'UE","isPartOf":{"@id":"https:\/\/www.eumedbridge.eu\/#website"},"primaryImageOfPage":{"@id":"https:\/\/www.eumedbridge.eu\/fr\/news\/prix-nord-sud-du-conseil-de-leurope-decerne-au-reseau-dexperts\/#primaryimage"},"image":{"@id":"https:\/\/www.eumedbridge.eu\/fr\/news\/prix-nord-sud-du-conseil-de-leurope-decerne-au-reseau-dexperts\/#primaryimage"},"thumbnailUrl":"https:\/\/www.eumedbridge.eu\/wp-content\/uploads\/2022\/03\/climate-week.jpg","datePublished":"2022-01-05T22:00:00+00:00","dateModified":"2022-07-08T12:59:53+00:00","breadcrumb":{"@id":"https:\/\/www.eumedbridge.eu\/fr\/news\/prix-nord-sud-du-conseil-de-leurope-decerne-au-reseau-dexperts\/#breadcrumb"},"inLanguage":"fr-FR","potentialAction":[{"@type":"ReadAction","target":["https:\/\/www.eumedbridge.eu\/fr\/news\/prix-nord-sud-du-conseil-de-leurope-decerne-au-reseau-dexperts\/"]}]},{"@type":"ImageObject","inLanguage":"fr-FR","@id":"https:\/\/www.eumedbridge.eu\/fr\/news\/prix-nord-sud-du-conseil-de-leurope-decerne-au-reseau-dexperts\/#primaryimage","url":"https:\/\/www.eumedbridge.eu\/wp-content\/uploads\/2022\/03\/climate-week.jpg","contentUrl":"https:\/\/www.eumedbridge.eu\/wp-content\/uploads\/2022\/03\/climate-week.jpg","width":1170,"height":440},{"@type":"BreadcrumbList","@id":"https:\/\/www.eumedbridge.eu\/fr\/news\/prix-nord-sud-du-conseil-de-leurope-decerne-au-reseau-dexperts\/#breadcrumb","itemListElement":[{"@type":"ListItem","position":1,"name":"Home","item":"https:\/\/www.eumedbridge.eu\/fr\/home-page\/"},{"@type":"ListItem","position":2,"name":"Actualit\u00e9s","item":"https:\/\/www.eumedbridge.eu\/fr\/news\/"},{"@type":"ListItem","position":3,"name":"Prix Nord-Sud du Conseil de l\u2019Europe d\u00e9cern\u00e9 au R\u00e9seau d\u2019experts m\u00e9diterran\u00e9ens sur le changement climatique et environnemental (MedECC)"}]},{"@type":"WebSite","@id":"https:\/\/www.eumedbridge.eu\/#website","url":"https:\/\/www.eumedbridge.eu\/","name":"EU Medbridge","description":"","publisher":{"@id":"https:\/\/www.eumedbridge.eu\/#organization"},"potentialAction":[{"@type":"SearchAction","target":{"@type":"EntryPoint","urlTemplate":"https:\/\/www.eumedbridge.eu\/?s={search_term_string}"},"query-input":{"@type":"PropertyValueSpecification","valueRequired":true,"valueName":"search_term_string"}}],"inLanguage":"fr-FR"},{"@type":"Organization","@id":"https:\/\/www.eumedbridge.eu\/#organization","name":"EU Medbridge","url":"https:\/\/www.eumedbridge.eu\/","logo":{"@type":"ImageObject","inLanguage":"fr-FR","@id":"https:\/\/www.eumedbridge.eu\/#\/schema\/logo\/image\/","url":"https:\/\/www.eumedbridge.eu\/wp-content\/uploads\/2021\/12\/Logo.png","contentUrl":"https:\/\/www.eumedbridge.eu\/wp-content\/uploads\/2021\/12\/Logo.png","width":325,"height":114,"caption":"EU Medbridge"},"image":{"@id":"https:\/\/www.eumedbridge.eu\/#\/schema\/logo\/image\/"},"sameAs":["https:\/\/www.facebook.com\/eumedbridge\/","https:\/\/x.com\/eumedbridge","https:\/\/www.linkedin.com\/company\/eumedbridge","https:\/\/www.youtube.com\/@eumedbridge","https:\/\/www.instagram.com\/eumedbridge","https:\/\/www.flickr.com\/photos\/euneighbours-south\/"]}]}},"_links":{"self":[{"href":"https:\/\/www.eumedbridge.eu\/fr\/wp-json\/wp\/v2\/news\/158143","targetHints":{"allow":["GET"]}}],"collection":[{"href":"https:\/\/www.eumedbridge.eu\/fr\/wp-json\/wp\/v2\/news"}],"about":[{"href":"https:\/\/www.eumedbridge.eu\/fr\/wp-json\/wp\/v2\/types\/news"}],"wp:featuredmedia":[{"embeddable":true,"href":"https:\/\/www.eumedbridge.eu\/fr\/wp-json\/wp\/v2\/media\/77703"}],"wp:attachment":[{"href":"https:\/\/www.eumedbridge.eu\/fr\/wp-json\/wp\/v2\/media?parent=158143"}],"wp:term":[{"taxonomy":"news_category","embeddable":true,"href":"https:\/\/www.eumedbridge.eu\/fr\/wp-json\/wp\/v2\/news_category?post=158143"},{"taxonomy":"country","embeddable":true,"href":"https:\/\/www.eumedbridge.eu\/fr\/wp-json\/wp\/v2\/country?post=158143"},{"taxonomy":"special_action","embeddable":true,"href":"https:\/\/www.eumedbridge.eu\/fr\/wp-json\/wp\/v2\/special_action?post=158143"},{"taxonomy":"custom_tag","embeddable":true,"href":"https:\/\/www.eumedbridge.eu\/fr\/wp-json\/wp\/v2\/custom_tag?post=158143"}],"curies":[{"name":"wp","href":"https:\/\/api.w.org\/{rel}","templated":true}]}}