{"id":158160,"date":"2021-12-28T00:00:00","date_gmt":"2021-12-27T22:00:00","guid":{"rendered":"http:\/\/south.euneighbours.eu\/news\/linstitut-de-formation-sur-les-partenariats-pour-le-renforcement-des-capacites-dans-le-domaine-des-migrations-ouvre-ses-portes-a-malte\/"},"modified":"2022-07-08T16:00:34","modified_gmt":"2022-07-08T13:00:34","slug":"linstitut-de-formation-sur-les-partenariats-pour-le-renforcement-des","status":"publish","type":"news","link":"https:\/\/www.eumedbridge.eu\/fr\/news\/linstitut-de-formation-sur-les-partenariats-pour-le-renforcement-des\/","title":{"rendered":"L\u2019Institut de formation sur les partenariats pour le renforcement des capacit\u00e9s dans le domaine des migrations ouvre ses portes \u00e0 Malte"},"content":{"rendered":"<p><span>Le <\/span><span><a href=\"https:\/\/www.icmpd.org\/\"><strong><span>Centre international pour le d\u00e9veloppement des politiques migratoires<\/span><\/strong><\/a><\/span><span>\u00a0(CIDPM) a proc\u00e9d\u00e9 \u00e0 l\u2019inauguration officielle des nouveaux locaux de son Bureau r\u00e9gional pour la M\u00e9diterran\u00e9e bas\u00e9 \u00e0 Malte et lanc\u00e9 l\u2019Institut de formation sur les partenariats pour le renforcement des capacit\u00e9s dans le domaine des migrations (MCP Med TI).<\/span><\/p>\n<p><span>Financ\u00e9 par Malte, le Danemark, l\u2019Autriche et l\u2019Union europ\u00e9enne, le nouvel institut de formation offrira aux gouvernements partenaires de la r\u00e9gion m\u00e9diterran\u00e9enne une formation certifi\u00e9e sur les aspects importants de la question des migrations.<\/span><\/p>\n<p><span>Cette initiative est li\u00e9e \u00e0 deux volets strat\u00e9giques aux niveaux europ\u00e9en et r\u00e9gional, \u00e0 savoir la formation professionnelle et la gouvernance des migrations, et r\u00e9pond \u00e0 des besoins sp\u00e9cifiques identifi\u00e9s dans la r\u00e9gion m\u00e9diterran\u00e9enne.<\/span><\/p>\n<p><strong><span>Pour plus d&rsquo;informations<\/span><\/strong><\/p>\n<p><a href=\"https:\/\/www.icmpd.org\/news\/icmpd-training-institute-on-migration-capacity-partnership-opened-in-malta\"><span>Communiqu\u00e9 de presse<\/span><\/a><\/p>\n<p>\u00a0<\/p>\n","protected":false},"featured_media":77473,"parent":0,"template":"","news_category":[],"country":[1956],"special_action":[],"custom_tag":[2312,2817,2821],"class_list":["post-158160","news","type-news","status-publish","has-post-thumbnail","hentry","country-region-sud","custom_tag-developpement-durable","custom_tag-education-fr","custom_tag-migration-fr"],"acf":[],"yoast_head":"<!-- This site is optimized with the Yoast SEO plugin v26.5 - https:\/\/yoast.com\/wordpress\/plugins\/seo\/ -->\n<title>L\u2019Institut de formation sur les partenariats pour le renforcement des capacit\u00e9s dans le domaine des migrations ouvre ses portes \u00e0 Malte - Voisins de l&#039;UE<\/title>\n<meta name=\"robots\" content=\"index, follow, max-snippet:-1, max-image-preview:large, max-video-preview:-1\" \/>\n<link rel=\"canonical\" href=\"https:\/\/www.eumedbridge.eu\/fr\/news\/linstitut-de-formation-sur-les-partenariats-pour-le-renforcement-des\/\" \/>\n<meta property=\"og:locale\" content=\"fr_FR\" \/>\n<meta property=\"og:type\" content=\"article\" \/>\n<meta property=\"og:title\" content=\"L\u2019Institut de formation sur les partenariats pour le renforcement des capacit\u00e9s dans le domaine des migrations ouvre ses portes \u00e0 Malte - Voisins de l&#039;UE\" \/>\n<meta property=\"og:description\" content=\"Le Centre international pour le d\u00e9veloppement des politiques migratoires\u00a0(CIDPM) a proc\u00e9d\u00e9 \u00e0 l\u2019inauguration officielle des nouveaux locaux de son Bureau r\u00e9gional pour la M\u00e9diterran\u00e9e bas\u00e9 \u00e0 Malte et lanc\u00e9 l\u2019Institut de formation sur les partenariats pour le renforcement des capacit\u00e9s dans le domaine des migrations (MCP Med TI). Financ\u00e9 par Malte, le Danemark, l\u2019Autriche et [&hellip;]\" \/>\n<meta property=\"og:url\" content=\"https:\/\/www.eumedbridge.eu\/fr\/news\/linstitut-de-formation-sur-les-partenariats-pour-le-renforcement-des\/\" \/>\n<meta property=\"og:site_name\" content=\"Voisins de l&#039;UE\" \/>\n<meta property=\"article:publisher\" content=\"https:\/\/www.facebook.com\/eumedbridge\/\" \/>\n<meta property=\"article:modified_time\" content=\"2022-07-08T13:00:34+00:00\" \/>\n<meta property=\"og:image\" content=\"https:\/\/www.eumedbridge.eu\/wp-content\/uploads\/2022\/03\/op.png\" \/>\n\t<meta property=\"og:image:width\" content=\"679\" \/>\n\t<meta property=\"og:image:height\" content=\"369\" \/>\n\t<meta property=\"og:image:type\" content=\"image\/png\" \/>\n<meta name=\"twitter:card\" content=\"summary_large_image\" \/>\n<meta name=\"twitter:site\" content=\"@eumedbridge\" \/>\n<meta name=\"twitter:label1\" content=\"Dur\u00e9e de lecture estim\u00e9e\" \/>\n\t<meta name=\"twitter:data1\" content=\"1 minute\" \/>\n<script type=\"application\/ld+json\" class=\"yoast-schema-graph\">{\"@context\":\"https:\/\/schema.org\",\"@graph\":[{\"@type\":\"WebPage\",\"@id\":\"https:\/\/www.eumedbridge.eu\/fr\/news\/linstitut-de-formation-sur-les-partenariats-pour-le-renforcement-des\/\",\"url\":\"https:\/\/www.eumedbridge.eu\/fr\/news\/linstitut-de-formation-sur-les-partenariats-pour-le-renforcement-des\/\",\"name\":\"L\u2019Institut de formation sur les partenariats pour le renforcement des capacit\u00e9s dans le domaine des migrations ouvre ses portes \u00e0 Malte - Voisins de l'UE\",\"isPartOf\":{\"@id\":\"https:\/\/www.eumedbridge.eu\/#website\"},\"primaryImageOfPage\":{\"@id\":\"https:\/\/www.eumedbridge.eu\/fr\/news\/linstitut-de-formation-sur-les-partenariats-pour-le-renforcement-des\/#primaryimage\"},\"image\":{\"@id\":\"https:\/\/www.eumedbridge.eu\/fr\/news\/linstitut-de-formation-sur-les-partenariats-pour-le-renforcement-des\/#primaryimage\"},\"thumbnailUrl\":\"https:\/\/www.eumedbridge.eu\/wp-content\/uploads\/2022\/03\/op.png\",\"datePublished\":\"2021-12-27T22:00:00+00:00\",\"dateModified\":\"2022-07-08T13:00:34+00:00\",\"breadcrumb\":{\"@id\":\"https:\/\/www.eumedbridge.eu\/fr\/news\/linstitut-de-formation-sur-les-partenariats-pour-le-renforcement-des\/#breadcrumb\"},\"inLanguage\":\"fr-FR\",\"potentialAction\":[{\"@type\":\"ReadAction\",\"target\":[\"https:\/\/www.eumedbridge.eu\/fr\/news\/linstitut-de-formation-sur-les-partenariats-pour-le-renforcement-des\/\"]}]},{\"@type\":\"ImageObject\",\"inLanguage\":\"fr-FR\",\"@id\":\"https:\/\/www.eumedbridge.eu\/fr\/news\/linstitut-de-formation-sur-les-partenariats-pour-le-renforcement-des\/#primaryimage\",\"url\":\"https:\/\/www.eumedbridge.eu\/wp-content\/uploads\/2022\/03\/op.png\",\"contentUrl\":\"https:\/\/www.eumedbridge.eu\/wp-content\/uploads\/2022\/03\/op.png\",\"width\":679,\"height\":369},{\"@type\":\"BreadcrumbList\",\"@id\":\"https:\/\/www.eumedbridge.eu\/fr\/news\/linstitut-de-formation-sur-les-partenariats-pour-le-renforcement-des\/#breadcrumb\",\"itemListElement\":[{\"@type\":\"ListItem\",\"position\":1,\"name\":\"Home\",\"item\":\"https:\/\/www.eumedbridge.eu\/fr\/home-page\/\"},{\"@type\":\"ListItem\",\"position\":2,\"name\":\"Actualit\u00e9s\",\"item\":\"https:\/\/www.eumedbridge.eu\/fr\/news\/\"},{\"@type\":\"ListItem\",\"position\":3,\"name\":\"L\u2019Institut de formation sur les partenariats pour le renforcement des capacit\u00e9s dans le domaine des migrations ouvre ses portes \u00e0 Malte\"}]},{\"@type\":\"WebSite\",\"@id\":\"https:\/\/www.eumedbridge.eu\/#website\",\"url\":\"https:\/\/www.eumedbridge.eu\/\",\"name\":\"EU Medbridge\",\"description\":\"\",\"publisher\":{\"@id\":\"https:\/\/www.eumedbridge.eu\/#organization\"},\"potentialAction\":[{\"@type\":\"SearchAction\",\"target\":{\"@type\":\"EntryPoint\",\"urlTemplate\":\"https:\/\/www.eumedbridge.eu\/?s={search_term_string}\"},\"query-input\":{\"@type\":\"PropertyValueSpecification\",\"valueRequired\":true,\"valueName\":\"search_term_string\"}}],\"inLanguage\":\"fr-FR\"},{\"@type\":\"Organization\",\"@id\":\"https:\/\/www.eumedbridge.eu\/#organization\",\"name\":\"EU Medbridge\",\"url\":\"https:\/\/www.eumedbridge.eu\/\",\"logo\":{\"@type\":\"ImageObject\",\"inLanguage\":\"fr-FR\",\"@id\":\"https:\/\/www.eumedbridge.eu\/#\/schema\/logo\/image\/\",\"url\":\"https:\/\/www.eumedbridge.eu\/wp-content\/uploads\/2021\/12\/Logo.png\",\"contentUrl\":\"https:\/\/www.eumedbridge.eu\/wp-content\/uploads\/2021\/12\/Logo.png\",\"width\":325,\"height\":114,\"caption\":\"EU Medbridge\"},\"image\":{\"@id\":\"https:\/\/www.eumedbridge.eu\/#\/schema\/logo\/image\/\"},\"sameAs\":[\"https:\/\/www.facebook.com\/eumedbridge\/\",\"https:\/\/x.com\/eumedbridge\",\"https:\/\/www.linkedin.com\/company\/eumedbridge\",\"https:\/\/www.youtube.com\/@eumedbridge\",\"https:\/\/www.instagram.com\/eumedbridge\",\"https:\/\/www.flickr.com\/photos\/euneighbours-south\/\"]}]}<\/script>\n<!-- \/ Yoast SEO plugin. -->","yoast_head_json":{"title":"L\u2019Institut de formation sur les partenariats pour le renforcement des capacit\u00e9s dans le domaine des migrations ouvre ses portes \u00e0 Malte - Voisins de l'UE","robots":{"index":"index","follow":"follow","max-snippet":"max-snippet:-1","max-image-preview":"max-image-preview:large","max-video-preview":"max-video-preview:-1"},"canonical":"https:\/\/www.eumedbridge.eu\/fr\/news\/linstitut-de-formation-sur-les-partenariats-pour-le-renforcement-des\/","og_locale":"fr_FR","og_type":"article","og_title":"L\u2019Institut de formation sur les partenariats pour le renforcement des capacit\u00e9s dans le domaine des migrations ouvre ses portes \u00e0 Malte - Voisins de l'UE","og_description":"Le Centre international pour le d\u00e9veloppement des politiques migratoires\u00a0(CIDPM) a proc\u00e9d\u00e9 \u00e0 l\u2019inauguration officielle des nouveaux locaux de son Bureau r\u00e9gional pour la M\u00e9diterran\u00e9e bas\u00e9 \u00e0 Malte et lanc\u00e9 l\u2019Institut de formation sur les partenariats pour le renforcement des capacit\u00e9s dans le domaine des migrations (MCP Med TI). Financ\u00e9 par Malte, le Danemark, l\u2019Autriche et [&hellip;]","og_url":"https:\/\/www.eumedbridge.eu\/fr\/news\/linstitut-de-formation-sur-les-partenariats-pour-le-renforcement-des\/","og_site_name":"Voisins de l'UE","article_publisher":"https:\/\/www.facebook.com\/eumedbridge\/","article_modified_time":"2022-07-08T13:00:34+00:00","og_image":[{"width":679,"height":369,"url":"https:\/\/www.eumedbridge.eu\/wp-content\/uploads\/2022\/03\/op.png","type":"image\/png"}],"twitter_card":"summary_large_image","twitter_site":"@eumedbridge","twitter_misc":{"Dur\u00e9e de lecture estim\u00e9e":"1 minute"},"schema":{"@context":"https:\/\/schema.org","@graph":[{"@type":"WebPage","@id":"https:\/\/www.eumedbridge.eu\/fr\/news\/linstitut-de-formation-sur-les-partenariats-pour-le-renforcement-des\/","url":"https:\/\/www.eumedbridge.eu\/fr\/news\/linstitut-de-formation-sur-les-partenariats-pour-le-renforcement-des\/","name":"L\u2019Institut de formation sur les partenariats pour le renforcement des capacit\u00e9s dans le domaine des migrations ouvre ses portes \u00e0 Malte - Voisins de l'UE","isPartOf":{"@id":"https:\/\/www.eumedbridge.eu\/#website"},"primaryImageOfPage":{"@id":"https:\/\/www.eumedbridge.eu\/fr\/news\/linstitut-de-formation-sur-les-partenariats-pour-le-renforcement-des\/#primaryimage"},"image":{"@id":"https:\/\/www.eumedbridge.eu\/fr\/news\/linstitut-de-formation-sur-les-partenariats-pour-le-renforcement-des\/#primaryimage"},"thumbnailUrl":"https:\/\/www.eumedbridge.eu\/wp-content\/uploads\/2022\/03\/op.png","datePublished":"2021-12-27T22:00:00+00:00","dateModified":"2022-07-08T13:00:34+00:00","breadcrumb":{"@id":"https:\/\/www.eumedbridge.eu\/fr\/news\/linstitut-de-formation-sur-les-partenariats-pour-le-renforcement-des\/#breadcrumb"},"inLanguage":"fr-FR","potentialAction":[{"@type":"ReadAction","target":["https:\/\/www.eumedbridge.eu\/fr\/news\/linstitut-de-formation-sur-les-partenariats-pour-le-renforcement-des\/"]}]},{"@type":"ImageObject","inLanguage":"fr-FR","@id":"https:\/\/www.eumedbridge.eu\/fr\/news\/linstitut-de-formation-sur-les-partenariats-pour-le-renforcement-des\/#primaryimage","url":"https:\/\/www.eumedbridge.eu\/wp-content\/uploads\/2022\/03\/op.png","contentUrl":"https:\/\/www.eumedbridge.eu\/wp-content\/uploads\/2022\/03\/op.png","width":679,"height":369},{"@type":"BreadcrumbList","@id":"https:\/\/www.eumedbridge.eu\/fr\/news\/linstitut-de-formation-sur-les-partenariats-pour-le-renforcement-des\/#breadcrumb","itemListElement":[{"@type":"ListItem","position":1,"name":"Home","item":"https:\/\/www.eumedbridge.eu\/fr\/home-page\/"},{"@type":"ListItem","position":2,"name":"Actualit\u00e9s","item":"https:\/\/www.eumedbridge.eu\/fr\/news\/"},{"@type":"ListItem","position":3,"name":"L\u2019Institut de formation sur les partenariats pour le renforcement des capacit\u00e9s dans le domaine des migrations ouvre ses portes \u00e0 Malte"}]},{"@type":"WebSite","@id":"https:\/\/www.eumedbridge.eu\/#website","url":"https:\/\/www.eumedbridge.eu\/","name":"EU Medbridge","description":"","publisher":{"@id":"https:\/\/www.eumedbridge.eu\/#organization"},"potentialAction":[{"@type":"SearchAction","target":{"@type":"EntryPoint","urlTemplate":"https:\/\/www.eumedbridge.eu\/?s={search_term_string}"},"query-input":{"@type":"PropertyValueSpecification","valueRequired":true,"valueName":"search_term_string"}}],"inLanguage":"fr-FR"},{"@type":"Organization","@id":"https:\/\/www.eumedbridge.eu\/#organization","name":"EU Medbridge","url":"https:\/\/www.eumedbridge.eu\/","logo":{"@type":"ImageObject","inLanguage":"fr-FR","@id":"https:\/\/www.eumedbridge.eu\/#\/schema\/logo\/image\/","url":"https:\/\/www.eumedbridge.eu\/wp-content\/uploads\/2021\/12\/Logo.png","contentUrl":"https:\/\/www.eumedbridge.eu\/wp-content\/uploads\/2021\/12\/Logo.png","width":325,"height":114,"caption":"EU Medbridge"},"image":{"@id":"https:\/\/www.eumedbridge.eu\/#\/schema\/logo\/image\/"},"sameAs":["https:\/\/www.facebook.com\/eumedbridge\/","https:\/\/x.com\/eumedbridge","https:\/\/www.linkedin.com\/company\/eumedbridge","https:\/\/www.youtube.com\/@eumedbridge","https:\/\/www.instagram.com\/eumedbridge","https:\/\/www.flickr.com\/photos\/euneighbours-south\/"]}]}},"_links":{"self":[{"href":"https:\/\/www.eumedbridge.eu\/fr\/wp-json\/wp\/v2\/news\/158160","targetHints":{"allow":["GET"]}}],"collection":[{"href":"https:\/\/www.eumedbridge.eu\/fr\/wp-json\/wp\/v2\/news"}],"about":[{"href":"https:\/\/www.eumedbridge.eu\/fr\/wp-json\/wp\/v2\/types\/news"}],"wp:featuredmedia":[{"embeddable":true,"href":"https:\/\/www.eumedbridge.eu\/fr\/wp-json\/wp\/v2\/media\/77473"}],"wp:attachment":[{"href":"https:\/\/www.eumedbridge.eu\/fr\/wp-json\/wp\/v2\/media?parent=158160"}],"wp:term":[{"taxonomy":"news_category","embeddable":true,"href":"https:\/\/www.eumedbridge.eu\/fr\/wp-json\/wp\/v2\/news_category?post=158160"},{"taxonomy":"country","embeddable":true,"href":"https:\/\/www.eumedbridge.eu\/fr\/wp-json\/wp\/v2\/country?post=158160"},{"taxonomy":"special_action","embeddable":true,"href":"https:\/\/www.eumedbridge.eu\/fr\/wp-json\/wp\/v2\/special_action?post=158160"},{"taxonomy":"custom_tag","embeddable":true,"href":"https:\/\/www.eumedbridge.eu\/fr\/wp-json\/wp\/v2\/custom_tag?post=158160"}],"curies":[{"name":"wp","href":"https:\/\/api.w.org\/{rel}","templated":true}]}}