{"id":158194,"date":"2021-12-07T00:00:00","date_gmt":"2021-12-06T22:00:00","guid":{"rendered":"http:\/\/south.euneighbours.eu\/news\/forum-ue-ong-sur-les-droits-de-lhomme-lue-les-nations-unies-et-la-societe-civile-discutent-de-limpact-de-la-pandemie-de-coronavirus-sur-les-libertes-fondamentales\/"},"modified":"2022-07-08T16:01:52","modified_gmt":"2022-07-08T13:01:52","slug":"forum-ue-ong-sur-les-droits-de-lhomme-lue-les-nations-unies-et-la-societe","status":"publish","type":"news","link":"https:\/\/www.eumedbridge.eu\/fr\/news\/forum-ue-ong-sur-les-droits-de-lhomme-lue-les-nations-unies-et-la-societe\/","title":{"rendered":"Forum UE-ONG sur les droits de l\u2019homme\u00a0: l\u2019UE, les Nations Unies et la soci\u00e9t\u00e9 civile discutent de l\u2019impact de la pand\u00e9mie de coronavirus sur les libert\u00e9s fondamentales"},"content":{"rendered":"<p><span>Les 7\u00a0et 8\u00a0d\u00e9cembre, l\u2019<\/span><strong><strong>Union europ\u00e9enne<\/strong><\/strong><span>\u00a0et le <\/span><strong><strong>R\u00e9seau des droits de l\u2019homme et de la d\u00e9mocratie<\/strong><\/strong><span>\u00a0organisent le <\/span><span><a href=\"https:\/\/eungohumanrightsforum.app.swapcard.com\/event\/eu-ngo-human-rights-forum-2021-rebuilding-better-a-human-rights-based-recovery-from-the-pandemic-1?fbclid=IwAR3utBOeE4opLV7mDx8SNwGqN0cu463Wgp6ffwtIS4rEEmZ-qUTO0sb7npo\"><span>23<\/span><span>e<\/span><span>\u00a0Forum UE-ONG sur les droits de l\u2019homme<\/span><\/a><\/span><span>. Le forum virtuel de cette ann\u00e9e mettra l\u2019accent sur l\u2019approche \u00e0 adopter pour renforcer la protection de l\u2019espace civique dans le monde et promouvoir une relance fond\u00e9e sur les droits de l\u2019homme.<\/span><\/p>\n<p><span>\u00c0 travers 13\u00a0tables rondes et sessions interactives, des repr\u00e9sentants de l\u2019UE et de la soci\u00e9t\u00e9 civile, des experts des Nations Unies ainsi que des universitaires discuteront des r\u00e9percussions que la pand\u00e9mie de coronavirus a eues sur les libert\u00e9s fondamentales, notamment en ce qui concerne l\u2019espace civique en ligne et hors ligne, la libert\u00e9 d\u2019expression et de r\u00e9union pacifique, l\u2019acc\u00e8s aux services de sant\u00e9, y compris les soins de sant\u00e9 universels et les droits sexuels et reproductifs, ainsi que les droits \u00e9conomiques, sociaux et du travail, tels que le travail des enfants et la protection sociale.<\/span><\/p>\n<p><span>Plus de 500\u00a0ONG et d\u00e9fenseurs des droits de l\u2019homme de plus de 100\u00a0pays devraient participer au forum.\u00a0<\/span><\/p>\n<p><strong>Pour plus d&rsquo;informations<\/strong><\/p>\n<p><span><a href=\"https:\/\/eungohumanrightsforum.app.swapcard.com\/event\/eu-ngo-human-rights-forum-2021-rebuilding-better-a-human-rights-based-recovery-from-the-pandemic-1?fbclid=IwAR3utBOeE4opLV7mDx8SNwGqN0cu463Wgp6ffwtIS4rEEmZ-qUTO0sb7npo\"><span>Forum UE-ONG sur les droits de l\u2019homme<\/span><\/a><\/span><\/p>\n<p><a href=\"https:\/\/eungohumanrightsforum.app.swapcard.com\/event\/eu-ngo-human-rights-forum-2021-rebuilding-better-a-human-rights-based-recovery-from-the-pandemic-1\/plannings\/RXZlbnRWaWV3XzI5NzI2OQ%3D%3D?search=\"><span><span>Inscrivez-vous au <\/span><\/span><\/a><span><a href=\"https:\/\/eungohumanrightsforum.app.swapcard.com\/event\/eu-ngo-human-rights-forum-2021-rebuilding-better-a-human-rights-based-recovery-from-the-pandemic-1\/plannings\/RXZlbnRWaWV3XzI5NzI2OQ%3D%3D?search=\"><span>Forum UE-ONG sur les droits de l\u2019homme<\/span><\/a><\/span><a href=\"https:\/\/eungohumanrightsforum.app.swapcard.com\/event\/eu-ngo-human-rights-forum-2021-rebuilding-better-a-human-rights-based-recovery-from-the-pandemic-1\/plannings\/RXZlbnRWaWV3XzI5NzI2OQ%3D%3D?search=\"><span><span> 2021<\/span><\/span><\/a><\/p>\n<p>\u00a0<\/p>\n","protected":false},"featured_media":77073,"parent":0,"template":"","news_category":[],"country":[1956],"special_action":[],"custom_tag":[2313,2821],"class_list":["post-158194","news","type-news","status-publish","has-post-thumbnail","hentry","country-region-sud","custom_tag-droit-de-lhomme","custom_tag-migration-fr"],"acf":[],"yoast_head":"<!-- This site is optimized with the Yoast SEO plugin v26.5 - https:\/\/yoast.com\/wordpress\/plugins\/seo\/ -->\n<title>Forum UE-ONG sur les droits de l\u2019homme\u00a0: l\u2019UE, les Nations Unies et la soci\u00e9t\u00e9 civile discutent de l\u2019impact de la pand\u00e9mie de coronavirus sur les libert\u00e9s fondamentales - Voisins de l&#039;UE<\/title>\n<meta name=\"robots\" content=\"index, follow, max-snippet:-1, max-image-preview:large, max-video-preview:-1\" \/>\n<link rel=\"canonical\" href=\"https:\/\/www.eumedbridge.eu\/fr\/news\/forum-ue-ong-sur-les-droits-de-lhomme-lue-les-nations-unies-et-la-societe\/\" \/>\n<meta property=\"og:locale\" content=\"fr_FR\" \/>\n<meta property=\"og:type\" content=\"article\" \/>\n<meta property=\"og:title\" content=\"Forum UE-ONG sur les droits de l\u2019homme\u00a0: l\u2019UE, les Nations Unies et la soci\u00e9t\u00e9 civile discutent de l\u2019impact de la pand\u00e9mie de coronavirus sur les libert\u00e9s fondamentales - Voisins de l&#039;UE\" \/>\n<meta property=\"og:description\" content=\"Les 7\u00a0et 8\u00a0d\u00e9cembre, l\u2019Union europ\u00e9enne\u00a0et le R\u00e9seau des droits de l\u2019homme et de la d\u00e9mocratie\u00a0organisent le 23e\u00a0Forum UE-ONG sur les droits de l\u2019homme. Le forum virtuel de cette ann\u00e9e mettra l\u2019accent sur l\u2019approche \u00e0 adopter pour renforcer la protection de l\u2019espace civique dans le monde et promouvoir une relance fond\u00e9e sur les droits de l\u2019homme. [&hellip;]\" \/>\n<meta property=\"og:url\" content=\"https:\/\/www.eumedbridge.eu\/fr\/news\/forum-ue-ong-sur-les-droits-de-lhomme-lue-les-nations-unies-et-la-societe\/\" \/>\n<meta property=\"og:site_name\" content=\"Voisins de l&#039;UE\" \/>\n<meta property=\"article:publisher\" content=\"https:\/\/www.facebook.com\/eumedbridge\/\" \/>\n<meta property=\"article:modified_time\" content=\"2022-07-08T13:01:52+00:00\" \/>\n<meta property=\"og:image\" content=\"https:\/\/www.eumedbridge.eu\/wp-content\/uploads\/2022\/03\/eu-ngo.png\" \/>\n\t<meta property=\"og:image:width\" content=\"1440\" \/>\n\t<meta property=\"og:image:height\" content=\"720\" \/>\n\t<meta property=\"og:image:type\" content=\"image\/png\" \/>\n<meta name=\"twitter:card\" content=\"summary_large_image\" \/>\n<meta name=\"twitter:site\" content=\"@eumedbridge\" \/>\n<meta name=\"twitter:label1\" content=\"Dur\u00e9e de lecture estim\u00e9e\" \/>\n\t<meta name=\"twitter:data1\" content=\"1 minute\" \/>\n<script type=\"application\/ld+json\" class=\"yoast-schema-graph\">{\"@context\":\"https:\/\/schema.org\",\"@graph\":[{\"@type\":\"WebPage\",\"@id\":\"https:\/\/www.eumedbridge.eu\/fr\/news\/forum-ue-ong-sur-les-droits-de-lhomme-lue-les-nations-unies-et-la-societe\/\",\"url\":\"https:\/\/www.eumedbridge.eu\/fr\/news\/forum-ue-ong-sur-les-droits-de-lhomme-lue-les-nations-unies-et-la-societe\/\",\"name\":\"Forum UE-ONG sur les droits de l\u2019homme\u00a0: l\u2019UE, les Nations Unies et la soci\u00e9t\u00e9 civile discutent de l\u2019impact de la pand\u00e9mie de coronavirus sur les libert\u00e9s fondamentales - Voisins de l'UE\",\"isPartOf\":{\"@id\":\"https:\/\/www.eumedbridge.eu\/#website\"},\"primaryImageOfPage\":{\"@id\":\"https:\/\/www.eumedbridge.eu\/fr\/news\/forum-ue-ong-sur-les-droits-de-lhomme-lue-les-nations-unies-et-la-societe\/#primaryimage\"},\"image\":{\"@id\":\"https:\/\/www.eumedbridge.eu\/fr\/news\/forum-ue-ong-sur-les-droits-de-lhomme-lue-les-nations-unies-et-la-societe\/#primaryimage\"},\"thumbnailUrl\":\"https:\/\/www.eumedbridge.eu\/wp-content\/uploads\/2022\/03\/eu-ngo.png\",\"datePublished\":\"2021-12-06T22:00:00+00:00\",\"dateModified\":\"2022-07-08T13:01:52+00:00\",\"breadcrumb\":{\"@id\":\"https:\/\/www.eumedbridge.eu\/fr\/news\/forum-ue-ong-sur-les-droits-de-lhomme-lue-les-nations-unies-et-la-societe\/#breadcrumb\"},\"inLanguage\":\"fr-FR\",\"potentialAction\":[{\"@type\":\"ReadAction\",\"target\":[\"https:\/\/www.eumedbridge.eu\/fr\/news\/forum-ue-ong-sur-les-droits-de-lhomme-lue-les-nations-unies-et-la-societe\/\"]}]},{\"@type\":\"ImageObject\",\"inLanguage\":\"fr-FR\",\"@id\":\"https:\/\/www.eumedbridge.eu\/fr\/news\/forum-ue-ong-sur-les-droits-de-lhomme-lue-les-nations-unies-et-la-societe\/#primaryimage\",\"url\":\"https:\/\/www.eumedbridge.eu\/wp-content\/uploads\/2022\/03\/eu-ngo.png\",\"contentUrl\":\"https:\/\/www.eumedbridge.eu\/wp-content\/uploads\/2022\/03\/eu-ngo.png\",\"width\":1440,\"height\":720},{\"@type\":\"BreadcrumbList\",\"@id\":\"https:\/\/www.eumedbridge.eu\/fr\/news\/forum-ue-ong-sur-les-droits-de-lhomme-lue-les-nations-unies-et-la-societe\/#breadcrumb\",\"itemListElement\":[{\"@type\":\"ListItem\",\"position\":1,\"name\":\"Home\",\"item\":\"https:\/\/www.eumedbridge.eu\/fr\/home-page\/\"},{\"@type\":\"ListItem\",\"position\":2,\"name\":\"Actualit\u00e9s\",\"item\":\"https:\/\/www.eumedbridge.eu\/fr\/news\/\"},{\"@type\":\"ListItem\",\"position\":3,\"name\":\"Forum UE-ONG sur les droits de l\u2019homme\u00a0: l\u2019UE, les Nations Unies et la soci\u00e9t\u00e9 civile discutent de l\u2019impact de la pand\u00e9mie de coronavirus sur les libert\u00e9s fondamentales\"}]},{\"@type\":\"WebSite\",\"@id\":\"https:\/\/www.eumedbridge.eu\/#website\",\"url\":\"https:\/\/www.eumedbridge.eu\/\",\"name\":\"EU Medbridge\",\"description\":\"\",\"publisher\":{\"@id\":\"https:\/\/www.eumedbridge.eu\/#organization\"},\"potentialAction\":[{\"@type\":\"SearchAction\",\"target\":{\"@type\":\"EntryPoint\",\"urlTemplate\":\"https:\/\/www.eumedbridge.eu\/?s={search_term_string}\"},\"query-input\":{\"@type\":\"PropertyValueSpecification\",\"valueRequired\":true,\"valueName\":\"search_term_string\"}}],\"inLanguage\":\"fr-FR\"},{\"@type\":\"Organization\",\"@id\":\"https:\/\/www.eumedbridge.eu\/#organization\",\"name\":\"EU Medbridge\",\"url\":\"https:\/\/www.eumedbridge.eu\/\",\"logo\":{\"@type\":\"ImageObject\",\"inLanguage\":\"fr-FR\",\"@id\":\"https:\/\/www.eumedbridge.eu\/#\/schema\/logo\/image\/\",\"url\":\"https:\/\/www.eumedbridge.eu\/wp-content\/uploads\/2021\/12\/Logo.png\",\"contentUrl\":\"https:\/\/www.eumedbridge.eu\/wp-content\/uploads\/2021\/12\/Logo.png\",\"width\":325,\"height\":114,\"caption\":\"EU Medbridge\"},\"image\":{\"@id\":\"https:\/\/www.eumedbridge.eu\/#\/schema\/logo\/image\/\"},\"sameAs\":[\"https:\/\/www.facebook.com\/eumedbridge\/\",\"https:\/\/x.com\/eumedbridge\",\"https:\/\/www.linkedin.com\/company\/eumedbridge\",\"https:\/\/www.youtube.com\/@eumedbridge\",\"https:\/\/www.instagram.com\/eumedbridge\",\"https:\/\/www.flickr.com\/photos\/euneighbours-south\/\"]}]}<\/script>\n<!-- \/ Yoast SEO plugin. -->","yoast_head_json":{"title":"Forum UE-ONG sur les droits de l\u2019homme\u00a0: l\u2019UE, les Nations Unies et la soci\u00e9t\u00e9 civile discutent de l\u2019impact de la pand\u00e9mie de coronavirus sur les libert\u00e9s fondamentales - Voisins de l'UE","robots":{"index":"index","follow":"follow","max-snippet":"max-snippet:-1","max-image-preview":"max-image-preview:large","max-video-preview":"max-video-preview:-1"},"canonical":"https:\/\/www.eumedbridge.eu\/fr\/news\/forum-ue-ong-sur-les-droits-de-lhomme-lue-les-nations-unies-et-la-societe\/","og_locale":"fr_FR","og_type":"article","og_title":"Forum UE-ONG sur les droits de l\u2019homme\u00a0: l\u2019UE, les Nations Unies et la soci\u00e9t\u00e9 civile discutent de l\u2019impact de la pand\u00e9mie de coronavirus sur les libert\u00e9s fondamentales - Voisins de l'UE","og_description":"Les 7\u00a0et 8\u00a0d\u00e9cembre, l\u2019Union europ\u00e9enne\u00a0et le R\u00e9seau des droits de l\u2019homme et de la d\u00e9mocratie\u00a0organisent le 23e\u00a0Forum UE-ONG sur les droits de l\u2019homme. Le forum virtuel de cette ann\u00e9e mettra l\u2019accent sur l\u2019approche \u00e0 adopter pour renforcer la protection de l\u2019espace civique dans le monde et promouvoir une relance fond\u00e9e sur les droits de l\u2019homme. [&hellip;]","og_url":"https:\/\/www.eumedbridge.eu\/fr\/news\/forum-ue-ong-sur-les-droits-de-lhomme-lue-les-nations-unies-et-la-societe\/","og_site_name":"Voisins de l'UE","article_publisher":"https:\/\/www.facebook.com\/eumedbridge\/","article_modified_time":"2022-07-08T13:01:52+00:00","og_image":[{"width":1440,"height":720,"url":"https:\/\/www.eumedbridge.eu\/wp-content\/uploads\/2022\/03\/eu-ngo.png","type":"image\/png"}],"twitter_card":"summary_large_image","twitter_site":"@eumedbridge","twitter_misc":{"Dur\u00e9e de lecture estim\u00e9e":"1 minute"},"schema":{"@context":"https:\/\/schema.org","@graph":[{"@type":"WebPage","@id":"https:\/\/www.eumedbridge.eu\/fr\/news\/forum-ue-ong-sur-les-droits-de-lhomme-lue-les-nations-unies-et-la-societe\/","url":"https:\/\/www.eumedbridge.eu\/fr\/news\/forum-ue-ong-sur-les-droits-de-lhomme-lue-les-nations-unies-et-la-societe\/","name":"Forum UE-ONG sur les droits de l\u2019homme\u00a0: l\u2019UE, les Nations Unies et la soci\u00e9t\u00e9 civile discutent de l\u2019impact de la pand\u00e9mie de coronavirus sur les libert\u00e9s fondamentales - Voisins de l'UE","isPartOf":{"@id":"https:\/\/www.eumedbridge.eu\/#website"},"primaryImageOfPage":{"@id":"https:\/\/www.eumedbridge.eu\/fr\/news\/forum-ue-ong-sur-les-droits-de-lhomme-lue-les-nations-unies-et-la-societe\/#primaryimage"},"image":{"@id":"https:\/\/www.eumedbridge.eu\/fr\/news\/forum-ue-ong-sur-les-droits-de-lhomme-lue-les-nations-unies-et-la-societe\/#primaryimage"},"thumbnailUrl":"https:\/\/www.eumedbridge.eu\/wp-content\/uploads\/2022\/03\/eu-ngo.png","datePublished":"2021-12-06T22:00:00+00:00","dateModified":"2022-07-08T13:01:52+00:00","breadcrumb":{"@id":"https:\/\/www.eumedbridge.eu\/fr\/news\/forum-ue-ong-sur-les-droits-de-lhomme-lue-les-nations-unies-et-la-societe\/#breadcrumb"},"inLanguage":"fr-FR","potentialAction":[{"@type":"ReadAction","target":["https:\/\/www.eumedbridge.eu\/fr\/news\/forum-ue-ong-sur-les-droits-de-lhomme-lue-les-nations-unies-et-la-societe\/"]}]},{"@type":"ImageObject","inLanguage":"fr-FR","@id":"https:\/\/www.eumedbridge.eu\/fr\/news\/forum-ue-ong-sur-les-droits-de-lhomme-lue-les-nations-unies-et-la-societe\/#primaryimage","url":"https:\/\/www.eumedbridge.eu\/wp-content\/uploads\/2022\/03\/eu-ngo.png","contentUrl":"https:\/\/www.eumedbridge.eu\/wp-content\/uploads\/2022\/03\/eu-ngo.png","width":1440,"height":720},{"@type":"BreadcrumbList","@id":"https:\/\/www.eumedbridge.eu\/fr\/news\/forum-ue-ong-sur-les-droits-de-lhomme-lue-les-nations-unies-et-la-societe\/#breadcrumb","itemListElement":[{"@type":"ListItem","position":1,"name":"Home","item":"https:\/\/www.eumedbridge.eu\/fr\/home-page\/"},{"@type":"ListItem","position":2,"name":"Actualit\u00e9s","item":"https:\/\/www.eumedbridge.eu\/fr\/news\/"},{"@type":"ListItem","position":3,"name":"Forum UE-ONG sur les droits de l\u2019homme\u00a0: l\u2019UE, les Nations Unies et la soci\u00e9t\u00e9 civile discutent de l\u2019impact de la pand\u00e9mie de coronavirus sur les libert\u00e9s fondamentales"}]},{"@type":"WebSite","@id":"https:\/\/www.eumedbridge.eu\/#website","url":"https:\/\/www.eumedbridge.eu\/","name":"EU Medbridge","description":"","publisher":{"@id":"https:\/\/www.eumedbridge.eu\/#organization"},"potentialAction":[{"@type":"SearchAction","target":{"@type":"EntryPoint","urlTemplate":"https:\/\/www.eumedbridge.eu\/?s={search_term_string}"},"query-input":{"@type":"PropertyValueSpecification","valueRequired":true,"valueName":"search_term_string"}}],"inLanguage":"fr-FR"},{"@type":"Organization","@id":"https:\/\/www.eumedbridge.eu\/#organization","name":"EU Medbridge","url":"https:\/\/www.eumedbridge.eu\/","logo":{"@type":"ImageObject","inLanguage":"fr-FR","@id":"https:\/\/www.eumedbridge.eu\/#\/schema\/logo\/image\/","url":"https:\/\/www.eumedbridge.eu\/wp-content\/uploads\/2021\/12\/Logo.png","contentUrl":"https:\/\/www.eumedbridge.eu\/wp-content\/uploads\/2021\/12\/Logo.png","width":325,"height":114,"caption":"EU Medbridge"},"image":{"@id":"https:\/\/www.eumedbridge.eu\/#\/schema\/logo\/image\/"},"sameAs":["https:\/\/www.facebook.com\/eumedbridge\/","https:\/\/x.com\/eumedbridge","https:\/\/www.linkedin.com\/company\/eumedbridge","https:\/\/www.youtube.com\/@eumedbridge","https:\/\/www.instagram.com\/eumedbridge","https:\/\/www.flickr.com\/photos\/euneighbours-south\/"]}]}},"_links":{"self":[{"href":"https:\/\/www.eumedbridge.eu\/fr\/wp-json\/wp\/v2\/news\/158194","targetHints":{"allow":["GET"]}}],"collection":[{"href":"https:\/\/www.eumedbridge.eu\/fr\/wp-json\/wp\/v2\/news"}],"about":[{"href":"https:\/\/www.eumedbridge.eu\/fr\/wp-json\/wp\/v2\/types\/news"}],"wp:featuredmedia":[{"embeddable":true,"href":"https:\/\/www.eumedbridge.eu\/fr\/wp-json\/wp\/v2\/media\/77073"}],"wp:attachment":[{"href":"https:\/\/www.eumedbridge.eu\/fr\/wp-json\/wp\/v2\/media?parent=158194"}],"wp:term":[{"taxonomy":"news_category","embeddable":true,"href":"https:\/\/www.eumedbridge.eu\/fr\/wp-json\/wp\/v2\/news_category?post=158194"},{"taxonomy":"country","embeddable":true,"href":"https:\/\/www.eumedbridge.eu\/fr\/wp-json\/wp\/v2\/country?post=158194"},{"taxonomy":"special_action","embeddable":true,"href":"https:\/\/www.eumedbridge.eu\/fr\/wp-json\/wp\/v2\/special_action?post=158194"},{"taxonomy":"custom_tag","embeddable":true,"href":"https:\/\/www.eumedbridge.eu\/fr\/wp-json\/wp\/v2\/custom_tag?post=158194"}],"curies":[{"name":"wp","href":"https:\/\/api.w.org\/{rel}","templated":true}]}}