{"id":158248,"date":"2021-11-23T00:00:00","date_gmt":"2021-11-22T22:00:00","guid":{"rendered":"http:\/\/south.euneighbours.eu\/news\/fondation-anna-lindh-ceremonie-de-remise-du-prix-capitale-euromed-pour-le-dialogue-le-30-novembre\/"},"modified":"2022-07-08T16:04:04","modified_gmt":"2022-07-08T13:04:04","slug":"fondation-anna-lindh-ceremonie-de-remise-du-prix-capitale-euromed-pour-le","status":"publish","type":"news","link":"https:\/\/www.eumedbridge.eu\/fr\/news\/fondation-anna-lindh-ceremonie-de-remise-du-prix-capitale-euromed-pour-le\/","title":{"rendered":"Fondation Anna Lindh\u00a0: c\u00e9r\u00e9monie de remise du prix Capitale EuroMed pour le Dialogue le 30\u00a0novembre"},"content":{"rendered":"<p><span>Dans le cadre de la <\/span><strong><strong>Journ\u00e9e de la M\u00e9diterran\u00e9e<\/strong><\/strong><span>, la <\/span><span><a href=\"https:\/\/www.annalindhfoundation.org\/\"><span>Fondation Anna Lindh<\/span><\/a><\/span><strong><strong>\u00a0<\/strong><\/strong><span>organise la <\/span><strong><strong>c\u00e9r\u00e9monie de remise du prix <\/strong><\/strong><span><a href=\"https:\/\/euneighbours.eu\/en\/south\/stay-informed\/news\/anna-lindh-foundation-launches-call-euromed-capital-dialogue-award\"><span>Capitale EuroMed pour le Dialogue\u00a02021<\/span><\/a><\/span><strong><strong>.<\/strong><\/strong><\/p>\n<p><span>La c\u00e9r\u00e9monie, qui se d\u00e9roulera en ligne le 30\u00a0novembre\u00a02021 de\u00a016\u00a0h\u00a000 \u00e0\u00a017\u00a0h\u00a030 (heure de l\u2019Europe centrale), est con\u00e7ue comme une rencontre r\u00e9gionale pour pr\u00e9senter le travail et la vision strat\u00e9gique de deux villes laur\u00e9ates du prix Capitale EuroMed pour le Dialogue\u00a02021 en vue de la promotion du dialogue interculturel. En outre, cet \u00e9v\u00e9nement vise \u00e0 stimuler la r\u00e9flexion sur l\u2019importance de la promotion de la coop\u00e9ration de ville \u00e0 ville et de l\u2019appui apport\u00e9 \u00e0 l\u2019action de la soci\u00e9t\u00e9 civile pour faire progresser le dialogue interculturel au niveau local.<\/span><\/p>\n<p><span>Ce prix vise \u00e0 mettre en lumi\u00e8re des<\/span><strong><strong>\u00a0pratiques innovantes et interdisciplinaires<\/strong><\/strong><span>\u00a0impliquant diff\u00e9rents acteurs allant des autorit\u00e9s locales \u00e0 la soci\u00e9t\u00e9 civile, en passant par les \u00e9ducateurs, les journalistes, les universitaires et les organismes priv\u00e9s, pour la promotion de l\u2019\u00e9ducation interculturelle et de la production artistique, la coh\u00e9sion sociale, l\u2019interaction interculturelle, ainsi que la lutte contre les st\u00e9r\u00e9otypes et l\u2019intol\u00e9rance.<\/span><\/p>\n<p><span>Il vise \u00e9galement \u00e0 reconna\u00eetre <\/span><strong><strong>les villes multiculturelles et les villes ayant une vision<\/strong><\/strong><span>, qui mettent en \u0153uvre des politiques interculturelles et soutiennent des initiatives interculturelles ainsi que les <\/span><strong><strong>collaborations sociales et culturelles dans la r\u00e9gion euro-m\u00e9diterran\u00e9enne<\/strong><\/strong><span>.<\/span><\/p>\n<p><span>Pour encourager une approche syst\u00e9mique du dialogue au niveau local, donner de la visibilit\u00e9 aux bonnes pratiques et \u00e9changer des connaissances \u00e0 travers la r\u00e9gion euro-m\u00e9diterran\u00e9enne, la FAL organisera \u00e9galement dans le cadre du programme, entre juillet et octobre, <\/span><strong><strong>une s\u00e9rie de plates-formes de dialogue local<\/strong><\/strong><span>\u00a0r\u00e9unissant des repr\u00e9sentants des autorit\u00e9s locales et de la soci\u00e9t\u00e9 civile, des \u00e9ducateurs et des universitaires.<\/span><\/p>\n<p><strong><span>Pour plus d&rsquo;informations<\/span><\/strong><\/p>\n<p><a href=\"https:\/\/www.annalindhfoundation.org\/news\/online-bestowing-ceremony-euromed-capital-dialogue-award-30-november\"><span>Communiqu\u00e9 de presse<\/span><\/a><\/p>\n<p><span><a href=\"https:\/\/euneighbours.eu\/en\/south\/stay-informed\/news\/anna-lindh-foundation-launches-call-euromed-capital-dialogue-award\"><span>Prix Capitale EuroMed pour le Dialogue\u00a02021<\/span><\/a><\/span><\/p>\n<p>\u00a0<\/p>\n","protected":false},"featured_media":76523,"parent":0,"template":"","news_category":[],"country":[1956],"special_action":[],"custom_tag":[1874,2312,1897,1870],"class_list":["post-158248","news","type-news","status-publish","has-post-thumbnail","hentry","country-region-sud","custom_tag-culture-fr","custom_tag-developpement-durable","custom_tag-medias","custom_tag-societe-civile"],"acf":[],"yoast_head":"<!-- This site is optimized with the Yoast SEO plugin v26.5 - https:\/\/yoast.com\/wordpress\/plugins\/seo\/ -->\n<title>Fondation Anna Lindh\u00a0: c\u00e9r\u00e9monie de remise du prix Capitale EuroMed pour le Dialogue le 30\u00a0novembre - Voisins de l&#039;UE<\/title>\n<meta name=\"robots\" content=\"index, follow, max-snippet:-1, max-image-preview:large, max-video-preview:-1\" \/>\n<link rel=\"canonical\" href=\"https:\/\/www.eumedbridge.eu\/fr\/news\/fondation-anna-lindh-ceremonie-de-remise-du-prix-capitale-euromed-pour-le\/\" \/>\n<meta property=\"og:locale\" content=\"fr_FR\" \/>\n<meta property=\"og:type\" content=\"article\" \/>\n<meta property=\"og:title\" content=\"Fondation Anna Lindh\u00a0: c\u00e9r\u00e9monie de remise du prix Capitale EuroMed pour le Dialogue le 30\u00a0novembre - Voisins de l&#039;UE\" \/>\n<meta property=\"og:description\" content=\"Dans le cadre de la Journ\u00e9e de la M\u00e9diterran\u00e9e, la Fondation Anna Lindh\u00a0organise la c\u00e9r\u00e9monie de remise du prix Capitale EuroMed pour le Dialogue\u00a02021. La c\u00e9r\u00e9monie, qui se d\u00e9roulera en ligne le 30\u00a0novembre\u00a02021 de\u00a016\u00a0h\u00a000 \u00e0\u00a017\u00a0h\u00a030 (heure de l\u2019Europe centrale), est con\u00e7ue comme une rencontre r\u00e9gionale pour pr\u00e9senter le travail et la vision strat\u00e9gique de deux [&hellip;]\" \/>\n<meta property=\"og:url\" content=\"https:\/\/www.eumedbridge.eu\/fr\/news\/fondation-anna-lindh-ceremonie-de-remise-du-prix-capitale-euromed-pour-le\/\" \/>\n<meta property=\"og:site_name\" content=\"Voisins de l&#039;UE\" \/>\n<meta property=\"article:publisher\" content=\"https:\/\/www.facebook.com\/eumedbridge\/\" \/>\n<meta property=\"article:modified_time\" content=\"2022-07-08T13:04:04+00:00\" \/>\n<meta property=\"og:image\" content=\"https:\/\/www.eumedbridge.eu\/wp-content\/uploads\/2022\/03\/Online-Award-Ceremony-30-November-scaled.jpg\" \/>\n\t<meta property=\"og:image:width\" content=\"2560\" \/>\n\t<meta property=\"og:image:height\" content=\"1702\" \/>\n\t<meta property=\"og:image:type\" content=\"image\/jpeg\" \/>\n<meta name=\"twitter:card\" content=\"summary_large_image\" \/>\n<meta name=\"twitter:site\" content=\"@eumedbridge\" \/>\n<meta name=\"twitter:label1\" content=\"Dur\u00e9e de lecture estim\u00e9e\" \/>\n\t<meta name=\"twitter:data1\" content=\"2 minutes\" \/>\n<script type=\"application\/ld+json\" class=\"yoast-schema-graph\">{\"@context\":\"https:\/\/schema.org\",\"@graph\":[{\"@type\":\"WebPage\",\"@id\":\"https:\/\/www.eumedbridge.eu\/fr\/news\/fondation-anna-lindh-ceremonie-de-remise-du-prix-capitale-euromed-pour-le\/\",\"url\":\"https:\/\/www.eumedbridge.eu\/fr\/news\/fondation-anna-lindh-ceremonie-de-remise-du-prix-capitale-euromed-pour-le\/\",\"name\":\"Fondation Anna Lindh\u00a0: c\u00e9r\u00e9monie de remise du prix Capitale EuroMed pour le Dialogue le 30\u00a0novembre - Voisins de l'UE\",\"isPartOf\":{\"@id\":\"https:\/\/www.eumedbridge.eu\/#website\"},\"primaryImageOfPage\":{\"@id\":\"https:\/\/www.eumedbridge.eu\/fr\/news\/fondation-anna-lindh-ceremonie-de-remise-du-prix-capitale-euromed-pour-le\/#primaryimage\"},\"image\":{\"@id\":\"https:\/\/www.eumedbridge.eu\/fr\/news\/fondation-anna-lindh-ceremonie-de-remise-du-prix-capitale-euromed-pour-le\/#primaryimage\"},\"thumbnailUrl\":\"https:\/\/www.eumedbridge.eu\/wp-content\/uploads\/2022\/03\/Online-Award-Ceremony-30-November-scaled.jpg\",\"datePublished\":\"2021-11-22T22:00:00+00:00\",\"dateModified\":\"2022-07-08T13:04:04+00:00\",\"breadcrumb\":{\"@id\":\"https:\/\/www.eumedbridge.eu\/fr\/news\/fondation-anna-lindh-ceremonie-de-remise-du-prix-capitale-euromed-pour-le\/#breadcrumb\"},\"inLanguage\":\"fr-FR\",\"potentialAction\":[{\"@type\":\"ReadAction\",\"target\":[\"https:\/\/www.eumedbridge.eu\/fr\/news\/fondation-anna-lindh-ceremonie-de-remise-du-prix-capitale-euromed-pour-le\/\"]}]},{\"@type\":\"ImageObject\",\"inLanguage\":\"fr-FR\",\"@id\":\"https:\/\/www.eumedbridge.eu\/fr\/news\/fondation-anna-lindh-ceremonie-de-remise-du-prix-capitale-euromed-pour-le\/#primaryimage\",\"url\":\"https:\/\/www.eumedbridge.eu\/wp-content\/uploads\/2022\/03\/Online-Award-Ceremony-30-November-scaled.jpg\",\"contentUrl\":\"https:\/\/www.eumedbridge.eu\/wp-content\/uploads\/2022\/03\/Online-Award-Ceremony-30-November-scaled.jpg\",\"width\":2560,\"height\":1702},{\"@type\":\"BreadcrumbList\",\"@id\":\"https:\/\/www.eumedbridge.eu\/fr\/news\/fondation-anna-lindh-ceremonie-de-remise-du-prix-capitale-euromed-pour-le\/#breadcrumb\",\"itemListElement\":[{\"@type\":\"ListItem\",\"position\":1,\"name\":\"Home\",\"item\":\"https:\/\/www.eumedbridge.eu\/fr\/home-page\/\"},{\"@type\":\"ListItem\",\"position\":2,\"name\":\"Actualit\u00e9s\",\"item\":\"https:\/\/www.eumedbridge.eu\/fr\/news\/\"},{\"@type\":\"ListItem\",\"position\":3,\"name\":\"Fondation Anna Lindh\u00a0: c\u00e9r\u00e9monie de remise du prix Capitale EuroMed pour le Dialogue le 30\u00a0novembre\"}]},{\"@type\":\"WebSite\",\"@id\":\"https:\/\/www.eumedbridge.eu\/#website\",\"url\":\"https:\/\/www.eumedbridge.eu\/\",\"name\":\"EU Medbridge\",\"description\":\"\",\"publisher\":{\"@id\":\"https:\/\/www.eumedbridge.eu\/#organization\"},\"potentialAction\":[{\"@type\":\"SearchAction\",\"target\":{\"@type\":\"EntryPoint\",\"urlTemplate\":\"https:\/\/www.eumedbridge.eu\/?s={search_term_string}\"},\"query-input\":{\"@type\":\"PropertyValueSpecification\",\"valueRequired\":true,\"valueName\":\"search_term_string\"}}],\"inLanguage\":\"fr-FR\"},{\"@type\":\"Organization\",\"@id\":\"https:\/\/www.eumedbridge.eu\/#organization\",\"name\":\"EU Medbridge\",\"url\":\"https:\/\/www.eumedbridge.eu\/\",\"logo\":{\"@type\":\"ImageObject\",\"inLanguage\":\"fr-FR\",\"@id\":\"https:\/\/www.eumedbridge.eu\/#\/schema\/logo\/image\/\",\"url\":\"https:\/\/www.eumedbridge.eu\/wp-content\/uploads\/2021\/12\/Logo.png\",\"contentUrl\":\"https:\/\/www.eumedbridge.eu\/wp-content\/uploads\/2021\/12\/Logo.png\",\"width\":325,\"height\":114,\"caption\":\"EU Medbridge\"},\"image\":{\"@id\":\"https:\/\/www.eumedbridge.eu\/#\/schema\/logo\/image\/\"},\"sameAs\":[\"https:\/\/www.facebook.com\/eumedbridge\/\",\"https:\/\/x.com\/eumedbridge\",\"https:\/\/www.linkedin.com\/company\/eumedbridge\",\"https:\/\/www.youtube.com\/@eumedbridge\",\"https:\/\/www.instagram.com\/eumedbridge\",\"https:\/\/www.flickr.com\/photos\/euneighbours-south\/\"]}]}<\/script>\n<!-- \/ Yoast SEO plugin. -->","yoast_head_json":{"title":"Fondation Anna Lindh\u00a0: c\u00e9r\u00e9monie de remise du prix Capitale EuroMed pour le Dialogue le 30\u00a0novembre - Voisins de l'UE","robots":{"index":"index","follow":"follow","max-snippet":"max-snippet:-1","max-image-preview":"max-image-preview:large","max-video-preview":"max-video-preview:-1"},"canonical":"https:\/\/www.eumedbridge.eu\/fr\/news\/fondation-anna-lindh-ceremonie-de-remise-du-prix-capitale-euromed-pour-le\/","og_locale":"fr_FR","og_type":"article","og_title":"Fondation Anna Lindh\u00a0: c\u00e9r\u00e9monie de remise du prix Capitale EuroMed pour le Dialogue le 30\u00a0novembre - Voisins de l'UE","og_description":"Dans le cadre de la Journ\u00e9e de la M\u00e9diterran\u00e9e, la Fondation Anna Lindh\u00a0organise la c\u00e9r\u00e9monie de remise du prix Capitale EuroMed pour le Dialogue\u00a02021. La c\u00e9r\u00e9monie, qui se d\u00e9roulera en ligne le 30\u00a0novembre\u00a02021 de\u00a016\u00a0h\u00a000 \u00e0\u00a017\u00a0h\u00a030 (heure de l\u2019Europe centrale), est con\u00e7ue comme une rencontre r\u00e9gionale pour pr\u00e9senter le travail et la vision strat\u00e9gique de deux [&hellip;]","og_url":"https:\/\/www.eumedbridge.eu\/fr\/news\/fondation-anna-lindh-ceremonie-de-remise-du-prix-capitale-euromed-pour-le\/","og_site_name":"Voisins de l'UE","article_publisher":"https:\/\/www.facebook.com\/eumedbridge\/","article_modified_time":"2022-07-08T13:04:04+00:00","og_image":[{"width":2560,"height":1702,"url":"https:\/\/www.eumedbridge.eu\/wp-content\/uploads\/2022\/03\/Online-Award-Ceremony-30-November-scaled.jpg","type":"image\/jpeg"}],"twitter_card":"summary_large_image","twitter_site":"@eumedbridge","twitter_misc":{"Dur\u00e9e de lecture estim\u00e9e":"2 minutes"},"schema":{"@context":"https:\/\/schema.org","@graph":[{"@type":"WebPage","@id":"https:\/\/www.eumedbridge.eu\/fr\/news\/fondation-anna-lindh-ceremonie-de-remise-du-prix-capitale-euromed-pour-le\/","url":"https:\/\/www.eumedbridge.eu\/fr\/news\/fondation-anna-lindh-ceremonie-de-remise-du-prix-capitale-euromed-pour-le\/","name":"Fondation Anna Lindh\u00a0: c\u00e9r\u00e9monie de remise du prix Capitale EuroMed pour le Dialogue le 30\u00a0novembre - Voisins de l'UE","isPartOf":{"@id":"https:\/\/www.eumedbridge.eu\/#website"},"primaryImageOfPage":{"@id":"https:\/\/www.eumedbridge.eu\/fr\/news\/fondation-anna-lindh-ceremonie-de-remise-du-prix-capitale-euromed-pour-le\/#primaryimage"},"image":{"@id":"https:\/\/www.eumedbridge.eu\/fr\/news\/fondation-anna-lindh-ceremonie-de-remise-du-prix-capitale-euromed-pour-le\/#primaryimage"},"thumbnailUrl":"https:\/\/www.eumedbridge.eu\/wp-content\/uploads\/2022\/03\/Online-Award-Ceremony-30-November-scaled.jpg","datePublished":"2021-11-22T22:00:00+00:00","dateModified":"2022-07-08T13:04:04+00:00","breadcrumb":{"@id":"https:\/\/www.eumedbridge.eu\/fr\/news\/fondation-anna-lindh-ceremonie-de-remise-du-prix-capitale-euromed-pour-le\/#breadcrumb"},"inLanguage":"fr-FR","potentialAction":[{"@type":"ReadAction","target":["https:\/\/www.eumedbridge.eu\/fr\/news\/fondation-anna-lindh-ceremonie-de-remise-du-prix-capitale-euromed-pour-le\/"]}]},{"@type":"ImageObject","inLanguage":"fr-FR","@id":"https:\/\/www.eumedbridge.eu\/fr\/news\/fondation-anna-lindh-ceremonie-de-remise-du-prix-capitale-euromed-pour-le\/#primaryimage","url":"https:\/\/www.eumedbridge.eu\/wp-content\/uploads\/2022\/03\/Online-Award-Ceremony-30-November-scaled.jpg","contentUrl":"https:\/\/www.eumedbridge.eu\/wp-content\/uploads\/2022\/03\/Online-Award-Ceremony-30-November-scaled.jpg","width":2560,"height":1702},{"@type":"BreadcrumbList","@id":"https:\/\/www.eumedbridge.eu\/fr\/news\/fondation-anna-lindh-ceremonie-de-remise-du-prix-capitale-euromed-pour-le\/#breadcrumb","itemListElement":[{"@type":"ListItem","position":1,"name":"Home","item":"https:\/\/www.eumedbridge.eu\/fr\/home-page\/"},{"@type":"ListItem","position":2,"name":"Actualit\u00e9s","item":"https:\/\/www.eumedbridge.eu\/fr\/news\/"},{"@type":"ListItem","position":3,"name":"Fondation Anna Lindh\u00a0: c\u00e9r\u00e9monie de remise du prix Capitale EuroMed pour le Dialogue le 30\u00a0novembre"}]},{"@type":"WebSite","@id":"https:\/\/www.eumedbridge.eu\/#website","url":"https:\/\/www.eumedbridge.eu\/","name":"EU Medbridge","description":"","publisher":{"@id":"https:\/\/www.eumedbridge.eu\/#organization"},"potentialAction":[{"@type":"SearchAction","target":{"@type":"EntryPoint","urlTemplate":"https:\/\/www.eumedbridge.eu\/?s={search_term_string}"},"query-input":{"@type":"PropertyValueSpecification","valueRequired":true,"valueName":"search_term_string"}}],"inLanguage":"fr-FR"},{"@type":"Organization","@id":"https:\/\/www.eumedbridge.eu\/#organization","name":"EU Medbridge","url":"https:\/\/www.eumedbridge.eu\/","logo":{"@type":"ImageObject","inLanguage":"fr-FR","@id":"https:\/\/www.eumedbridge.eu\/#\/schema\/logo\/image\/","url":"https:\/\/www.eumedbridge.eu\/wp-content\/uploads\/2021\/12\/Logo.png","contentUrl":"https:\/\/www.eumedbridge.eu\/wp-content\/uploads\/2021\/12\/Logo.png","width":325,"height":114,"caption":"EU Medbridge"},"image":{"@id":"https:\/\/www.eumedbridge.eu\/#\/schema\/logo\/image\/"},"sameAs":["https:\/\/www.facebook.com\/eumedbridge\/","https:\/\/x.com\/eumedbridge","https:\/\/www.linkedin.com\/company\/eumedbridge","https:\/\/www.youtube.com\/@eumedbridge","https:\/\/www.instagram.com\/eumedbridge","https:\/\/www.flickr.com\/photos\/euneighbours-south\/"]}]}},"_links":{"self":[{"href":"https:\/\/www.eumedbridge.eu\/fr\/wp-json\/wp\/v2\/news\/158248","targetHints":{"allow":["GET"]}}],"collection":[{"href":"https:\/\/www.eumedbridge.eu\/fr\/wp-json\/wp\/v2\/news"}],"about":[{"href":"https:\/\/www.eumedbridge.eu\/fr\/wp-json\/wp\/v2\/types\/news"}],"wp:featuredmedia":[{"embeddable":true,"href":"https:\/\/www.eumedbridge.eu\/fr\/wp-json\/wp\/v2\/media\/76523"}],"wp:attachment":[{"href":"https:\/\/www.eumedbridge.eu\/fr\/wp-json\/wp\/v2\/media?parent=158248"}],"wp:term":[{"taxonomy":"news_category","embeddable":true,"href":"https:\/\/www.eumedbridge.eu\/fr\/wp-json\/wp\/v2\/news_category?post=158248"},{"taxonomy":"country","embeddable":true,"href":"https:\/\/www.eumedbridge.eu\/fr\/wp-json\/wp\/v2\/country?post=158248"},{"taxonomy":"special_action","embeddable":true,"href":"https:\/\/www.eumedbridge.eu\/fr\/wp-json\/wp\/v2\/special_action?post=158248"},{"taxonomy":"custom_tag","embeddable":true,"href":"https:\/\/www.eumedbridge.eu\/fr\/wp-json\/wp\/v2\/custom_tag?post=158248"}],"curies":[{"name":"wp","href":"https:\/\/api.w.org\/{rel}","templated":true}]}}