{"id":158292,"date":"2021-11-10T00:00:00","date_gmt":"2021-11-09T22:00:00","guid":{"rendered":"http:\/\/south.euneighbours.eu\/news\/lue-a-la-cop-26-la-commission-sengage-a-verser-100-millions-deuros-au-fonds-dadaptation\/"},"modified":"2022-07-08T16:05:53","modified_gmt":"2022-07-08T13:05:53","slug":"lue-la-cop-26-la-commission-sengage-verser-100-millions-deuros-au-fonds","status":"publish","type":"news","link":"https:\/\/www.eumedbridge.eu\/fr\/news\/lue-la-cop-26-la-commission-sengage-verser-100-millions-deuros-au-fonds\/","title":{"rendered":"L\u2019UE \u00e0 la COP 26\u00a0: la Commission s\u2019engage \u00e0 verser 100\u00a0millions d\u2019euros au Fonds d\u2019adaptation"},"content":{"rendered":"<p><span>Lors de la session pl\u00e9ni\u00e8re de haut niveau qui s\u2019est tenue la <\/span><span><a href=\"https:\/\/www.cop26eusideevents.eu\/\"><span>COP26<\/span><\/a><\/span><span>, la <\/span><span><a href=\"https:\/\/ec.europa.eu\/info\/index_fr\"><strong><span>Commission europ\u00e9enne<\/span><\/strong><\/a><\/span><span>\u00a0a annonc\u00e9 un nouvel engagement de financement de 100\u00a0millions d\u2019euros pour le Fonds d\u2019adaptation.<\/span><\/p>\n<p><span>S\u2019exprimant \u00e0 Glasgow, Frans\u00a0Timmermans, vice-pr\u00e9sident ex\u00e9cutif, a d\u00e9clar\u00e9\u00a0: \u00ab\u00a0<\/span><span>Nous devons accro\u00eetre le financement international de la lutte contre le changement climatique et fournir un cadre pr\u00e9visible pour sa mise en \u0153uvre. Le Fonds d\u2019adaptation peut jouer un r\u00f4le d\u00e9terminant et c\u2019est pourquoi je suis heureux d\u2019annoncer pour la premi\u00e8re fois que la Commission europ\u00e9enne engage 100\u00a0millions d\u2019euros en faveur du Fonds, afin de soutenir les pays en d\u00e9veloppement.<\/span><span>\u00a0\u00bb<\/span><\/p>\n<p><span>Cette contribution suppl\u00e9mentaire de 100\u00a0millions d\u2019euros provenant du <\/span><strong><strong>budget de l\u2019UE<\/strong><\/strong><span>\u00a0est de loin le plus grand engagement pris par les donateurs lors de la COP\u00a026 en faveur du Fonds d\u2019adaptation. Elle vient s\u2019ajouter aux contributions importantes d\u00e9j\u00e0 annonc\u00e9es par les \u00c9tats membres et confirme \u00e9galement le r\u00f4le de soutien de l\u2019UE au groupe informel des champions sur le financement de l\u2019adaptation.<\/span><\/p>\n<p><span>La contribution sera effectu\u00e9e d\u2019une mani\u00e8re compatible avec les r\u00e8gles financi\u00e8res de l\u2019UE. Elle souligne notre d\u00e9termination \u00e0 accro\u00eetre les financements pour soutenir les objectifs d\u2019adaptation au changement climatique et \u00e0 trouver un meilleur \u00e9quilibre entre att\u00e9nuation et adaptation, en particulier dans les pays les plus vuln\u00e9rables et pour le b\u00e9n\u00e9fice de leurs populations les plus vuln\u00e9rables. Cela vaut en premier lieu pour les pays les moins avanc\u00e9s et les petits \u00c9tats insulaires en d\u00e9veloppement.<\/span><\/p>\n<p><strong><span>Pour plus d&rsquo;informations<\/span><\/strong><\/p>\n<p><a href=\"https:\/\/ec.europa.eu\/commission\/presscorner\/detail\/en\/IP_21_5886\"><span>Communiqu\u00e9 de presse<\/span><\/a><\/p>\n<p>\u00a0<\/p>\n","protected":false},"featured_media":75793,"parent":0,"template":"","news_category":[],"country":[1956],"special_action":[],"custom_tag":[2312,1884],"class_list":["post-158292","news","type-news","status-publish","has-post-thumbnail","hentry","country-region-sud","custom_tag-developpement-durable","custom_tag-environnement-et-changement-climatique"],"acf":[],"yoast_head":"<!-- This site is optimized with the Yoast SEO plugin v26.5 - https:\/\/yoast.com\/wordpress\/plugins\/seo\/ -->\n<title>L\u2019UE \u00e0 la COP 26\u00a0: la Commission s\u2019engage \u00e0 verser 100\u00a0millions d\u2019euros au Fonds d\u2019adaptation - Voisins de l&#039;UE<\/title>\n<meta name=\"robots\" content=\"index, follow, max-snippet:-1, max-image-preview:large, max-video-preview:-1\" \/>\n<link rel=\"canonical\" href=\"https:\/\/www.eumedbridge.eu\/fr\/news\/lue-la-cop-26-la-commission-sengage-verser-100-millions-deuros-au-fonds\/\" \/>\n<meta property=\"og:locale\" content=\"fr_FR\" \/>\n<meta property=\"og:type\" content=\"article\" \/>\n<meta property=\"og:title\" content=\"L\u2019UE \u00e0 la COP 26\u00a0: la Commission s\u2019engage \u00e0 verser 100\u00a0millions d\u2019euros au Fonds d\u2019adaptation - Voisins de l&#039;UE\" \/>\n<meta property=\"og:description\" content=\"Lors de la session pl\u00e9ni\u00e8re de haut niveau qui s\u2019est tenue la COP26, la Commission europ\u00e9enne\u00a0a annonc\u00e9 un nouvel engagement de financement de 100\u00a0millions d\u2019euros pour le Fonds d\u2019adaptation. S\u2019exprimant \u00e0 Glasgow, Frans\u00a0Timmermans, vice-pr\u00e9sident ex\u00e9cutif, a d\u00e9clar\u00e9\u00a0: \u00ab\u00a0Nous devons accro\u00eetre le financement international de la lutte contre le changement climatique et fournir un cadre pr\u00e9visible [&hellip;]\" \/>\n<meta property=\"og:url\" content=\"https:\/\/www.eumedbridge.eu\/fr\/news\/lue-la-cop-26-la-commission-sengage-verser-100-millions-deuros-au-fonds\/\" \/>\n<meta property=\"og:site_name\" content=\"Voisins de l&#039;UE\" \/>\n<meta property=\"article:publisher\" content=\"https:\/\/www.facebook.com\/eumedbridge\/\" \/>\n<meta property=\"article:modified_time\" content=\"2022-07-08T13:05:53+00:00\" \/>\n<meta property=\"og:image\" content=\"https:\/\/www.eumedbridge.eu\/wp-content\/uploads\/2022\/03\/ec-1.png\" \/>\n\t<meta property=\"og:image:width\" content=\"1600\" \/>\n\t<meta property=\"og:image:height\" content=\"900\" \/>\n\t<meta property=\"og:image:type\" content=\"image\/png\" \/>\n<meta name=\"twitter:card\" content=\"summary_large_image\" \/>\n<meta name=\"twitter:site\" content=\"@eumedbridge\" \/>\n<meta name=\"twitter:label1\" content=\"Dur\u00e9e de lecture estim\u00e9e\" \/>\n\t<meta name=\"twitter:data1\" content=\"1 minute\" \/>\n<script type=\"application\/ld+json\" class=\"yoast-schema-graph\">{\"@context\":\"https:\/\/schema.org\",\"@graph\":[{\"@type\":\"WebPage\",\"@id\":\"https:\/\/www.eumedbridge.eu\/fr\/news\/lue-la-cop-26-la-commission-sengage-verser-100-millions-deuros-au-fonds\/\",\"url\":\"https:\/\/www.eumedbridge.eu\/fr\/news\/lue-la-cop-26-la-commission-sengage-verser-100-millions-deuros-au-fonds\/\",\"name\":\"L\u2019UE \u00e0 la COP 26\u00a0: la Commission s\u2019engage \u00e0 verser 100\u00a0millions d\u2019euros au Fonds d\u2019adaptation - Voisins de l'UE\",\"isPartOf\":{\"@id\":\"https:\/\/www.eumedbridge.eu\/#website\"},\"primaryImageOfPage\":{\"@id\":\"https:\/\/www.eumedbridge.eu\/fr\/news\/lue-la-cop-26-la-commission-sengage-verser-100-millions-deuros-au-fonds\/#primaryimage\"},\"image\":{\"@id\":\"https:\/\/www.eumedbridge.eu\/fr\/news\/lue-la-cop-26-la-commission-sengage-verser-100-millions-deuros-au-fonds\/#primaryimage\"},\"thumbnailUrl\":\"https:\/\/www.eumedbridge.eu\/wp-content\/uploads\/2022\/03\/ec-1.png\",\"datePublished\":\"2021-11-09T22:00:00+00:00\",\"dateModified\":\"2022-07-08T13:05:53+00:00\",\"breadcrumb\":{\"@id\":\"https:\/\/www.eumedbridge.eu\/fr\/news\/lue-la-cop-26-la-commission-sengage-verser-100-millions-deuros-au-fonds\/#breadcrumb\"},\"inLanguage\":\"fr-FR\",\"potentialAction\":[{\"@type\":\"ReadAction\",\"target\":[\"https:\/\/www.eumedbridge.eu\/fr\/news\/lue-la-cop-26-la-commission-sengage-verser-100-millions-deuros-au-fonds\/\"]}]},{\"@type\":\"ImageObject\",\"inLanguage\":\"fr-FR\",\"@id\":\"https:\/\/www.eumedbridge.eu\/fr\/news\/lue-la-cop-26-la-commission-sengage-verser-100-millions-deuros-au-fonds\/#primaryimage\",\"url\":\"https:\/\/www.eumedbridge.eu\/wp-content\/uploads\/2022\/03\/ec-1.png\",\"contentUrl\":\"https:\/\/www.eumedbridge.eu\/wp-content\/uploads\/2022\/03\/ec-1.png\",\"width\":1600,\"height\":900},{\"@type\":\"BreadcrumbList\",\"@id\":\"https:\/\/www.eumedbridge.eu\/fr\/news\/lue-la-cop-26-la-commission-sengage-verser-100-millions-deuros-au-fonds\/#breadcrumb\",\"itemListElement\":[{\"@type\":\"ListItem\",\"position\":1,\"name\":\"Home\",\"item\":\"https:\/\/www.eumedbridge.eu\/fr\/home-page\/\"},{\"@type\":\"ListItem\",\"position\":2,\"name\":\"Actualit\u00e9s\",\"item\":\"https:\/\/www.eumedbridge.eu\/fr\/news\/\"},{\"@type\":\"ListItem\",\"position\":3,\"name\":\"L\u2019UE \u00e0 la COP 26\u00a0: la Commission s\u2019engage \u00e0 verser 100\u00a0millions d\u2019euros au Fonds d\u2019adaptation\"}]},{\"@type\":\"WebSite\",\"@id\":\"https:\/\/www.eumedbridge.eu\/#website\",\"url\":\"https:\/\/www.eumedbridge.eu\/\",\"name\":\"EU Medbridge\",\"description\":\"\",\"publisher\":{\"@id\":\"https:\/\/www.eumedbridge.eu\/#organization\"},\"potentialAction\":[{\"@type\":\"SearchAction\",\"target\":{\"@type\":\"EntryPoint\",\"urlTemplate\":\"https:\/\/www.eumedbridge.eu\/?s={search_term_string}\"},\"query-input\":{\"@type\":\"PropertyValueSpecification\",\"valueRequired\":true,\"valueName\":\"search_term_string\"}}],\"inLanguage\":\"fr-FR\"},{\"@type\":\"Organization\",\"@id\":\"https:\/\/www.eumedbridge.eu\/#organization\",\"name\":\"EU Medbridge\",\"url\":\"https:\/\/www.eumedbridge.eu\/\",\"logo\":{\"@type\":\"ImageObject\",\"inLanguage\":\"fr-FR\",\"@id\":\"https:\/\/www.eumedbridge.eu\/#\/schema\/logo\/image\/\",\"url\":\"https:\/\/www.eumedbridge.eu\/wp-content\/uploads\/2021\/12\/Logo.png\",\"contentUrl\":\"https:\/\/www.eumedbridge.eu\/wp-content\/uploads\/2021\/12\/Logo.png\",\"width\":325,\"height\":114,\"caption\":\"EU Medbridge\"},\"image\":{\"@id\":\"https:\/\/www.eumedbridge.eu\/#\/schema\/logo\/image\/\"},\"sameAs\":[\"https:\/\/www.facebook.com\/eumedbridge\/\",\"https:\/\/x.com\/eumedbridge\",\"https:\/\/www.linkedin.com\/company\/eumedbridge\",\"https:\/\/www.youtube.com\/@eumedbridge\",\"https:\/\/www.instagram.com\/eumedbridge\",\"https:\/\/www.flickr.com\/photos\/euneighbours-south\/\"]}]}<\/script>\n<!-- \/ Yoast SEO plugin. -->","yoast_head_json":{"title":"L\u2019UE \u00e0 la COP 26\u00a0: la Commission s\u2019engage \u00e0 verser 100\u00a0millions d\u2019euros au Fonds d\u2019adaptation - Voisins de l'UE","robots":{"index":"index","follow":"follow","max-snippet":"max-snippet:-1","max-image-preview":"max-image-preview:large","max-video-preview":"max-video-preview:-1"},"canonical":"https:\/\/www.eumedbridge.eu\/fr\/news\/lue-la-cop-26-la-commission-sengage-verser-100-millions-deuros-au-fonds\/","og_locale":"fr_FR","og_type":"article","og_title":"L\u2019UE \u00e0 la COP 26\u00a0: la Commission s\u2019engage \u00e0 verser 100\u00a0millions d\u2019euros au Fonds d\u2019adaptation - Voisins de l'UE","og_description":"Lors de la session pl\u00e9ni\u00e8re de haut niveau qui s\u2019est tenue la COP26, la Commission europ\u00e9enne\u00a0a annonc\u00e9 un nouvel engagement de financement de 100\u00a0millions d\u2019euros pour le Fonds d\u2019adaptation. S\u2019exprimant \u00e0 Glasgow, Frans\u00a0Timmermans, vice-pr\u00e9sident ex\u00e9cutif, a d\u00e9clar\u00e9\u00a0: \u00ab\u00a0Nous devons accro\u00eetre le financement international de la lutte contre le changement climatique et fournir un cadre pr\u00e9visible [&hellip;]","og_url":"https:\/\/www.eumedbridge.eu\/fr\/news\/lue-la-cop-26-la-commission-sengage-verser-100-millions-deuros-au-fonds\/","og_site_name":"Voisins de l'UE","article_publisher":"https:\/\/www.facebook.com\/eumedbridge\/","article_modified_time":"2022-07-08T13:05:53+00:00","og_image":[{"width":1600,"height":900,"url":"https:\/\/www.eumedbridge.eu\/wp-content\/uploads\/2022\/03\/ec-1.png","type":"image\/png"}],"twitter_card":"summary_large_image","twitter_site":"@eumedbridge","twitter_misc":{"Dur\u00e9e de lecture estim\u00e9e":"1 minute"},"schema":{"@context":"https:\/\/schema.org","@graph":[{"@type":"WebPage","@id":"https:\/\/www.eumedbridge.eu\/fr\/news\/lue-la-cop-26-la-commission-sengage-verser-100-millions-deuros-au-fonds\/","url":"https:\/\/www.eumedbridge.eu\/fr\/news\/lue-la-cop-26-la-commission-sengage-verser-100-millions-deuros-au-fonds\/","name":"L\u2019UE \u00e0 la COP 26\u00a0: la Commission s\u2019engage \u00e0 verser 100\u00a0millions d\u2019euros au Fonds d\u2019adaptation - Voisins de l'UE","isPartOf":{"@id":"https:\/\/www.eumedbridge.eu\/#website"},"primaryImageOfPage":{"@id":"https:\/\/www.eumedbridge.eu\/fr\/news\/lue-la-cop-26-la-commission-sengage-verser-100-millions-deuros-au-fonds\/#primaryimage"},"image":{"@id":"https:\/\/www.eumedbridge.eu\/fr\/news\/lue-la-cop-26-la-commission-sengage-verser-100-millions-deuros-au-fonds\/#primaryimage"},"thumbnailUrl":"https:\/\/www.eumedbridge.eu\/wp-content\/uploads\/2022\/03\/ec-1.png","datePublished":"2021-11-09T22:00:00+00:00","dateModified":"2022-07-08T13:05:53+00:00","breadcrumb":{"@id":"https:\/\/www.eumedbridge.eu\/fr\/news\/lue-la-cop-26-la-commission-sengage-verser-100-millions-deuros-au-fonds\/#breadcrumb"},"inLanguage":"fr-FR","potentialAction":[{"@type":"ReadAction","target":["https:\/\/www.eumedbridge.eu\/fr\/news\/lue-la-cop-26-la-commission-sengage-verser-100-millions-deuros-au-fonds\/"]}]},{"@type":"ImageObject","inLanguage":"fr-FR","@id":"https:\/\/www.eumedbridge.eu\/fr\/news\/lue-la-cop-26-la-commission-sengage-verser-100-millions-deuros-au-fonds\/#primaryimage","url":"https:\/\/www.eumedbridge.eu\/wp-content\/uploads\/2022\/03\/ec-1.png","contentUrl":"https:\/\/www.eumedbridge.eu\/wp-content\/uploads\/2022\/03\/ec-1.png","width":1600,"height":900},{"@type":"BreadcrumbList","@id":"https:\/\/www.eumedbridge.eu\/fr\/news\/lue-la-cop-26-la-commission-sengage-verser-100-millions-deuros-au-fonds\/#breadcrumb","itemListElement":[{"@type":"ListItem","position":1,"name":"Home","item":"https:\/\/www.eumedbridge.eu\/fr\/home-page\/"},{"@type":"ListItem","position":2,"name":"Actualit\u00e9s","item":"https:\/\/www.eumedbridge.eu\/fr\/news\/"},{"@type":"ListItem","position":3,"name":"L\u2019UE \u00e0 la COP 26\u00a0: la Commission s\u2019engage \u00e0 verser 100\u00a0millions d\u2019euros au Fonds d\u2019adaptation"}]},{"@type":"WebSite","@id":"https:\/\/www.eumedbridge.eu\/#website","url":"https:\/\/www.eumedbridge.eu\/","name":"EU Medbridge","description":"","publisher":{"@id":"https:\/\/www.eumedbridge.eu\/#organization"},"potentialAction":[{"@type":"SearchAction","target":{"@type":"EntryPoint","urlTemplate":"https:\/\/www.eumedbridge.eu\/?s={search_term_string}"},"query-input":{"@type":"PropertyValueSpecification","valueRequired":true,"valueName":"search_term_string"}}],"inLanguage":"fr-FR"},{"@type":"Organization","@id":"https:\/\/www.eumedbridge.eu\/#organization","name":"EU Medbridge","url":"https:\/\/www.eumedbridge.eu\/","logo":{"@type":"ImageObject","inLanguage":"fr-FR","@id":"https:\/\/www.eumedbridge.eu\/#\/schema\/logo\/image\/","url":"https:\/\/www.eumedbridge.eu\/wp-content\/uploads\/2021\/12\/Logo.png","contentUrl":"https:\/\/www.eumedbridge.eu\/wp-content\/uploads\/2021\/12\/Logo.png","width":325,"height":114,"caption":"EU Medbridge"},"image":{"@id":"https:\/\/www.eumedbridge.eu\/#\/schema\/logo\/image\/"},"sameAs":["https:\/\/www.facebook.com\/eumedbridge\/","https:\/\/x.com\/eumedbridge","https:\/\/www.linkedin.com\/company\/eumedbridge","https:\/\/www.youtube.com\/@eumedbridge","https:\/\/www.instagram.com\/eumedbridge","https:\/\/www.flickr.com\/photos\/euneighbours-south\/"]}]}},"_links":{"self":[{"href":"https:\/\/www.eumedbridge.eu\/fr\/wp-json\/wp\/v2\/news\/158292","targetHints":{"allow":["GET"]}}],"collection":[{"href":"https:\/\/www.eumedbridge.eu\/fr\/wp-json\/wp\/v2\/news"}],"about":[{"href":"https:\/\/www.eumedbridge.eu\/fr\/wp-json\/wp\/v2\/types\/news"}],"wp:featuredmedia":[{"embeddable":true,"href":"https:\/\/www.eumedbridge.eu\/fr\/wp-json\/wp\/v2\/media\/75793"}],"wp:attachment":[{"href":"https:\/\/www.eumedbridge.eu\/fr\/wp-json\/wp\/v2\/media?parent=158292"}],"wp:term":[{"taxonomy":"news_category","embeddable":true,"href":"https:\/\/www.eumedbridge.eu\/fr\/wp-json\/wp\/v2\/news_category?post=158292"},{"taxonomy":"country","embeddable":true,"href":"https:\/\/www.eumedbridge.eu\/fr\/wp-json\/wp\/v2\/country?post=158292"},{"taxonomy":"special_action","embeddable":true,"href":"https:\/\/www.eumedbridge.eu\/fr\/wp-json\/wp\/v2\/special_action?post=158292"},{"taxonomy":"custom_tag","embeddable":true,"href":"https:\/\/www.eumedbridge.eu\/fr\/wp-json\/wp\/v2\/custom_tag?post=158292"}],"curies":[{"name":"wp","href":"https:\/\/api.w.org\/{rel}","templated":true}]}}