{"id":158320,"date":"2021-11-02T00:00:00","date_gmt":"2021-11-01T22:00:00","guid":{"rendered":"http:\/\/south.euneighbours.eu\/news\/plus-de-40-jeunes-chercheurs-participent-au-ive-forum-euromed-des-jeunes-chercheurs\/"},"modified":"2022-07-08T16:07:00","modified_gmt":"2022-07-08T13:07:00","slug":"plus-de-40-jeunes-chercheurs-participent-au-ive-forum-euromed-des-jeunes","status":"publish","type":"news","link":"https:\/\/www.eumedbridge.eu\/fr\/news\/plus-de-40-jeunes-chercheurs-participent-au-ive-forum-euromed-des-jeunes\/","title":{"rendered":"Plus de 40\u00a0jeunes chercheurs participent au IVe\u00a0Forum Euromed des jeunes chercheurs"},"content":{"rendered":"<p><span>Sous le th\u00e8me \u00ab\u00a0<\/span><strong><strong>La transition verte et num\u00e9rique dans la r\u00e9gion euro-m\u00e9diterran\u00e9enne\u00a0:\u00a0la jeunesse connecte les points \u00e0 travers le d\u00e9veloppement \u00e9conomique, la migration et la s\u00e9curit\u00e9<\/strong><\/strong><span>\u00a0\u00bb (<\/span><em><em>Green and Digital Transition in the Euro-Mediterranean: Youth Connecting the Dots Across Economic Development, Migration and Security<\/em><\/em><span>), plus de 40\u00a0jeunes chercheurs de toute la r\u00e9gion euro-m\u00e9diterran\u00e9enne ont particip\u00e9, les 25 et 26\u00a0octobre\u00a02021, au IV<\/span><span>e<\/span><span>\u00a0Forum Euromed des jeunes chercheurs \u00e0 Barcelone.<\/span><\/p>\n<p><span>Le Forum s\u2019inscrit dans le cadre du <\/span><span><a href=\"https:\/\/www.euromesco.net\/news\/euromed-young-researchers-lab-2021\/\"><strong><span>Laboratoire Euromed des jeunes chercheurs<\/span><\/strong><\/a><\/span><span>.<\/span><\/p>\n<p><span>Le laboratoire vise <\/span><strong><strong>\u00e0 renforcer les capacit\u00e9s des jeunes professionnels<\/strong><\/strong><span>\u00a0dans leurs organisations respectives et au-del\u00e0, et \u00e0 offrir une occasion unique aux parties prenantes de b\u00e9n\u00e9ficier d\u2019une recherche originale et innovante, en phase avec les pr\u00e9occupations et les perspectives d\u2019un groupe qui constitue une cible cl\u00e9 des politiques euro-m\u00e9diterran\u00e9ennes et qui d\u00e9terminera l\u2019avenir des relations euro-m\u00e9diterran\u00e9ennes.<\/span><\/p>\n<p><strong><span>Pour plus d&rsquo;informations<\/span><\/strong><\/p>\n<p><a href=\"https:\/\/euneighbours.eu\/en\/south\/stay-informed\/news\/more-40-young-researchers-attend-iv-euromed-young-researchers-forum\"><span>Communiqu\u00e9 de presse<\/span><\/a><\/p>\n<p>\u00a0<\/p>\n","protected":false},"featured_media":75783,"parent":0,"template":"","news_category":[],"country":[1956],"special_action":[],"custom_tag":[2312,2315,1884],"class_list":["post-158320","news","type-news","status-publish","has-post-thumbnail","hentry","country-region-sud","custom_tag-developpement-durable","custom_tag-emploi-et-entrpreuneuriat","custom_tag-environnement-et-changement-climatique"],"acf":[],"yoast_head":"<!-- This site is optimized with the Yoast SEO plugin v26.5 - https:\/\/yoast.com\/wordpress\/plugins\/seo\/ -->\n<title>Plus de 40\u00a0jeunes chercheurs participent au IVe\u00a0Forum Euromed des jeunes chercheurs - Voisins de l&#039;UE<\/title>\n<meta name=\"robots\" content=\"index, follow, max-snippet:-1, max-image-preview:large, max-video-preview:-1\" \/>\n<link rel=\"canonical\" href=\"https:\/\/www.eumedbridge.eu\/fr\/news\/plus-de-40-jeunes-chercheurs-participent-au-ive-forum-euromed-des-jeunes\/\" \/>\n<meta property=\"og:locale\" content=\"fr_FR\" \/>\n<meta property=\"og:type\" content=\"article\" \/>\n<meta property=\"og:title\" content=\"Plus de 40\u00a0jeunes chercheurs participent au IVe\u00a0Forum Euromed des jeunes chercheurs - Voisins de l&#039;UE\" \/>\n<meta property=\"og:description\" content=\"Sous le th\u00e8me \u00ab\u00a0La transition verte et num\u00e9rique dans la r\u00e9gion euro-m\u00e9diterran\u00e9enne\u00a0:\u00a0la jeunesse connecte les points \u00e0 travers le d\u00e9veloppement \u00e9conomique, la migration et la s\u00e9curit\u00e9\u00a0\u00bb (Green and Digital Transition in the Euro-Mediterranean: Youth Connecting the Dots Across Economic Development, Migration and Security), plus de 40\u00a0jeunes chercheurs de toute la r\u00e9gion euro-m\u00e9diterran\u00e9enne ont particip\u00e9, les [&hellip;]\" \/>\n<meta property=\"og:url\" content=\"https:\/\/www.eumedbridge.eu\/fr\/news\/plus-de-40-jeunes-chercheurs-participent-au-ive-forum-euromed-des-jeunes\/\" \/>\n<meta property=\"og:site_name\" content=\"Voisins de l&#039;UE\" \/>\n<meta property=\"article:publisher\" content=\"https:\/\/www.facebook.com\/eumedbridge\/\" \/>\n<meta property=\"article:modified_time\" content=\"2022-07-08T13:07:00+00:00\" \/>\n<meta property=\"og:image\" content=\"https:\/\/www.eumedbridge.eu\/wp-content\/uploads\/2022\/03\/med88.jpg\" \/>\n\t<meta property=\"og:image:width\" content=\"1280\" \/>\n\t<meta property=\"og:image:height\" content=\"440\" \/>\n\t<meta property=\"og:image:type\" content=\"image\/jpeg\" \/>\n<meta name=\"twitter:card\" content=\"summary_large_image\" \/>\n<meta name=\"twitter:site\" content=\"@eumedbridge\" \/>\n<meta name=\"twitter:label1\" content=\"Dur\u00e9e de lecture estim\u00e9e\" \/>\n\t<meta name=\"twitter:data1\" content=\"1 minute\" \/>\n<script type=\"application\/ld+json\" class=\"yoast-schema-graph\">{\"@context\":\"https:\/\/schema.org\",\"@graph\":[{\"@type\":\"WebPage\",\"@id\":\"https:\/\/www.eumedbridge.eu\/fr\/news\/plus-de-40-jeunes-chercheurs-participent-au-ive-forum-euromed-des-jeunes\/\",\"url\":\"https:\/\/www.eumedbridge.eu\/fr\/news\/plus-de-40-jeunes-chercheurs-participent-au-ive-forum-euromed-des-jeunes\/\",\"name\":\"Plus de 40\u00a0jeunes chercheurs participent au IVe\u00a0Forum Euromed des jeunes chercheurs - Voisins de l'UE\",\"isPartOf\":{\"@id\":\"https:\/\/www.eumedbridge.eu\/#website\"},\"primaryImageOfPage\":{\"@id\":\"https:\/\/www.eumedbridge.eu\/fr\/news\/plus-de-40-jeunes-chercheurs-participent-au-ive-forum-euromed-des-jeunes\/#primaryimage\"},\"image\":{\"@id\":\"https:\/\/www.eumedbridge.eu\/fr\/news\/plus-de-40-jeunes-chercheurs-participent-au-ive-forum-euromed-des-jeunes\/#primaryimage\"},\"thumbnailUrl\":\"https:\/\/www.eumedbridge.eu\/wp-content\/uploads\/2022\/03\/med88.jpg\",\"datePublished\":\"2021-11-01T22:00:00+00:00\",\"dateModified\":\"2022-07-08T13:07:00+00:00\",\"breadcrumb\":{\"@id\":\"https:\/\/www.eumedbridge.eu\/fr\/news\/plus-de-40-jeunes-chercheurs-participent-au-ive-forum-euromed-des-jeunes\/#breadcrumb\"},\"inLanguage\":\"fr-FR\",\"potentialAction\":[{\"@type\":\"ReadAction\",\"target\":[\"https:\/\/www.eumedbridge.eu\/fr\/news\/plus-de-40-jeunes-chercheurs-participent-au-ive-forum-euromed-des-jeunes\/\"]}]},{\"@type\":\"ImageObject\",\"inLanguage\":\"fr-FR\",\"@id\":\"https:\/\/www.eumedbridge.eu\/fr\/news\/plus-de-40-jeunes-chercheurs-participent-au-ive-forum-euromed-des-jeunes\/#primaryimage\",\"url\":\"https:\/\/www.eumedbridge.eu\/wp-content\/uploads\/2022\/03\/med88.jpg\",\"contentUrl\":\"https:\/\/www.eumedbridge.eu\/wp-content\/uploads\/2022\/03\/med88.jpg\",\"width\":1280,\"height\":440},{\"@type\":\"BreadcrumbList\",\"@id\":\"https:\/\/www.eumedbridge.eu\/fr\/news\/plus-de-40-jeunes-chercheurs-participent-au-ive-forum-euromed-des-jeunes\/#breadcrumb\",\"itemListElement\":[{\"@type\":\"ListItem\",\"position\":1,\"name\":\"Home\",\"item\":\"https:\/\/www.eumedbridge.eu\/fr\/home-page\/\"},{\"@type\":\"ListItem\",\"position\":2,\"name\":\"Actualit\u00e9s\",\"item\":\"https:\/\/www.eumedbridge.eu\/fr\/news\/\"},{\"@type\":\"ListItem\",\"position\":3,\"name\":\"Plus de 40\u00a0jeunes chercheurs participent au IVe\u00a0Forum Euromed des jeunes chercheurs\"}]},{\"@type\":\"WebSite\",\"@id\":\"https:\/\/www.eumedbridge.eu\/#website\",\"url\":\"https:\/\/www.eumedbridge.eu\/\",\"name\":\"EU Medbridge\",\"description\":\"\",\"publisher\":{\"@id\":\"https:\/\/www.eumedbridge.eu\/#organization\"},\"potentialAction\":[{\"@type\":\"SearchAction\",\"target\":{\"@type\":\"EntryPoint\",\"urlTemplate\":\"https:\/\/www.eumedbridge.eu\/?s={search_term_string}\"},\"query-input\":{\"@type\":\"PropertyValueSpecification\",\"valueRequired\":true,\"valueName\":\"search_term_string\"}}],\"inLanguage\":\"fr-FR\"},{\"@type\":\"Organization\",\"@id\":\"https:\/\/www.eumedbridge.eu\/#organization\",\"name\":\"EU Medbridge\",\"url\":\"https:\/\/www.eumedbridge.eu\/\",\"logo\":{\"@type\":\"ImageObject\",\"inLanguage\":\"fr-FR\",\"@id\":\"https:\/\/www.eumedbridge.eu\/#\/schema\/logo\/image\/\",\"url\":\"https:\/\/www.eumedbridge.eu\/wp-content\/uploads\/2021\/12\/Logo.png\",\"contentUrl\":\"https:\/\/www.eumedbridge.eu\/wp-content\/uploads\/2021\/12\/Logo.png\",\"width\":325,\"height\":114,\"caption\":\"EU Medbridge\"},\"image\":{\"@id\":\"https:\/\/www.eumedbridge.eu\/#\/schema\/logo\/image\/\"},\"sameAs\":[\"https:\/\/www.facebook.com\/eumedbridge\/\",\"https:\/\/x.com\/eumedbridge\",\"https:\/\/www.linkedin.com\/company\/eumedbridge\",\"https:\/\/www.youtube.com\/@eumedbridge\",\"https:\/\/www.instagram.com\/eumedbridge\",\"https:\/\/www.flickr.com\/photos\/euneighbours-south\/\"]}]}<\/script>\n<!-- \/ Yoast SEO plugin. -->","yoast_head_json":{"title":"Plus de 40\u00a0jeunes chercheurs participent au IVe\u00a0Forum Euromed des jeunes chercheurs - Voisins de l'UE","robots":{"index":"index","follow":"follow","max-snippet":"max-snippet:-1","max-image-preview":"max-image-preview:large","max-video-preview":"max-video-preview:-1"},"canonical":"https:\/\/www.eumedbridge.eu\/fr\/news\/plus-de-40-jeunes-chercheurs-participent-au-ive-forum-euromed-des-jeunes\/","og_locale":"fr_FR","og_type":"article","og_title":"Plus de 40\u00a0jeunes chercheurs participent au IVe\u00a0Forum Euromed des jeunes chercheurs - Voisins de l'UE","og_description":"Sous le th\u00e8me \u00ab\u00a0La transition verte et num\u00e9rique dans la r\u00e9gion euro-m\u00e9diterran\u00e9enne\u00a0:\u00a0la jeunesse connecte les points \u00e0 travers le d\u00e9veloppement \u00e9conomique, la migration et la s\u00e9curit\u00e9\u00a0\u00bb (Green and Digital Transition in the Euro-Mediterranean: Youth Connecting the Dots Across Economic Development, Migration and Security), plus de 40\u00a0jeunes chercheurs de toute la r\u00e9gion euro-m\u00e9diterran\u00e9enne ont particip\u00e9, les [&hellip;]","og_url":"https:\/\/www.eumedbridge.eu\/fr\/news\/plus-de-40-jeunes-chercheurs-participent-au-ive-forum-euromed-des-jeunes\/","og_site_name":"Voisins de l'UE","article_publisher":"https:\/\/www.facebook.com\/eumedbridge\/","article_modified_time":"2022-07-08T13:07:00+00:00","og_image":[{"width":1280,"height":440,"url":"https:\/\/www.eumedbridge.eu\/wp-content\/uploads\/2022\/03\/med88.jpg","type":"image\/jpeg"}],"twitter_card":"summary_large_image","twitter_site":"@eumedbridge","twitter_misc":{"Dur\u00e9e de lecture estim\u00e9e":"1 minute"},"schema":{"@context":"https:\/\/schema.org","@graph":[{"@type":"WebPage","@id":"https:\/\/www.eumedbridge.eu\/fr\/news\/plus-de-40-jeunes-chercheurs-participent-au-ive-forum-euromed-des-jeunes\/","url":"https:\/\/www.eumedbridge.eu\/fr\/news\/plus-de-40-jeunes-chercheurs-participent-au-ive-forum-euromed-des-jeunes\/","name":"Plus de 40\u00a0jeunes chercheurs participent au IVe\u00a0Forum Euromed des jeunes chercheurs - Voisins de l'UE","isPartOf":{"@id":"https:\/\/www.eumedbridge.eu\/#website"},"primaryImageOfPage":{"@id":"https:\/\/www.eumedbridge.eu\/fr\/news\/plus-de-40-jeunes-chercheurs-participent-au-ive-forum-euromed-des-jeunes\/#primaryimage"},"image":{"@id":"https:\/\/www.eumedbridge.eu\/fr\/news\/plus-de-40-jeunes-chercheurs-participent-au-ive-forum-euromed-des-jeunes\/#primaryimage"},"thumbnailUrl":"https:\/\/www.eumedbridge.eu\/wp-content\/uploads\/2022\/03\/med88.jpg","datePublished":"2021-11-01T22:00:00+00:00","dateModified":"2022-07-08T13:07:00+00:00","breadcrumb":{"@id":"https:\/\/www.eumedbridge.eu\/fr\/news\/plus-de-40-jeunes-chercheurs-participent-au-ive-forum-euromed-des-jeunes\/#breadcrumb"},"inLanguage":"fr-FR","potentialAction":[{"@type":"ReadAction","target":["https:\/\/www.eumedbridge.eu\/fr\/news\/plus-de-40-jeunes-chercheurs-participent-au-ive-forum-euromed-des-jeunes\/"]}]},{"@type":"ImageObject","inLanguage":"fr-FR","@id":"https:\/\/www.eumedbridge.eu\/fr\/news\/plus-de-40-jeunes-chercheurs-participent-au-ive-forum-euromed-des-jeunes\/#primaryimage","url":"https:\/\/www.eumedbridge.eu\/wp-content\/uploads\/2022\/03\/med88.jpg","contentUrl":"https:\/\/www.eumedbridge.eu\/wp-content\/uploads\/2022\/03\/med88.jpg","width":1280,"height":440},{"@type":"BreadcrumbList","@id":"https:\/\/www.eumedbridge.eu\/fr\/news\/plus-de-40-jeunes-chercheurs-participent-au-ive-forum-euromed-des-jeunes\/#breadcrumb","itemListElement":[{"@type":"ListItem","position":1,"name":"Home","item":"https:\/\/www.eumedbridge.eu\/fr\/home-page\/"},{"@type":"ListItem","position":2,"name":"Actualit\u00e9s","item":"https:\/\/www.eumedbridge.eu\/fr\/news\/"},{"@type":"ListItem","position":3,"name":"Plus de 40\u00a0jeunes chercheurs participent au IVe\u00a0Forum Euromed des jeunes chercheurs"}]},{"@type":"WebSite","@id":"https:\/\/www.eumedbridge.eu\/#website","url":"https:\/\/www.eumedbridge.eu\/","name":"EU Medbridge","description":"","publisher":{"@id":"https:\/\/www.eumedbridge.eu\/#organization"},"potentialAction":[{"@type":"SearchAction","target":{"@type":"EntryPoint","urlTemplate":"https:\/\/www.eumedbridge.eu\/?s={search_term_string}"},"query-input":{"@type":"PropertyValueSpecification","valueRequired":true,"valueName":"search_term_string"}}],"inLanguage":"fr-FR"},{"@type":"Organization","@id":"https:\/\/www.eumedbridge.eu\/#organization","name":"EU Medbridge","url":"https:\/\/www.eumedbridge.eu\/","logo":{"@type":"ImageObject","inLanguage":"fr-FR","@id":"https:\/\/www.eumedbridge.eu\/#\/schema\/logo\/image\/","url":"https:\/\/www.eumedbridge.eu\/wp-content\/uploads\/2021\/12\/Logo.png","contentUrl":"https:\/\/www.eumedbridge.eu\/wp-content\/uploads\/2021\/12\/Logo.png","width":325,"height":114,"caption":"EU Medbridge"},"image":{"@id":"https:\/\/www.eumedbridge.eu\/#\/schema\/logo\/image\/"},"sameAs":["https:\/\/www.facebook.com\/eumedbridge\/","https:\/\/x.com\/eumedbridge","https:\/\/www.linkedin.com\/company\/eumedbridge","https:\/\/www.youtube.com\/@eumedbridge","https:\/\/www.instagram.com\/eumedbridge","https:\/\/www.flickr.com\/photos\/euneighbours-south\/"]}]}},"_links":{"self":[{"href":"https:\/\/www.eumedbridge.eu\/fr\/wp-json\/wp\/v2\/news\/158320","targetHints":{"allow":["GET"]}}],"collection":[{"href":"https:\/\/www.eumedbridge.eu\/fr\/wp-json\/wp\/v2\/news"}],"about":[{"href":"https:\/\/www.eumedbridge.eu\/fr\/wp-json\/wp\/v2\/types\/news"}],"wp:featuredmedia":[{"embeddable":true,"href":"https:\/\/www.eumedbridge.eu\/fr\/wp-json\/wp\/v2\/media\/75783"}],"wp:attachment":[{"href":"https:\/\/www.eumedbridge.eu\/fr\/wp-json\/wp\/v2\/media?parent=158320"}],"wp:term":[{"taxonomy":"news_category","embeddable":true,"href":"https:\/\/www.eumedbridge.eu\/fr\/wp-json\/wp\/v2\/news_category?post=158320"},{"taxonomy":"country","embeddable":true,"href":"https:\/\/www.eumedbridge.eu\/fr\/wp-json\/wp\/v2\/country?post=158320"},{"taxonomy":"special_action","embeddable":true,"href":"https:\/\/www.eumedbridge.eu\/fr\/wp-json\/wp\/v2\/special_action?post=158320"},{"taxonomy":"custom_tag","embeddable":true,"href":"https:\/\/www.eumedbridge.eu\/fr\/wp-json\/wp\/v2\/custom_tag?post=158320"}],"curies":[{"name":"wp","href":"https:\/\/api.w.org\/{rel}","templated":true}]}}