{"id":158325,"date":"2021-11-02T00:00:00","date_gmt":"2021-11-01T22:00:00","guid":{"rendered":"http:\/\/south.euneighbours.eu\/news\/declaration-commune-a-loccasion-de-la-journee-internationale-de-la-fin-de-limpunite-pour-les-crimes-commis-contre-les-journalistes\/"},"modified":"2022-07-08T16:07:11","modified_gmt":"2022-07-08T13:07:11","slug":"declaration-commune-loccasion-de-la-journee-internationale-de-la-fin-de","status":"publish","type":"news","link":"https:\/\/www.eumedbridge.eu\/fr\/news\/declaration-commune-loccasion-de-la-journee-internationale-de-la-fin-de\/","title":{"rendered":"D\u00e9claration commune \u00e0 l\u2019occasion de la Journ\u00e9e internationale de la fin de l\u2019impunit\u00e9 pour les crimes commis contre les journalistes"},"content":{"rendered":"<p><span>\u00c0 l\u2019occasion de la Journ\u00e9e internationale de la fin de l\u2019impunit\u00e9 pour les crimes commis contre les journalistes, le 2\u00a0novembre, le Haut repr\u00e9sentant\/vice-pr\u00e9sident Josep\u00a0<\/span><strong><strong>Borrell<\/strong><\/strong><span>\u00a0et la vice-pr\u00e9sidente <\/span><span>V\u011bra<\/span><strong><strong>\u00a0Jourov\u00e1<\/strong><\/strong><span>\u00a0ont fait la d\u00e9claration suivante\u00a0:<\/span><\/p>\n<p><span>\u00ab\u00a0Il y a quelques semaines, Maria\u00a0Ressa et Dimitri\u00a0Mouratov ont re\u00e7u le prix Nobel de la paix\u00a02021 en reconnaissance de leurs efforts pour pr\u00e9server la libert\u00e9 d\u2019expression. Par leurs reportages, ils ont mis au jour des violations des droits de l\u2019homme, des cas de corruption et d\u2019abus de pouvoir, mettant ainsi leur vie en danger.<\/span><\/p>\n<p><span>Malheureusement, les r\u00e9cits et les voix de nombreux journalistes ind\u00e9pendants continuent d\u2019\u00eatre r\u00e9duits au silence dans le monde entier, y compris dans l\u2019UE. Ils sont confront\u00e9s \u00e0 un nombre sans cesse croissant de menaces et d\u2019attaques, dont des assassinats dans les cas les plus tragiques. Selon l\u2019observatoire de l\u2019UNESCO, 44\u00a0journalistes ont \u00e0 ce jour \u00e9t\u00e9 tu\u00e9s en\u00a02021 et de nombreux autres ont \u00e9t\u00e9 attaqu\u00e9s, harcel\u00e9s ou emprisonn\u00e9s ill\u00e9galement.<\/span><\/p>\n<p><span>Les journalistes ind\u00e9pendants prot\u00e8gent la libert\u00e9 d\u2019expression et garantissent l\u2019acc\u00e8s \u00e0 l\u2019information pour tous les citoyens. Ils contribuent aux fondements de la d\u00e9mocratie et des soci\u00e9t\u00e9s ouvertes. Chez nous comme dans le monde entier, l\u2019impunit\u00e9 pour les crimes commis contre les journalistes doit cesser.<\/span><\/p>\n<p><span>Le travail doit commencer dans nos pays. La toute premi\u00e8re <\/span><span><a href=\"https:\/\/ec.europa.eu\/commission\/presscorner\/detail\/fr\/IP_21_4632\"><span>recommandation \u00e0 l\u2019intention des \u00c9tats membres sur la s\u00e9curit\u00e9 des journalistes<\/span><\/a><\/span><span>\u00a0est une mesure concr\u00e8te pour am\u00e9liorer la situation des journalistes et des professionnels des m\u00e9dias dans notre Union. Elle appelle notamment \u00e0 une protection accrue des journalistes lors des manifestations, \u00e0 une plus grande s\u00e9curit\u00e9 en ligne et \u00e0 un soutien particulier \u00e0 apporter aux femmes journalistes.<\/span><\/p>\n<p><span>Les nombreuses initiatives entreprises en faveur de la s\u00e9curit\u00e9 des journalistes au sein de l\u2019UE se refl\u00e9teront dans l\u2019action de l\u2019UE dans le monde. <\/span><span>[&#8230;]\u00bb\u00a0<\/span><\/p>\n<p><strong>Pour plus d&rsquo;informations<\/strong><\/p>\n<p><a href=\"https:\/\/ec.europa.eu\/commission\/presscorner\/detail\/en\/statement_21_5665\">D\u00e9claration compl\u00e8te<\/a><\/p>\n<p>\u00a0<\/p>\n","protected":false},"featured_media":75733,"parent":0,"template":"","news_category":[],"country":[1956],"special_action":[],"custom_tag":[2313,1897,2821],"class_list":["post-158325","news","type-news","status-publish","has-post-thumbnail","hentry","country-region-sud","custom_tag-droit-de-lhomme","custom_tag-medias","custom_tag-migration-fr"],"acf":[],"yoast_head":"<!-- This site is optimized with the Yoast SEO plugin v26.5 - https:\/\/yoast.com\/wordpress\/plugins\/seo\/ -->\n<title>D\u00e9claration commune \u00e0 l\u2019occasion de la Journ\u00e9e internationale de la fin de l\u2019impunit\u00e9 pour les crimes commis contre les journalistes - Voisins de l&#039;UE<\/title>\n<meta name=\"robots\" content=\"index, follow, max-snippet:-1, max-image-preview:large, max-video-preview:-1\" \/>\n<link rel=\"canonical\" href=\"https:\/\/www.eumedbridge.eu\/fr\/news\/declaration-commune-loccasion-de-la-journee-internationale-de-la-fin-de\/\" \/>\n<meta property=\"og:locale\" content=\"fr_FR\" \/>\n<meta property=\"og:type\" content=\"article\" \/>\n<meta property=\"og:title\" content=\"D\u00e9claration commune \u00e0 l\u2019occasion de la Journ\u00e9e internationale de la fin de l\u2019impunit\u00e9 pour les crimes commis contre les journalistes - Voisins de l&#039;UE\" \/>\n<meta property=\"og:description\" content=\"\u00c0 l\u2019occasion de la Journ\u00e9e internationale de la fin de l\u2019impunit\u00e9 pour les crimes commis contre les journalistes, le 2\u00a0novembre, le Haut repr\u00e9sentant\/vice-pr\u00e9sident Josep\u00a0Borrell\u00a0et la vice-pr\u00e9sidente V\u011bra\u00a0Jourov\u00e1\u00a0ont fait la d\u00e9claration suivante\u00a0: \u00ab\u00a0Il y a quelques semaines, Maria\u00a0Ressa et Dimitri\u00a0Mouratov ont re\u00e7u le prix Nobel de la paix\u00a02021 en reconnaissance de leurs efforts pour pr\u00e9server la [&hellip;]\" \/>\n<meta property=\"og:url\" content=\"https:\/\/www.eumedbridge.eu\/fr\/news\/declaration-commune-loccasion-de-la-journee-internationale-de-la-fin-de\/\" \/>\n<meta property=\"og:site_name\" content=\"Voisins de l&#039;UE\" \/>\n<meta property=\"article:publisher\" content=\"https:\/\/www.facebook.com\/eumedbridge\/\" \/>\n<meta property=\"article:modified_time\" content=\"2022-07-08T13:07:11+00:00\" \/>\n<meta property=\"og:image\" content=\"https:\/\/www.eumedbridge.eu\/wp-content\/uploads\/2022\/03\/EU-flag_0.png\" \/>\n\t<meta property=\"og:image:width\" content=\"640\" \/>\n\t<meta property=\"og:image:height\" content=\"427\" \/>\n\t<meta property=\"og:image:type\" content=\"image\/png\" \/>\n<meta name=\"twitter:card\" content=\"summary_large_image\" \/>\n<meta name=\"twitter:site\" content=\"@eumedbridge\" \/>\n<meta name=\"twitter:label1\" content=\"Dur\u00e9e de lecture estim\u00e9e\" \/>\n\t<meta name=\"twitter:data1\" content=\"2 minutes\" \/>\n<script type=\"application\/ld+json\" class=\"yoast-schema-graph\">{\"@context\":\"https:\/\/schema.org\",\"@graph\":[{\"@type\":\"WebPage\",\"@id\":\"https:\/\/www.eumedbridge.eu\/fr\/news\/declaration-commune-loccasion-de-la-journee-internationale-de-la-fin-de\/\",\"url\":\"https:\/\/www.eumedbridge.eu\/fr\/news\/declaration-commune-loccasion-de-la-journee-internationale-de-la-fin-de\/\",\"name\":\"D\u00e9claration commune \u00e0 l\u2019occasion de la Journ\u00e9e internationale de la fin de l\u2019impunit\u00e9 pour les crimes commis contre les journalistes - Voisins de l'UE\",\"isPartOf\":{\"@id\":\"https:\/\/www.eumedbridge.eu\/#website\"},\"primaryImageOfPage\":{\"@id\":\"https:\/\/www.eumedbridge.eu\/fr\/news\/declaration-commune-loccasion-de-la-journee-internationale-de-la-fin-de\/#primaryimage\"},\"image\":{\"@id\":\"https:\/\/www.eumedbridge.eu\/fr\/news\/declaration-commune-loccasion-de-la-journee-internationale-de-la-fin-de\/#primaryimage\"},\"thumbnailUrl\":\"https:\/\/www.eumedbridge.eu\/wp-content\/uploads\/2022\/03\/EU-flag_0.png\",\"datePublished\":\"2021-11-01T22:00:00+00:00\",\"dateModified\":\"2022-07-08T13:07:11+00:00\",\"breadcrumb\":{\"@id\":\"https:\/\/www.eumedbridge.eu\/fr\/news\/declaration-commune-loccasion-de-la-journee-internationale-de-la-fin-de\/#breadcrumb\"},\"inLanguage\":\"fr-FR\",\"potentialAction\":[{\"@type\":\"ReadAction\",\"target\":[\"https:\/\/www.eumedbridge.eu\/fr\/news\/declaration-commune-loccasion-de-la-journee-internationale-de-la-fin-de\/\"]}]},{\"@type\":\"ImageObject\",\"inLanguage\":\"fr-FR\",\"@id\":\"https:\/\/www.eumedbridge.eu\/fr\/news\/declaration-commune-loccasion-de-la-journee-internationale-de-la-fin-de\/#primaryimage\",\"url\":\"https:\/\/www.eumedbridge.eu\/wp-content\/uploads\/2022\/03\/EU-flag_0.png\",\"contentUrl\":\"https:\/\/www.eumedbridge.eu\/wp-content\/uploads\/2022\/03\/EU-flag_0.png\",\"width\":640,\"height\":427},{\"@type\":\"BreadcrumbList\",\"@id\":\"https:\/\/www.eumedbridge.eu\/fr\/news\/declaration-commune-loccasion-de-la-journee-internationale-de-la-fin-de\/#breadcrumb\",\"itemListElement\":[{\"@type\":\"ListItem\",\"position\":1,\"name\":\"Home\",\"item\":\"https:\/\/www.eumedbridge.eu\/fr\/home-page\/\"},{\"@type\":\"ListItem\",\"position\":2,\"name\":\"Actualit\u00e9s\",\"item\":\"https:\/\/www.eumedbridge.eu\/fr\/news\/\"},{\"@type\":\"ListItem\",\"position\":3,\"name\":\"D\u00e9claration commune \u00e0 l\u2019occasion de la Journ\u00e9e internationale de la fin de l\u2019impunit\u00e9 pour les crimes commis contre les journalistes\"}]},{\"@type\":\"WebSite\",\"@id\":\"https:\/\/www.eumedbridge.eu\/#website\",\"url\":\"https:\/\/www.eumedbridge.eu\/\",\"name\":\"EU Medbridge\",\"description\":\"\",\"publisher\":{\"@id\":\"https:\/\/www.eumedbridge.eu\/#organization\"},\"potentialAction\":[{\"@type\":\"SearchAction\",\"target\":{\"@type\":\"EntryPoint\",\"urlTemplate\":\"https:\/\/www.eumedbridge.eu\/?s={search_term_string}\"},\"query-input\":{\"@type\":\"PropertyValueSpecification\",\"valueRequired\":true,\"valueName\":\"search_term_string\"}}],\"inLanguage\":\"fr-FR\"},{\"@type\":\"Organization\",\"@id\":\"https:\/\/www.eumedbridge.eu\/#organization\",\"name\":\"EU Medbridge\",\"url\":\"https:\/\/www.eumedbridge.eu\/\",\"logo\":{\"@type\":\"ImageObject\",\"inLanguage\":\"fr-FR\",\"@id\":\"https:\/\/www.eumedbridge.eu\/#\/schema\/logo\/image\/\",\"url\":\"https:\/\/www.eumedbridge.eu\/wp-content\/uploads\/2021\/12\/Logo.png\",\"contentUrl\":\"https:\/\/www.eumedbridge.eu\/wp-content\/uploads\/2021\/12\/Logo.png\",\"width\":325,\"height\":114,\"caption\":\"EU Medbridge\"},\"image\":{\"@id\":\"https:\/\/www.eumedbridge.eu\/#\/schema\/logo\/image\/\"},\"sameAs\":[\"https:\/\/www.facebook.com\/eumedbridge\/\",\"https:\/\/x.com\/eumedbridge\",\"https:\/\/www.linkedin.com\/company\/eumedbridge\",\"https:\/\/www.youtube.com\/@eumedbridge\",\"https:\/\/www.instagram.com\/eumedbridge\",\"https:\/\/www.flickr.com\/photos\/euneighbours-south\/\"]}]}<\/script>\n<!-- \/ Yoast SEO plugin. -->","yoast_head_json":{"title":"D\u00e9claration commune \u00e0 l\u2019occasion de la Journ\u00e9e internationale de la fin de l\u2019impunit\u00e9 pour les crimes commis contre les journalistes - Voisins de l'UE","robots":{"index":"index","follow":"follow","max-snippet":"max-snippet:-1","max-image-preview":"max-image-preview:large","max-video-preview":"max-video-preview:-1"},"canonical":"https:\/\/www.eumedbridge.eu\/fr\/news\/declaration-commune-loccasion-de-la-journee-internationale-de-la-fin-de\/","og_locale":"fr_FR","og_type":"article","og_title":"D\u00e9claration commune \u00e0 l\u2019occasion de la Journ\u00e9e internationale de la fin de l\u2019impunit\u00e9 pour les crimes commis contre les journalistes - Voisins de l'UE","og_description":"\u00c0 l\u2019occasion de la Journ\u00e9e internationale de la fin de l\u2019impunit\u00e9 pour les crimes commis contre les journalistes, le 2\u00a0novembre, le Haut repr\u00e9sentant\/vice-pr\u00e9sident Josep\u00a0Borrell\u00a0et la vice-pr\u00e9sidente V\u011bra\u00a0Jourov\u00e1\u00a0ont fait la d\u00e9claration suivante\u00a0: \u00ab\u00a0Il y a quelques semaines, Maria\u00a0Ressa et Dimitri\u00a0Mouratov ont re\u00e7u le prix Nobel de la paix\u00a02021 en reconnaissance de leurs efforts pour pr\u00e9server la [&hellip;]","og_url":"https:\/\/www.eumedbridge.eu\/fr\/news\/declaration-commune-loccasion-de-la-journee-internationale-de-la-fin-de\/","og_site_name":"Voisins de l'UE","article_publisher":"https:\/\/www.facebook.com\/eumedbridge\/","article_modified_time":"2022-07-08T13:07:11+00:00","og_image":[{"width":640,"height":427,"url":"https:\/\/www.eumedbridge.eu\/wp-content\/uploads\/2022\/03\/EU-flag_0.png","type":"image\/png"}],"twitter_card":"summary_large_image","twitter_site":"@eumedbridge","twitter_misc":{"Dur\u00e9e de lecture estim\u00e9e":"2 minutes"},"schema":{"@context":"https:\/\/schema.org","@graph":[{"@type":"WebPage","@id":"https:\/\/www.eumedbridge.eu\/fr\/news\/declaration-commune-loccasion-de-la-journee-internationale-de-la-fin-de\/","url":"https:\/\/www.eumedbridge.eu\/fr\/news\/declaration-commune-loccasion-de-la-journee-internationale-de-la-fin-de\/","name":"D\u00e9claration commune \u00e0 l\u2019occasion de la Journ\u00e9e internationale de la fin de l\u2019impunit\u00e9 pour les crimes commis contre les journalistes - Voisins de l'UE","isPartOf":{"@id":"https:\/\/www.eumedbridge.eu\/#website"},"primaryImageOfPage":{"@id":"https:\/\/www.eumedbridge.eu\/fr\/news\/declaration-commune-loccasion-de-la-journee-internationale-de-la-fin-de\/#primaryimage"},"image":{"@id":"https:\/\/www.eumedbridge.eu\/fr\/news\/declaration-commune-loccasion-de-la-journee-internationale-de-la-fin-de\/#primaryimage"},"thumbnailUrl":"https:\/\/www.eumedbridge.eu\/wp-content\/uploads\/2022\/03\/EU-flag_0.png","datePublished":"2021-11-01T22:00:00+00:00","dateModified":"2022-07-08T13:07:11+00:00","breadcrumb":{"@id":"https:\/\/www.eumedbridge.eu\/fr\/news\/declaration-commune-loccasion-de-la-journee-internationale-de-la-fin-de\/#breadcrumb"},"inLanguage":"fr-FR","potentialAction":[{"@type":"ReadAction","target":["https:\/\/www.eumedbridge.eu\/fr\/news\/declaration-commune-loccasion-de-la-journee-internationale-de-la-fin-de\/"]}]},{"@type":"ImageObject","inLanguage":"fr-FR","@id":"https:\/\/www.eumedbridge.eu\/fr\/news\/declaration-commune-loccasion-de-la-journee-internationale-de-la-fin-de\/#primaryimage","url":"https:\/\/www.eumedbridge.eu\/wp-content\/uploads\/2022\/03\/EU-flag_0.png","contentUrl":"https:\/\/www.eumedbridge.eu\/wp-content\/uploads\/2022\/03\/EU-flag_0.png","width":640,"height":427},{"@type":"BreadcrumbList","@id":"https:\/\/www.eumedbridge.eu\/fr\/news\/declaration-commune-loccasion-de-la-journee-internationale-de-la-fin-de\/#breadcrumb","itemListElement":[{"@type":"ListItem","position":1,"name":"Home","item":"https:\/\/www.eumedbridge.eu\/fr\/home-page\/"},{"@type":"ListItem","position":2,"name":"Actualit\u00e9s","item":"https:\/\/www.eumedbridge.eu\/fr\/news\/"},{"@type":"ListItem","position":3,"name":"D\u00e9claration commune \u00e0 l\u2019occasion de la Journ\u00e9e internationale de la fin de l\u2019impunit\u00e9 pour les crimes commis contre les journalistes"}]},{"@type":"WebSite","@id":"https:\/\/www.eumedbridge.eu\/#website","url":"https:\/\/www.eumedbridge.eu\/","name":"EU Medbridge","description":"","publisher":{"@id":"https:\/\/www.eumedbridge.eu\/#organization"},"potentialAction":[{"@type":"SearchAction","target":{"@type":"EntryPoint","urlTemplate":"https:\/\/www.eumedbridge.eu\/?s={search_term_string}"},"query-input":{"@type":"PropertyValueSpecification","valueRequired":true,"valueName":"search_term_string"}}],"inLanguage":"fr-FR"},{"@type":"Organization","@id":"https:\/\/www.eumedbridge.eu\/#organization","name":"EU Medbridge","url":"https:\/\/www.eumedbridge.eu\/","logo":{"@type":"ImageObject","inLanguage":"fr-FR","@id":"https:\/\/www.eumedbridge.eu\/#\/schema\/logo\/image\/","url":"https:\/\/www.eumedbridge.eu\/wp-content\/uploads\/2021\/12\/Logo.png","contentUrl":"https:\/\/www.eumedbridge.eu\/wp-content\/uploads\/2021\/12\/Logo.png","width":325,"height":114,"caption":"EU Medbridge"},"image":{"@id":"https:\/\/www.eumedbridge.eu\/#\/schema\/logo\/image\/"},"sameAs":["https:\/\/www.facebook.com\/eumedbridge\/","https:\/\/x.com\/eumedbridge","https:\/\/www.linkedin.com\/company\/eumedbridge","https:\/\/www.youtube.com\/@eumedbridge","https:\/\/www.instagram.com\/eumedbridge","https:\/\/www.flickr.com\/photos\/euneighbours-south\/"]}]}},"_links":{"self":[{"href":"https:\/\/www.eumedbridge.eu\/fr\/wp-json\/wp\/v2\/news\/158325","targetHints":{"allow":["GET"]}}],"collection":[{"href":"https:\/\/www.eumedbridge.eu\/fr\/wp-json\/wp\/v2\/news"}],"about":[{"href":"https:\/\/www.eumedbridge.eu\/fr\/wp-json\/wp\/v2\/types\/news"}],"wp:featuredmedia":[{"embeddable":true,"href":"https:\/\/www.eumedbridge.eu\/fr\/wp-json\/wp\/v2\/media\/75733"}],"wp:attachment":[{"href":"https:\/\/www.eumedbridge.eu\/fr\/wp-json\/wp\/v2\/media?parent=158325"}],"wp:term":[{"taxonomy":"news_category","embeddable":true,"href":"https:\/\/www.eumedbridge.eu\/fr\/wp-json\/wp\/v2\/news_category?post=158325"},{"taxonomy":"country","embeddable":true,"href":"https:\/\/www.eumedbridge.eu\/fr\/wp-json\/wp\/v2\/country?post=158325"},{"taxonomy":"special_action","embeddable":true,"href":"https:\/\/www.eumedbridge.eu\/fr\/wp-json\/wp\/v2\/special_action?post=158325"},{"taxonomy":"custom_tag","embeddable":true,"href":"https:\/\/www.eumedbridge.eu\/fr\/wp-json\/wp\/v2\/custom_tag?post=158325"}],"curies":[{"name":"wp","href":"https:\/\/api.w.org\/{rel}","templated":true}]}}