{"id":158336,"date":"2021-10-28T00:00:00","date_gmt":"2021-10-27T21:00:00","guid":{"rendered":"http:\/\/south.euneighbours.eu\/news\/businessmed-et-la-kas-sassocient-pour-la-reprise-economique-dans-la-region-du-sud-de-la-mediterranee\/"},"modified":"2022-07-08T16:07:37","modified_gmt":"2022-07-08T13:07:37","slug":"businessmed-et-la-kas-sassocient-pour-la-reprise-economique-dans-la-region","status":"publish","type":"news","link":"https:\/\/www.eumedbridge.eu\/fr\/news\/businessmed-et-la-kas-sassocient-pour-la-reprise-economique-dans-la-region\/","title":{"rendered":"BUSINESSMED et la KAS s\u2019associent pour la reprise \u00e9conomique dans la r\u00e9gion du sud de la M\u00e9diterran\u00e9e"},"content":{"rendered":"<p><span>Organis\u00e9 conjointement par <\/span><span><a href=\"http:\/\/businessmed-umce.org\/fr\"><strong><span>BUSINESSMED<\/span><\/strong><\/a><\/span><span>\u00a0et le programme r\u00e9gional sud-m\u00e9diterran\u00e9en de la <\/span><strong><strong>Konrad-Adenauer-Stiftung (KAS)<\/strong><\/strong><span>, l\u2019atelier sur <\/span><strong><strong>la reprise \u00e9conomique post-COVID19 dans la r\u00e9gion sud-m\u00e9diterran\u00e9enne<\/strong><\/strong><span>, a r\u00e9uni des experts de premier plan travaillant dans la r\u00e9gion pour fournir une vue d\u2019ensemble de la r\u00e9silience \u00e0 la crise d\u2019un point de vue sectoriel et des implications pour les entreprises, ainsi que les derni\u00e8res r\u00e9formes de relance et les efforts r\u00e9gionaux d\u00e9ploy\u00e9s depuis le d\u00e9but de la pand\u00e9mie pour une meilleure int\u00e9gration r\u00e9gionale.<\/span><\/p>\n<p><span>Les diff\u00e9rentes interventions ont donn\u00e9 une vue d\u2019ensemble de la situation \u00e9conomique et g\u00e9opolitique actuelle dans la r\u00e9gion du sud de la M\u00e9diterran\u00e9e et un aper\u00e7u des derni\u00e8res r\u00e9formes de relance ainsi que des efforts d\u00e9ploy\u00e9s par les organisations internationales et r\u00e9gionales depuis l\u2019apparition de la pand\u00e9mie.<\/span><\/p>\n<p><span>Les partenaires et les repr\u00e9sentants des organisations du Nord et du Sud ont aussi discut\u00e9 des attentes et des perspectives de l\u2019int\u00e9gration r\u00e9gionale et du partenariat renouvel\u00e9 entre l\u2019UE et le voisinage.<\/span><\/p>\n<p><span>La r\u00e9union s\u2019est termin\u00e9e par un r\u00e9sum\u00e9 des principales conclusions des \u00e9changes et des propositions pertinentes faites par les diff\u00e9rents intervenants et experts. Les recommandations seront d\u00e9velopp\u00e9es dans le cadre d\u2019un document d\u2019orientation pour une relance \u00e9conomique efficace dans la r\u00e9gion MENA, avec un accent particulier sur les r\u00e9formes actuelles et possibles et les cadres de collaboration r\u00e9gionaux pertinents.<\/span><\/p>\n<p><strong><span>Pour plus d&rsquo;informations<\/span><\/strong><\/p>\n<p><a href=\"http:\/\/businessmed-umce.org\/en\/content\/actualites\/businessmed-and-konrad-adenauer-stiftung-join-forces-economic-recovery-south\"><span>Communiqu\u00e9 de presse<\/span><\/a><\/p>\n<p>\u00a0<\/p>\n","protected":false},"featured_media":75603,"parent":0,"template":"","news_category":[],"country":[1956],"special_action":[],"custom_tag":[2312],"class_list":["post-158336","news","type-news","status-publish","has-post-thumbnail","hentry","country-region-sud","custom_tag-developpement-durable"],"acf":[],"yoast_head":"<!-- This site is optimized with the Yoast SEO plugin v26.5 - https:\/\/yoast.com\/wordpress\/plugins\/seo\/ -->\n<title>BUSINESSMED et la KAS s\u2019associent pour la reprise \u00e9conomique dans la r\u00e9gion du sud de la M\u00e9diterran\u00e9e - Voisins de l&#039;UE<\/title>\n<meta name=\"robots\" content=\"index, follow, max-snippet:-1, max-image-preview:large, max-video-preview:-1\" \/>\n<link rel=\"canonical\" href=\"https:\/\/www.eumedbridge.eu\/fr\/news\/businessmed-et-la-kas-sassocient-pour-la-reprise-economique-dans-la-region\/\" \/>\n<meta property=\"og:locale\" content=\"fr_FR\" \/>\n<meta property=\"og:type\" content=\"article\" \/>\n<meta property=\"og:title\" content=\"BUSINESSMED et la KAS s\u2019associent pour la reprise \u00e9conomique dans la r\u00e9gion du sud de la M\u00e9diterran\u00e9e - Voisins de l&#039;UE\" \/>\n<meta property=\"og:description\" content=\"Organis\u00e9 conjointement par BUSINESSMED\u00a0et le programme r\u00e9gional sud-m\u00e9diterran\u00e9en de la Konrad-Adenauer-Stiftung (KAS), l\u2019atelier sur la reprise \u00e9conomique post-COVID19 dans la r\u00e9gion sud-m\u00e9diterran\u00e9enne, a r\u00e9uni des experts de premier plan travaillant dans la r\u00e9gion pour fournir une vue d\u2019ensemble de la r\u00e9silience \u00e0 la crise d\u2019un point de vue sectoriel et des implications pour les entreprises, [&hellip;]\" \/>\n<meta property=\"og:url\" content=\"https:\/\/www.eumedbridge.eu\/fr\/news\/businessmed-et-la-kas-sassocient-pour-la-reprise-economique-dans-la-region\/\" \/>\n<meta property=\"og:site_name\" content=\"Voisins de l&#039;UE\" \/>\n<meta property=\"article:publisher\" content=\"https:\/\/www.facebook.com\/eumedbridge\/\" \/>\n<meta property=\"article:modified_time\" content=\"2022-07-08T13:07:37+00:00\" \/>\n<meta property=\"og:image\" content=\"https:\/\/www.eumedbridge.eu\/wp-content\/uploads\/2022\/03\/konrad.png\" \/>\n\t<meta property=\"og:image:width\" content=\"568\" \/>\n\t<meta property=\"og:image:height\" content=\"400\" \/>\n\t<meta property=\"og:image:type\" content=\"image\/png\" \/>\n<meta name=\"twitter:card\" content=\"summary_large_image\" \/>\n<meta name=\"twitter:site\" content=\"@eumedbridge\" \/>\n<meta name=\"twitter:label1\" content=\"Dur\u00e9e de lecture estim\u00e9e\" \/>\n\t<meta name=\"twitter:data1\" content=\"1 minute\" \/>\n<script type=\"application\/ld+json\" class=\"yoast-schema-graph\">{\"@context\":\"https:\/\/schema.org\",\"@graph\":[{\"@type\":\"WebPage\",\"@id\":\"https:\/\/www.eumedbridge.eu\/fr\/news\/businessmed-et-la-kas-sassocient-pour-la-reprise-economique-dans-la-region\/\",\"url\":\"https:\/\/www.eumedbridge.eu\/fr\/news\/businessmed-et-la-kas-sassocient-pour-la-reprise-economique-dans-la-region\/\",\"name\":\"BUSINESSMED et la KAS s\u2019associent pour la reprise \u00e9conomique dans la r\u00e9gion du sud de la M\u00e9diterran\u00e9e - Voisins de l'UE\",\"isPartOf\":{\"@id\":\"https:\/\/www.eumedbridge.eu\/#website\"},\"primaryImageOfPage\":{\"@id\":\"https:\/\/www.eumedbridge.eu\/fr\/news\/businessmed-et-la-kas-sassocient-pour-la-reprise-economique-dans-la-region\/#primaryimage\"},\"image\":{\"@id\":\"https:\/\/www.eumedbridge.eu\/fr\/news\/businessmed-et-la-kas-sassocient-pour-la-reprise-economique-dans-la-region\/#primaryimage\"},\"thumbnailUrl\":\"https:\/\/www.eumedbridge.eu\/wp-content\/uploads\/2022\/03\/konrad.png\",\"datePublished\":\"2021-10-27T21:00:00+00:00\",\"dateModified\":\"2022-07-08T13:07:37+00:00\",\"breadcrumb\":{\"@id\":\"https:\/\/www.eumedbridge.eu\/fr\/news\/businessmed-et-la-kas-sassocient-pour-la-reprise-economique-dans-la-region\/#breadcrumb\"},\"inLanguage\":\"fr-FR\",\"potentialAction\":[{\"@type\":\"ReadAction\",\"target\":[\"https:\/\/www.eumedbridge.eu\/fr\/news\/businessmed-et-la-kas-sassocient-pour-la-reprise-economique-dans-la-region\/\"]}]},{\"@type\":\"ImageObject\",\"inLanguage\":\"fr-FR\",\"@id\":\"https:\/\/www.eumedbridge.eu\/fr\/news\/businessmed-et-la-kas-sassocient-pour-la-reprise-economique-dans-la-region\/#primaryimage\",\"url\":\"https:\/\/www.eumedbridge.eu\/wp-content\/uploads\/2022\/03\/konrad.png\",\"contentUrl\":\"https:\/\/www.eumedbridge.eu\/wp-content\/uploads\/2022\/03\/konrad.png\",\"width\":568,\"height\":400},{\"@type\":\"BreadcrumbList\",\"@id\":\"https:\/\/www.eumedbridge.eu\/fr\/news\/businessmed-et-la-kas-sassocient-pour-la-reprise-economique-dans-la-region\/#breadcrumb\",\"itemListElement\":[{\"@type\":\"ListItem\",\"position\":1,\"name\":\"Home\",\"item\":\"https:\/\/www.eumedbridge.eu\/fr\/home-page\/\"},{\"@type\":\"ListItem\",\"position\":2,\"name\":\"Actualit\u00e9s\",\"item\":\"https:\/\/www.eumedbridge.eu\/fr\/news\/\"},{\"@type\":\"ListItem\",\"position\":3,\"name\":\"BUSINESSMED et la KAS s\u2019associent pour la reprise \u00e9conomique dans la r\u00e9gion du sud de la M\u00e9diterran\u00e9e\"}]},{\"@type\":\"WebSite\",\"@id\":\"https:\/\/www.eumedbridge.eu\/#website\",\"url\":\"https:\/\/www.eumedbridge.eu\/\",\"name\":\"EU Medbridge\",\"description\":\"\",\"publisher\":{\"@id\":\"https:\/\/www.eumedbridge.eu\/#organization\"},\"potentialAction\":[{\"@type\":\"SearchAction\",\"target\":{\"@type\":\"EntryPoint\",\"urlTemplate\":\"https:\/\/www.eumedbridge.eu\/?s={search_term_string}\"},\"query-input\":{\"@type\":\"PropertyValueSpecification\",\"valueRequired\":true,\"valueName\":\"search_term_string\"}}],\"inLanguage\":\"fr-FR\"},{\"@type\":\"Organization\",\"@id\":\"https:\/\/www.eumedbridge.eu\/#organization\",\"name\":\"EU Medbridge\",\"url\":\"https:\/\/www.eumedbridge.eu\/\",\"logo\":{\"@type\":\"ImageObject\",\"inLanguage\":\"fr-FR\",\"@id\":\"https:\/\/www.eumedbridge.eu\/#\/schema\/logo\/image\/\",\"url\":\"https:\/\/www.eumedbridge.eu\/wp-content\/uploads\/2021\/12\/Logo.png\",\"contentUrl\":\"https:\/\/www.eumedbridge.eu\/wp-content\/uploads\/2021\/12\/Logo.png\",\"width\":325,\"height\":114,\"caption\":\"EU Medbridge\"},\"image\":{\"@id\":\"https:\/\/www.eumedbridge.eu\/#\/schema\/logo\/image\/\"},\"sameAs\":[\"https:\/\/www.facebook.com\/eumedbridge\/\",\"https:\/\/x.com\/eumedbridge\",\"https:\/\/www.linkedin.com\/company\/eumedbridge\",\"https:\/\/www.youtube.com\/@eumedbridge\",\"https:\/\/www.instagram.com\/eumedbridge\",\"https:\/\/www.flickr.com\/photos\/euneighbours-south\/\"]}]}<\/script>\n<!-- \/ Yoast SEO plugin. -->","yoast_head_json":{"title":"BUSINESSMED et la KAS s\u2019associent pour la reprise \u00e9conomique dans la r\u00e9gion du sud de la M\u00e9diterran\u00e9e - Voisins de l'UE","robots":{"index":"index","follow":"follow","max-snippet":"max-snippet:-1","max-image-preview":"max-image-preview:large","max-video-preview":"max-video-preview:-1"},"canonical":"https:\/\/www.eumedbridge.eu\/fr\/news\/businessmed-et-la-kas-sassocient-pour-la-reprise-economique-dans-la-region\/","og_locale":"fr_FR","og_type":"article","og_title":"BUSINESSMED et la KAS s\u2019associent pour la reprise \u00e9conomique dans la r\u00e9gion du sud de la M\u00e9diterran\u00e9e - Voisins de l'UE","og_description":"Organis\u00e9 conjointement par BUSINESSMED\u00a0et le programme r\u00e9gional sud-m\u00e9diterran\u00e9en de la Konrad-Adenauer-Stiftung (KAS), l\u2019atelier sur la reprise \u00e9conomique post-COVID19 dans la r\u00e9gion sud-m\u00e9diterran\u00e9enne, a r\u00e9uni des experts de premier plan travaillant dans la r\u00e9gion pour fournir une vue d\u2019ensemble de la r\u00e9silience \u00e0 la crise d\u2019un point de vue sectoriel et des implications pour les entreprises, [&hellip;]","og_url":"https:\/\/www.eumedbridge.eu\/fr\/news\/businessmed-et-la-kas-sassocient-pour-la-reprise-economique-dans-la-region\/","og_site_name":"Voisins de l'UE","article_publisher":"https:\/\/www.facebook.com\/eumedbridge\/","article_modified_time":"2022-07-08T13:07:37+00:00","og_image":[{"width":568,"height":400,"url":"https:\/\/www.eumedbridge.eu\/wp-content\/uploads\/2022\/03\/konrad.png","type":"image\/png"}],"twitter_card":"summary_large_image","twitter_site":"@eumedbridge","twitter_misc":{"Dur\u00e9e de lecture estim\u00e9e":"1 minute"},"schema":{"@context":"https:\/\/schema.org","@graph":[{"@type":"WebPage","@id":"https:\/\/www.eumedbridge.eu\/fr\/news\/businessmed-et-la-kas-sassocient-pour-la-reprise-economique-dans-la-region\/","url":"https:\/\/www.eumedbridge.eu\/fr\/news\/businessmed-et-la-kas-sassocient-pour-la-reprise-economique-dans-la-region\/","name":"BUSINESSMED et la KAS s\u2019associent pour la reprise \u00e9conomique dans la r\u00e9gion du sud de la M\u00e9diterran\u00e9e - Voisins de l'UE","isPartOf":{"@id":"https:\/\/www.eumedbridge.eu\/#website"},"primaryImageOfPage":{"@id":"https:\/\/www.eumedbridge.eu\/fr\/news\/businessmed-et-la-kas-sassocient-pour-la-reprise-economique-dans-la-region\/#primaryimage"},"image":{"@id":"https:\/\/www.eumedbridge.eu\/fr\/news\/businessmed-et-la-kas-sassocient-pour-la-reprise-economique-dans-la-region\/#primaryimage"},"thumbnailUrl":"https:\/\/www.eumedbridge.eu\/wp-content\/uploads\/2022\/03\/konrad.png","datePublished":"2021-10-27T21:00:00+00:00","dateModified":"2022-07-08T13:07:37+00:00","breadcrumb":{"@id":"https:\/\/www.eumedbridge.eu\/fr\/news\/businessmed-et-la-kas-sassocient-pour-la-reprise-economique-dans-la-region\/#breadcrumb"},"inLanguage":"fr-FR","potentialAction":[{"@type":"ReadAction","target":["https:\/\/www.eumedbridge.eu\/fr\/news\/businessmed-et-la-kas-sassocient-pour-la-reprise-economique-dans-la-region\/"]}]},{"@type":"ImageObject","inLanguage":"fr-FR","@id":"https:\/\/www.eumedbridge.eu\/fr\/news\/businessmed-et-la-kas-sassocient-pour-la-reprise-economique-dans-la-region\/#primaryimage","url":"https:\/\/www.eumedbridge.eu\/wp-content\/uploads\/2022\/03\/konrad.png","contentUrl":"https:\/\/www.eumedbridge.eu\/wp-content\/uploads\/2022\/03\/konrad.png","width":568,"height":400},{"@type":"BreadcrumbList","@id":"https:\/\/www.eumedbridge.eu\/fr\/news\/businessmed-et-la-kas-sassocient-pour-la-reprise-economique-dans-la-region\/#breadcrumb","itemListElement":[{"@type":"ListItem","position":1,"name":"Home","item":"https:\/\/www.eumedbridge.eu\/fr\/home-page\/"},{"@type":"ListItem","position":2,"name":"Actualit\u00e9s","item":"https:\/\/www.eumedbridge.eu\/fr\/news\/"},{"@type":"ListItem","position":3,"name":"BUSINESSMED et la KAS s\u2019associent pour la reprise \u00e9conomique dans la r\u00e9gion du sud de la M\u00e9diterran\u00e9e"}]},{"@type":"WebSite","@id":"https:\/\/www.eumedbridge.eu\/#website","url":"https:\/\/www.eumedbridge.eu\/","name":"EU Medbridge","description":"","publisher":{"@id":"https:\/\/www.eumedbridge.eu\/#organization"},"potentialAction":[{"@type":"SearchAction","target":{"@type":"EntryPoint","urlTemplate":"https:\/\/www.eumedbridge.eu\/?s={search_term_string}"},"query-input":{"@type":"PropertyValueSpecification","valueRequired":true,"valueName":"search_term_string"}}],"inLanguage":"fr-FR"},{"@type":"Organization","@id":"https:\/\/www.eumedbridge.eu\/#organization","name":"EU Medbridge","url":"https:\/\/www.eumedbridge.eu\/","logo":{"@type":"ImageObject","inLanguage":"fr-FR","@id":"https:\/\/www.eumedbridge.eu\/#\/schema\/logo\/image\/","url":"https:\/\/www.eumedbridge.eu\/wp-content\/uploads\/2021\/12\/Logo.png","contentUrl":"https:\/\/www.eumedbridge.eu\/wp-content\/uploads\/2021\/12\/Logo.png","width":325,"height":114,"caption":"EU Medbridge"},"image":{"@id":"https:\/\/www.eumedbridge.eu\/#\/schema\/logo\/image\/"},"sameAs":["https:\/\/www.facebook.com\/eumedbridge\/","https:\/\/x.com\/eumedbridge","https:\/\/www.linkedin.com\/company\/eumedbridge","https:\/\/www.youtube.com\/@eumedbridge","https:\/\/www.instagram.com\/eumedbridge","https:\/\/www.flickr.com\/photos\/euneighbours-south\/"]}]}},"_links":{"self":[{"href":"https:\/\/www.eumedbridge.eu\/fr\/wp-json\/wp\/v2\/news\/158336","targetHints":{"allow":["GET"]}}],"collection":[{"href":"https:\/\/www.eumedbridge.eu\/fr\/wp-json\/wp\/v2\/news"}],"about":[{"href":"https:\/\/www.eumedbridge.eu\/fr\/wp-json\/wp\/v2\/types\/news"}],"wp:featuredmedia":[{"embeddable":true,"href":"https:\/\/www.eumedbridge.eu\/fr\/wp-json\/wp\/v2\/media\/75603"}],"wp:attachment":[{"href":"https:\/\/www.eumedbridge.eu\/fr\/wp-json\/wp\/v2\/media?parent=158336"}],"wp:term":[{"taxonomy":"news_category","embeddable":true,"href":"https:\/\/www.eumedbridge.eu\/fr\/wp-json\/wp\/v2\/news_category?post=158336"},{"taxonomy":"country","embeddable":true,"href":"https:\/\/www.eumedbridge.eu\/fr\/wp-json\/wp\/v2\/country?post=158336"},{"taxonomy":"special_action","embeddable":true,"href":"https:\/\/www.eumedbridge.eu\/fr\/wp-json\/wp\/v2\/special_action?post=158336"},{"taxonomy":"custom_tag","embeddable":true,"href":"https:\/\/www.eumedbridge.eu\/fr\/wp-json\/wp\/v2\/custom_tag?post=158336"}],"curies":[{"name":"wp","href":"https:\/\/api.w.org\/{rel}","templated":true}]}}