{"id":158382,"date":"2021-10-18T00:00:00","date_gmt":"2021-10-17T21:00:00","guid":{"rendered":"http:\/\/south.euneighbours.eu\/news\/prolongation-de-lappel-a-communications-pour-la-conference-annuelle-emnes-2021\/"},"modified":"2022-07-08T16:09:24","modified_gmt":"2022-07-08T13:09:24","slug":"prolongation-de-lappel-communications-pour-la-conference-annuelle-emnes-2021","status":"publish","type":"news","link":"https:\/\/www.eumedbridge.eu\/fr\/news\/prolongation-de-lappel-communications-pour-la-conference-annuelle-emnes-2021\/","title":{"rendered":"Prolongation de l\u2019appel \u00e0 communications pour la conf\u00e9rence annuelle EMNES\u00a02021"},"content":{"rendered":"<p><span>L\u2019EMNES a annonc\u00e9 la prolongation de son\u00a0<\/span><span><a href=\"https:\/\/euneighbours.eu\/fr\/sud\/stay-informed\/news\/appel-communications-pour-la-conference-annuelle-emnes-2021\"><span>appel \u00e0 communication<\/span><\/a><\/span><span>\u00a0sollicitant la soumission de manuscrits in\u00e9dits de haute qualit\u00e9 sur des sujets li\u00e9s \u00e0 l\u2019impact de la pand\u00e9mie de COVID-19 et \u00e0 la transition vers une croissance socio\u00e9conomique r\u00e9siliente et durable en <\/span><strong><strong>Europe, en M\u00e9diterran\u00e9e et en Afrique.<\/strong><\/strong><\/p>\n<p><span>La date limite de soumission a \u00e9t\u00e9 <\/span><strong><strong>prolong\u00e9e jusqu\u2019au 31\u00a0octobre\u00a02021.<\/strong><\/strong><\/p>\n<p><span>Cette ann\u00e9e, la conf\u00e9rence offrira \u00e0 des universitaires, des praticiens et des d\u00e9cideurs de premier plan l\u2019occasion de discuter de recherches innovantes sur une s\u00e9rie de sujets li\u00e9s \u00e0 <\/span><strong><strong>la reprise apr\u00e8s la pand\u00e9mie de COVID-19<\/strong><\/strong><span>.<\/span><\/p>\n<p><span>La conf\u00e9rence annuelle du<\/span><strong><strong>\u00a0<\/strong><\/strong><span><a href=\"https:\/\/emnes.org\/\"><span>R\u00e9seau euro-m\u00e9diterran\u00e9en pour les \u00e9tudes \u00e9conomiques (EMNES)<\/span><\/a><\/span><span>\u00a0met \u00e0 la disposition des chercheurs universitaires, des praticiens et des d\u00e9cideurs politiques une plateforme pour discuter des questions actuelles li\u00e9es au d\u00e9veloppement socio\u00e9conomique et \u00e0 l\u2019int\u00e9gration r\u00e9gionale en M\u00e9diterran\u00e9e et en Afrique.<\/span><\/p>\n<p><strong><strong>EMNES<\/strong><\/strong><span>\u00a0est un r\u00e9seau d\u2019instituts de recherche et de groupes de r\u00e9flexion partenaires et associ\u00e9s op\u00e9rant dans la <\/span><strong><strong>r\u00e9gion m\u00e9diterran\u00e9enne<\/strong><\/strong><span>. Il vise \u00e0 pr\u00e9senter une vision renouvel\u00e9e du d\u00e9veloppement socio\u00e9conomique dans la r\u00e9gion m\u00e9diterran\u00e9enne centr\u00e9e essentiellement sur la cr\u00e9ation d\u2019emplois, l\u2019inclusion sociale et le d\u00e9veloppement durable, en produisant des livres, des \u00e9tudes, des documents scientifiques et politiques. Le projet EMNES est cofinanc\u00e9 par l\u2019Association euro-m\u00e9diterran\u00e9enne des \u00e9conomistes (<\/span><em><em>Euro-Mediterranean Economists Association<\/em><\/em><span>\u00a0&#8211; <\/span><strong><strong>EMEA<\/strong><\/strong><span>) et la <\/span><strong><strong>Commission europ\u00e9enne<\/strong><\/strong><span>.<\/span><\/p>\n<p><strong><span>Pour plus d&rsquo;informations<\/span><\/strong><\/p>\n<p><a href=\"https:\/\/emnes.org\/news\/call-for-papers-emnes-annual-conference-2021-pillars-for-inclusive-sustainable-and-resilient-growth-and-innovative-socio-economic-models-post-covid-19-pandemic-in-the-mediterranean-and-africa\/\"><span>Communiqu\u00e9 de presse<\/span><\/a><\/p>\n<p><a href=\"http:\/\/emnes.org\/\">EMNES<\/a><\/p>\n<p><a href=\"https:\/\/conference2021.emnes.org\/\">Conf\u00e9rence d&rsquo;EMNES 2021<\/a><\/p>\n<p>\u00a0<\/p>\n","protected":false},"featured_media":75103,"parent":0,"template":"","news_category":[],"country":[1956],"special_action":[],"custom_tag":[2312,2315,1890],"class_list":["post-158382","news","type-news","status-publish","has-post-thumbnail","hentry","country-region-sud","custom_tag-developpement-durable","custom_tag-emploi-et-entrpreuneuriat","custom_tag-sante"],"acf":[],"yoast_head":"<!-- This site is optimized with the Yoast SEO plugin v26.5 - https:\/\/yoast.com\/wordpress\/plugins\/seo\/ -->\n<title>Prolongation de l\u2019appel \u00e0 communications pour la conf\u00e9rence annuelle EMNES\u00a02021 - Voisins de l&#039;UE<\/title>\n<meta name=\"robots\" content=\"index, follow, max-snippet:-1, max-image-preview:large, max-video-preview:-1\" \/>\n<link rel=\"canonical\" href=\"https:\/\/www.eumedbridge.eu\/fr\/news\/prolongation-de-lappel-communications-pour-la-conference-annuelle-emnes-2021\/\" \/>\n<meta property=\"og:locale\" content=\"fr_FR\" \/>\n<meta property=\"og:type\" content=\"article\" \/>\n<meta property=\"og:title\" content=\"Prolongation de l\u2019appel \u00e0 communications pour la conf\u00e9rence annuelle EMNES\u00a02021 - Voisins de l&#039;UE\" \/>\n<meta property=\"og:description\" content=\"L\u2019EMNES a annonc\u00e9 la prolongation de son\u00a0appel \u00e0 communication\u00a0sollicitant la soumission de manuscrits in\u00e9dits de haute qualit\u00e9 sur des sujets li\u00e9s \u00e0 l\u2019impact de la pand\u00e9mie de COVID-19 et \u00e0 la transition vers une croissance socio\u00e9conomique r\u00e9siliente et durable en Europe, en M\u00e9diterran\u00e9e et en Afrique. La date limite de soumission a \u00e9t\u00e9 prolong\u00e9e jusqu\u2019au [&hellip;]\" \/>\n<meta property=\"og:url\" content=\"https:\/\/www.eumedbridge.eu\/fr\/news\/prolongation-de-lappel-communications-pour-la-conference-annuelle-emnes-2021\/\" \/>\n<meta property=\"og:site_name\" content=\"Voisins de l&#039;UE\" \/>\n<meta property=\"article:publisher\" content=\"https:\/\/www.facebook.com\/eumedbridge\/\" \/>\n<meta property=\"article:modified_time\" content=\"2022-07-08T13:09:24+00:00\" \/>\n<meta property=\"og:image\" content=\"https:\/\/www.eumedbridge.eu\/wp-content\/uploads\/2022\/03\/unnamed.png\" \/>\n\t<meta property=\"og:image:width\" content=\"1185\" \/>\n\t<meta property=\"og:image:height\" content=\"518\" \/>\n\t<meta property=\"og:image:type\" content=\"image\/png\" \/>\n<meta name=\"twitter:card\" content=\"summary_large_image\" \/>\n<meta name=\"twitter:site\" content=\"@eumedbridge\" \/>\n<meta name=\"twitter:label1\" content=\"Dur\u00e9e de lecture estim\u00e9e\" \/>\n\t<meta name=\"twitter:data1\" content=\"1 minute\" \/>\n<script type=\"application\/ld+json\" class=\"yoast-schema-graph\">{\"@context\":\"https:\/\/schema.org\",\"@graph\":[{\"@type\":\"WebPage\",\"@id\":\"https:\/\/www.eumedbridge.eu\/fr\/news\/prolongation-de-lappel-communications-pour-la-conference-annuelle-emnes-2021\/\",\"url\":\"https:\/\/www.eumedbridge.eu\/fr\/news\/prolongation-de-lappel-communications-pour-la-conference-annuelle-emnes-2021\/\",\"name\":\"Prolongation de l\u2019appel \u00e0 communications pour la conf\u00e9rence annuelle EMNES\u00a02021 - Voisins de l'UE\",\"isPartOf\":{\"@id\":\"https:\/\/www.eumedbridge.eu\/#website\"},\"primaryImageOfPage\":{\"@id\":\"https:\/\/www.eumedbridge.eu\/fr\/news\/prolongation-de-lappel-communications-pour-la-conference-annuelle-emnes-2021\/#primaryimage\"},\"image\":{\"@id\":\"https:\/\/www.eumedbridge.eu\/fr\/news\/prolongation-de-lappel-communications-pour-la-conference-annuelle-emnes-2021\/#primaryimage\"},\"thumbnailUrl\":\"https:\/\/www.eumedbridge.eu\/wp-content\/uploads\/2022\/03\/unnamed.png\",\"datePublished\":\"2021-10-17T21:00:00+00:00\",\"dateModified\":\"2022-07-08T13:09:24+00:00\",\"breadcrumb\":{\"@id\":\"https:\/\/www.eumedbridge.eu\/fr\/news\/prolongation-de-lappel-communications-pour-la-conference-annuelle-emnes-2021\/#breadcrumb\"},\"inLanguage\":\"fr-FR\",\"potentialAction\":[{\"@type\":\"ReadAction\",\"target\":[\"https:\/\/www.eumedbridge.eu\/fr\/news\/prolongation-de-lappel-communications-pour-la-conference-annuelle-emnes-2021\/\"]}]},{\"@type\":\"ImageObject\",\"inLanguage\":\"fr-FR\",\"@id\":\"https:\/\/www.eumedbridge.eu\/fr\/news\/prolongation-de-lappel-communications-pour-la-conference-annuelle-emnes-2021\/#primaryimage\",\"url\":\"https:\/\/www.eumedbridge.eu\/wp-content\/uploads\/2022\/03\/unnamed.png\",\"contentUrl\":\"https:\/\/www.eumedbridge.eu\/wp-content\/uploads\/2022\/03\/unnamed.png\",\"width\":1185,\"height\":518},{\"@type\":\"BreadcrumbList\",\"@id\":\"https:\/\/www.eumedbridge.eu\/fr\/news\/prolongation-de-lappel-communications-pour-la-conference-annuelle-emnes-2021\/#breadcrumb\",\"itemListElement\":[{\"@type\":\"ListItem\",\"position\":1,\"name\":\"Home\",\"item\":\"https:\/\/www.eumedbridge.eu\/fr\/home-page\/\"},{\"@type\":\"ListItem\",\"position\":2,\"name\":\"Actualit\u00e9s\",\"item\":\"https:\/\/www.eumedbridge.eu\/fr\/news\/\"},{\"@type\":\"ListItem\",\"position\":3,\"name\":\"Prolongation de l\u2019appel \u00e0 communications pour la conf\u00e9rence annuelle EMNES\u00a02021\"}]},{\"@type\":\"WebSite\",\"@id\":\"https:\/\/www.eumedbridge.eu\/#website\",\"url\":\"https:\/\/www.eumedbridge.eu\/\",\"name\":\"EU Medbridge\",\"description\":\"\",\"publisher\":{\"@id\":\"https:\/\/www.eumedbridge.eu\/#organization\"},\"potentialAction\":[{\"@type\":\"SearchAction\",\"target\":{\"@type\":\"EntryPoint\",\"urlTemplate\":\"https:\/\/www.eumedbridge.eu\/?s={search_term_string}\"},\"query-input\":{\"@type\":\"PropertyValueSpecification\",\"valueRequired\":true,\"valueName\":\"search_term_string\"}}],\"inLanguage\":\"fr-FR\"},{\"@type\":\"Organization\",\"@id\":\"https:\/\/www.eumedbridge.eu\/#organization\",\"name\":\"EU Medbridge\",\"url\":\"https:\/\/www.eumedbridge.eu\/\",\"logo\":{\"@type\":\"ImageObject\",\"inLanguage\":\"fr-FR\",\"@id\":\"https:\/\/www.eumedbridge.eu\/#\/schema\/logo\/image\/\",\"url\":\"https:\/\/www.eumedbridge.eu\/wp-content\/uploads\/2021\/12\/Logo.png\",\"contentUrl\":\"https:\/\/www.eumedbridge.eu\/wp-content\/uploads\/2021\/12\/Logo.png\",\"width\":325,\"height\":114,\"caption\":\"EU Medbridge\"},\"image\":{\"@id\":\"https:\/\/www.eumedbridge.eu\/#\/schema\/logo\/image\/\"},\"sameAs\":[\"https:\/\/www.facebook.com\/eumedbridge\/\",\"https:\/\/x.com\/eumedbridge\",\"https:\/\/www.linkedin.com\/company\/eumedbridge\",\"https:\/\/www.youtube.com\/@eumedbridge\",\"https:\/\/www.instagram.com\/eumedbridge\",\"https:\/\/www.flickr.com\/photos\/euneighbours-south\/\"]}]}<\/script>\n<!-- \/ Yoast SEO plugin. -->","yoast_head_json":{"title":"Prolongation de l\u2019appel \u00e0 communications pour la conf\u00e9rence annuelle EMNES\u00a02021 - Voisins de l'UE","robots":{"index":"index","follow":"follow","max-snippet":"max-snippet:-1","max-image-preview":"max-image-preview:large","max-video-preview":"max-video-preview:-1"},"canonical":"https:\/\/www.eumedbridge.eu\/fr\/news\/prolongation-de-lappel-communications-pour-la-conference-annuelle-emnes-2021\/","og_locale":"fr_FR","og_type":"article","og_title":"Prolongation de l\u2019appel \u00e0 communications pour la conf\u00e9rence annuelle EMNES\u00a02021 - Voisins de l'UE","og_description":"L\u2019EMNES a annonc\u00e9 la prolongation de son\u00a0appel \u00e0 communication\u00a0sollicitant la soumission de manuscrits in\u00e9dits de haute qualit\u00e9 sur des sujets li\u00e9s \u00e0 l\u2019impact de la pand\u00e9mie de COVID-19 et \u00e0 la transition vers une croissance socio\u00e9conomique r\u00e9siliente et durable en Europe, en M\u00e9diterran\u00e9e et en Afrique. La date limite de soumission a \u00e9t\u00e9 prolong\u00e9e jusqu\u2019au [&hellip;]","og_url":"https:\/\/www.eumedbridge.eu\/fr\/news\/prolongation-de-lappel-communications-pour-la-conference-annuelle-emnes-2021\/","og_site_name":"Voisins de l'UE","article_publisher":"https:\/\/www.facebook.com\/eumedbridge\/","article_modified_time":"2022-07-08T13:09:24+00:00","og_image":[{"width":1185,"height":518,"url":"https:\/\/www.eumedbridge.eu\/wp-content\/uploads\/2022\/03\/unnamed.png","type":"image\/png"}],"twitter_card":"summary_large_image","twitter_site":"@eumedbridge","twitter_misc":{"Dur\u00e9e de lecture estim\u00e9e":"1 minute"},"schema":{"@context":"https:\/\/schema.org","@graph":[{"@type":"WebPage","@id":"https:\/\/www.eumedbridge.eu\/fr\/news\/prolongation-de-lappel-communications-pour-la-conference-annuelle-emnes-2021\/","url":"https:\/\/www.eumedbridge.eu\/fr\/news\/prolongation-de-lappel-communications-pour-la-conference-annuelle-emnes-2021\/","name":"Prolongation de l\u2019appel \u00e0 communications pour la conf\u00e9rence annuelle EMNES\u00a02021 - Voisins de l'UE","isPartOf":{"@id":"https:\/\/www.eumedbridge.eu\/#website"},"primaryImageOfPage":{"@id":"https:\/\/www.eumedbridge.eu\/fr\/news\/prolongation-de-lappel-communications-pour-la-conference-annuelle-emnes-2021\/#primaryimage"},"image":{"@id":"https:\/\/www.eumedbridge.eu\/fr\/news\/prolongation-de-lappel-communications-pour-la-conference-annuelle-emnes-2021\/#primaryimage"},"thumbnailUrl":"https:\/\/www.eumedbridge.eu\/wp-content\/uploads\/2022\/03\/unnamed.png","datePublished":"2021-10-17T21:00:00+00:00","dateModified":"2022-07-08T13:09:24+00:00","breadcrumb":{"@id":"https:\/\/www.eumedbridge.eu\/fr\/news\/prolongation-de-lappel-communications-pour-la-conference-annuelle-emnes-2021\/#breadcrumb"},"inLanguage":"fr-FR","potentialAction":[{"@type":"ReadAction","target":["https:\/\/www.eumedbridge.eu\/fr\/news\/prolongation-de-lappel-communications-pour-la-conference-annuelle-emnes-2021\/"]}]},{"@type":"ImageObject","inLanguage":"fr-FR","@id":"https:\/\/www.eumedbridge.eu\/fr\/news\/prolongation-de-lappel-communications-pour-la-conference-annuelle-emnes-2021\/#primaryimage","url":"https:\/\/www.eumedbridge.eu\/wp-content\/uploads\/2022\/03\/unnamed.png","contentUrl":"https:\/\/www.eumedbridge.eu\/wp-content\/uploads\/2022\/03\/unnamed.png","width":1185,"height":518},{"@type":"BreadcrumbList","@id":"https:\/\/www.eumedbridge.eu\/fr\/news\/prolongation-de-lappel-communications-pour-la-conference-annuelle-emnes-2021\/#breadcrumb","itemListElement":[{"@type":"ListItem","position":1,"name":"Home","item":"https:\/\/www.eumedbridge.eu\/fr\/home-page\/"},{"@type":"ListItem","position":2,"name":"Actualit\u00e9s","item":"https:\/\/www.eumedbridge.eu\/fr\/news\/"},{"@type":"ListItem","position":3,"name":"Prolongation de l\u2019appel \u00e0 communications pour la conf\u00e9rence annuelle EMNES\u00a02021"}]},{"@type":"WebSite","@id":"https:\/\/www.eumedbridge.eu\/#website","url":"https:\/\/www.eumedbridge.eu\/","name":"EU Medbridge","description":"","publisher":{"@id":"https:\/\/www.eumedbridge.eu\/#organization"},"potentialAction":[{"@type":"SearchAction","target":{"@type":"EntryPoint","urlTemplate":"https:\/\/www.eumedbridge.eu\/?s={search_term_string}"},"query-input":{"@type":"PropertyValueSpecification","valueRequired":true,"valueName":"search_term_string"}}],"inLanguage":"fr-FR"},{"@type":"Organization","@id":"https:\/\/www.eumedbridge.eu\/#organization","name":"EU Medbridge","url":"https:\/\/www.eumedbridge.eu\/","logo":{"@type":"ImageObject","inLanguage":"fr-FR","@id":"https:\/\/www.eumedbridge.eu\/#\/schema\/logo\/image\/","url":"https:\/\/www.eumedbridge.eu\/wp-content\/uploads\/2021\/12\/Logo.png","contentUrl":"https:\/\/www.eumedbridge.eu\/wp-content\/uploads\/2021\/12\/Logo.png","width":325,"height":114,"caption":"EU Medbridge"},"image":{"@id":"https:\/\/www.eumedbridge.eu\/#\/schema\/logo\/image\/"},"sameAs":["https:\/\/www.facebook.com\/eumedbridge\/","https:\/\/x.com\/eumedbridge","https:\/\/www.linkedin.com\/company\/eumedbridge","https:\/\/www.youtube.com\/@eumedbridge","https:\/\/www.instagram.com\/eumedbridge","https:\/\/www.flickr.com\/photos\/euneighbours-south\/"]}]}},"_links":{"self":[{"href":"https:\/\/www.eumedbridge.eu\/fr\/wp-json\/wp\/v2\/news\/158382","targetHints":{"allow":["GET"]}}],"collection":[{"href":"https:\/\/www.eumedbridge.eu\/fr\/wp-json\/wp\/v2\/news"}],"about":[{"href":"https:\/\/www.eumedbridge.eu\/fr\/wp-json\/wp\/v2\/types\/news"}],"wp:featuredmedia":[{"embeddable":true,"href":"https:\/\/www.eumedbridge.eu\/fr\/wp-json\/wp\/v2\/media\/75103"}],"wp:attachment":[{"href":"https:\/\/www.eumedbridge.eu\/fr\/wp-json\/wp\/v2\/media?parent=158382"}],"wp:term":[{"taxonomy":"news_category","embeddable":true,"href":"https:\/\/www.eumedbridge.eu\/fr\/wp-json\/wp\/v2\/news_category?post=158382"},{"taxonomy":"country","embeddable":true,"href":"https:\/\/www.eumedbridge.eu\/fr\/wp-json\/wp\/v2\/country?post=158382"},{"taxonomy":"special_action","embeddable":true,"href":"https:\/\/www.eumedbridge.eu\/fr\/wp-json\/wp\/v2\/special_action?post=158382"},{"taxonomy":"custom_tag","embeddable":true,"href":"https:\/\/www.eumedbridge.eu\/fr\/wp-json\/wp\/v2\/custom_tag?post=158382"}],"curies":[{"name":"wp","href":"https:\/\/api.w.org\/{rel}","templated":true}]}}