{"id":158383,"date":"2021-10-18T00:00:00","date_gmt":"2021-10-17T21:00:00","guid":{"rendered":"http:\/\/south.euneighbours.eu\/news\/la-commission-annonce-les-laureats-du-prix-megalizzi-niedzielski-2021-pour-les-aspirants-journalistes-et-lance-un-nouvel-appel-a-propositions\/"},"modified":"2022-07-08T16:09:27","modified_gmt":"2022-07-08T13:09:27","slug":"la-commission-annonce-les-laureats-du-prix-megalizzi-niedzielski-2021-pour","status":"publish","type":"news","link":"https:\/\/www.eumedbridge.eu\/fr\/news\/la-commission-annonce-les-laureats-du-prix-megalizzi-niedzielski-2021-pour\/","title":{"rendered":"La Commission annonce les laur\u00e9ats du prix Megalizzi \u2013 Niedzielski 2021 pour les aspirants journalistes et lance un nouvel appel \u00e0 propositions"},"content":{"rendered":"<p><span>La\u00a0<\/span><strong><strong>Commission europ\u00e9enne<\/strong><\/strong><span>\u00a0a annonc\u00e9 les laur\u00e9ats du <\/span><strong><strong>prix Megalizzi \u2013 Niedzielski 2021 pour les aspirants journalistes<\/strong><\/strong><span>\u00a0: Irene Barahona Fern\u00e1ndez d\u2019Espagne et Jack Ryan d\u2019Irlande. Irene et Jack ont \u00e9t\u00e9 r\u00e9compens\u00e9s pour leur travail prometteur, leur engagement pour un journalisme de qualit\u00e9 et leur attachement aux valeurs europ\u00e9ennes.<\/span><\/p>\n<p><span>Durant la c\u00e9r\u00e9monie de remise des prix, la Commission a lanc\u00e9 le\u00a0<\/span><span><a href=\"https:\/\/ec.europa.eu\/regional_policy\/fr\/newsroom\/funding-opportunities\/calls-for-proposal\/\"><span>5<\/span><span>e<\/span><span>\u00a0appel \u00e0 propositions<\/span><\/a><\/span><span>\u00a0soutenant les actions d\u2019information sur la\u00a0<\/span><strong><strong>politique de coh\u00e9sion de l\u2019UE<\/strong><\/strong><span>, dot\u00e9 d\u2019un budget global de 7\u00a0millions d\u2019euros.<\/span><\/p>\n<p><span>Les m\u00e9dias, ainsi que les universit\u00e9s, les agences de communication et d\u2019autres entit\u00e9s priv\u00e9es ou organismes publics sont invit\u00e9s \u00e0 soumettre leurs propositions de reportages \u00e9ditorialement ind\u00e9pendants sur la politique de coh\u00e9sion.<\/span><\/p>\n<p><span>La date limite de d\u00e9p\u00f4t des candidatures est fix\u00e9e au 11 janvier 2022.<\/span><\/p>\n<p><span><a href=\"https:\/\/ec.europa.eu\/regional_policy\/en\/policy\/communication\/youth4regions\/prize_mn\"><span>Le prix Megalizzi \u2013 Niedzielski pour les aspirants journalistes<\/span><\/a><\/span><span>\u00a0a \u00e9t\u00e9 lanc\u00e9 en 2019 et rend hommage \u00e0 Antonio Megalizzi et Bartosz Piotr Orent-Niedzielski, de jeunes journalistes europ\u00e9ens tr\u00e8s attach\u00e9s \u00e0 l\u2019UE et \u00e0 ses valeurs, qui ont perdu la vie lors d\u2019un attentat terroriste \u00e0 Strasbourg, \u00e0 la fin 2018.\u00a0<\/span><\/p>\n<p><strong>Pour plus d&rsquo;informations<\/strong><\/p>\n<p><a href=\"https:\/\/ec.europa.eu\/regional_policy\/en\/newsroom\/news\/2021\/10\/13-10-2021-commission-announces-winners-of-megalizzi-niedzielski-prize-2021-for-aspiring-journalists-and-launches-a-new-call-for-proposals?utm_campaign=58b8491bd4dbac36560097ed&#038;utm_content=6166facf1a2c420001615d31&#038;utm_medium=smarpshare&#038;utm_source=linkedin\">Communiqu\u00e9 de presse<\/a><\/p>\n<p>\u00a0<\/p>\n","protected":false},"featured_media":75093,"parent":0,"template":"","news_category":[],"country":[1956],"special_action":[],"custom_tag":[2312,1970,1897],"class_list":["post-158383","news","type-news","status-publish","has-post-thumbnail","hentry","country-region-sud","custom_tag-developpement-durable","custom_tag-jeunesse","custom_tag-medias"],"acf":[],"yoast_head":"<!-- This site is optimized with the Yoast SEO plugin v26.5 - https:\/\/yoast.com\/wordpress\/plugins\/seo\/ -->\n<title>La Commission annonce les laur\u00e9ats du prix Megalizzi \u2013 Niedzielski 2021 pour les aspirants journalistes et lance un nouvel appel \u00e0 propositions - Voisins de l&#039;UE<\/title>\n<meta name=\"robots\" content=\"index, follow, max-snippet:-1, max-image-preview:large, max-video-preview:-1\" \/>\n<link rel=\"canonical\" href=\"https:\/\/www.eumedbridge.eu\/fr\/news\/la-commission-annonce-les-laureats-du-prix-megalizzi-niedzielski-2021-pour\/\" \/>\n<meta property=\"og:locale\" content=\"fr_FR\" \/>\n<meta property=\"og:type\" content=\"article\" \/>\n<meta property=\"og:title\" content=\"La Commission annonce les laur\u00e9ats du prix Megalizzi \u2013 Niedzielski 2021 pour les aspirants journalistes et lance un nouvel appel \u00e0 propositions - Voisins de l&#039;UE\" \/>\n<meta property=\"og:description\" content=\"La\u00a0Commission europ\u00e9enne\u00a0a annonc\u00e9 les laur\u00e9ats du prix Megalizzi \u2013 Niedzielski 2021 pour les aspirants journalistes\u00a0: Irene Barahona Fern\u00e1ndez d\u2019Espagne et Jack Ryan d\u2019Irlande. Irene et Jack ont \u00e9t\u00e9 r\u00e9compens\u00e9s pour leur travail prometteur, leur engagement pour un journalisme de qualit\u00e9 et leur attachement aux valeurs europ\u00e9ennes. Durant la c\u00e9r\u00e9monie de remise des prix, la Commission [&hellip;]\" \/>\n<meta property=\"og:url\" content=\"https:\/\/www.eumedbridge.eu\/fr\/news\/la-commission-annonce-les-laureats-du-prix-megalizzi-niedzielski-2021-pour\/\" \/>\n<meta property=\"og:site_name\" content=\"Voisins de l&#039;UE\" \/>\n<meta property=\"article:publisher\" content=\"https:\/\/www.facebook.com\/eumedbridge\/\" \/>\n<meta property=\"article:modified_time\" content=\"2022-07-08T13:09:27+00:00\" \/>\n<meta property=\"og:image\" content=\"https:\/\/www.eumedbridge.eu\/wp-content\/uploads\/2022\/03\/megalizzi_niedzielski_call_13102021.png\" \/>\n\t<meta property=\"og:image:width\" content=\"480\" \/>\n\t<meta property=\"og:image:height\" content=\"360\" \/>\n\t<meta property=\"og:image:type\" content=\"image\/png\" \/>\n<meta name=\"twitter:card\" content=\"summary_large_image\" \/>\n<meta name=\"twitter:site\" content=\"@eumedbridge\" \/>\n<meta name=\"twitter:label1\" content=\"Dur\u00e9e de lecture estim\u00e9e\" \/>\n\t<meta name=\"twitter:data1\" content=\"1 minute\" \/>\n<script type=\"application\/ld+json\" class=\"yoast-schema-graph\">{\"@context\":\"https:\/\/schema.org\",\"@graph\":[{\"@type\":\"WebPage\",\"@id\":\"https:\/\/www.eumedbridge.eu\/fr\/news\/la-commission-annonce-les-laureats-du-prix-megalizzi-niedzielski-2021-pour\/\",\"url\":\"https:\/\/www.eumedbridge.eu\/fr\/news\/la-commission-annonce-les-laureats-du-prix-megalizzi-niedzielski-2021-pour\/\",\"name\":\"La Commission annonce les laur\u00e9ats du prix Megalizzi \u2013 Niedzielski 2021 pour les aspirants journalistes et lance un nouvel appel \u00e0 propositions - Voisins de l'UE\",\"isPartOf\":{\"@id\":\"https:\/\/www.eumedbridge.eu\/#website\"},\"primaryImageOfPage\":{\"@id\":\"https:\/\/www.eumedbridge.eu\/fr\/news\/la-commission-annonce-les-laureats-du-prix-megalizzi-niedzielski-2021-pour\/#primaryimage\"},\"image\":{\"@id\":\"https:\/\/www.eumedbridge.eu\/fr\/news\/la-commission-annonce-les-laureats-du-prix-megalizzi-niedzielski-2021-pour\/#primaryimage\"},\"thumbnailUrl\":\"https:\/\/www.eumedbridge.eu\/wp-content\/uploads\/2022\/03\/megalizzi_niedzielski_call_13102021.png\",\"datePublished\":\"2021-10-17T21:00:00+00:00\",\"dateModified\":\"2022-07-08T13:09:27+00:00\",\"breadcrumb\":{\"@id\":\"https:\/\/www.eumedbridge.eu\/fr\/news\/la-commission-annonce-les-laureats-du-prix-megalizzi-niedzielski-2021-pour\/#breadcrumb\"},\"inLanguage\":\"fr-FR\",\"potentialAction\":[{\"@type\":\"ReadAction\",\"target\":[\"https:\/\/www.eumedbridge.eu\/fr\/news\/la-commission-annonce-les-laureats-du-prix-megalizzi-niedzielski-2021-pour\/\"]}]},{\"@type\":\"ImageObject\",\"inLanguage\":\"fr-FR\",\"@id\":\"https:\/\/www.eumedbridge.eu\/fr\/news\/la-commission-annonce-les-laureats-du-prix-megalizzi-niedzielski-2021-pour\/#primaryimage\",\"url\":\"https:\/\/www.eumedbridge.eu\/wp-content\/uploads\/2022\/03\/megalizzi_niedzielski_call_13102021.png\",\"contentUrl\":\"https:\/\/www.eumedbridge.eu\/wp-content\/uploads\/2022\/03\/megalizzi_niedzielski_call_13102021.png\",\"width\":480,\"height\":360},{\"@type\":\"BreadcrumbList\",\"@id\":\"https:\/\/www.eumedbridge.eu\/fr\/news\/la-commission-annonce-les-laureats-du-prix-megalizzi-niedzielski-2021-pour\/#breadcrumb\",\"itemListElement\":[{\"@type\":\"ListItem\",\"position\":1,\"name\":\"Home\",\"item\":\"https:\/\/www.eumedbridge.eu\/fr\/home-page\/\"},{\"@type\":\"ListItem\",\"position\":2,\"name\":\"Actualit\u00e9s\",\"item\":\"https:\/\/www.eumedbridge.eu\/fr\/news\/\"},{\"@type\":\"ListItem\",\"position\":3,\"name\":\"La Commission annonce les laur\u00e9ats du prix Megalizzi \u2013 Niedzielski 2021 pour les aspirants journalistes et lance un nouvel appel \u00e0 propositions\"}]},{\"@type\":\"WebSite\",\"@id\":\"https:\/\/www.eumedbridge.eu\/#website\",\"url\":\"https:\/\/www.eumedbridge.eu\/\",\"name\":\"EU Medbridge\",\"description\":\"\",\"publisher\":{\"@id\":\"https:\/\/www.eumedbridge.eu\/#organization\"},\"potentialAction\":[{\"@type\":\"SearchAction\",\"target\":{\"@type\":\"EntryPoint\",\"urlTemplate\":\"https:\/\/www.eumedbridge.eu\/?s={search_term_string}\"},\"query-input\":{\"@type\":\"PropertyValueSpecification\",\"valueRequired\":true,\"valueName\":\"search_term_string\"}}],\"inLanguage\":\"fr-FR\"},{\"@type\":\"Organization\",\"@id\":\"https:\/\/www.eumedbridge.eu\/#organization\",\"name\":\"EU Medbridge\",\"url\":\"https:\/\/www.eumedbridge.eu\/\",\"logo\":{\"@type\":\"ImageObject\",\"inLanguage\":\"fr-FR\",\"@id\":\"https:\/\/www.eumedbridge.eu\/#\/schema\/logo\/image\/\",\"url\":\"https:\/\/www.eumedbridge.eu\/wp-content\/uploads\/2021\/12\/Logo.png\",\"contentUrl\":\"https:\/\/www.eumedbridge.eu\/wp-content\/uploads\/2021\/12\/Logo.png\",\"width\":325,\"height\":114,\"caption\":\"EU Medbridge\"},\"image\":{\"@id\":\"https:\/\/www.eumedbridge.eu\/#\/schema\/logo\/image\/\"},\"sameAs\":[\"https:\/\/www.facebook.com\/eumedbridge\/\",\"https:\/\/x.com\/eumedbridge\",\"https:\/\/www.linkedin.com\/company\/eumedbridge\",\"https:\/\/www.youtube.com\/@eumedbridge\",\"https:\/\/www.instagram.com\/eumedbridge\",\"https:\/\/www.flickr.com\/photos\/euneighbours-south\/\"]}]}<\/script>\n<!-- \/ Yoast SEO plugin. -->","yoast_head_json":{"title":"La Commission annonce les laur\u00e9ats du prix Megalizzi \u2013 Niedzielski 2021 pour les aspirants journalistes et lance un nouvel appel \u00e0 propositions - Voisins de l'UE","robots":{"index":"index","follow":"follow","max-snippet":"max-snippet:-1","max-image-preview":"max-image-preview:large","max-video-preview":"max-video-preview:-1"},"canonical":"https:\/\/www.eumedbridge.eu\/fr\/news\/la-commission-annonce-les-laureats-du-prix-megalizzi-niedzielski-2021-pour\/","og_locale":"fr_FR","og_type":"article","og_title":"La Commission annonce les laur\u00e9ats du prix Megalizzi \u2013 Niedzielski 2021 pour les aspirants journalistes et lance un nouvel appel \u00e0 propositions - Voisins de l'UE","og_description":"La\u00a0Commission europ\u00e9enne\u00a0a annonc\u00e9 les laur\u00e9ats du prix Megalizzi \u2013 Niedzielski 2021 pour les aspirants journalistes\u00a0: Irene Barahona Fern\u00e1ndez d\u2019Espagne et Jack Ryan d\u2019Irlande. Irene et Jack ont \u00e9t\u00e9 r\u00e9compens\u00e9s pour leur travail prometteur, leur engagement pour un journalisme de qualit\u00e9 et leur attachement aux valeurs europ\u00e9ennes. Durant la c\u00e9r\u00e9monie de remise des prix, la Commission [&hellip;]","og_url":"https:\/\/www.eumedbridge.eu\/fr\/news\/la-commission-annonce-les-laureats-du-prix-megalizzi-niedzielski-2021-pour\/","og_site_name":"Voisins de l'UE","article_publisher":"https:\/\/www.facebook.com\/eumedbridge\/","article_modified_time":"2022-07-08T13:09:27+00:00","og_image":[{"width":480,"height":360,"url":"https:\/\/www.eumedbridge.eu\/wp-content\/uploads\/2022\/03\/megalizzi_niedzielski_call_13102021.png","type":"image\/png"}],"twitter_card":"summary_large_image","twitter_site":"@eumedbridge","twitter_misc":{"Dur\u00e9e de lecture estim\u00e9e":"1 minute"},"schema":{"@context":"https:\/\/schema.org","@graph":[{"@type":"WebPage","@id":"https:\/\/www.eumedbridge.eu\/fr\/news\/la-commission-annonce-les-laureats-du-prix-megalizzi-niedzielski-2021-pour\/","url":"https:\/\/www.eumedbridge.eu\/fr\/news\/la-commission-annonce-les-laureats-du-prix-megalizzi-niedzielski-2021-pour\/","name":"La Commission annonce les laur\u00e9ats du prix Megalizzi \u2013 Niedzielski 2021 pour les aspirants journalistes et lance un nouvel appel \u00e0 propositions - Voisins de l'UE","isPartOf":{"@id":"https:\/\/www.eumedbridge.eu\/#website"},"primaryImageOfPage":{"@id":"https:\/\/www.eumedbridge.eu\/fr\/news\/la-commission-annonce-les-laureats-du-prix-megalizzi-niedzielski-2021-pour\/#primaryimage"},"image":{"@id":"https:\/\/www.eumedbridge.eu\/fr\/news\/la-commission-annonce-les-laureats-du-prix-megalizzi-niedzielski-2021-pour\/#primaryimage"},"thumbnailUrl":"https:\/\/www.eumedbridge.eu\/wp-content\/uploads\/2022\/03\/megalizzi_niedzielski_call_13102021.png","datePublished":"2021-10-17T21:00:00+00:00","dateModified":"2022-07-08T13:09:27+00:00","breadcrumb":{"@id":"https:\/\/www.eumedbridge.eu\/fr\/news\/la-commission-annonce-les-laureats-du-prix-megalizzi-niedzielski-2021-pour\/#breadcrumb"},"inLanguage":"fr-FR","potentialAction":[{"@type":"ReadAction","target":["https:\/\/www.eumedbridge.eu\/fr\/news\/la-commission-annonce-les-laureats-du-prix-megalizzi-niedzielski-2021-pour\/"]}]},{"@type":"ImageObject","inLanguage":"fr-FR","@id":"https:\/\/www.eumedbridge.eu\/fr\/news\/la-commission-annonce-les-laureats-du-prix-megalizzi-niedzielski-2021-pour\/#primaryimage","url":"https:\/\/www.eumedbridge.eu\/wp-content\/uploads\/2022\/03\/megalizzi_niedzielski_call_13102021.png","contentUrl":"https:\/\/www.eumedbridge.eu\/wp-content\/uploads\/2022\/03\/megalizzi_niedzielski_call_13102021.png","width":480,"height":360},{"@type":"BreadcrumbList","@id":"https:\/\/www.eumedbridge.eu\/fr\/news\/la-commission-annonce-les-laureats-du-prix-megalizzi-niedzielski-2021-pour\/#breadcrumb","itemListElement":[{"@type":"ListItem","position":1,"name":"Home","item":"https:\/\/www.eumedbridge.eu\/fr\/home-page\/"},{"@type":"ListItem","position":2,"name":"Actualit\u00e9s","item":"https:\/\/www.eumedbridge.eu\/fr\/news\/"},{"@type":"ListItem","position":3,"name":"La Commission annonce les laur\u00e9ats du prix Megalizzi \u2013 Niedzielski 2021 pour les aspirants journalistes et lance un nouvel appel \u00e0 propositions"}]},{"@type":"WebSite","@id":"https:\/\/www.eumedbridge.eu\/#website","url":"https:\/\/www.eumedbridge.eu\/","name":"EU Medbridge","description":"","publisher":{"@id":"https:\/\/www.eumedbridge.eu\/#organization"},"potentialAction":[{"@type":"SearchAction","target":{"@type":"EntryPoint","urlTemplate":"https:\/\/www.eumedbridge.eu\/?s={search_term_string}"},"query-input":{"@type":"PropertyValueSpecification","valueRequired":true,"valueName":"search_term_string"}}],"inLanguage":"fr-FR"},{"@type":"Organization","@id":"https:\/\/www.eumedbridge.eu\/#organization","name":"EU Medbridge","url":"https:\/\/www.eumedbridge.eu\/","logo":{"@type":"ImageObject","inLanguage":"fr-FR","@id":"https:\/\/www.eumedbridge.eu\/#\/schema\/logo\/image\/","url":"https:\/\/www.eumedbridge.eu\/wp-content\/uploads\/2021\/12\/Logo.png","contentUrl":"https:\/\/www.eumedbridge.eu\/wp-content\/uploads\/2021\/12\/Logo.png","width":325,"height":114,"caption":"EU Medbridge"},"image":{"@id":"https:\/\/www.eumedbridge.eu\/#\/schema\/logo\/image\/"},"sameAs":["https:\/\/www.facebook.com\/eumedbridge\/","https:\/\/x.com\/eumedbridge","https:\/\/www.linkedin.com\/company\/eumedbridge","https:\/\/www.youtube.com\/@eumedbridge","https:\/\/www.instagram.com\/eumedbridge","https:\/\/www.flickr.com\/photos\/euneighbours-south\/"]}]}},"_links":{"self":[{"href":"https:\/\/www.eumedbridge.eu\/fr\/wp-json\/wp\/v2\/news\/158383","targetHints":{"allow":["GET"]}}],"collection":[{"href":"https:\/\/www.eumedbridge.eu\/fr\/wp-json\/wp\/v2\/news"}],"about":[{"href":"https:\/\/www.eumedbridge.eu\/fr\/wp-json\/wp\/v2\/types\/news"}],"wp:featuredmedia":[{"embeddable":true,"href":"https:\/\/www.eumedbridge.eu\/fr\/wp-json\/wp\/v2\/media\/75093"}],"wp:attachment":[{"href":"https:\/\/www.eumedbridge.eu\/fr\/wp-json\/wp\/v2\/media?parent=158383"}],"wp:term":[{"taxonomy":"news_category","embeddable":true,"href":"https:\/\/www.eumedbridge.eu\/fr\/wp-json\/wp\/v2\/news_category?post=158383"},{"taxonomy":"country","embeddable":true,"href":"https:\/\/www.eumedbridge.eu\/fr\/wp-json\/wp\/v2\/country?post=158383"},{"taxonomy":"special_action","embeddable":true,"href":"https:\/\/www.eumedbridge.eu\/fr\/wp-json\/wp\/v2\/special_action?post=158383"},{"taxonomy":"custom_tag","embeddable":true,"href":"https:\/\/www.eumedbridge.eu\/fr\/wp-json\/wp\/v2\/custom_tag?post=158383"}],"curies":[{"name":"wp","href":"https:\/\/api.w.org\/{rel}","templated":true}]}}