{"id":158393,"date":"2021-10-14T00:00:00","date_gmt":"2021-10-13T21:00:00","guid":{"rendered":"http:\/\/south.euneighbours.eu\/news\/cloture-de-latelier-de-formation-reflexion-prospective-et-transformation-de-la-strategie-des-igc-dans-la-region-mena-organise-par-le-remg\/"},"modified":"2022-07-08T16:09:51","modified_gmt":"2022-07-08T13:09:51","slug":"cloture-de-latelier-de-formation-reflexion-prospective-et-transformation-de","status":"publish","type":"news","link":"https:\/\/www.eumedbridge.eu\/fr\/news\/cloture-de-latelier-de-formation-reflexion-prospective-et-transformation-de\/","title":{"rendered":"Cl\u00f4ture de l\u2019atelier de formation \u00ab\u00a0R\u00e9flexion prospective et transformation de la strat\u00e9gie des IGC dans la r\u00e9gion MENA\u00a0\u00bb organis\u00e9 par le REMG"},"content":{"rendered":"<p><span>L\u2019acad\u00e9mie d\u2019automne, sur le th\u00e8me\u00a0\u00ab\u00a0R\u00e9flexion prospective et transformation de la strat\u00e9gie des IGC dans la r\u00e9gion MENA\u00a0\u00bb, a \u00e9t\u00e9 organis\u00e9e par le <\/span><strong><strong>R\u00e9seau euro-m\u00e9diterran\u00e9en de garantie<\/strong><\/strong><span>\u00a0(REMG) du 4\u00a0au 7\u00a0octobre\u00a02021 dans le cadre de ses activit\u00e9s dans le domaine de l\u2019apprentissage entre pairs et du d\u00e9veloppement des capacit\u00e9s.<\/span><\/p>\n<p><span>Cette acad\u00e9mie d\u2019automne a mis l\u2019accent sur la n\u00e9cessit\u00e9 de la r\u00e9flexion prospective et des pr\u00e9visions strat\u00e9giques. Elle a \u00e9t\u00e9 con\u00e7ue pour aider les institutions de garantie de cr\u00e9dit (IGC) des pays partenaires du sud et de l\u2019est de la M\u00e9diterran\u00e9e \u00e0 identifier les tendances du march\u00e9, les perturbations du secteur et l\u2019avenir des IGC.<\/span><\/p>\n<p><span>En cons\u00e9quence, la m\u00e9thodologie a consist\u00e9 \u00e0 combiner des contributions de diff\u00e9rentes personnes ressources avec des m\u00e9thodes interactives via la plate-forme de collaboration en ligne Miro, un facilitateur professionnel ayant guid\u00e9 le groupe tout au long du processus.<\/span><\/p>\n<p><span>L\u2019Acad\u00e9mie REMG est promue par l\u2019<\/span><span><a href=\"http:\/\/www.euromed-economists.org\/\"><span>Association euro-m\u00e9diterran\u00e9enne des \u00e9conomistes (EMEA)<\/span><\/a><\/span><span>, l\u2019<\/span><span><a href=\"https:\/\/www.iemed.org\/\"><span>Institut europ\u00e9en de la M\u00e9diterran\u00e9e (IEMed)<\/span><\/a><\/span><span>\u00a0et la <\/span><span><a href=\"https:\/\/www.giz.de\/en\/html\/index.html\"><span>Deutsche Gesellschaft f\u00fcr Internationale Zusammenarbeit (GIZ)<\/span><\/a><\/span><span>.<\/span><\/p>\n<p><strong><span>Pour plus d&rsquo;informations<\/span><\/strong><\/p>\n<p><a href=\"https:\/\/euromed-economists.org\/emgn-autumn-academy-training-workshop-futures-thinking-and-strategy-transformation-for-cgis-in-the-mena-region-completed-key-highlights-from-the-event\/\"><span>Communiqu\u00e9 de presse<\/span><\/a><\/p>\n<p>\u00a0<\/p>\n","protected":false},"featured_media":75013,"parent":0,"template":"","news_category":[],"country":[1956],"special_action":[],"custom_tag":[2312,2817],"class_list":["post-158393","news","type-news","status-publish","has-post-thumbnail","hentry","country-region-sud","custom_tag-developpement-durable","custom_tag-education-fr"],"acf":[],"yoast_head":"<!-- This site is optimized with the Yoast SEO plugin v26.5 - https:\/\/yoast.com\/wordpress\/plugins\/seo\/ -->\n<title>Cl\u00f4ture de l\u2019atelier de formation \u00ab\u00a0R\u00e9flexion prospective et transformation de la strat\u00e9gie des IGC dans la r\u00e9gion MENA\u00a0\u00bb organis\u00e9 par le REMG - Voisins de l&#039;UE<\/title>\n<meta name=\"robots\" content=\"index, follow, max-snippet:-1, max-image-preview:large, max-video-preview:-1\" \/>\n<link rel=\"canonical\" href=\"https:\/\/www.eumedbridge.eu\/fr\/news\/cloture-de-latelier-de-formation-reflexion-prospective-et-transformation-de\/\" \/>\n<meta property=\"og:locale\" content=\"fr_FR\" \/>\n<meta property=\"og:type\" content=\"article\" \/>\n<meta property=\"og:title\" content=\"Cl\u00f4ture de l\u2019atelier de formation \u00ab\u00a0R\u00e9flexion prospective et transformation de la strat\u00e9gie des IGC dans la r\u00e9gion MENA\u00a0\u00bb organis\u00e9 par le REMG - Voisins de l&#039;UE\" \/>\n<meta property=\"og:description\" content=\"L\u2019acad\u00e9mie d\u2019automne, sur le th\u00e8me\u00a0\u00ab\u00a0R\u00e9flexion prospective et transformation de la strat\u00e9gie des IGC dans la r\u00e9gion MENA\u00a0\u00bb, a \u00e9t\u00e9 organis\u00e9e par le R\u00e9seau euro-m\u00e9diterran\u00e9en de garantie\u00a0(REMG) du 4\u00a0au 7\u00a0octobre\u00a02021 dans le cadre de ses activit\u00e9s dans le domaine de l\u2019apprentissage entre pairs et du d\u00e9veloppement des capacit\u00e9s. Cette acad\u00e9mie d\u2019automne a mis l\u2019accent sur la [&hellip;]\" \/>\n<meta property=\"og:url\" content=\"https:\/\/www.eumedbridge.eu\/fr\/news\/cloture-de-latelier-de-formation-reflexion-prospective-et-transformation-de\/\" \/>\n<meta property=\"og:site_name\" content=\"Voisins de l&#039;UE\" \/>\n<meta property=\"article:publisher\" content=\"https:\/\/www.facebook.com\/eumedbridge\/\" \/>\n<meta property=\"article:modified_time\" content=\"2022-07-08T13:09:51+00:00\" \/>\n<meta property=\"og:image\" content=\"https:\/\/www.eumedbridge.eu\/wp-content\/uploads\/2022\/03\/Academy2021Group-1024x576-1.jpg\" \/>\n\t<meta property=\"og:image:width\" content=\"1024\" \/>\n\t<meta property=\"og:image:height\" content=\"576\" \/>\n\t<meta property=\"og:image:type\" content=\"image\/jpeg\" \/>\n<meta name=\"twitter:card\" content=\"summary_large_image\" \/>\n<meta name=\"twitter:site\" content=\"@eumedbridge\" \/>\n<meta name=\"twitter:label1\" content=\"Dur\u00e9e de lecture estim\u00e9e\" \/>\n\t<meta name=\"twitter:data1\" content=\"1 minute\" \/>\n<script type=\"application\/ld+json\" class=\"yoast-schema-graph\">{\"@context\":\"https:\/\/schema.org\",\"@graph\":[{\"@type\":\"WebPage\",\"@id\":\"https:\/\/www.eumedbridge.eu\/fr\/news\/cloture-de-latelier-de-formation-reflexion-prospective-et-transformation-de\/\",\"url\":\"https:\/\/www.eumedbridge.eu\/fr\/news\/cloture-de-latelier-de-formation-reflexion-prospective-et-transformation-de\/\",\"name\":\"Cl\u00f4ture de l\u2019atelier de formation \u00ab\u00a0R\u00e9flexion prospective et transformation de la strat\u00e9gie des IGC dans la r\u00e9gion MENA\u00a0\u00bb organis\u00e9 par le REMG - Voisins de l'UE\",\"isPartOf\":{\"@id\":\"https:\/\/www.eumedbridge.eu\/#website\"},\"primaryImageOfPage\":{\"@id\":\"https:\/\/www.eumedbridge.eu\/fr\/news\/cloture-de-latelier-de-formation-reflexion-prospective-et-transformation-de\/#primaryimage\"},\"image\":{\"@id\":\"https:\/\/www.eumedbridge.eu\/fr\/news\/cloture-de-latelier-de-formation-reflexion-prospective-et-transformation-de\/#primaryimage\"},\"thumbnailUrl\":\"https:\/\/www.eumedbridge.eu\/wp-content\/uploads\/2022\/03\/Academy2021Group-1024x576-1.jpg\",\"datePublished\":\"2021-10-13T21:00:00+00:00\",\"dateModified\":\"2022-07-08T13:09:51+00:00\",\"breadcrumb\":{\"@id\":\"https:\/\/www.eumedbridge.eu\/fr\/news\/cloture-de-latelier-de-formation-reflexion-prospective-et-transformation-de\/#breadcrumb\"},\"inLanguage\":\"fr-FR\",\"potentialAction\":[{\"@type\":\"ReadAction\",\"target\":[\"https:\/\/www.eumedbridge.eu\/fr\/news\/cloture-de-latelier-de-formation-reflexion-prospective-et-transformation-de\/\"]}]},{\"@type\":\"ImageObject\",\"inLanguage\":\"fr-FR\",\"@id\":\"https:\/\/www.eumedbridge.eu\/fr\/news\/cloture-de-latelier-de-formation-reflexion-prospective-et-transformation-de\/#primaryimage\",\"url\":\"https:\/\/www.eumedbridge.eu\/wp-content\/uploads\/2022\/03\/Academy2021Group-1024x576-1.jpg\",\"contentUrl\":\"https:\/\/www.eumedbridge.eu\/wp-content\/uploads\/2022\/03\/Academy2021Group-1024x576-1.jpg\",\"width\":1024,\"height\":576},{\"@type\":\"BreadcrumbList\",\"@id\":\"https:\/\/www.eumedbridge.eu\/fr\/news\/cloture-de-latelier-de-formation-reflexion-prospective-et-transformation-de\/#breadcrumb\",\"itemListElement\":[{\"@type\":\"ListItem\",\"position\":1,\"name\":\"Home\",\"item\":\"https:\/\/www.eumedbridge.eu\/fr\/home-page\/\"},{\"@type\":\"ListItem\",\"position\":2,\"name\":\"Actualit\u00e9s\",\"item\":\"https:\/\/www.eumedbridge.eu\/fr\/news\/\"},{\"@type\":\"ListItem\",\"position\":3,\"name\":\"Cl\u00f4ture de l\u2019atelier de formation \u00ab\u00a0R\u00e9flexion prospective et transformation de la strat\u00e9gie des IGC dans la r\u00e9gion MENA\u00a0\u00bb organis\u00e9 par le REMG\"}]},{\"@type\":\"WebSite\",\"@id\":\"https:\/\/www.eumedbridge.eu\/#website\",\"url\":\"https:\/\/www.eumedbridge.eu\/\",\"name\":\"EU Medbridge\",\"description\":\"\",\"publisher\":{\"@id\":\"https:\/\/www.eumedbridge.eu\/#organization\"},\"potentialAction\":[{\"@type\":\"SearchAction\",\"target\":{\"@type\":\"EntryPoint\",\"urlTemplate\":\"https:\/\/www.eumedbridge.eu\/?s={search_term_string}\"},\"query-input\":{\"@type\":\"PropertyValueSpecification\",\"valueRequired\":true,\"valueName\":\"search_term_string\"}}],\"inLanguage\":\"fr-FR\"},{\"@type\":\"Organization\",\"@id\":\"https:\/\/www.eumedbridge.eu\/#organization\",\"name\":\"EU Medbridge\",\"url\":\"https:\/\/www.eumedbridge.eu\/\",\"logo\":{\"@type\":\"ImageObject\",\"inLanguage\":\"fr-FR\",\"@id\":\"https:\/\/www.eumedbridge.eu\/#\/schema\/logo\/image\/\",\"url\":\"https:\/\/www.eumedbridge.eu\/wp-content\/uploads\/2021\/12\/Logo.png\",\"contentUrl\":\"https:\/\/www.eumedbridge.eu\/wp-content\/uploads\/2021\/12\/Logo.png\",\"width\":325,\"height\":114,\"caption\":\"EU Medbridge\"},\"image\":{\"@id\":\"https:\/\/www.eumedbridge.eu\/#\/schema\/logo\/image\/\"},\"sameAs\":[\"https:\/\/www.facebook.com\/eumedbridge\/\",\"https:\/\/x.com\/eumedbridge\",\"https:\/\/www.linkedin.com\/company\/eumedbridge\",\"https:\/\/www.youtube.com\/@eumedbridge\",\"https:\/\/www.instagram.com\/eumedbridge\",\"https:\/\/www.flickr.com\/photos\/euneighbours-south\/\"]}]}<\/script>\n<!-- \/ Yoast SEO plugin. -->","yoast_head_json":{"title":"Cl\u00f4ture de l\u2019atelier de formation \u00ab\u00a0R\u00e9flexion prospective et transformation de la strat\u00e9gie des IGC dans la r\u00e9gion MENA\u00a0\u00bb organis\u00e9 par le REMG - Voisins de l'UE","robots":{"index":"index","follow":"follow","max-snippet":"max-snippet:-1","max-image-preview":"max-image-preview:large","max-video-preview":"max-video-preview:-1"},"canonical":"https:\/\/www.eumedbridge.eu\/fr\/news\/cloture-de-latelier-de-formation-reflexion-prospective-et-transformation-de\/","og_locale":"fr_FR","og_type":"article","og_title":"Cl\u00f4ture de l\u2019atelier de formation \u00ab\u00a0R\u00e9flexion prospective et transformation de la strat\u00e9gie des IGC dans la r\u00e9gion MENA\u00a0\u00bb organis\u00e9 par le REMG - Voisins de l'UE","og_description":"L\u2019acad\u00e9mie d\u2019automne, sur le th\u00e8me\u00a0\u00ab\u00a0R\u00e9flexion prospective et transformation de la strat\u00e9gie des IGC dans la r\u00e9gion MENA\u00a0\u00bb, a \u00e9t\u00e9 organis\u00e9e par le R\u00e9seau euro-m\u00e9diterran\u00e9en de garantie\u00a0(REMG) du 4\u00a0au 7\u00a0octobre\u00a02021 dans le cadre de ses activit\u00e9s dans le domaine de l\u2019apprentissage entre pairs et du d\u00e9veloppement des capacit\u00e9s. Cette acad\u00e9mie d\u2019automne a mis l\u2019accent sur la [&hellip;]","og_url":"https:\/\/www.eumedbridge.eu\/fr\/news\/cloture-de-latelier-de-formation-reflexion-prospective-et-transformation-de\/","og_site_name":"Voisins de l'UE","article_publisher":"https:\/\/www.facebook.com\/eumedbridge\/","article_modified_time":"2022-07-08T13:09:51+00:00","og_image":[{"width":1024,"height":576,"url":"https:\/\/www.eumedbridge.eu\/wp-content\/uploads\/2022\/03\/Academy2021Group-1024x576-1.jpg","type":"image\/jpeg"}],"twitter_card":"summary_large_image","twitter_site":"@eumedbridge","twitter_misc":{"Dur\u00e9e de lecture estim\u00e9e":"1 minute"},"schema":{"@context":"https:\/\/schema.org","@graph":[{"@type":"WebPage","@id":"https:\/\/www.eumedbridge.eu\/fr\/news\/cloture-de-latelier-de-formation-reflexion-prospective-et-transformation-de\/","url":"https:\/\/www.eumedbridge.eu\/fr\/news\/cloture-de-latelier-de-formation-reflexion-prospective-et-transformation-de\/","name":"Cl\u00f4ture de l\u2019atelier de formation \u00ab\u00a0R\u00e9flexion prospective et transformation de la strat\u00e9gie des IGC dans la r\u00e9gion MENA\u00a0\u00bb organis\u00e9 par le REMG - Voisins de l'UE","isPartOf":{"@id":"https:\/\/www.eumedbridge.eu\/#website"},"primaryImageOfPage":{"@id":"https:\/\/www.eumedbridge.eu\/fr\/news\/cloture-de-latelier-de-formation-reflexion-prospective-et-transformation-de\/#primaryimage"},"image":{"@id":"https:\/\/www.eumedbridge.eu\/fr\/news\/cloture-de-latelier-de-formation-reflexion-prospective-et-transformation-de\/#primaryimage"},"thumbnailUrl":"https:\/\/www.eumedbridge.eu\/wp-content\/uploads\/2022\/03\/Academy2021Group-1024x576-1.jpg","datePublished":"2021-10-13T21:00:00+00:00","dateModified":"2022-07-08T13:09:51+00:00","breadcrumb":{"@id":"https:\/\/www.eumedbridge.eu\/fr\/news\/cloture-de-latelier-de-formation-reflexion-prospective-et-transformation-de\/#breadcrumb"},"inLanguage":"fr-FR","potentialAction":[{"@type":"ReadAction","target":["https:\/\/www.eumedbridge.eu\/fr\/news\/cloture-de-latelier-de-formation-reflexion-prospective-et-transformation-de\/"]}]},{"@type":"ImageObject","inLanguage":"fr-FR","@id":"https:\/\/www.eumedbridge.eu\/fr\/news\/cloture-de-latelier-de-formation-reflexion-prospective-et-transformation-de\/#primaryimage","url":"https:\/\/www.eumedbridge.eu\/wp-content\/uploads\/2022\/03\/Academy2021Group-1024x576-1.jpg","contentUrl":"https:\/\/www.eumedbridge.eu\/wp-content\/uploads\/2022\/03\/Academy2021Group-1024x576-1.jpg","width":1024,"height":576},{"@type":"BreadcrumbList","@id":"https:\/\/www.eumedbridge.eu\/fr\/news\/cloture-de-latelier-de-formation-reflexion-prospective-et-transformation-de\/#breadcrumb","itemListElement":[{"@type":"ListItem","position":1,"name":"Home","item":"https:\/\/www.eumedbridge.eu\/fr\/home-page\/"},{"@type":"ListItem","position":2,"name":"Actualit\u00e9s","item":"https:\/\/www.eumedbridge.eu\/fr\/news\/"},{"@type":"ListItem","position":3,"name":"Cl\u00f4ture de l\u2019atelier de formation \u00ab\u00a0R\u00e9flexion prospective et transformation de la strat\u00e9gie des IGC dans la r\u00e9gion MENA\u00a0\u00bb organis\u00e9 par le REMG"}]},{"@type":"WebSite","@id":"https:\/\/www.eumedbridge.eu\/#website","url":"https:\/\/www.eumedbridge.eu\/","name":"EU Medbridge","description":"","publisher":{"@id":"https:\/\/www.eumedbridge.eu\/#organization"},"potentialAction":[{"@type":"SearchAction","target":{"@type":"EntryPoint","urlTemplate":"https:\/\/www.eumedbridge.eu\/?s={search_term_string}"},"query-input":{"@type":"PropertyValueSpecification","valueRequired":true,"valueName":"search_term_string"}}],"inLanguage":"fr-FR"},{"@type":"Organization","@id":"https:\/\/www.eumedbridge.eu\/#organization","name":"EU Medbridge","url":"https:\/\/www.eumedbridge.eu\/","logo":{"@type":"ImageObject","inLanguage":"fr-FR","@id":"https:\/\/www.eumedbridge.eu\/#\/schema\/logo\/image\/","url":"https:\/\/www.eumedbridge.eu\/wp-content\/uploads\/2021\/12\/Logo.png","contentUrl":"https:\/\/www.eumedbridge.eu\/wp-content\/uploads\/2021\/12\/Logo.png","width":325,"height":114,"caption":"EU Medbridge"},"image":{"@id":"https:\/\/www.eumedbridge.eu\/#\/schema\/logo\/image\/"},"sameAs":["https:\/\/www.facebook.com\/eumedbridge\/","https:\/\/x.com\/eumedbridge","https:\/\/www.linkedin.com\/company\/eumedbridge","https:\/\/www.youtube.com\/@eumedbridge","https:\/\/www.instagram.com\/eumedbridge","https:\/\/www.flickr.com\/photos\/euneighbours-south\/"]}]}},"_links":{"self":[{"href":"https:\/\/www.eumedbridge.eu\/fr\/wp-json\/wp\/v2\/news\/158393","targetHints":{"allow":["GET"]}}],"collection":[{"href":"https:\/\/www.eumedbridge.eu\/fr\/wp-json\/wp\/v2\/news"}],"about":[{"href":"https:\/\/www.eumedbridge.eu\/fr\/wp-json\/wp\/v2\/types\/news"}],"wp:featuredmedia":[{"embeddable":true,"href":"https:\/\/www.eumedbridge.eu\/fr\/wp-json\/wp\/v2\/media\/75013"}],"wp:attachment":[{"href":"https:\/\/www.eumedbridge.eu\/fr\/wp-json\/wp\/v2\/media?parent=158393"}],"wp:term":[{"taxonomy":"news_category","embeddable":true,"href":"https:\/\/www.eumedbridge.eu\/fr\/wp-json\/wp\/v2\/news_category?post=158393"},{"taxonomy":"country","embeddable":true,"href":"https:\/\/www.eumedbridge.eu\/fr\/wp-json\/wp\/v2\/country?post=158393"},{"taxonomy":"special_action","embeddable":true,"href":"https:\/\/www.eumedbridge.eu\/fr\/wp-json\/wp\/v2\/special_action?post=158393"},{"taxonomy":"custom_tag","embeddable":true,"href":"https:\/\/www.eumedbridge.eu\/fr\/wp-json\/wp\/v2\/custom_tag?post=158393"}],"curies":[{"name":"wp","href":"https:\/\/api.w.org\/{rel}","templated":true}]}}