{"id":158396,"date":"2021-10-13T00:00:00","date_gmt":"2021-10-12T21:00:00","guid":{"rendered":"http:\/\/south.euneighbours.eu\/news\/un-prix-europeen-decerne-au-groupe-bei-pour-son-action-dans-la-lutte-mondiale-contre-la-covid-19\/"},"modified":"2022-07-08T16:09:58","modified_gmt":"2022-07-08T13:09:58","slug":"un-prix-europeen-decerne-au-groupe-bei-pour-son-action-dans-la-lutte","status":"publish","type":"news","link":"https:\/\/www.eumedbridge.eu\/fr\/news\/un-prix-europeen-decerne-au-groupe-bei-pour-son-action-dans-la-lutte\/","title":{"rendered":"Un prix europ\u00e9en d\u00e9cern\u00e9 au Groupe BEI pour son action dans la lutte mondiale contre la COVID-19"},"content":{"rendered":"<p><span>La r\u00e9ponse mondiale du <\/span><strong><strong>Groupe<\/strong><\/strong><span>\u00a0<\/span><span><a href=\"https:\/\/www.eib.org\/fr\/index.htm\"><span>Banque europ\u00e9enne d\u2019investissement<\/span><\/a><\/span><strong><strong>\u00a0<\/strong><\/strong><span>aux crises \u00e9conomique et sanitaire engendr\u00e9es par la pand\u00e9mie de <\/span><strong><strong>COVID-19<\/strong><\/strong><span>\u00a0a \u00e9t\u00e9 r\u00e9compens\u00e9e par le\u00a0<\/span><strong><strong>Prix europ\u00e9en<\/strong><\/strong><span>\u00a0annuel d\u00e9cern\u00e9 par <\/span><strong><strong>GlobSec<\/strong><\/strong><span>, un institut de recherche bas\u00e9 \u00e0 Bratislava qui \u0153uvre pour g\u00e9n\u00e9rer des solutions pour un monde meilleur.<\/span><\/p>\n<p><span>Lilyana Pavlova, vice-pr\u00e9sidente de la BEI, a d\u00e9clar\u00e9 \u00e0 cette occasion\u00a0: \u00ab\u00a0La BEI est extr\u00eamement fi\u00e8re du travail qu\u2019elle a accompli pour aider l\u2019\u00e9conomie et la soci\u00e9t\u00e9 europ\u00e9ennes \u00e0 se remettre de la pand\u00e9mie de COVID-19 et pour assister plus de 100\u00a0pays dans le monde. Les r\u00e9sultats sont clairs\u00a0: des millions d\u2019emplois sauv\u00e9s, des centaines de milliers d\u2019entreprises poursuivant leurs activit\u00e9s, de meilleurs h\u00f4pitaux et des millions de personnes vaccin\u00e9es.\u00a0\u00bb<\/span><\/p>\n<p><span>Depuis le d\u00e9but de la pand\u00e9mie, la Banque europ\u00e9enne d\u2019investissement et le Fonds europ\u00e9en d\u2019investissement ont fourni plus de 56\u00a0milliards d\u2019euros pour aider les entreprises et contribuer au d\u00e9veloppement des soins de sant\u00e9 et de vaccins.<\/span><\/p>\n<p><span>Le Fonds de garantie europ\u00e9en de la Banque fait partie de l\u2019enveloppe de 540\u00a0milliards d\u2019euros propos\u00e9e par l\u2019Union europ\u00e9enne pour lutter contre la COVID-19.<\/span><\/p>\n<p><strong><span>Pour plus d&rsquo;informations<\/span><\/strong><\/p>\n<p><a href=\"https:\/\/www.eib.org\/en\/press\/news\/eib-group-wins-european-award-for-global-fight-against-covid-19\"><span>Communiqu\u00e9 de presse<\/span><\/a><\/p>\n<p>\u00a0<\/p>\n","protected":false},"featured_media":74983,"parent":0,"template":"","news_category":[],"country":[1956],"special_action":[],"custom_tag":[2312,1890],"class_list":["post-158396","news","type-news","status-publish","has-post-thumbnail","hentry","country-region-sud","custom_tag-developpement-durable","custom_tag-sante"],"acf":[],"yoast_head":"<!-- This site is optimized with the Yoast SEO plugin v26.5 - https:\/\/yoast.com\/wordpress\/plugins\/seo\/ -->\n<title>Un prix europ\u00e9en d\u00e9cern\u00e9 au Groupe BEI pour son action dans la lutte mondiale contre la COVID-19 - Voisins de l&#039;UE<\/title>\n<meta name=\"robots\" content=\"index, follow, max-snippet:-1, max-image-preview:large, max-video-preview:-1\" \/>\n<link rel=\"canonical\" href=\"https:\/\/www.eumedbridge.eu\/fr\/news\/un-prix-europeen-decerne-au-groupe-bei-pour-son-action-dans-la-lutte\/\" \/>\n<meta property=\"og:locale\" content=\"fr_FR\" \/>\n<meta property=\"og:type\" content=\"article\" \/>\n<meta property=\"og:title\" content=\"Un prix europ\u00e9en d\u00e9cern\u00e9 au Groupe BEI pour son action dans la lutte mondiale contre la COVID-19 - Voisins de l&#039;UE\" \/>\n<meta property=\"og:description\" content=\"La r\u00e9ponse mondiale du Groupe\u00a0Banque europ\u00e9enne d\u2019investissement\u00a0aux crises \u00e9conomique et sanitaire engendr\u00e9es par la pand\u00e9mie de COVID-19\u00a0a \u00e9t\u00e9 r\u00e9compens\u00e9e par le\u00a0Prix europ\u00e9en\u00a0annuel d\u00e9cern\u00e9 par GlobSec, un institut de recherche bas\u00e9 \u00e0 Bratislava qui \u0153uvre pour g\u00e9n\u00e9rer des solutions pour un monde meilleur. Lilyana Pavlova, vice-pr\u00e9sidente de la BEI, a d\u00e9clar\u00e9 \u00e0 cette occasion\u00a0: \u00ab\u00a0La BEI [&hellip;]\" \/>\n<meta property=\"og:url\" content=\"https:\/\/www.eumedbridge.eu\/fr\/news\/un-prix-europeen-decerne-au-groupe-bei-pour-son-action-dans-la-lutte\/\" \/>\n<meta property=\"og:site_name\" content=\"Voisins de l&#039;UE\" \/>\n<meta property=\"article:publisher\" content=\"https:\/\/www.facebook.com\/eumedbridge\/\" \/>\n<meta property=\"article:modified_time\" content=\"2022-07-08T13:09:58+00:00\" \/>\n<meta property=\"og:image\" content=\"https:\/\/www.eumedbridge.eu\/wp-content\/uploads\/2022\/03\/eib_0-1.png\" \/>\n\t<meta property=\"og:image:width\" content=\"351\" \/>\n\t<meta property=\"og:image:height\" content=\"232\" \/>\n\t<meta property=\"og:image:type\" content=\"image\/png\" \/>\n<meta name=\"twitter:card\" content=\"summary_large_image\" \/>\n<meta name=\"twitter:site\" content=\"@eumedbridge\" \/>\n<meta name=\"twitter:label1\" content=\"Dur\u00e9e de lecture estim\u00e9e\" \/>\n\t<meta name=\"twitter:data1\" content=\"1 minute\" \/>\n<script type=\"application\/ld+json\" class=\"yoast-schema-graph\">{\"@context\":\"https:\/\/schema.org\",\"@graph\":[{\"@type\":\"WebPage\",\"@id\":\"https:\/\/www.eumedbridge.eu\/fr\/news\/un-prix-europeen-decerne-au-groupe-bei-pour-son-action-dans-la-lutte\/\",\"url\":\"https:\/\/www.eumedbridge.eu\/fr\/news\/un-prix-europeen-decerne-au-groupe-bei-pour-son-action-dans-la-lutte\/\",\"name\":\"Un prix europ\u00e9en d\u00e9cern\u00e9 au Groupe BEI pour son action dans la lutte mondiale contre la COVID-19 - Voisins de l'UE\",\"isPartOf\":{\"@id\":\"https:\/\/www.eumedbridge.eu\/#website\"},\"primaryImageOfPage\":{\"@id\":\"https:\/\/www.eumedbridge.eu\/fr\/news\/un-prix-europeen-decerne-au-groupe-bei-pour-son-action-dans-la-lutte\/#primaryimage\"},\"image\":{\"@id\":\"https:\/\/www.eumedbridge.eu\/fr\/news\/un-prix-europeen-decerne-au-groupe-bei-pour-son-action-dans-la-lutte\/#primaryimage\"},\"thumbnailUrl\":\"https:\/\/www.eumedbridge.eu\/wp-content\/uploads\/2022\/03\/eib_0-1.png\",\"datePublished\":\"2021-10-12T21:00:00+00:00\",\"dateModified\":\"2022-07-08T13:09:58+00:00\",\"breadcrumb\":{\"@id\":\"https:\/\/www.eumedbridge.eu\/fr\/news\/un-prix-europeen-decerne-au-groupe-bei-pour-son-action-dans-la-lutte\/#breadcrumb\"},\"inLanguage\":\"fr-FR\",\"potentialAction\":[{\"@type\":\"ReadAction\",\"target\":[\"https:\/\/www.eumedbridge.eu\/fr\/news\/un-prix-europeen-decerne-au-groupe-bei-pour-son-action-dans-la-lutte\/\"]}]},{\"@type\":\"ImageObject\",\"inLanguage\":\"fr-FR\",\"@id\":\"https:\/\/www.eumedbridge.eu\/fr\/news\/un-prix-europeen-decerne-au-groupe-bei-pour-son-action-dans-la-lutte\/#primaryimage\",\"url\":\"https:\/\/www.eumedbridge.eu\/wp-content\/uploads\/2022\/03\/eib_0-1.png\",\"contentUrl\":\"https:\/\/www.eumedbridge.eu\/wp-content\/uploads\/2022\/03\/eib_0-1.png\",\"width\":351,\"height\":232},{\"@type\":\"BreadcrumbList\",\"@id\":\"https:\/\/www.eumedbridge.eu\/fr\/news\/un-prix-europeen-decerne-au-groupe-bei-pour-son-action-dans-la-lutte\/#breadcrumb\",\"itemListElement\":[{\"@type\":\"ListItem\",\"position\":1,\"name\":\"Home\",\"item\":\"https:\/\/www.eumedbridge.eu\/fr\/home-page\/\"},{\"@type\":\"ListItem\",\"position\":2,\"name\":\"Actualit\u00e9s\",\"item\":\"https:\/\/www.eumedbridge.eu\/fr\/news\/\"},{\"@type\":\"ListItem\",\"position\":3,\"name\":\"Un prix europ\u00e9en d\u00e9cern\u00e9 au Groupe BEI pour son action dans la lutte mondiale contre la COVID-19\"}]},{\"@type\":\"WebSite\",\"@id\":\"https:\/\/www.eumedbridge.eu\/#website\",\"url\":\"https:\/\/www.eumedbridge.eu\/\",\"name\":\"EU Medbridge\",\"description\":\"\",\"publisher\":{\"@id\":\"https:\/\/www.eumedbridge.eu\/#organization\"},\"potentialAction\":[{\"@type\":\"SearchAction\",\"target\":{\"@type\":\"EntryPoint\",\"urlTemplate\":\"https:\/\/www.eumedbridge.eu\/?s={search_term_string}\"},\"query-input\":{\"@type\":\"PropertyValueSpecification\",\"valueRequired\":true,\"valueName\":\"search_term_string\"}}],\"inLanguage\":\"fr-FR\"},{\"@type\":\"Organization\",\"@id\":\"https:\/\/www.eumedbridge.eu\/#organization\",\"name\":\"EU Medbridge\",\"url\":\"https:\/\/www.eumedbridge.eu\/\",\"logo\":{\"@type\":\"ImageObject\",\"inLanguage\":\"fr-FR\",\"@id\":\"https:\/\/www.eumedbridge.eu\/#\/schema\/logo\/image\/\",\"url\":\"https:\/\/www.eumedbridge.eu\/wp-content\/uploads\/2021\/12\/Logo.png\",\"contentUrl\":\"https:\/\/www.eumedbridge.eu\/wp-content\/uploads\/2021\/12\/Logo.png\",\"width\":325,\"height\":114,\"caption\":\"EU Medbridge\"},\"image\":{\"@id\":\"https:\/\/www.eumedbridge.eu\/#\/schema\/logo\/image\/\"},\"sameAs\":[\"https:\/\/www.facebook.com\/eumedbridge\/\",\"https:\/\/x.com\/eumedbridge\",\"https:\/\/www.linkedin.com\/company\/eumedbridge\",\"https:\/\/www.youtube.com\/@eumedbridge\",\"https:\/\/www.instagram.com\/eumedbridge\",\"https:\/\/www.flickr.com\/photos\/euneighbours-south\/\"]}]}<\/script>\n<!-- \/ Yoast SEO plugin. -->","yoast_head_json":{"title":"Un prix europ\u00e9en d\u00e9cern\u00e9 au Groupe BEI pour son action dans la lutte mondiale contre la COVID-19 - Voisins de l'UE","robots":{"index":"index","follow":"follow","max-snippet":"max-snippet:-1","max-image-preview":"max-image-preview:large","max-video-preview":"max-video-preview:-1"},"canonical":"https:\/\/www.eumedbridge.eu\/fr\/news\/un-prix-europeen-decerne-au-groupe-bei-pour-son-action-dans-la-lutte\/","og_locale":"fr_FR","og_type":"article","og_title":"Un prix europ\u00e9en d\u00e9cern\u00e9 au Groupe BEI pour son action dans la lutte mondiale contre la COVID-19 - Voisins de l'UE","og_description":"La r\u00e9ponse mondiale du Groupe\u00a0Banque europ\u00e9enne d\u2019investissement\u00a0aux crises \u00e9conomique et sanitaire engendr\u00e9es par la pand\u00e9mie de COVID-19\u00a0a \u00e9t\u00e9 r\u00e9compens\u00e9e par le\u00a0Prix europ\u00e9en\u00a0annuel d\u00e9cern\u00e9 par GlobSec, un institut de recherche bas\u00e9 \u00e0 Bratislava qui \u0153uvre pour g\u00e9n\u00e9rer des solutions pour un monde meilleur. Lilyana Pavlova, vice-pr\u00e9sidente de la BEI, a d\u00e9clar\u00e9 \u00e0 cette occasion\u00a0: \u00ab\u00a0La BEI [&hellip;]","og_url":"https:\/\/www.eumedbridge.eu\/fr\/news\/un-prix-europeen-decerne-au-groupe-bei-pour-son-action-dans-la-lutte\/","og_site_name":"Voisins de l'UE","article_publisher":"https:\/\/www.facebook.com\/eumedbridge\/","article_modified_time":"2022-07-08T13:09:58+00:00","og_image":[{"width":351,"height":232,"url":"https:\/\/www.eumedbridge.eu\/wp-content\/uploads\/2022\/03\/eib_0-1.png","type":"image\/png"}],"twitter_card":"summary_large_image","twitter_site":"@eumedbridge","twitter_misc":{"Dur\u00e9e de lecture estim\u00e9e":"1 minute"},"schema":{"@context":"https:\/\/schema.org","@graph":[{"@type":"WebPage","@id":"https:\/\/www.eumedbridge.eu\/fr\/news\/un-prix-europeen-decerne-au-groupe-bei-pour-son-action-dans-la-lutte\/","url":"https:\/\/www.eumedbridge.eu\/fr\/news\/un-prix-europeen-decerne-au-groupe-bei-pour-son-action-dans-la-lutte\/","name":"Un prix europ\u00e9en d\u00e9cern\u00e9 au Groupe BEI pour son action dans la lutte mondiale contre la COVID-19 - Voisins de l'UE","isPartOf":{"@id":"https:\/\/www.eumedbridge.eu\/#website"},"primaryImageOfPage":{"@id":"https:\/\/www.eumedbridge.eu\/fr\/news\/un-prix-europeen-decerne-au-groupe-bei-pour-son-action-dans-la-lutte\/#primaryimage"},"image":{"@id":"https:\/\/www.eumedbridge.eu\/fr\/news\/un-prix-europeen-decerne-au-groupe-bei-pour-son-action-dans-la-lutte\/#primaryimage"},"thumbnailUrl":"https:\/\/www.eumedbridge.eu\/wp-content\/uploads\/2022\/03\/eib_0-1.png","datePublished":"2021-10-12T21:00:00+00:00","dateModified":"2022-07-08T13:09:58+00:00","breadcrumb":{"@id":"https:\/\/www.eumedbridge.eu\/fr\/news\/un-prix-europeen-decerne-au-groupe-bei-pour-son-action-dans-la-lutte\/#breadcrumb"},"inLanguage":"fr-FR","potentialAction":[{"@type":"ReadAction","target":["https:\/\/www.eumedbridge.eu\/fr\/news\/un-prix-europeen-decerne-au-groupe-bei-pour-son-action-dans-la-lutte\/"]}]},{"@type":"ImageObject","inLanguage":"fr-FR","@id":"https:\/\/www.eumedbridge.eu\/fr\/news\/un-prix-europeen-decerne-au-groupe-bei-pour-son-action-dans-la-lutte\/#primaryimage","url":"https:\/\/www.eumedbridge.eu\/wp-content\/uploads\/2022\/03\/eib_0-1.png","contentUrl":"https:\/\/www.eumedbridge.eu\/wp-content\/uploads\/2022\/03\/eib_0-1.png","width":351,"height":232},{"@type":"BreadcrumbList","@id":"https:\/\/www.eumedbridge.eu\/fr\/news\/un-prix-europeen-decerne-au-groupe-bei-pour-son-action-dans-la-lutte\/#breadcrumb","itemListElement":[{"@type":"ListItem","position":1,"name":"Home","item":"https:\/\/www.eumedbridge.eu\/fr\/home-page\/"},{"@type":"ListItem","position":2,"name":"Actualit\u00e9s","item":"https:\/\/www.eumedbridge.eu\/fr\/news\/"},{"@type":"ListItem","position":3,"name":"Un prix europ\u00e9en d\u00e9cern\u00e9 au Groupe BEI pour son action dans la lutte mondiale contre la COVID-19"}]},{"@type":"WebSite","@id":"https:\/\/www.eumedbridge.eu\/#website","url":"https:\/\/www.eumedbridge.eu\/","name":"EU Medbridge","description":"","publisher":{"@id":"https:\/\/www.eumedbridge.eu\/#organization"},"potentialAction":[{"@type":"SearchAction","target":{"@type":"EntryPoint","urlTemplate":"https:\/\/www.eumedbridge.eu\/?s={search_term_string}"},"query-input":{"@type":"PropertyValueSpecification","valueRequired":true,"valueName":"search_term_string"}}],"inLanguage":"fr-FR"},{"@type":"Organization","@id":"https:\/\/www.eumedbridge.eu\/#organization","name":"EU Medbridge","url":"https:\/\/www.eumedbridge.eu\/","logo":{"@type":"ImageObject","inLanguage":"fr-FR","@id":"https:\/\/www.eumedbridge.eu\/#\/schema\/logo\/image\/","url":"https:\/\/www.eumedbridge.eu\/wp-content\/uploads\/2021\/12\/Logo.png","contentUrl":"https:\/\/www.eumedbridge.eu\/wp-content\/uploads\/2021\/12\/Logo.png","width":325,"height":114,"caption":"EU Medbridge"},"image":{"@id":"https:\/\/www.eumedbridge.eu\/#\/schema\/logo\/image\/"},"sameAs":["https:\/\/www.facebook.com\/eumedbridge\/","https:\/\/x.com\/eumedbridge","https:\/\/www.linkedin.com\/company\/eumedbridge","https:\/\/www.youtube.com\/@eumedbridge","https:\/\/www.instagram.com\/eumedbridge","https:\/\/www.flickr.com\/photos\/euneighbours-south\/"]}]}},"_links":{"self":[{"href":"https:\/\/www.eumedbridge.eu\/fr\/wp-json\/wp\/v2\/news\/158396","targetHints":{"allow":["GET"]}}],"collection":[{"href":"https:\/\/www.eumedbridge.eu\/fr\/wp-json\/wp\/v2\/news"}],"about":[{"href":"https:\/\/www.eumedbridge.eu\/fr\/wp-json\/wp\/v2\/types\/news"}],"wp:featuredmedia":[{"embeddable":true,"href":"https:\/\/www.eumedbridge.eu\/fr\/wp-json\/wp\/v2\/media\/74983"}],"wp:attachment":[{"href":"https:\/\/www.eumedbridge.eu\/fr\/wp-json\/wp\/v2\/media?parent=158396"}],"wp:term":[{"taxonomy":"news_category","embeddable":true,"href":"https:\/\/www.eumedbridge.eu\/fr\/wp-json\/wp\/v2\/news_category?post=158396"},{"taxonomy":"country","embeddable":true,"href":"https:\/\/www.eumedbridge.eu\/fr\/wp-json\/wp\/v2\/country?post=158396"},{"taxonomy":"special_action","embeddable":true,"href":"https:\/\/www.eumedbridge.eu\/fr\/wp-json\/wp\/v2\/special_action?post=158396"},{"taxonomy":"custom_tag","embeddable":true,"href":"https:\/\/www.eumedbridge.eu\/fr\/wp-json\/wp\/v2\/custom_tag?post=158396"}],"curies":[{"name":"wp","href":"https:\/\/api.w.org\/{rel}","templated":true}]}}