{"id":158422,"date":"2021-10-07T00:00:00","date_gmt":"2021-10-06T21:00:00","guid":{"rendered":"http:\/\/south.euneighbours.eu\/news\/semaines-de-la-diplomatie-climatique-2021\/"},"modified":"2022-07-08T16:10:58","modified_gmt":"2022-07-08T13:10:58","slug":"semaines-de-la-diplomatie-climatique-2021","status":"publish","type":"news","link":"https:\/\/www.eumedbridge.eu\/fr\/news\/semaines-de-la-diplomatie-climatique-2021\/","title":{"rendered":"Semaines de la diplomatie climatique\u00a02021"},"content":{"rendered":"<p><span>Du 27\u00a0septembre au 17\u00a0octobre, les d\u00e9l\u00e9gations et ambassades des \u00c9tats membres de l\u2019UE dans le monde organiseront des \u00e9v\u00e9nements pour encourager le dialogue et la coop\u00e9ration sur le <\/span><strong><strong>changement climatique<\/strong><\/strong><span>, pr\u00e9senter les plus belles r\u00e9ussites et susciter de nouvelles actions.<\/span><\/p>\n<p><span>Dans ce cadre, des conf\u00e9rences, des d\u00e9bats citoyens et autres activit\u00e9s de sensibilisation seront organis\u00e9s, r\u00e9unissant un large \u00e9ventail de parties prenantes et de communaut\u00e9s. Cette ann\u00e9e, les <\/span><strong><strong>Semaines de la diplomatie climatique<\/strong><\/strong><span>\u00a0seront ax\u00e9es sur le th\u00e8me \u00ab\u00a0Ambition et action\u00a0\u00bb, qui est le th\u00e8me central de la diplomatie climatique de l\u2019UE en\u00a02021.<\/span><\/p>\n<p><span>L\u2019UE entend faire preuve \u00e0 la fois d\u2019ambition et d\u2019action avec son\u00a0<\/span><span><a href=\"https:\/\/ec.europa.eu\/info\/strategy\/priorities-2019-2024\/european-green-deal_fr\"><span>pacte vert pour l\u2019Europe<\/span><\/a><\/span><span>, sa\u00a0<\/span><span><a href=\"https:\/\/ec.europa.eu\/clima\/eu-action\/european-green-deal\/european-climate-law_fr\"><span>loi sur le climat<\/span><\/a><\/span><span>\u00a0et la\u00a0<\/span><span><a href=\"https:\/\/ec.europa.eu\/clima\/eu-action\/european-green-deal\/delivering-european-green-deal_en\"><span>derni\u00e8re s\u00e9rie de propositions politiques (\u00ab\u00a0Ajustement \u00e0 l\u2019objectif\u00a055\u00a0\u00bb)<\/span><\/a><\/span><span>\u00a0visant \u00e0 r\u00e9duire les \u00e9missions d\u2019au moins 55\u00a0% d\u2019ici \u00e0\u00a02030, une \u00e9tape interm\u00e9diaire vers l\u2019objectif de neutralit\u00e9 climatique de l\u2019UE d\u2019ici \u00e0\u00a02050. En outre, l\u2019UE coop\u00e8re activement avec d\u2019autres pays et r\u00e9gions pour atteindre les objectifs de l\u2019accord de Paris et promouvoir une action climatique ambitieuse.<\/span><\/p>\n<p><strong><span>Pour plus d&rsquo;informations<\/span><\/strong><\/p>\n<p><a href=\"https:\/\/ec.europa.eu\/clima\/news-your-voice\/news\/climate-diplomacy-weeks-2021-2021-09-28_en\"><span>Semaines de la diplomatie climatique 2021<\/span><\/a><\/p>\n<p>\u00a0<\/p>\n","protected":false},"featured_media":74703,"parent":0,"template":"","news_category":[],"country":[1956],"special_action":[],"custom_tag":[2312,1884,1970],"class_list":["post-158422","news","type-news","status-publish","has-post-thumbnail","hentry","country-region-sud","custom_tag-developpement-durable","custom_tag-environnement-et-changement-climatique","custom_tag-jeunesse"],"acf":[],"yoast_head":"<!-- This site is optimized with the Yoast SEO plugin v26.5 - https:\/\/yoast.com\/wordpress\/plugins\/seo\/ -->\n<title>Semaines de la diplomatie climatique\u00a02021 - Voisins de l&#039;UE<\/title>\n<meta name=\"robots\" content=\"index, follow, max-snippet:-1, max-image-preview:large, max-video-preview:-1\" \/>\n<link rel=\"canonical\" href=\"https:\/\/www.eumedbridge.eu\/fr\/news\/semaines-de-la-diplomatie-climatique-2021\/\" \/>\n<meta property=\"og:locale\" content=\"fr_FR\" \/>\n<meta property=\"og:type\" content=\"article\" \/>\n<meta property=\"og:title\" content=\"Semaines de la diplomatie climatique\u00a02021 - Voisins de l&#039;UE\" \/>\n<meta property=\"og:description\" content=\"Du 27\u00a0septembre au 17\u00a0octobre, les d\u00e9l\u00e9gations et ambassades des \u00c9tats membres de l\u2019UE dans le monde organiseront des \u00e9v\u00e9nements pour encourager le dialogue et la coop\u00e9ration sur le changement climatique, pr\u00e9senter les plus belles r\u00e9ussites et susciter de nouvelles actions. Dans ce cadre, des conf\u00e9rences, des d\u00e9bats citoyens et autres activit\u00e9s de sensibilisation seront organis\u00e9s, [&hellip;]\" \/>\n<meta property=\"og:url\" content=\"https:\/\/www.eumedbridge.eu\/fr\/news\/semaines-de-la-diplomatie-climatique-2021\/\" \/>\n<meta property=\"og:site_name\" content=\"Voisins de l&#039;UE\" \/>\n<meta property=\"article:publisher\" content=\"https:\/\/www.facebook.com\/eumedbridge\/\" \/>\n<meta property=\"article:modified_time\" content=\"2022-07-08T13:10:58+00:00\" \/>\n<meta property=\"og:image\" content=\"https:\/\/www.eumedbridge.eu\/wp-content\/uploads\/2022\/03\/20210928.jpg\" \/>\n\t<meta property=\"og:image:width\" content=\"1904\" \/>\n\t<meta property=\"og:image:height\" content=\"1000\" \/>\n\t<meta property=\"og:image:type\" content=\"image\/jpeg\" \/>\n<meta name=\"twitter:card\" content=\"summary_large_image\" \/>\n<meta name=\"twitter:site\" content=\"@eumedbridge\" \/>\n<meta name=\"twitter:label1\" content=\"Dur\u00e9e de lecture estim\u00e9e\" \/>\n\t<meta name=\"twitter:data1\" content=\"1 minute\" \/>\n<script type=\"application\/ld+json\" class=\"yoast-schema-graph\">{\"@context\":\"https:\/\/schema.org\",\"@graph\":[{\"@type\":\"WebPage\",\"@id\":\"https:\/\/www.eumedbridge.eu\/fr\/news\/semaines-de-la-diplomatie-climatique-2021\/\",\"url\":\"https:\/\/www.eumedbridge.eu\/fr\/news\/semaines-de-la-diplomatie-climatique-2021\/\",\"name\":\"Semaines de la diplomatie climatique\u00a02021 - Voisins de l'UE\",\"isPartOf\":{\"@id\":\"https:\/\/www.eumedbridge.eu\/#website\"},\"primaryImageOfPage\":{\"@id\":\"https:\/\/www.eumedbridge.eu\/fr\/news\/semaines-de-la-diplomatie-climatique-2021\/#primaryimage\"},\"image\":{\"@id\":\"https:\/\/www.eumedbridge.eu\/fr\/news\/semaines-de-la-diplomatie-climatique-2021\/#primaryimage\"},\"thumbnailUrl\":\"https:\/\/www.eumedbridge.eu\/wp-content\/uploads\/2022\/03\/20210928.jpg\",\"datePublished\":\"2021-10-06T21:00:00+00:00\",\"dateModified\":\"2022-07-08T13:10:58+00:00\",\"breadcrumb\":{\"@id\":\"https:\/\/www.eumedbridge.eu\/fr\/news\/semaines-de-la-diplomatie-climatique-2021\/#breadcrumb\"},\"inLanguage\":\"fr-FR\",\"potentialAction\":[{\"@type\":\"ReadAction\",\"target\":[\"https:\/\/www.eumedbridge.eu\/fr\/news\/semaines-de-la-diplomatie-climatique-2021\/\"]}]},{\"@type\":\"ImageObject\",\"inLanguage\":\"fr-FR\",\"@id\":\"https:\/\/www.eumedbridge.eu\/fr\/news\/semaines-de-la-diplomatie-climatique-2021\/#primaryimage\",\"url\":\"https:\/\/www.eumedbridge.eu\/wp-content\/uploads\/2022\/03\/20210928.jpg\",\"contentUrl\":\"https:\/\/www.eumedbridge.eu\/wp-content\/uploads\/2022\/03\/20210928.jpg\",\"width\":1904,\"height\":1000},{\"@type\":\"BreadcrumbList\",\"@id\":\"https:\/\/www.eumedbridge.eu\/fr\/news\/semaines-de-la-diplomatie-climatique-2021\/#breadcrumb\",\"itemListElement\":[{\"@type\":\"ListItem\",\"position\":1,\"name\":\"Home\",\"item\":\"https:\/\/www.eumedbridge.eu\/fr\/home-page\/\"},{\"@type\":\"ListItem\",\"position\":2,\"name\":\"Actualit\u00e9s\",\"item\":\"https:\/\/www.eumedbridge.eu\/fr\/news\/\"},{\"@type\":\"ListItem\",\"position\":3,\"name\":\"Semaines de la diplomatie climatique\u00a02021\"}]},{\"@type\":\"WebSite\",\"@id\":\"https:\/\/www.eumedbridge.eu\/#website\",\"url\":\"https:\/\/www.eumedbridge.eu\/\",\"name\":\"EU Medbridge\",\"description\":\"\",\"publisher\":{\"@id\":\"https:\/\/www.eumedbridge.eu\/#organization\"},\"potentialAction\":[{\"@type\":\"SearchAction\",\"target\":{\"@type\":\"EntryPoint\",\"urlTemplate\":\"https:\/\/www.eumedbridge.eu\/?s={search_term_string}\"},\"query-input\":{\"@type\":\"PropertyValueSpecification\",\"valueRequired\":true,\"valueName\":\"search_term_string\"}}],\"inLanguage\":\"fr-FR\"},{\"@type\":\"Organization\",\"@id\":\"https:\/\/www.eumedbridge.eu\/#organization\",\"name\":\"EU Medbridge\",\"url\":\"https:\/\/www.eumedbridge.eu\/\",\"logo\":{\"@type\":\"ImageObject\",\"inLanguage\":\"fr-FR\",\"@id\":\"https:\/\/www.eumedbridge.eu\/#\/schema\/logo\/image\/\",\"url\":\"https:\/\/www.eumedbridge.eu\/wp-content\/uploads\/2021\/12\/Logo.png\",\"contentUrl\":\"https:\/\/www.eumedbridge.eu\/wp-content\/uploads\/2021\/12\/Logo.png\",\"width\":325,\"height\":114,\"caption\":\"EU Medbridge\"},\"image\":{\"@id\":\"https:\/\/www.eumedbridge.eu\/#\/schema\/logo\/image\/\"},\"sameAs\":[\"https:\/\/www.facebook.com\/eumedbridge\/\",\"https:\/\/x.com\/eumedbridge\",\"https:\/\/www.linkedin.com\/company\/eumedbridge\",\"https:\/\/www.youtube.com\/@eumedbridge\",\"https:\/\/www.instagram.com\/eumedbridge\",\"https:\/\/www.flickr.com\/photos\/euneighbours-south\/\"]}]}<\/script>\n<!-- \/ Yoast SEO plugin. -->","yoast_head_json":{"title":"Semaines de la diplomatie climatique\u00a02021 - Voisins de l'UE","robots":{"index":"index","follow":"follow","max-snippet":"max-snippet:-1","max-image-preview":"max-image-preview:large","max-video-preview":"max-video-preview:-1"},"canonical":"https:\/\/www.eumedbridge.eu\/fr\/news\/semaines-de-la-diplomatie-climatique-2021\/","og_locale":"fr_FR","og_type":"article","og_title":"Semaines de la diplomatie climatique\u00a02021 - Voisins de l'UE","og_description":"Du 27\u00a0septembre au 17\u00a0octobre, les d\u00e9l\u00e9gations et ambassades des \u00c9tats membres de l\u2019UE dans le monde organiseront des \u00e9v\u00e9nements pour encourager le dialogue et la coop\u00e9ration sur le changement climatique, pr\u00e9senter les plus belles r\u00e9ussites et susciter de nouvelles actions. Dans ce cadre, des conf\u00e9rences, des d\u00e9bats citoyens et autres activit\u00e9s de sensibilisation seront organis\u00e9s, [&hellip;]","og_url":"https:\/\/www.eumedbridge.eu\/fr\/news\/semaines-de-la-diplomatie-climatique-2021\/","og_site_name":"Voisins de l'UE","article_publisher":"https:\/\/www.facebook.com\/eumedbridge\/","article_modified_time":"2022-07-08T13:10:58+00:00","og_image":[{"width":1904,"height":1000,"url":"https:\/\/www.eumedbridge.eu\/wp-content\/uploads\/2022\/03\/20210928.jpg","type":"image\/jpeg"}],"twitter_card":"summary_large_image","twitter_site":"@eumedbridge","twitter_misc":{"Dur\u00e9e de lecture estim\u00e9e":"1 minute"},"schema":{"@context":"https:\/\/schema.org","@graph":[{"@type":"WebPage","@id":"https:\/\/www.eumedbridge.eu\/fr\/news\/semaines-de-la-diplomatie-climatique-2021\/","url":"https:\/\/www.eumedbridge.eu\/fr\/news\/semaines-de-la-diplomatie-climatique-2021\/","name":"Semaines de la diplomatie climatique\u00a02021 - Voisins de l'UE","isPartOf":{"@id":"https:\/\/www.eumedbridge.eu\/#website"},"primaryImageOfPage":{"@id":"https:\/\/www.eumedbridge.eu\/fr\/news\/semaines-de-la-diplomatie-climatique-2021\/#primaryimage"},"image":{"@id":"https:\/\/www.eumedbridge.eu\/fr\/news\/semaines-de-la-diplomatie-climatique-2021\/#primaryimage"},"thumbnailUrl":"https:\/\/www.eumedbridge.eu\/wp-content\/uploads\/2022\/03\/20210928.jpg","datePublished":"2021-10-06T21:00:00+00:00","dateModified":"2022-07-08T13:10:58+00:00","breadcrumb":{"@id":"https:\/\/www.eumedbridge.eu\/fr\/news\/semaines-de-la-diplomatie-climatique-2021\/#breadcrumb"},"inLanguage":"fr-FR","potentialAction":[{"@type":"ReadAction","target":["https:\/\/www.eumedbridge.eu\/fr\/news\/semaines-de-la-diplomatie-climatique-2021\/"]}]},{"@type":"ImageObject","inLanguage":"fr-FR","@id":"https:\/\/www.eumedbridge.eu\/fr\/news\/semaines-de-la-diplomatie-climatique-2021\/#primaryimage","url":"https:\/\/www.eumedbridge.eu\/wp-content\/uploads\/2022\/03\/20210928.jpg","contentUrl":"https:\/\/www.eumedbridge.eu\/wp-content\/uploads\/2022\/03\/20210928.jpg","width":1904,"height":1000},{"@type":"BreadcrumbList","@id":"https:\/\/www.eumedbridge.eu\/fr\/news\/semaines-de-la-diplomatie-climatique-2021\/#breadcrumb","itemListElement":[{"@type":"ListItem","position":1,"name":"Home","item":"https:\/\/www.eumedbridge.eu\/fr\/home-page\/"},{"@type":"ListItem","position":2,"name":"Actualit\u00e9s","item":"https:\/\/www.eumedbridge.eu\/fr\/news\/"},{"@type":"ListItem","position":3,"name":"Semaines de la diplomatie climatique\u00a02021"}]},{"@type":"WebSite","@id":"https:\/\/www.eumedbridge.eu\/#website","url":"https:\/\/www.eumedbridge.eu\/","name":"EU Medbridge","description":"","publisher":{"@id":"https:\/\/www.eumedbridge.eu\/#organization"},"potentialAction":[{"@type":"SearchAction","target":{"@type":"EntryPoint","urlTemplate":"https:\/\/www.eumedbridge.eu\/?s={search_term_string}"},"query-input":{"@type":"PropertyValueSpecification","valueRequired":true,"valueName":"search_term_string"}}],"inLanguage":"fr-FR"},{"@type":"Organization","@id":"https:\/\/www.eumedbridge.eu\/#organization","name":"EU Medbridge","url":"https:\/\/www.eumedbridge.eu\/","logo":{"@type":"ImageObject","inLanguage":"fr-FR","@id":"https:\/\/www.eumedbridge.eu\/#\/schema\/logo\/image\/","url":"https:\/\/www.eumedbridge.eu\/wp-content\/uploads\/2021\/12\/Logo.png","contentUrl":"https:\/\/www.eumedbridge.eu\/wp-content\/uploads\/2021\/12\/Logo.png","width":325,"height":114,"caption":"EU Medbridge"},"image":{"@id":"https:\/\/www.eumedbridge.eu\/#\/schema\/logo\/image\/"},"sameAs":["https:\/\/www.facebook.com\/eumedbridge\/","https:\/\/x.com\/eumedbridge","https:\/\/www.linkedin.com\/company\/eumedbridge","https:\/\/www.youtube.com\/@eumedbridge","https:\/\/www.instagram.com\/eumedbridge","https:\/\/www.flickr.com\/photos\/euneighbours-south\/"]}]}},"_links":{"self":[{"href":"https:\/\/www.eumedbridge.eu\/fr\/wp-json\/wp\/v2\/news\/158422","targetHints":{"allow":["GET"]}}],"collection":[{"href":"https:\/\/www.eumedbridge.eu\/fr\/wp-json\/wp\/v2\/news"}],"about":[{"href":"https:\/\/www.eumedbridge.eu\/fr\/wp-json\/wp\/v2\/types\/news"}],"wp:featuredmedia":[{"embeddable":true,"href":"https:\/\/www.eumedbridge.eu\/fr\/wp-json\/wp\/v2\/media\/74703"}],"wp:attachment":[{"href":"https:\/\/www.eumedbridge.eu\/fr\/wp-json\/wp\/v2\/media?parent=158422"}],"wp:term":[{"taxonomy":"news_category","embeddable":true,"href":"https:\/\/www.eumedbridge.eu\/fr\/wp-json\/wp\/v2\/news_category?post=158422"},{"taxonomy":"country","embeddable":true,"href":"https:\/\/www.eumedbridge.eu\/fr\/wp-json\/wp\/v2\/country?post=158422"},{"taxonomy":"special_action","embeddable":true,"href":"https:\/\/www.eumedbridge.eu\/fr\/wp-json\/wp\/v2\/special_action?post=158422"},{"taxonomy":"custom_tag","embeddable":true,"href":"https:\/\/www.eumedbridge.eu\/fr\/wp-json\/wp\/v2\/custom_tag?post=158422"}],"curies":[{"name":"wp","href":"https:\/\/api.w.org\/{rel}","templated":true}]}}