{"id":158423,"date":"2021-10-06T00:00:00","date_gmt":"2021-10-05T21:00:00","guid":{"rendered":"http:\/\/south.euneighbours.eu\/news\/congres-numerique-encatc-2021-sur-le-theme-artistes-a-lhonneur\/"},"modified":"2022-07-08T16:11:01","modified_gmt":"2022-07-08T13:11:01","slug":"congres-numerique-encatc-2021-sur-le-theme-artistes-lhonneur","status":"publish","type":"news","link":"https:\/\/www.eumedbridge.eu\/fr\/news\/congres-numerique-encatc-2021-sur-le-theme-artistes-lhonneur\/","title":{"rendered":"Congr\u00e8s num\u00e9rique ENCATC\u00a02021 sur le th\u00e8me \u00ab\u00a0Artistes \u00e0 l\u2019honneur\u00a0!\u00a0\u00bb"},"content":{"rendered":"<p><strong><strong>ENCATC<\/strong><\/strong><span>, le principal r\u00e9seau europ\u00e9en consacr\u00e9 \u00e0 la gestion de la culture et \u00e0 la politique culturelle, tiendra son <\/span><span><a href=\"https:\/\/encatccongress.org\/\"><span>Congr\u00e8s num\u00e9rique\u00a02021<\/span><\/a><\/span><span>\u00a0du 19\u00a0au 22\u00a0octobre sur le th\u00e8me \u00ab\u00a0Artistes \u00e0 l\u2019honneur\u00a0! \u00c0 la recherche de nouveaux programmes pour l\u2019\u00e9ducation et la recherche dans les domaines de la gestion de la culture et de la politique culturelle\u00a0\u00bb.<\/span><\/p>\n<p><span>Le Congr\u00e8s num\u00e9rique ENCATC est le seul \u00e9v\u00e8nement mondial d\u00e9di\u00e9 \u00e0 l\u2019avancement de la th\u00e9orie, de l\u2019\u00e9ducation, de la recherche et de la pratique en mati\u00e8re de gestion et de politique culturelles. Chaque ann\u00e9e, il rassemble des universitaires, des formateurs et des chercheurs des domaines de la gestion de la culture et de l\u2019\u00e9ducation \u00e0 la politique culturelle ayant des int\u00e9r\u00eats interdisciplinaires, ainsi que des professionnels de la culture, des responsables politiques, des artistes et des \u00e9tudiants.<\/span><\/p>\n<p><span>Le Congr\u00e8s num\u00e9rique ENCATC\u00a02021 vise \u00e0\u00a0:<\/span><\/p>\n<p><span><span>\u00b7<span>\u00a0<\/span><\/span><\/span><span>offrir un espace de r\u00e9flexion sur les implications de la situation des artistes pour la gestion et la politique culturelles, ainsi que pour l\u2019enseignement et la recherche dans ces domaines\u00a0;<\/span><\/p>\n<p><span><span>\u00b7<span>\u00a0<\/span><\/span><\/span><span>favoriser une r\u00e9flexion plus large sur la durabilit\u00e9 des secteurs culturels et cr\u00e9atifs en tenant compte de la crise multidimensionnelle actuelle et avant le(s) sc\u00e9nario(s) \u00e0 venir\u00a0; <\/span><\/p>\n<p><span><span>\u00b7<span>\u00a0<\/span><\/span><\/span><span>mener une r\u00e9flexion globale non seulement sur le statut des artistes en termes de professionnalisation, de normes, etc., mais \u00e9galement sur les r\u00f4les assign\u00e9s aux artistes dans la soci\u00e9t\u00e9 et le territoire dans les sc\u00e9narios \u00e0 venir.<\/span><\/p>\n<p><span>Cofinanc\u00e9 par le Programme Europe cr\u00e9ative, ENCATC repr\u00e9sente, d\u00e9fend et promeut la gestion de la culture et l\u2019\u00e9ducation \u00e0 la politique culturelle, professionnalise le secteur culturel pour le rendre durable et cr\u00e9e une plate-forme de discussion et d\u2019\u00e9change au niveau europ\u00e9en et international.<\/span><\/p>\n<p><strong><span>Pour plus d&rsquo;informations<\/span><\/strong><\/p>\n<p><a href=\"https:\/\/www.encatc.org\/en\/\"><span>ENACTC<\/span><\/a><\/p>\n<p><a href=\"https:\/\/www.encatc.org\/en\/events\/detail\/2021-encatc-digital-congress\/?fbclid=IwAR1dOgYLpIIoXtQwPi9Gc3jSuqBEuBuYpT92yZ6b2pKORtrRcQpO4deUU8c\"><span>Lien d&rsquo;inscription<\/span><\/a><\/p>\n<p>\u00a0<\/p>\n<ul>\n<\/ul>\n","protected":false},"featured_media":74683,"parent":0,"template":"","news_category":[],"country":[1956],"special_action":[],"custom_tag":[1874,1897],"class_list":["post-158423","news","type-news","status-publish","has-post-thumbnail","hentry","country-region-sud","custom_tag-culture-fr","custom_tag-medias"],"acf":[],"yoast_head":"<!-- This site is optimized with the Yoast SEO plugin v26.5 - https:\/\/yoast.com\/wordpress\/plugins\/seo\/ -->\n<title>Congr\u00e8s num\u00e9rique ENCATC\u00a02021 sur le th\u00e8me \u00ab\u00a0Artistes \u00e0 l\u2019honneur\u00a0!\u00a0\u00bb - Voisins de l&#039;UE<\/title>\n<meta name=\"robots\" content=\"index, follow, max-snippet:-1, max-image-preview:large, max-video-preview:-1\" \/>\n<link rel=\"canonical\" href=\"https:\/\/www.eumedbridge.eu\/fr\/news\/congres-numerique-encatc-2021-sur-le-theme-artistes-lhonneur\/\" \/>\n<meta property=\"og:locale\" content=\"fr_FR\" \/>\n<meta property=\"og:type\" content=\"article\" \/>\n<meta property=\"og:title\" content=\"Congr\u00e8s num\u00e9rique ENCATC\u00a02021 sur le th\u00e8me \u00ab\u00a0Artistes \u00e0 l\u2019honneur\u00a0!\u00a0\u00bb - Voisins de l&#039;UE\" \/>\n<meta property=\"og:description\" content=\"ENCATC, le principal r\u00e9seau europ\u00e9en consacr\u00e9 \u00e0 la gestion de la culture et \u00e0 la politique culturelle, tiendra son Congr\u00e8s num\u00e9rique\u00a02021\u00a0du 19\u00a0au 22\u00a0octobre sur le th\u00e8me \u00ab\u00a0Artistes \u00e0 l\u2019honneur\u00a0! \u00c0 la recherche de nouveaux programmes pour l\u2019\u00e9ducation et la recherche dans les domaines de la gestion de la culture et de la politique culturelle\u00a0\u00bb. Le [&hellip;]\" \/>\n<meta property=\"og:url\" content=\"https:\/\/www.eumedbridge.eu\/fr\/news\/congres-numerique-encatc-2021-sur-le-theme-artistes-lhonneur\/\" \/>\n<meta property=\"og:site_name\" content=\"Voisins de l&#039;UE\" \/>\n<meta property=\"article:publisher\" content=\"https:\/\/www.facebook.com\/eumedbridge\/\" \/>\n<meta property=\"article:modified_time\" content=\"2022-07-08T13:11:01+00:00\" \/>\n<meta property=\"og:image\" content=\"https:\/\/www.eumedbridge.eu\/wp-content\/uploads\/2022\/03\/enac-1024x576.png\" \/>\n\t<meta property=\"og:image:width\" content=\"1024\" \/>\n\t<meta property=\"og:image:height\" content=\"576\" \/>\n\t<meta property=\"og:image:type\" content=\"image\/png\" \/>\n<meta name=\"twitter:card\" content=\"summary_large_image\" \/>\n<meta name=\"twitter:site\" content=\"@eumedbridge\" \/>\n<meta name=\"twitter:label1\" content=\"Dur\u00e9e de lecture estim\u00e9e\" \/>\n\t<meta name=\"twitter:data1\" content=\"2 minutes\" \/>\n<script type=\"application\/ld+json\" class=\"yoast-schema-graph\">{\"@context\":\"https:\/\/schema.org\",\"@graph\":[{\"@type\":\"WebPage\",\"@id\":\"https:\/\/www.eumedbridge.eu\/fr\/news\/congres-numerique-encatc-2021-sur-le-theme-artistes-lhonneur\/\",\"url\":\"https:\/\/www.eumedbridge.eu\/fr\/news\/congres-numerique-encatc-2021-sur-le-theme-artistes-lhonneur\/\",\"name\":\"Congr\u00e8s num\u00e9rique ENCATC\u00a02021 sur le th\u00e8me \u00ab\u00a0Artistes \u00e0 l\u2019honneur\u00a0!\u00a0\u00bb - Voisins de l'UE\",\"isPartOf\":{\"@id\":\"https:\/\/www.eumedbridge.eu\/#website\"},\"primaryImageOfPage\":{\"@id\":\"https:\/\/www.eumedbridge.eu\/fr\/news\/congres-numerique-encatc-2021-sur-le-theme-artistes-lhonneur\/#primaryimage\"},\"image\":{\"@id\":\"https:\/\/www.eumedbridge.eu\/fr\/news\/congres-numerique-encatc-2021-sur-le-theme-artistes-lhonneur\/#primaryimage\"},\"thumbnailUrl\":\"https:\/\/www.eumedbridge.eu\/wp-content\/uploads\/2022\/03\/enac.png\",\"datePublished\":\"2021-10-05T21:00:00+00:00\",\"dateModified\":\"2022-07-08T13:11:01+00:00\",\"breadcrumb\":{\"@id\":\"https:\/\/www.eumedbridge.eu\/fr\/news\/congres-numerique-encatc-2021-sur-le-theme-artistes-lhonneur\/#breadcrumb\"},\"inLanguage\":\"fr-FR\",\"potentialAction\":[{\"@type\":\"ReadAction\",\"target\":[\"https:\/\/www.eumedbridge.eu\/fr\/news\/congres-numerique-encatc-2021-sur-le-theme-artistes-lhonneur\/\"]}]},{\"@type\":\"ImageObject\",\"inLanguage\":\"fr-FR\",\"@id\":\"https:\/\/www.eumedbridge.eu\/fr\/news\/congres-numerique-encatc-2021-sur-le-theme-artistes-lhonneur\/#primaryimage\",\"url\":\"https:\/\/www.eumedbridge.eu\/wp-content\/uploads\/2022\/03\/enac.png\",\"contentUrl\":\"https:\/\/www.eumedbridge.eu\/wp-content\/uploads\/2022\/03\/enac.png\",\"width\":1600,\"height\":900},{\"@type\":\"BreadcrumbList\",\"@id\":\"https:\/\/www.eumedbridge.eu\/fr\/news\/congres-numerique-encatc-2021-sur-le-theme-artistes-lhonneur\/#breadcrumb\",\"itemListElement\":[{\"@type\":\"ListItem\",\"position\":1,\"name\":\"Home\",\"item\":\"https:\/\/www.eumedbridge.eu\/fr\/home-page\/\"},{\"@type\":\"ListItem\",\"position\":2,\"name\":\"Actualit\u00e9s\",\"item\":\"https:\/\/www.eumedbridge.eu\/fr\/news\/\"},{\"@type\":\"ListItem\",\"position\":3,\"name\":\"Congr\u00e8s num\u00e9rique ENCATC\u00a02021 sur le th\u00e8me \u00ab\u00a0Artistes \u00e0 l\u2019honneur\u00a0!\u00a0\u00bb\"}]},{\"@type\":\"WebSite\",\"@id\":\"https:\/\/www.eumedbridge.eu\/#website\",\"url\":\"https:\/\/www.eumedbridge.eu\/\",\"name\":\"EU Medbridge\",\"description\":\"\",\"publisher\":{\"@id\":\"https:\/\/www.eumedbridge.eu\/#organization\"},\"potentialAction\":[{\"@type\":\"SearchAction\",\"target\":{\"@type\":\"EntryPoint\",\"urlTemplate\":\"https:\/\/www.eumedbridge.eu\/?s={search_term_string}\"},\"query-input\":{\"@type\":\"PropertyValueSpecification\",\"valueRequired\":true,\"valueName\":\"search_term_string\"}}],\"inLanguage\":\"fr-FR\"},{\"@type\":\"Organization\",\"@id\":\"https:\/\/www.eumedbridge.eu\/#organization\",\"name\":\"EU Medbridge\",\"url\":\"https:\/\/www.eumedbridge.eu\/\",\"logo\":{\"@type\":\"ImageObject\",\"inLanguage\":\"fr-FR\",\"@id\":\"https:\/\/www.eumedbridge.eu\/#\/schema\/logo\/image\/\",\"url\":\"https:\/\/www.eumedbridge.eu\/wp-content\/uploads\/2021\/12\/Logo.png\",\"contentUrl\":\"https:\/\/www.eumedbridge.eu\/wp-content\/uploads\/2021\/12\/Logo.png\",\"width\":325,\"height\":114,\"caption\":\"EU Medbridge\"},\"image\":{\"@id\":\"https:\/\/www.eumedbridge.eu\/#\/schema\/logo\/image\/\"},\"sameAs\":[\"https:\/\/www.facebook.com\/eumedbridge\/\",\"https:\/\/x.com\/eumedbridge\",\"https:\/\/www.linkedin.com\/company\/eumedbridge\",\"https:\/\/www.youtube.com\/@eumedbridge\",\"https:\/\/www.instagram.com\/eumedbridge\",\"https:\/\/www.flickr.com\/photos\/euneighbours-south\/\"]}]}<\/script>\n<!-- \/ Yoast SEO plugin. -->","yoast_head_json":{"title":"Congr\u00e8s num\u00e9rique ENCATC\u00a02021 sur le th\u00e8me \u00ab\u00a0Artistes \u00e0 l\u2019honneur\u00a0!\u00a0\u00bb - Voisins de l'UE","robots":{"index":"index","follow":"follow","max-snippet":"max-snippet:-1","max-image-preview":"max-image-preview:large","max-video-preview":"max-video-preview:-1"},"canonical":"https:\/\/www.eumedbridge.eu\/fr\/news\/congres-numerique-encatc-2021-sur-le-theme-artistes-lhonneur\/","og_locale":"fr_FR","og_type":"article","og_title":"Congr\u00e8s num\u00e9rique ENCATC\u00a02021 sur le th\u00e8me \u00ab\u00a0Artistes \u00e0 l\u2019honneur\u00a0!\u00a0\u00bb - Voisins de l'UE","og_description":"ENCATC, le principal r\u00e9seau europ\u00e9en consacr\u00e9 \u00e0 la gestion de la culture et \u00e0 la politique culturelle, tiendra son Congr\u00e8s num\u00e9rique\u00a02021\u00a0du 19\u00a0au 22\u00a0octobre sur le th\u00e8me \u00ab\u00a0Artistes \u00e0 l\u2019honneur\u00a0! \u00c0 la recherche de nouveaux programmes pour l\u2019\u00e9ducation et la recherche dans les domaines de la gestion de la culture et de la politique culturelle\u00a0\u00bb. Le [&hellip;]","og_url":"https:\/\/www.eumedbridge.eu\/fr\/news\/congres-numerique-encatc-2021-sur-le-theme-artistes-lhonneur\/","og_site_name":"Voisins de l'UE","article_publisher":"https:\/\/www.facebook.com\/eumedbridge\/","article_modified_time":"2022-07-08T13:11:01+00:00","og_image":[{"width":1024,"height":576,"url":"https:\/\/www.eumedbridge.eu\/wp-content\/uploads\/2022\/03\/enac-1024x576.png","type":"image\/png"}],"twitter_card":"summary_large_image","twitter_site":"@eumedbridge","twitter_misc":{"Dur\u00e9e de lecture estim\u00e9e":"2 minutes"},"schema":{"@context":"https:\/\/schema.org","@graph":[{"@type":"WebPage","@id":"https:\/\/www.eumedbridge.eu\/fr\/news\/congres-numerique-encatc-2021-sur-le-theme-artistes-lhonneur\/","url":"https:\/\/www.eumedbridge.eu\/fr\/news\/congres-numerique-encatc-2021-sur-le-theme-artistes-lhonneur\/","name":"Congr\u00e8s num\u00e9rique ENCATC\u00a02021 sur le th\u00e8me \u00ab\u00a0Artistes \u00e0 l\u2019honneur\u00a0!\u00a0\u00bb - Voisins de l'UE","isPartOf":{"@id":"https:\/\/www.eumedbridge.eu\/#website"},"primaryImageOfPage":{"@id":"https:\/\/www.eumedbridge.eu\/fr\/news\/congres-numerique-encatc-2021-sur-le-theme-artistes-lhonneur\/#primaryimage"},"image":{"@id":"https:\/\/www.eumedbridge.eu\/fr\/news\/congres-numerique-encatc-2021-sur-le-theme-artistes-lhonneur\/#primaryimage"},"thumbnailUrl":"https:\/\/www.eumedbridge.eu\/wp-content\/uploads\/2022\/03\/enac.png","datePublished":"2021-10-05T21:00:00+00:00","dateModified":"2022-07-08T13:11:01+00:00","breadcrumb":{"@id":"https:\/\/www.eumedbridge.eu\/fr\/news\/congres-numerique-encatc-2021-sur-le-theme-artistes-lhonneur\/#breadcrumb"},"inLanguage":"fr-FR","potentialAction":[{"@type":"ReadAction","target":["https:\/\/www.eumedbridge.eu\/fr\/news\/congres-numerique-encatc-2021-sur-le-theme-artistes-lhonneur\/"]}]},{"@type":"ImageObject","inLanguage":"fr-FR","@id":"https:\/\/www.eumedbridge.eu\/fr\/news\/congres-numerique-encatc-2021-sur-le-theme-artistes-lhonneur\/#primaryimage","url":"https:\/\/www.eumedbridge.eu\/wp-content\/uploads\/2022\/03\/enac.png","contentUrl":"https:\/\/www.eumedbridge.eu\/wp-content\/uploads\/2022\/03\/enac.png","width":1600,"height":900},{"@type":"BreadcrumbList","@id":"https:\/\/www.eumedbridge.eu\/fr\/news\/congres-numerique-encatc-2021-sur-le-theme-artistes-lhonneur\/#breadcrumb","itemListElement":[{"@type":"ListItem","position":1,"name":"Home","item":"https:\/\/www.eumedbridge.eu\/fr\/home-page\/"},{"@type":"ListItem","position":2,"name":"Actualit\u00e9s","item":"https:\/\/www.eumedbridge.eu\/fr\/news\/"},{"@type":"ListItem","position":3,"name":"Congr\u00e8s num\u00e9rique ENCATC\u00a02021 sur le th\u00e8me \u00ab\u00a0Artistes \u00e0 l\u2019honneur\u00a0!\u00a0\u00bb"}]},{"@type":"WebSite","@id":"https:\/\/www.eumedbridge.eu\/#website","url":"https:\/\/www.eumedbridge.eu\/","name":"EU Medbridge","description":"","publisher":{"@id":"https:\/\/www.eumedbridge.eu\/#organization"},"potentialAction":[{"@type":"SearchAction","target":{"@type":"EntryPoint","urlTemplate":"https:\/\/www.eumedbridge.eu\/?s={search_term_string}"},"query-input":{"@type":"PropertyValueSpecification","valueRequired":true,"valueName":"search_term_string"}}],"inLanguage":"fr-FR"},{"@type":"Organization","@id":"https:\/\/www.eumedbridge.eu\/#organization","name":"EU Medbridge","url":"https:\/\/www.eumedbridge.eu\/","logo":{"@type":"ImageObject","inLanguage":"fr-FR","@id":"https:\/\/www.eumedbridge.eu\/#\/schema\/logo\/image\/","url":"https:\/\/www.eumedbridge.eu\/wp-content\/uploads\/2021\/12\/Logo.png","contentUrl":"https:\/\/www.eumedbridge.eu\/wp-content\/uploads\/2021\/12\/Logo.png","width":325,"height":114,"caption":"EU Medbridge"},"image":{"@id":"https:\/\/www.eumedbridge.eu\/#\/schema\/logo\/image\/"},"sameAs":["https:\/\/www.facebook.com\/eumedbridge\/","https:\/\/x.com\/eumedbridge","https:\/\/www.linkedin.com\/company\/eumedbridge","https:\/\/www.youtube.com\/@eumedbridge","https:\/\/www.instagram.com\/eumedbridge","https:\/\/www.flickr.com\/photos\/euneighbours-south\/"]}]}},"_links":{"self":[{"href":"https:\/\/www.eumedbridge.eu\/fr\/wp-json\/wp\/v2\/news\/158423","targetHints":{"allow":["GET"]}}],"collection":[{"href":"https:\/\/www.eumedbridge.eu\/fr\/wp-json\/wp\/v2\/news"}],"about":[{"href":"https:\/\/www.eumedbridge.eu\/fr\/wp-json\/wp\/v2\/types\/news"}],"wp:featuredmedia":[{"embeddable":true,"href":"https:\/\/www.eumedbridge.eu\/fr\/wp-json\/wp\/v2\/media\/74683"}],"wp:attachment":[{"href":"https:\/\/www.eumedbridge.eu\/fr\/wp-json\/wp\/v2\/media?parent=158423"}],"wp:term":[{"taxonomy":"news_category","embeddable":true,"href":"https:\/\/www.eumedbridge.eu\/fr\/wp-json\/wp\/v2\/news_category?post=158423"},{"taxonomy":"country","embeddable":true,"href":"https:\/\/www.eumedbridge.eu\/fr\/wp-json\/wp\/v2\/country?post=158423"},{"taxonomy":"special_action","embeddable":true,"href":"https:\/\/www.eumedbridge.eu\/fr\/wp-json\/wp\/v2\/special_action?post=158423"},{"taxonomy":"custom_tag","embeddable":true,"href":"https:\/\/www.eumedbridge.eu\/fr\/wp-json\/wp\/v2\/custom_tag?post=158423"}],"curies":[{"name":"wp","href":"https:\/\/api.w.org\/{rel}","templated":true}]}}