{"id":158477,"date":"2021-09-22T00:00:00","date_gmt":"2021-09-21T21:00:00","guid":{"rendered":"http:\/\/south.euneighbours.eu\/news\/lancement-de-la-nouvelle-serie-de-podcasts-this-is-europe\/"},"modified":"2022-07-08T16:13:03","modified_gmt":"2022-07-08T13:13:03","slug":"lancement-de-la-nouvelle-serie-de-podcasts-europe","status":"publish","type":"news","link":"https:\/\/www.eumedbridge.eu\/fr\/news\/lancement-de-la-nouvelle-serie-de-podcasts-europe\/","title":{"rendered":"Lancement de la nouvelle s\u00e9rie de podcasts \u00ab\u00a0This is Europe\u00a0\u00bb"},"content":{"rendered":"<p><span>Une toute nouvelle saison de podcasts Interreg <\/span><span><a href=\"https:\/\/ec.europa.eu\/interreg.eu\/podcast\/\"><span>\u00ab\u00a0This Is Europe\u00a0\u00bb<\/span><\/a><\/span><span>\u00a0a d\u00e9marr\u00e9 \u00e0 l\u2019occasion d\u2019une <\/span><span><a href=\"https:\/\/ec.europa.eu\/interreg.eu\/news\/new-episodes-of-this-is-europe-podcast-in-september-join-the-party\/\"><span>f\u00eate en ligne<\/span><\/a><\/span><span>\u00a0le 22 septembre (10h00-10h30, CET). Lors de cette f\u00eate, les participants ont pu d\u00e9couvrir quelques anecdotes au sujet des coulisses et rencontrer l\u2019animatrice du podcast, la pr\u00e9sentatrice et universitaire Shahidha Bari.<\/span><\/p>\n<p><span>Tout au long de cette nouvelle s\u00e9rie de podcasts, les participants d\u00e9couvriront le mode de fonctionnement de la communaut\u00e9 Interreg avec tout un chacun, des musiciens aux m\u00e9decins et des r\u00e9fugi\u00e9s aux pionniers de la r\u00e9utilisation. Le travail d\u2019Interreg consiste \u00e0 renforcer les liens par-del\u00e0 les fronti\u00e8res et \u00e0 s\u2019attaquer \u00e0 des probl\u00e8mes urgents tels que la durabilit\u00e9 alimentaire et la mobilit\u00e9 verte.<\/span><\/p>\n<p><span>L\u2019animatrice Shahidha Bari s\u2019entretient avec les Europ\u00e9ens dont la vie a \u00e9t\u00e9 transform\u00e9e par Interreg, une communaut\u00e9 cr\u00e9\u00e9e dans un esprit de partage des connaissances et de r\u00e9flexion collaborative, tant dans l\u2019UE qu\u2019en dehors de ses fronti\u00e8res, pour contribuer \u00e0 cr\u00e9er une union pacifique et prosp\u00e8re.\u00a0<\/span><\/p>\n<p><span><a href=\"https:\/\/www.interregeurope.eu\/about-us\/\"><strong><span>Interreg Europe<\/span><\/strong><\/a><\/span><span>\u00a0aide les gouvernements r\u00e9gionaux et locaux dans toute l\u2019Europe \u00e0 \u00e9laborer et mettre en \u0153uvre de meilleures politiques. La communaut\u00e9 Interreg cr\u00e9e un environnement et des opportunit\u00e9s de partage des solutions et des enseignements politiques, et vise \u00e0 s\u2019assurer que l\u2019innovation, les efforts de mise en \u0153uvre et les investissements du gouvernement engendrent syst\u00e9matiquement un impact int\u00e9gr\u00e9 et durable pour les personnes et les zones concern\u00e9es.<\/span><\/p>\n<p><strong><span>Pour plus d&rsquo;informations<\/span><\/strong><\/p>\n<p><a href=\"https:\/\/ec.europa.eu\/regional_policy\/en\/newsroom\/news\/2021\/09\/22-09-2021-launch-of-this-is-europe-new-podcast-series-22-september-10-00-10-30\"><span>Communiqu\u00e9 de presse<\/span><\/a><\/p>\n<p><a href=\"https:\/\/ec.europa.eu\/this-is-europe.simplecast.com\/episodes\/welcome-to-this-is-europe-season-2\"><span>Bande-annonce du podcast<\/span><\/a><\/p>\n<p>\u00a0<\/p>\n","protected":false},"featured_media":74133,"parent":0,"template":"","news_category":[],"country":[1956],"special_action":[],"custom_tag":[2312,2817],"class_list":["post-158477","news","type-news","status-publish","has-post-thumbnail","hentry","country-region-sud","custom_tag-developpement-durable","custom_tag-education-fr"],"acf":[],"yoast_head":"<!-- This site is optimized with the Yoast SEO plugin v26.5 - https:\/\/yoast.com\/wordpress\/plugins\/seo\/ -->\n<title>Lancement de la nouvelle s\u00e9rie de podcasts \u00ab\u00a0This is Europe\u00a0\u00bb - Voisins de l&#039;UE<\/title>\n<meta name=\"robots\" content=\"index, follow, max-snippet:-1, max-image-preview:large, max-video-preview:-1\" \/>\n<link rel=\"canonical\" href=\"https:\/\/www.eumedbridge.eu\/fr\/news\/lancement-de-la-nouvelle-serie-de-podcasts-europe\/\" \/>\n<meta property=\"og:locale\" content=\"fr_FR\" \/>\n<meta property=\"og:type\" content=\"article\" \/>\n<meta property=\"og:title\" content=\"Lancement de la nouvelle s\u00e9rie de podcasts \u00ab\u00a0This is Europe\u00a0\u00bb - Voisins de l&#039;UE\" \/>\n<meta property=\"og:description\" content=\"Une toute nouvelle saison de podcasts Interreg \u00ab\u00a0This Is Europe\u00a0\u00bb\u00a0a d\u00e9marr\u00e9 \u00e0 l\u2019occasion d\u2019une f\u00eate en ligne\u00a0le 22 septembre (10h00-10h30, CET). Lors de cette f\u00eate, les participants ont pu d\u00e9couvrir quelques anecdotes au sujet des coulisses et rencontrer l\u2019animatrice du podcast, la pr\u00e9sentatrice et universitaire Shahidha Bari. Tout au long de cette nouvelle s\u00e9rie de [&hellip;]\" \/>\n<meta property=\"og:url\" content=\"https:\/\/www.eumedbridge.eu\/fr\/news\/lancement-de-la-nouvelle-serie-de-podcasts-europe\/\" \/>\n<meta property=\"og:site_name\" content=\"Voisins de l&#039;UE\" \/>\n<meta property=\"article:publisher\" content=\"https:\/\/www.facebook.com\/eumedbridge\/\" \/>\n<meta property=\"article:modified_time\" content=\"2022-07-08T13:13:03+00:00\" \/>\n<meta property=\"og:image\" content=\"https:\/\/www.eumedbridge.eu\/wp-content\/uploads\/2022\/03\/intg.png\" \/>\n\t<meta property=\"og:image:width\" content=\"759\" \/>\n\t<meta property=\"og:image:height\" content=\"476\" \/>\n\t<meta property=\"og:image:type\" content=\"image\/png\" \/>\n<meta name=\"twitter:card\" content=\"summary_large_image\" \/>\n<meta name=\"twitter:site\" content=\"@eumedbridge\" \/>\n<meta name=\"twitter:label1\" content=\"Dur\u00e9e de lecture estim\u00e9e\" \/>\n\t<meta name=\"twitter:data1\" content=\"1 minute\" \/>\n<script type=\"application\/ld+json\" class=\"yoast-schema-graph\">{\"@context\":\"https:\/\/schema.org\",\"@graph\":[{\"@type\":\"WebPage\",\"@id\":\"https:\/\/www.eumedbridge.eu\/fr\/news\/lancement-de-la-nouvelle-serie-de-podcasts-europe\/\",\"url\":\"https:\/\/www.eumedbridge.eu\/fr\/news\/lancement-de-la-nouvelle-serie-de-podcasts-europe\/\",\"name\":\"Lancement de la nouvelle s\u00e9rie de podcasts \u00ab\u00a0This is Europe\u00a0\u00bb - Voisins de l'UE\",\"isPartOf\":{\"@id\":\"https:\/\/www.eumedbridge.eu\/#website\"},\"primaryImageOfPage\":{\"@id\":\"https:\/\/www.eumedbridge.eu\/fr\/news\/lancement-de-la-nouvelle-serie-de-podcasts-europe\/#primaryimage\"},\"image\":{\"@id\":\"https:\/\/www.eumedbridge.eu\/fr\/news\/lancement-de-la-nouvelle-serie-de-podcasts-europe\/#primaryimage\"},\"thumbnailUrl\":\"https:\/\/www.eumedbridge.eu\/wp-content\/uploads\/2022\/03\/intg.png\",\"datePublished\":\"2021-09-21T21:00:00+00:00\",\"dateModified\":\"2022-07-08T13:13:03+00:00\",\"breadcrumb\":{\"@id\":\"https:\/\/www.eumedbridge.eu\/fr\/news\/lancement-de-la-nouvelle-serie-de-podcasts-europe\/#breadcrumb\"},\"inLanguage\":\"fr-FR\",\"potentialAction\":[{\"@type\":\"ReadAction\",\"target\":[\"https:\/\/www.eumedbridge.eu\/fr\/news\/lancement-de-la-nouvelle-serie-de-podcasts-europe\/\"]}]},{\"@type\":\"ImageObject\",\"inLanguage\":\"fr-FR\",\"@id\":\"https:\/\/www.eumedbridge.eu\/fr\/news\/lancement-de-la-nouvelle-serie-de-podcasts-europe\/#primaryimage\",\"url\":\"https:\/\/www.eumedbridge.eu\/wp-content\/uploads\/2022\/03\/intg.png\",\"contentUrl\":\"https:\/\/www.eumedbridge.eu\/wp-content\/uploads\/2022\/03\/intg.png\",\"width\":759,\"height\":476},{\"@type\":\"BreadcrumbList\",\"@id\":\"https:\/\/www.eumedbridge.eu\/fr\/news\/lancement-de-la-nouvelle-serie-de-podcasts-europe\/#breadcrumb\",\"itemListElement\":[{\"@type\":\"ListItem\",\"position\":1,\"name\":\"Home\",\"item\":\"https:\/\/www.eumedbridge.eu\/fr\/home-page\/\"},{\"@type\":\"ListItem\",\"position\":2,\"name\":\"Actualit\u00e9s\",\"item\":\"https:\/\/www.eumedbridge.eu\/fr\/news\/\"},{\"@type\":\"ListItem\",\"position\":3,\"name\":\"Lancement de la nouvelle s\u00e9rie de podcasts \u00ab\u00a0This is Europe\u00a0\u00bb\"}]},{\"@type\":\"WebSite\",\"@id\":\"https:\/\/www.eumedbridge.eu\/#website\",\"url\":\"https:\/\/www.eumedbridge.eu\/\",\"name\":\"EU Medbridge\",\"description\":\"\",\"publisher\":{\"@id\":\"https:\/\/www.eumedbridge.eu\/#organization\"},\"potentialAction\":[{\"@type\":\"SearchAction\",\"target\":{\"@type\":\"EntryPoint\",\"urlTemplate\":\"https:\/\/www.eumedbridge.eu\/?s={search_term_string}\"},\"query-input\":{\"@type\":\"PropertyValueSpecification\",\"valueRequired\":true,\"valueName\":\"search_term_string\"}}],\"inLanguage\":\"fr-FR\"},{\"@type\":\"Organization\",\"@id\":\"https:\/\/www.eumedbridge.eu\/#organization\",\"name\":\"EU Medbridge\",\"url\":\"https:\/\/www.eumedbridge.eu\/\",\"logo\":{\"@type\":\"ImageObject\",\"inLanguage\":\"fr-FR\",\"@id\":\"https:\/\/www.eumedbridge.eu\/#\/schema\/logo\/image\/\",\"url\":\"https:\/\/www.eumedbridge.eu\/wp-content\/uploads\/2021\/12\/Logo.png\",\"contentUrl\":\"https:\/\/www.eumedbridge.eu\/wp-content\/uploads\/2021\/12\/Logo.png\",\"width\":325,\"height\":114,\"caption\":\"EU Medbridge\"},\"image\":{\"@id\":\"https:\/\/www.eumedbridge.eu\/#\/schema\/logo\/image\/\"},\"sameAs\":[\"https:\/\/www.facebook.com\/eumedbridge\/\",\"https:\/\/x.com\/eumedbridge\",\"https:\/\/www.linkedin.com\/company\/eumedbridge\",\"https:\/\/www.youtube.com\/@eumedbridge\",\"https:\/\/www.instagram.com\/eumedbridge\",\"https:\/\/www.flickr.com\/photos\/euneighbours-south\/\"]}]}<\/script>\n<!-- \/ Yoast SEO plugin. -->","yoast_head_json":{"title":"Lancement de la nouvelle s\u00e9rie de podcasts \u00ab\u00a0This is Europe\u00a0\u00bb - Voisins de l'UE","robots":{"index":"index","follow":"follow","max-snippet":"max-snippet:-1","max-image-preview":"max-image-preview:large","max-video-preview":"max-video-preview:-1"},"canonical":"https:\/\/www.eumedbridge.eu\/fr\/news\/lancement-de-la-nouvelle-serie-de-podcasts-europe\/","og_locale":"fr_FR","og_type":"article","og_title":"Lancement de la nouvelle s\u00e9rie de podcasts \u00ab\u00a0This is Europe\u00a0\u00bb - Voisins de l'UE","og_description":"Une toute nouvelle saison de podcasts Interreg \u00ab\u00a0This Is Europe\u00a0\u00bb\u00a0a d\u00e9marr\u00e9 \u00e0 l\u2019occasion d\u2019une f\u00eate en ligne\u00a0le 22 septembre (10h00-10h30, CET). Lors de cette f\u00eate, les participants ont pu d\u00e9couvrir quelques anecdotes au sujet des coulisses et rencontrer l\u2019animatrice du podcast, la pr\u00e9sentatrice et universitaire Shahidha Bari. Tout au long de cette nouvelle s\u00e9rie de [&hellip;]","og_url":"https:\/\/www.eumedbridge.eu\/fr\/news\/lancement-de-la-nouvelle-serie-de-podcasts-europe\/","og_site_name":"Voisins de l'UE","article_publisher":"https:\/\/www.facebook.com\/eumedbridge\/","article_modified_time":"2022-07-08T13:13:03+00:00","og_image":[{"width":759,"height":476,"url":"https:\/\/www.eumedbridge.eu\/wp-content\/uploads\/2022\/03\/intg.png","type":"image\/png"}],"twitter_card":"summary_large_image","twitter_site":"@eumedbridge","twitter_misc":{"Dur\u00e9e de lecture estim\u00e9e":"1 minute"},"schema":{"@context":"https:\/\/schema.org","@graph":[{"@type":"WebPage","@id":"https:\/\/www.eumedbridge.eu\/fr\/news\/lancement-de-la-nouvelle-serie-de-podcasts-europe\/","url":"https:\/\/www.eumedbridge.eu\/fr\/news\/lancement-de-la-nouvelle-serie-de-podcasts-europe\/","name":"Lancement de la nouvelle s\u00e9rie de podcasts \u00ab\u00a0This is Europe\u00a0\u00bb - Voisins de l'UE","isPartOf":{"@id":"https:\/\/www.eumedbridge.eu\/#website"},"primaryImageOfPage":{"@id":"https:\/\/www.eumedbridge.eu\/fr\/news\/lancement-de-la-nouvelle-serie-de-podcasts-europe\/#primaryimage"},"image":{"@id":"https:\/\/www.eumedbridge.eu\/fr\/news\/lancement-de-la-nouvelle-serie-de-podcasts-europe\/#primaryimage"},"thumbnailUrl":"https:\/\/www.eumedbridge.eu\/wp-content\/uploads\/2022\/03\/intg.png","datePublished":"2021-09-21T21:00:00+00:00","dateModified":"2022-07-08T13:13:03+00:00","breadcrumb":{"@id":"https:\/\/www.eumedbridge.eu\/fr\/news\/lancement-de-la-nouvelle-serie-de-podcasts-europe\/#breadcrumb"},"inLanguage":"fr-FR","potentialAction":[{"@type":"ReadAction","target":["https:\/\/www.eumedbridge.eu\/fr\/news\/lancement-de-la-nouvelle-serie-de-podcasts-europe\/"]}]},{"@type":"ImageObject","inLanguage":"fr-FR","@id":"https:\/\/www.eumedbridge.eu\/fr\/news\/lancement-de-la-nouvelle-serie-de-podcasts-europe\/#primaryimage","url":"https:\/\/www.eumedbridge.eu\/wp-content\/uploads\/2022\/03\/intg.png","contentUrl":"https:\/\/www.eumedbridge.eu\/wp-content\/uploads\/2022\/03\/intg.png","width":759,"height":476},{"@type":"BreadcrumbList","@id":"https:\/\/www.eumedbridge.eu\/fr\/news\/lancement-de-la-nouvelle-serie-de-podcasts-europe\/#breadcrumb","itemListElement":[{"@type":"ListItem","position":1,"name":"Home","item":"https:\/\/www.eumedbridge.eu\/fr\/home-page\/"},{"@type":"ListItem","position":2,"name":"Actualit\u00e9s","item":"https:\/\/www.eumedbridge.eu\/fr\/news\/"},{"@type":"ListItem","position":3,"name":"Lancement de la nouvelle s\u00e9rie de podcasts \u00ab\u00a0This is Europe\u00a0\u00bb"}]},{"@type":"WebSite","@id":"https:\/\/www.eumedbridge.eu\/#website","url":"https:\/\/www.eumedbridge.eu\/","name":"EU Medbridge","description":"","publisher":{"@id":"https:\/\/www.eumedbridge.eu\/#organization"},"potentialAction":[{"@type":"SearchAction","target":{"@type":"EntryPoint","urlTemplate":"https:\/\/www.eumedbridge.eu\/?s={search_term_string}"},"query-input":{"@type":"PropertyValueSpecification","valueRequired":true,"valueName":"search_term_string"}}],"inLanguage":"fr-FR"},{"@type":"Organization","@id":"https:\/\/www.eumedbridge.eu\/#organization","name":"EU Medbridge","url":"https:\/\/www.eumedbridge.eu\/","logo":{"@type":"ImageObject","inLanguage":"fr-FR","@id":"https:\/\/www.eumedbridge.eu\/#\/schema\/logo\/image\/","url":"https:\/\/www.eumedbridge.eu\/wp-content\/uploads\/2021\/12\/Logo.png","contentUrl":"https:\/\/www.eumedbridge.eu\/wp-content\/uploads\/2021\/12\/Logo.png","width":325,"height":114,"caption":"EU Medbridge"},"image":{"@id":"https:\/\/www.eumedbridge.eu\/#\/schema\/logo\/image\/"},"sameAs":["https:\/\/www.facebook.com\/eumedbridge\/","https:\/\/x.com\/eumedbridge","https:\/\/www.linkedin.com\/company\/eumedbridge","https:\/\/www.youtube.com\/@eumedbridge","https:\/\/www.instagram.com\/eumedbridge","https:\/\/www.flickr.com\/photos\/euneighbours-south\/"]}]}},"_links":{"self":[{"href":"https:\/\/www.eumedbridge.eu\/fr\/wp-json\/wp\/v2\/news\/158477","targetHints":{"allow":["GET"]}}],"collection":[{"href":"https:\/\/www.eumedbridge.eu\/fr\/wp-json\/wp\/v2\/news"}],"about":[{"href":"https:\/\/www.eumedbridge.eu\/fr\/wp-json\/wp\/v2\/types\/news"}],"wp:featuredmedia":[{"embeddable":true,"href":"https:\/\/www.eumedbridge.eu\/fr\/wp-json\/wp\/v2\/media\/74133"}],"wp:attachment":[{"href":"https:\/\/www.eumedbridge.eu\/fr\/wp-json\/wp\/v2\/media?parent=158477"}],"wp:term":[{"taxonomy":"news_category","embeddable":true,"href":"https:\/\/www.eumedbridge.eu\/fr\/wp-json\/wp\/v2\/news_category?post=158477"},{"taxonomy":"country","embeddable":true,"href":"https:\/\/www.eumedbridge.eu\/fr\/wp-json\/wp\/v2\/country?post=158477"},{"taxonomy":"special_action","embeddable":true,"href":"https:\/\/www.eumedbridge.eu\/fr\/wp-json\/wp\/v2\/special_action?post=158477"},{"taxonomy":"custom_tag","embeddable":true,"href":"https:\/\/www.eumedbridge.eu\/fr\/wp-json\/wp\/v2\/custom_tag?post=158477"}],"curies":[{"name":"wp","href":"https:\/\/api.w.org\/{rel}","templated":true}]}}