{"id":158488,"date":"2021-09-20T00:00:00","date_gmt":"2021-09-19T21:00:00","guid":{"rendered":"http:\/\/south.euneighbours.eu\/news\/letf-organise-un-evenement-retransmis-en-direct-sur-lapprentissage-non-formel\/"},"modified":"2022-07-08T16:13:28","modified_gmt":"2022-07-08T13:13:28","slug":"letf-organise-un-evenement-retransmis-en-direct-sur-lapprentissage-non","status":"publish","type":"news","link":"https:\/\/www.eumedbridge.eu\/fr\/news\/letf-organise-un-evenement-retransmis-en-direct-sur-lapprentissage-non\/","title":{"rendered":"L\u2019ETF organise un \u00e9v\u00e9nement retransmis en direct sur l\u2019apprentissage non formel"},"content":{"rendered":"<p><span>Un \u00e9change dynamique avec des experts a eu lieu lors de l\u2019\u00e9v\u00e9nement de<\/span><strong><strong>\u00a0<\/strong><\/strong><span><a href=\"https:\/\/www.etf.europa.eu\/en\"><span>l\u2019ETF<\/span><\/a><\/span><span>\u00a0sur l\u2019<\/span><strong><strong>apprentissage non formel et informel<\/strong><\/strong><span>, retransmis en direct le 15\u00a0septembre.<\/span><\/p>\n<p><span>Anna\u00a0Kahlson, de l\u2019agence nationale su\u00e9doise pour l\u2019enseignement professionnel sup\u00e9rieur, Michel\u00a0Aribaud, expert en syst\u00e8mes de qualifications et en formation, et Maria\u00a0Rosenstock, qui soutient la validation de l\u2019apprentissage informel et non formel dans les <\/span><strong><strong>pays voisins de l\u2019UE<\/strong><\/strong><span>\u00a0pour l\u2019ETF, ont discut\u00e9 avec Maria\u00a0Lvova, de l\u2019ETF, des diff\u00e9rences entre l\u2019apprentissage informel et non formel, du processus de validation et de ses avantages, et ont r\u00e9pondu aux questions int\u00e9ressantes d\u2019un public international.\u00a0<\/span><\/p>\n<p><span>La diff\u00e9rence entre l\u2019apprentissage non formel et l\u2019apprentissage informel a \u00e9t\u00e9 mise en \u00e9vidence, le premier \u00e9tant un apprentissage organis\u00e9 en dehors du cadre de l\u2019\u00e9ducation formelle, tandis que le second est un apprentissage non planifi\u00e9 que les individus acqui\u00e8rent tous les jours dans le cadre de leur travail.\u00a0<\/span><\/p>\n<p><span>Maria\u00a0Rosenstock a expliqu\u00e9 que dans les pays voisins de l\u2019UE, il existait de nombreux probl\u00e8mes li\u00e9s \u00e0 la reconnaissance de ces validations et \u00e0 leur valeur sur le march\u00e9 du travail. En outre, dans de nombreux pays, il convient de se demander si la qualit\u00e9 de l\u2019\u00e9ducation formelle est m\u00eame suffisante. L\u2019\u00e9ducation formelle doit \u00eatre r\u00e9form\u00e9e et adapt\u00e9e au march\u00e9 du travail.\u00a0<\/span><\/p>\n<p><strong>Pour plus d&rsquo;informations<\/strong><\/p>\n<p><a href=\"https:\/\/www.etf.europa.eu\/en\/news-and-events\/news\/understanding-non-formal-learning\">Communiqu\u00e9 de presse<\/a><\/p>\n<p lang=\"en-GB\" xml_lang=\"en-GB\" xml_lang=\"en-GB\">\u00a0<\/p>\n","protected":false},"featured_media":74003,"parent":0,"template":"","news_category":[],"country":[1956],"special_action":[],"custom_tag":[2312,2817],"class_list":["post-158488","news","type-news","status-publish","has-post-thumbnail","hentry","country-region-sud","custom_tag-developpement-durable","custom_tag-education-fr"],"acf":[],"yoast_head":"<!-- This site is optimized with the Yoast SEO plugin v26.5 - https:\/\/yoast.com\/wordpress\/plugins\/seo\/ -->\n<title>L\u2019ETF organise un \u00e9v\u00e9nement retransmis en direct sur l\u2019apprentissage non formel - Voisins de l&#039;UE<\/title>\n<meta name=\"robots\" content=\"index, follow, max-snippet:-1, max-image-preview:large, max-video-preview:-1\" \/>\n<link rel=\"canonical\" href=\"https:\/\/www.eumedbridge.eu\/fr\/news\/letf-organise-un-evenement-retransmis-en-direct-sur-lapprentissage-non\/\" \/>\n<meta property=\"og:locale\" content=\"fr_FR\" \/>\n<meta property=\"og:type\" content=\"article\" \/>\n<meta property=\"og:title\" content=\"L\u2019ETF organise un \u00e9v\u00e9nement retransmis en direct sur l\u2019apprentissage non formel - Voisins de l&#039;UE\" \/>\n<meta property=\"og:description\" content=\"Un \u00e9change dynamique avec des experts a eu lieu lors de l\u2019\u00e9v\u00e9nement de\u00a0l\u2019ETF\u00a0sur l\u2019apprentissage non formel et informel, retransmis en direct le 15\u00a0septembre. Anna\u00a0Kahlson, de l\u2019agence nationale su\u00e9doise pour l\u2019enseignement professionnel sup\u00e9rieur, Michel\u00a0Aribaud, expert en syst\u00e8mes de qualifications et en formation, et Maria\u00a0Rosenstock, qui soutient la validation de l\u2019apprentissage informel et non formel dans les [&hellip;]\" \/>\n<meta property=\"og:url\" content=\"https:\/\/www.eumedbridge.eu\/fr\/news\/letf-organise-un-evenement-retransmis-en-direct-sur-lapprentissage-non\/\" \/>\n<meta property=\"og:site_name\" content=\"Voisins de l&#039;UE\" \/>\n<meta property=\"article:publisher\" content=\"https:\/\/www.facebook.com\/eumedbridge\/\" \/>\n<meta property=\"article:modified_time\" content=\"2022-07-08T13:13:28+00:00\" \/>\n<meta property=\"og:image\" content=\"https:\/\/www.eumedbridge.eu\/wp-content\/uploads\/2022\/03\/etf5.png\" \/>\n\t<meta property=\"og:image:width\" content=\"810\" \/>\n\t<meta property=\"og:image:height\" content=\"354\" \/>\n\t<meta property=\"og:image:type\" content=\"image\/png\" \/>\n<meta name=\"twitter:card\" content=\"summary_large_image\" \/>\n<meta name=\"twitter:site\" content=\"@eumedbridge\" \/>\n<meta name=\"twitter:label1\" content=\"Dur\u00e9e de lecture estim\u00e9e\" \/>\n\t<meta name=\"twitter:data1\" content=\"1 minute\" \/>\n<script type=\"application\/ld+json\" class=\"yoast-schema-graph\">{\"@context\":\"https:\/\/schema.org\",\"@graph\":[{\"@type\":\"WebPage\",\"@id\":\"https:\/\/www.eumedbridge.eu\/fr\/news\/letf-organise-un-evenement-retransmis-en-direct-sur-lapprentissage-non\/\",\"url\":\"https:\/\/www.eumedbridge.eu\/fr\/news\/letf-organise-un-evenement-retransmis-en-direct-sur-lapprentissage-non\/\",\"name\":\"L\u2019ETF organise un \u00e9v\u00e9nement retransmis en direct sur l\u2019apprentissage non formel - Voisins de l'UE\",\"isPartOf\":{\"@id\":\"https:\/\/www.eumedbridge.eu\/#website\"},\"primaryImageOfPage\":{\"@id\":\"https:\/\/www.eumedbridge.eu\/fr\/news\/letf-organise-un-evenement-retransmis-en-direct-sur-lapprentissage-non\/#primaryimage\"},\"image\":{\"@id\":\"https:\/\/www.eumedbridge.eu\/fr\/news\/letf-organise-un-evenement-retransmis-en-direct-sur-lapprentissage-non\/#primaryimage\"},\"thumbnailUrl\":\"https:\/\/www.eumedbridge.eu\/wp-content\/uploads\/2022\/03\/etf5.png\",\"datePublished\":\"2021-09-19T21:00:00+00:00\",\"dateModified\":\"2022-07-08T13:13:28+00:00\",\"breadcrumb\":{\"@id\":\"https:\/\/www.eumedbridge.eu\/fr\/news\/letf-organise-un-evenement-retransmis-en-direct-sur-lapprentissage-non\/#breadcrumb\"},\"inLanguage\":\"fr-FR\",\"potentialAction\":[{\"@type\":\"ReadAction\",\"target\":[\"https:\/\/www.eumedbridge.eu\/fr\/news\/letf-organise-un-evenement-retransmis-en-direct-sur-lapprentissage-non\/\"]}]},{\"@type\":\"ImageObject\",\"inLanguage\":\"fr-FR\",\"@id\":\"https:\/\/www.eumedbridge.eu\/fr\/news\/letf-organise-un-evenement-retransmis-en-direct-sur-lapprentissage-non\/#primaryimage\",\"url\":\"https:\/\/www.eumedbridge.eu\/wp-content\/uploads\/2022\/03\/etf5.png\",\"contentUrl\":\"https:\/\/www.eumedbridge.eu\/wp-content\/uploads\/2022\/03\/etf5.png\",\"width\":810,\"height\":354},{\"@type\":\"BreadcrumbList\",\"@id\":\"https:\/\/www.eumedbridge.eu\/fr\/news\/letf-organise-un-evenement-retransmis-en-direct-sur-lapprentissage-non\/#breadcrumb\",\"itemListElement\":[{\"@type\":\"ListItem\",\"position\":1,\"name\":\"Home\",\"item\":\"https:\/\/www.eumedbridge.eu\/fr\/home-page\/\"},{\"@type\":\"ListItem\",\"position\":2,\"name\":\"Actualit\u00e9s\",\"item\":\"https:\/\/www.eumedbridge.eu\/fr\/news\/\"},{\"@type\":\"ListItem\",\"position\":3,\"name\":\"L\u2019ETF organise un \u00e9v\u00e9nement retransmis en direct sur l\u2019apprentissage non formel\"}]},{\"@type\":\"WebSite\",\"@id\":\"https:\/\/www.eumedbridge.eu\/#website\",\"url\":\"https:\/\/www.eumedbridge.eu\/\",\"name\":\"EU Medbridge\",\"description\":\"\",\"publisher\":{\"@id\":\"https:\/\/www.eumedbridge.eu\/#organization\"},\"potentialAction\":[{\"@type\":\"SearchAction\",\"target\":{\"@type\":\"EntryPoint\",\"urlTemplate\":\"https:\/\/www.eumedbridge.eu\/?s={search_term_string}\"},\"query-input\":{\"@type\":\"PropertyValueSpecification\",\"valueRequired\":true,\"valueName\":\"search_term_string\"}}],\"inLanguage\":\"fr-FR\"},{\"@type\":\"Organization\",\"@id\":\"https:\/\/www.eumedbridge.eu\/#organization\",\"name\":\"EU Medbridge\",\"url\":\"https:\/\/www.eumedbridge.eu\/\",\"logo\":{\"@type\":\"ImageObject\",\"inLanguage\":\"fr-FR\",\"@id\":\"https:\/\/www.eumedbridge.eu\/#\/schema\/logo\/image\/\",\"url\":\"https:\/\/www.eumedbridge.eu\/wp-content\/uploads\/2021\/12\/Logo.png\",\"contentUrl\":\"https:\/\/www.eumedbridge.eu\/wp-content\/uploads\/2021\/12\/Logo.png\",\"width\":325,\"height\":114,\"caption\":\"EU Medbridge\"},\"image\":{\"@id\":\"https:\/\/www.eumedbridge.eu\/#\/schema\/logo\/image\/\"},\"sameAs\":[\"https:\/\/www.facebook.com\/eumedbridge\/\",\"https:\/\/x.com\/eumedbridge\",\"https:\/\/www.linkedin.com\/company\/eumedbridge\",\"https:\/\/www.youtube.com\/@eumedbridge\",\"https:\/\/www.instagram.com\/eumedbridge\",\"https:\/\/www.flickr.com\/photos\/euneighbours-south\/\"]}]}<\/script>\n<!-- \/ Yoast SEO plugin. -->","yoast_head_json":{"title":"L\u2019ETF organise un \u00e9v\u00e9nement retransmis en direct sur l\u2019apprentissage non formel - Voisins de l'UE","robots":{"index":"index","follow":"follow","max-snippet":"max-snippet:-1","max-image-preview":"max-image-preview:large","max-video-preview":"max-video-preview:-1"},"canonical":"https:\/\/www.eumedbridge.eu\/fr\/news\/letf-organise-un-evenement-retransmis-en-direct-sur-lapprentissage-non\/","og_locale":"fr_FR","og_type":"article","og_title":"L\u2019ETF organise un \u00e9v\u00e9nement retransmis en direct sur l\u2019apprentissage non formel - Voisins de l'UE","og_description":"Un \u00e9change dynamique avec des experts a eu lieu lors de l\u2019\u00e9v\u00e9nement de\u00a0l\u2019ETF\u00a0sur l\u2019apprentissage non formel et informel, retransmis en direct le 15\u00a0septembre. Anna\u00a0Kahlson, de l\u2019agence nationale su\u00e9doise pour l\u2019enseignement professionnel sup\u00e9rieur, Michel\u00a0Aribaud, expert en syst\u00e8mes de qualifications et en formation, et Maria\u00a0Rosenstock, qui soutient la validation de l\u2019apprentissage informel et non formel dans les [&hellip;]","og_url":"https:\/\/www.eumedbridge.eu\/fr\/news\/letf-organise-un-evenement-retransmis-en-direct-sur-lapprentissage-non\/","og_site_name":"Voisins de l'UE","article_publisher":"https:\/\/www.facebook.com\/eumedbridge\/","article_modified_time":"2022-07-08T13:13:28+00:00","og_image":[{"width":810,"height":354,"url":"https:\/\/www.eumedbridge.eu\/wp-content\/uploads\/2022\/03\/etf5.png","type":"image\/png"}],"twitter_card":"summary_large_image","twitter_site":"@eumedbridge","twitter_misc":{"Dur\u00e9e de lecture estim\u00e9e":"1 minute"},"schema":{"@context":"https:\/\/schema.org","@graph":[{"@type":"WebPage","@id":"https:\/\/www.eumedbridge.eu\/fr\/news\/letf-organise-un-evenement-retransmis-en-direct-sur-lapprentissage-non\/","url":"https:\/\/www.eumedbridge.eu\/fr\/news\/letf-organise-un-evenement-retransmis-en-direct-sur-lapprentissage-non\/","name":"L\u2019ETF organise un \u00e9v\u00e9nement retransmis en direct sur l\u2019apprentissage non formel - Voisins de l'UE","isPartOf":{"@id":"https:\/\/www.eumedbridge.eu\/#website"},"primaryImageOfPage":{"@id":"https:\/\/www.eumedbridge.eu\/fr\/news\/letf-organise-un-evenement-retransmis-en-direct-sur-lapprentissage-non\/#primaryimage"},"image":{"@id":"https:\/\/www.eumedbridge.eu\/fr\/news\/letf-organise-un-evenement-retransmis-en-direct-sur-lapprentissage-non\/#primaryimage"},"thumbnailUrl":"https:\/\/www.eumedbridge.eu\/wp-content\/uploads\/2022\/03\/etf5.png","datePublished":"2021-09-19T21:00:00+00:00","dateModified":"2022-07-08T13:13:28+00:00","breadcrumb":{"@id":"https:\/\/www.eumedbridge.eu\/fr\/news\/letf-organise-un-evenement-retransmis-en-direct-sur-lapprentissage-non\/#breadcrumb"},"inLanguage":"fr-FR","potentialAction":[{"@type":"ReadAction","target":["https:\/\/www.eumedbridge.eu\/fr\/news\/letf-organise-un-evenement-retransmis-en-direct-sur-lapprentissage-non\/"]}]},{"@type":"ImageObject","inLanguage":"fr-FR","@id":"https:\/\/www.eumedbridge.eu\/fr\/news\/letf-organise-un-evenement-retransmis-en-direct-sur-lapprentissage-non\/#primaryimage","url":"https:\/\/www.eumedbridge.eu\/wp-content\/uploads\/2022\/03\/etf5.png","contentUrl":"https:\/\/www.eumedbridge.eu\/wp-content\/uploads\/2022\/03\/etf5.png","width":810,"height":354},{"@type":"BreadcrumbList","@id":"https:\/\/www.eumedbridge.eu\/fr\/news\/letf-organise-un-evenement-retransmis-en-direct-sur-lapprentissage-non\/#breadcrumb","itemListElement":[{"@type":"ListItem","position":1,"name":"Home","item":"https:\/\/www.eumedbridge.eu\/fr\/home-page\/"},{"@type":"ListItem","position":2,"name":"Actualit\u00e9s","item":"https:\/\/www.eumedbridge.eu\/fr\/news\/"},{"@type":"ListItem","position":3,"name":"L\u2019ETF organise un \u00e9v\u00e9nement retransmis en direct sur l\u2019apprentissage non formel"}]},{"@type":"WebSite","@id":"https:\/\/www.eumedbridge.eu\/#website","url":"https:\/\/www.eumedbridge.eu\/","name":"EU Medbridge","description":"","publisher":{"@id":"https:\/\/www.eumedbridge.eu\/#organization"},"potentialAction":[{"@type":"SearchAction","target":{"@type":"EntryPoint","urlTemplate":"https:\/\/www.eumedbridge.eu\/?s={search_term_string}"},"query-input":{"@type":"PropertyValueSpecification","valueRequired":true,"valueName":"search_term_string"}}],"inLanguage":"fr-FR"},{"@type":"Organization","@id":"https:\/\/www.eumedbridge.eu\/#organization","name":"EU Medbridge","url":"https:\/\/www.eumedbridge.eu\/","logo":{"@type":"ImageObject","inLanguage":"fr-FR","@id":"https:\/\/www.eumedbridge.eu\/#\/schema\/logo\/image\/","url":"https:\/\/www.eumedbridge.eu\/wp-content\/uploads\/2021\/12\/Logo.png","contentUrl":"https:\/\/www.eumedbridge.eu\/wp-content\/uploads\/2021\/12\/Logo.png","width":325,"height":114,"caption":"EU Medbridge"},"image":{"@id":"https:\/\/www.eumedbridge.eu\/#\/schema\/logo\/image\/"},"sameAs":["https:\/\/www.facebook.com\/eumedbridge\/","https:\/\/x.com\/eumedbridge","https:\/\/www.linkedin.com\/company\/eumedbridge","https:\/\/www.youtube.com\/@eumedbridge","https:\/\/www.instagram.com\/eumedbridge","https:\/\/www.flickr.com\/photos\/euneighbours-south\/"]}]}},"_links":{"self":[{"href":"https:\/\/www.eumedbridge.eu\/fr\/wp-json\/wp\/v2\/news\/158488","targetHints":{"allow":["GET"]}}],"collection":[{"href":"https:\/\/www.eumedbridge.eu\/fr\/wp-json\/wp\/v2\/news"}],"about":[{"href":"https:\/\/www.eumedbridge.eu\/fr\/wp-json\/wp\/v2\/types\/news"}],"wp:featuredmedia":[{"embeddable":true,"href":"https:\/\/www.eumedbridge.eu\/fr\/wp-json\/wp\/v2\/media\/74003"}],"wp:attachment":[{"href":"https:\/\/www.eumedbridge.eu\/fr\/wp-json\/wp\/v2\/media?parent=158488"}],"wp:term":[{"taxonomy":"news_category","embeddable":true,"href":"https:\/\/www.eumedbridge.eu\/fr\/wp-json\/wp\/v2\/news_category?post=158488"},{"taxonomy":"country","embeddable":true,"href":"https:\/\/www.eumedbridge.eu\/fr\/wp-json\/wp\/v2\/country?post=158488"},{"taxonomy":"special_action","embeddable":true,"href":"https:\/\/www.eumedbridge.eu\/fr\/wp-json\/wp\/v2\/special_action?post=158488"},{"taxonomy":"custom_tag","embeddable":true,"href":"https:\/\/www.eumedbridge.eu\/fr\/wp-json\/wp\/v2\/custom_tag?post=158488"}],"curies":[{"name":"wp","href":"https:\/\/api.w.org\/{rel}","templated":true}]}}