{"id":158490,"date":"2021-09-20T00:00:00","date_gmt":"2021-09-19T21:00:00","guid":{"rendered":"http:\/\/south.euneighbours.eu\/news\/lue-annonce-loctroi-dune-aide-supplementaire-de-1195-millions-deuros-en-faveur-de-la-democratie-et-des-droits-de-lhomme-pour-2021\/"},"modified":"2022-07-08T16:13:32","modified_gmt":"2022-07-08T13:13:32","slug":"lue-annonce-loctroi-dune-aide-supplementaire-de-1195-millions-deuros-en","status":"publish","type":"news","link":"https:\/\/www.eumedbridge.eu\/fr\/news\/lue-annonce-loctroi-dune-aide-supplementaire-de-1195-millions-deuros-en\/","title":{"rendered":"L&rsquo;UE annonce l&rsquo;octroi d&rsquo;une aide suppl\u00e9mentaire de 119,5 millions d&rsquo;euros en faveur de la d\u00e9mocratie et des droits de l&rsquo;homme pour 2021"},"content":{"rendered":"<p>Dans le prolongement de <a href=\"https:\/\/euneighbours.eu\/en\/south\/stay-informed\/news\/international-day-democracy-joint-statement-hrvp-josep-borrell-and-vp-0\">la Semaine de la d\u00e9mocratie 2021<\/a>, l&rsquo;Union europ\u00e9enne a annonc\u00e9 cinq\u00a0actions d&rsquo;une valeur de 119,5\u00a0millions d&rsquo;euros visant \u00e0 stimuler le soutien appuy\u00e9 de l&rsquo;Europe \u00e0 la d\u00e9mocratie et aux droits de l&rsquo;homme dans le monde en 2021.<\/p>\n<p>La commissaire charg\u00e9e des partenariats internationaux, Jutta\u00a0<strong>Urpilainen<\/strong>, a fait la d\u00e9claration suivante: \u00ab<em>Le d\u00e9veloppement durable et l&rsquo;\u00e9galit\u00e9 des chances d\u00e9pendent de la d\u00e9mocratie: des institutions d\u00e9mocratiques, l&rsquo;inclusion sociale et des soci\u00e9t\u00e9s participatives. Avec ces 119,5\u00a0millions d&rsquo;euros, nous r\u00e9it\u00e9rons notre engagement en faveur de la d\u00e9mocratie mondiale. Je suis fi\u00e8re \u00e9galement de ce que l&rsquo;UE continuera d&rsquo;apporter un soutien \u00e0 la Haute\u2011Commissaire des Nations unies aux droits de l&rsquo;homme et de contribuer \u00e0 donner des moyens aux organisations locales de la soci\u00e9t\u00e9 civile, aux militants pour la d\u00e9mocratie et aux d\u00e9fenseurs des droits de l&rsquo;homme, aux jeunes et aux femmes dans le monde.<\/em>\u00bb<\/p>\n<p>L&rsquo;UE est pleinement d\u00e9termin\u00e9e \u00e0 prot\u00e9ger et autonomiser les citoyens, \u00e0 favoriser l&rsquo;\u00e9mergence de soci\u00e9t\u00e9s r\u00e9silientes, inclusives et d\u00e9mocratiques et \u00e0 promouvoir un syst\u00e8me mondial pour les droits de l&rsquo;homme et la d\u00e9mocratie. Elle ne restera pas sans rien faire face \u00e0 l&rsquo;\u00e9rosion de la d\u00e9mocratie et \u00e0 l&rsquo;\u00e9l\u00e9vation des niveaux de violations des droits de l&rsquo;homme, des in\u00e9galit\u00e9s, de l&rsquo;intol\u00e9rance, des pr\u00e9jug\u00e9s et des discriminations.<\/p>\n<p>Les mesures annonc\u00e9es permettront \u00e0 l&rsquo;UE de venir en aide aux organisations de la soci\u00e9t\u00e9 civile, aux militants pour la d\u00e9mocratie et aux d\u00e9fenseurs des droits de l&rsquo;homme dans 116\u00a0pays, en accordant une attention particuli\u00e8re aux femmes et aux jeunes. Elles contribueront aussi \u00e0 encourager la coop\u00e9ration politique au plus haut niveau afin de d\u00e9fendre la d\u00e9mocratie dans le monde.<\/p>\n<p><strong>Pour plus d&rsquo;informations<\/strong><\/p>\n<p><a href=\"https:\/\/ec.europa.eu\/commission\/presscorner\/detail\/fr\/ip_21_4708\">Communiqu\u00e9 de presse<\/a><\/p>\n<p>\u00a0<\/p>\n","protected":false},"featured_media":74053,"parent":0,"template":"","news_category":[],"country":[1956],"special_action":[],"custom_tag":[2313,2821],"class_list":["post-158490","news","type-news","status-publish","has-post-thumbnail","hentry","country-region-sud","custom_tag-droit-de-lhomme","custom_tag-migration-fr"],"acf":[],"yoast_head":"<!-- This site is optimized with the Yoast SEO plugin v26.5 - https:\/\/yoast.com\/wordpress\/plugins\/seo\/ -->\n<title>L&#039;UE annonce l&#039;octroi d&#039;une aide suppl\u00e9mentaire de 119,5 millions d&#039;euros en faveur de la d\u00e9mocratie et des droits de l&#039;homme pour 2021 - Voisins de l&#039;UE<\/title>\n<meta name=\"robots\" content=\"index, follow, max-snippet:-1, max-image-preview:large, max-video-preview:-1\" \/>\n<link rel=\"canonical\" href=\"https:\/\/www.eumedbridge.eu\/fr\/news\/lue-annonce-loctroi-dune-aide-supplementaire-de-1195-millions-deuros-en\/\" \/>\n<meta property=\"og:locale\" content=\"fr_FR\" \/>\n<meta property=\"og:type\" content=\"article\" \/>\n<meta property=\"og:title\" content=\"L&#039;UE annonce l&#039;octroi d&#039;une aide suppl\u00e9mentaire de 119,5 millions d&#039;euros en faveur de la d\u00e9mocratie et des droits de l&#039;homme pour 2021 - Voisins de l&#039;UE\" \/>\n<meta property=\"og:description\" content=\"Dans le prolongement de la Semaine de la d\u00e9mocratie 2021, l&rsquo;Union europ\u00e9enne a annonc\u00e9 cinq\u00a0actions d&rsquo;une valeur de 119,5\u00a0millions d&rsquo;euros visant \u00e0 stimuler le soutien appuy\u00e9 de l&rsquo;Europe \u00e0 la d\u00e9mocratie et aux droits de l&rsquo;homme dans le monde en 2021. La commissaire charg\u00e9e des partenariats internationaux, Jutta\u00a0Urpilainen, a fait la d\u00e9claration suivante: \u00abLe d\u00e9veloppement [&hellip;]\" \/>\n<meta property=\"og:url\" content=\"https:\/\/www.eumedbridge.eu\/fr\/news\/lue-annonce-loctroi-dune-aide-supplementaire-de-1195-millions-deuros-en\/\" \/>\n<meta property=\"og:site_name\" content=\"Voisins de l&#039;UE\" \/>\n<meta property=\"article:publisher\" content=\"https:\/\/www.facebook.com\/eumedbridge\/\" \/>\n<meta property=\"article:modified_time\" content=\"2022-07-08T13:13:32+00:00\" \/>\n<meta property=\"og:image\" content=\"https:\/\/www.eumedbridge.eu\/wp-content\/uploads\/2022\/03\/EU_1-2.jpg\" \/>\n\t<meta property=\"og:image:width\" content=\"1600\" \/>\n\t<meta property=\"og:image:height\" content=\"900\" \/>\n\t<meta property=\"og:image:type\" content=\"image\/jpeg\" \/>\n<meta name=\"twitter:card\" content=\"summary_large_image\" \/>\n<meta name=\"twitter:site\" content=\"@eumedbridge\" \/>\n<meta name=\"twitter:label1\" content=\"Dur\u00e9e de lecture estim\u00e9e\" \/>\n\t<meta name=\"twitter:data1\" content=\"2 minutes\" \/>\n<script type=\"application\/ld+json\" class=\"yoast-schema-graph\">{\"@context\":\"https:\/\/schema.org\",\"@graph\":[{\"@type\":\"WebPage\",\"@id\":\"https:\/\/www.eumedbridge.eu\/fr\/news\/lue-annonce-loctroi-dune-aide-supplementaire-de-1195-millions-deuros-en\/\",\"url\":\"https:\/\/www.eumedbridge.eu\/fr\/news\/lue-annonce-loctroi-dune-aide-supplementaire-de-1195-millions-deuros-en\/\",\"name\":\"L'UE annonce l'octroi d'une aide suppl\u00e9mentaire de 119,5 millions d'euros en faveur de la d\u00e9mocratie et des droits de l'homme pour 2021 - Voisins de l'UE\",\"isPartOf\":{\"@id\":\"https:\/\/www.eumedbridge.eu\/#website\"},\"primaryImageOfPage\":{\"@id\":\"https:\/\/www.eumedbridge.eu\/fr\/news\/lue-annonce-loctroi-dune-aide-supplementaire-de-1195-millions-deuros-en\/#primaryimage\"},\"image\":{\"@id\":\"https:\/\/www.eumedbridge.eu\/fr\/news\/lue-annonce-loctroi-dune-aide-supplementaire-de-1195-millions-deuros-en\/#primaryimage\"},\"thumbnailUrl\":\"https:\/\/www.eumedbridge.eu\/wp-content\/uploads\/2022\/03\/EU_1-2.jpg\",\"datePublished\":\"2021-09-19T21:00:00+00:00\",\"dateModified\":\"2022-07-08T13:13:32+00:00\",\"breadcrumb\":{\"@id\":\"https:\/\/www.eumedbridge.eu\/fr\/news\/lue-annonce-loctroi-dune-aide-supplementaire-de-1195-millions-deuros-en\/#breadcrumb\"},\"inLanguage\":\"fr-FR\",\"potentialAction\":[{\"@type\":\"ReadAction\",\"target\":[\"https:\/\/www.eumedbridge.eu\/fr\/news\/lue-annonce-loctroi-dune-aide-supplementaire-de-1195-millions-deuros-en\/\"]}]},{\"@type\":\"ImageObject\",\"inLanguage\":\"fr-FR\",\"@id\":\"https:\/\/www.eumedbridge.eu\/fr\/news\/lue-annonce-loctroi-dune-aide-supplementaire-de-1195-millions-deuros-en\/#primaryimage\",\"url\":\"https:\/\/www.eumedbridge.eu\/wp-content\/uploads\/2022\/03\/EU_1-2.jpg\",\"contentUrl\":\"https:\/\/www.eumedbridge.eu\/wp-content\/uploads\/2022\/03\/EU_1-2.jpg\",\"width\":1600,\"height\":900},{\"@type\":\"BreadcrumbList\",\"@id\":\"https:\/\/www.eumedbridge.eu\/fr\/news\/lue-annonce-loctroi-dune-aide-supplementaire-de-1195-millions-deuros-en\/#breadcrumb\",\"itemListElement\":[{\"@type\":\"ListItem\",\"position\":1,\"name\":\"Home\",\"item\":\"https:\/\/www.eumedbridge.eu\/fr\/home-page\/\"},{\"@type\":\"ListItem\",\"position\":2,\"name\":\"Actualit\u00e9s\",\"item\":\"https:\/\/www.eumedbridge.eu\/fr\/news\/\"},{\"@type\":\"ListItem\",\"position\":3,\"name\":\"L&rsquo;UE annonce l&rsquo;octroi d&rsquo;une aide suppl\u00e9mentaire de 119,5 millions d&rsquo;euros en faveur de la d\u00e9mocratie et des droits de l&rsquo;homme pour 2021\"}]},{\"@type\":\"WebSite\",\"@id\":\"https:\/\/www.eumedbridge.eu\/#website\",\"url\":\"https:\/\/www.eumedbridge.eu\/\",\"name\":\"EU Medbridge\",\"description\":\"\",\"publisher\":{\"@id\":\"https:\/\/www.eumedbridge.eu\/#organization\"},\"potentialAction\":[{\"@type\":\"SearchAction\",\"target\":{\"@type\":\"EntryPoint\",\"urlTemplate\":\"https:\/\/www.eumedbridge.eu\/?s={search_term_string}\"},\"query-input\":{\"@type\":\"PropertyValueSpecification\",\"valueRequired\":true,\"valueName\":\"search_term_string\"}}],\"inLanguage\":\"fr-FR\"},{\"@type\":\"Organization\",\"@id\":\"https:\/\/www.eumedbridge.eu\/#organization\",\"name\":\"EU Medbridge\",\"url\":\"https:\/\/www.eumedbridge.eu\/\",\"logo\":{\"@type\":\"ImageObject\",\"inLanguage\":\"fr-FR\",\"@id\":\"https:\/\/www.eumedbridge.eu\/#\/schema\/logo\/image\/\",\"url\":\"https:\/\/www.eumedbridge.eu\/wp-content\/uploads\/2021\/12\/Logo.png\",\"contentUrl\":\"https:\/\/www.eumedbridge.eu\/wp-content\/uploads\/2021\/12\/Logo.png\",\"width\":325,\"height\":114,\"caption\":\"EU Medbridge\"},\"image\":{\"@id\":\"https:\/\/www.eumedbridge.eu\/#\/schema\/logo\/image\/\"},\"sameAs\":[\"https:\/\/www.facebook.com\/eumedbridge\/\",\"https:\/\/x.com\/eumedbridge\",\"https:\/\/www.linkedin.com\/company\/eumedbridge\",\"https:\/\/www.youtube.com\/@eumedbridge\",\"https:\/\/www.instagram.com\/eumedbridge\",\"https:\/\/www.flickr.com\/photos\/euneighbours-south\/\"]}]}<\/script>\n<!-- \/ Yoast SEO plugin. -->","yoast_head_json":{"title":"L'UE annonce l'octroi d'une aide suppl\u00e9mentaire de 119,5 millions d'euros en faveur de la d\u00e9mocratie et des droits de l'homme pour 2021 - Voisins de l'UE","robots":{"index":"index","follow":"follow","max-snippet":"max-snippet:-1","max-image-preview":"max-image-preview:large","max-video-preview":"max-video-preview:-1"},"canonical":"https:\/\/www.eumedbridge.eu\/fr\/news\/lue-annonce-loctroi-dune-aide-supplementaire-de-1195-millions-deuros-en\/","og_locale":"fr_FR","og_type":"article","og_title":"L'UE annonce l'octroi d'une aide suppl\u00e9mentaire de 119,5 millions d'euros en faveur de la d\u00e9mocratie et des droits de l'homme pour 2021 - Voisins de l'UE","og_description":"Dans le prolongement de la Semaine de la d\u00e9mocratie 2021, l&rsquo;Union europ\u00e9enne a annonc\u00e9 cinq\u00a0actions d&rsquo;une valeur de 119,5\u00a0millions d&rsquo;euros visant \u00e0 stimuler le soutien appuy\u00e9 de l&rsquo;Europe \u00e0 la d\u00e9mocratie et aux droits de l&rsquo;homme dans le monde en 2021. La commissaire charg\u00e9e des partenariats internationaux, Jutta\u00a0Urpilainen, a fait la d\u00e9claration suivante: \u00abLe d\u00e9veloppement [&hellip;]","og_url":"https:\/\/www.eumedbridge.eu\/fr\/news\/lue-annonce-loctroi-dune-aide-supplementaire-de-1195-millions-deuros-en\/","og_site_name":"Voisins de l'UE","article_publisher":"https:\/\/www.facebook.com\/eumedbridge\/","article_modified_time":"2022-07-08T13:13:32+00:00","og_image":[{"width":1600,"height":900,"url":"https:\/\/www.eumedbridge.eu\/wp-content\/uploads\/2022\/03\/EU_1-2.jpg","type":"image\/jpeg"}],"twitter_card":"summary_large_image","twitter_site":"@eumedbridge","twitter_misc":{"Dur\u00e9e de lecture estim\u00e9e":"2 minutes"},"schema":{"@context":"https:\/\/schema.org","@graph":[{"@type":"WebPage","@id":"https:\/\/www.eumedbridge.eu\/fr\/news\/lue-annonce-loctroi-dune-aide-supplementaire-de-1195-millions-deuros-en\/","url":"https:\/\/www.eumedbridge.eu\/fr\/news\/lue-annonce-loctroi-dune-aide-supplementaire-de-1195-millions-deuros-en\/","name":"L'UE annonce l'octroi d'une aide suppl\u00e9mentaire de 119,5 millions d'euros en faveur de la d\u00e9mocratie et des droits de l'homme pour 2021 - Voisins de l'UE","isPartOf":{"@id":"https:\/\/www.eumedbridge.eu\/#website"},"primaryImageOfPage":{"@id":"https:\/\/www.eumedbridge.eu\/fr\/news\/lue-annonce-loctroi-dune-aide-supplementaire-de-1195-millions-deuros-en\/#primaryimage"},"image":{"@id":"https:\/\/www.eumedbridge.eu\/fr\/news\/lue-annonce-loctroi-dune-aide-supplementaire-de-1195-millions-deuros-en\/#primaryimage"},"thumbnailUrl":"https:\/\/www.eumedbridge.eu\/wp-content\/uploads\/2022\/03\/EU_1-2.jpg","datePublished":"2021-09-19T21:00:00+00:00","dateModified":"2022-07-08T13:13:32+00:00","breadcrumb":{"@id":"https:\/\/www.eumedbridge.eu\/fr\/news\/lue-annonce-loctroi-dune-aide-supplementaire-de-1195-millions-deuros-en\/#breadcrumb"},"inLanguage":"fr-FR","potentialAction":[{"@type":"ReadAction","target":["https:\/\/www.eumedbridge.eu\/fr\/news\/lue-annonce-loctroi-dune-aide-supplementaire-de-1195-millions-deuros-en\/"]}]},{"@type":"ImageObject","inLanguage":"fr-FR","@id":"https:\/\/www.eumedbridge.eu\/fr\/news\/lue-annonce-loctroi-dune-aide-supplementaire-de-1195-millions-deuros-en\/#primaryimage","url":"https:\/\/www.eumedbridge.eu\/wp-content\/uploads\/2022\/03\/EU_1-2.jpg","contentUrl":"https:\/\/www.eumedbridge.eu\/wp-content\/uploads\/2022\/03\/EU_1-2.jpg","width":1600,"height":900},{"@type":"BreadcrumbList","@id":"https:\/\/www.eumedbridge.eu\/fr\/news\/lue-annonce-loctroi-dune-aide-supplementaire-de-1195-millions-deuros-en\/#breadcrumb","itemListElement":[{"@type":"ListItem","position":1,"name":"Home","item":"https:\/\/www.eumedbridge.eu\/fr\/home-page\/"},{"@type":"ListItem","position":2,"name":"Actualit\u00e9s","item":"https:\/\/www.eumedbridge.eu\/fr\/news\/"},{"@type":"ListItem","position":3,"name":"L&rsquo;UE annonce l&rsquo;octroi d&rsquo;une aide suppl\u00e9mentaire de 119,5 millions d&rsquo;euros en faveur de la d\u00e9mocratie et des droits de l&rsquo;homme pour 2021"}]},{"@type":"WebSite","@id":"https:\/\/www.eumedbridge.eu\/#website","url":"https:\/\/www.eumedbridge.eu\/","name":"EU Medbridge","description":"","publisher":{"@id":"https:\/\/www.eumedbridge.eu\/#organization"},"potentialAction":[{"@type":"SearchAction","target":{"@type":"EntryPoint","urlTemplate":"https:\/\/www.eumedbridge.eu\/?s={search_term_string}"},"query-input":{"@type":"PropertyValueSpecification","valueRequired":true,"valueName":"search_term_string"}}],"inLanguage":"fr-FR"},{"@type":"Organization","@id":"https:\/\/www.eumedbridge.eu\/#organization","name":"EU Medbridge","url":"https:\/\/www.eumedbridge.eu\/","logo":{"@type":"ImageObject","inLanguage":"fr-FR","@id":"https:\/\/www.eumedbridge.eu\/#\/schema\/logo\/image\/","url":"https:\/\/www.eumedbridge.eu\/wp-content\/uploads\/2021\/12\/Logo.png","contentUrl":"https:\/\/www.eumedbridge.eu\/wp-content\/uploads\/2021\/12\/Logo.png","width":325,"height":114,"caption":"EU Medbridge"},"image":{"@id":"https:\/\/www.eumedbridge.eu\/#\/schema\/logo\/image\/"},"sameAs":["https:\/\/www.facebook.com\/eumedbridge\/","https:\/\/x.com\/eumedbridge","https:\/\/www.linkedin.com\/company\/eumedbridge","https:\/\/www.youtube.com\/@eumedbridge","https:\/\/www.instagram.com\/eumedbridge","https:\/\/www.flickr.com\/photos\/euneighbours-south\/"]}]}},"_links":{"self":[{"href":"https:\/\/www.eumedbridge.eu\/fr\/wp-json\/wp\/v2\/news\/158490","targetHints":{"allow":["GET"]}}],"collection":[{"href":"https:\/\/www.eumedbridge.eu\/fr\/wp-json\/wp\/v2\/news"}],"about":[{"href":"https:\/\/www.eumedbridge.eu\/fr\/wp-json\/wp\/v2\/types\/news"}],"wp:featuredmedia":[{"embeddable":true,"href":"https:\/\/www.eumedbridge.eu\/fr\/wp-json\/wp\/v2\/media\/74053"}],"wp:attachment":[{"href":"https:\/\/www.eumedbridge.eu\/fr\/wp-json\/wp\/v2\/media?parent=158490"}],"wp:term":[{"taxonomy":"news_category","embeddable":true,"href":"https:\/\/www.eumedbridge.eu\/fr\/wp-json\/wp\/v2\/news_category?post=158490"},{"taxonomy":"country","embeddable":true,"href":"https:\/\/www.eumedbridge.eu\/fr\/wp-json\/wp\/v2\/country?post=158490"},{"taxonomy":"special_action","embeddable":true,"href":"https:\/\/www.eumedbridge.eu\/fr\/wp-json\/wp\/v2\/special_action?post=158490"},{"taxonomy":"custom_tag","embeddable":true,"href":"https:\/\/www.eumedbridge.eu\/fr\/wp-json\/wp\/v2\/custom_tag?post=158490"}],"curies":[{"name":"wp","href":"https:\/\/api.w.org\/{rel}","templated":true}]}}