{"id":158502,"date":"2021-09-14T00:00:00","date_gmt":"2021-09-13T21:00:00","guid":{"rendered":"http:\/\/south.euneighbours.eu\/news\/journee-internationale-de-la-democratie-declaration-commune-du-haut-representant-vice-president-josep-borrell-et-de-la-vice\/"},"modified":"2022-07-08T16:13:59","modified_gmt":"2022-07-08T13:13:59","slug":"journee-internationale-de-la-democratie-declaration-commune-du-haut","status":"publish","type":"news","link":"https:\/\/www.eumedbridge.eu\/fr\/news\/journee-internationale-de-la-democratie-declaration-commune-du-haut\/","title":{"rendered":"Journ\u00e9e internationale de la d\u00e9mocratie\u00a0: d\u00e9claration commune du haut repr\u00e9sentant\/vice-pr\u00e9sident Josep Borrell et de la vice-"},"content":{"rendered":"<p><span>\u00c0 la veille de la Journ\u00e9e internationale de la d\u00e9mocratie, le haut repr\u00e9sentant\/vice-pr\u00e9sident de l\u2019UE, Josep\u00a0Borrell, et la vice-pr\u00e9sidente Dubravka \u0160uica ont publi\u00e9 la d\u00e9claration commune suivante\u00a0:\u00a0 \u00ab\u00a0Si le changement climatique, l\u2019emploi, l\u2019\u00e9conomie ou la justice raciale et sociale sont des causes qui vous tiennent \u00e0 c\u0153ur, votre avis et votre voix ne seront pris en compte que si vous vivez dans une d\u00e9mocratie.<\/span><\/p>\n<p><span>Cependant, la confiance des citoyens europ\u00e9ens dans la d\u00e9mocratie ne peut ni ne doit jamais \u00eatre consid\u00e9r\u00e9e comme acquise. La pand\u00e9mie de COVID-19 a mis \u00e0 l\u2019\u00e9preuve la confiance des citoyens dans les institutions d\u00e9mocratiques con\u00e7ues pour \u00eatre \u00e0 leur service, alors que les menaces et la violence \u00e0 l\u2019encontre des journalistes ont augment\u00e9 et que les clivages politiques se sont aggrav\u00e9s.<\/span><\/p>\n<p><span>En ces temps difficiles, l\u2019UE continuera de soutenir ouvertement et sans rel\u00e2che la d\u00e9mocratie, les droits de l\u2019homme et l\u2019\u00c9tat de droit dans le monde entier et au sein de l\u2019Union europ\u00e9enne. Des efforts doivent \u00eatre d\u00e9ploy\u00e9s collectivement et une nouvelle approche de soutien \u00e0 la d\u00e9mocratie r\u00e9pondant aux attentes des citoyens est n\u00e9cessaire. Ce travail doit commencer chez nous.<\/span><\/p>\n<p><span>[&#8230;] Dans le monde entier, nous renfor\u00e7ons notre soutien financier et politique \u00e0 ceux qui encouragent la participation et l\u2019inclusion d\u00e9mocratiques sans distinction de genre ni d\u2019origine, pr\u00e9servent l\u2019\u00e9quilibre des pouvoirs institutionnels et demandent aux d\u00e9cideurs de rendre compte de leurs actes. Nous formons des alliances avec tous ceux qui se sont engag\u00e9s \u00e0 d\u00e9fendre les droits et libert\u00e9s universels, avec les gouvernements d\u00e9mocratiques, mais aussi avec des organisations internationales, des organisations de la soci\u00e9t\u00e9 civile, des parlements, des partis politiques, des m\u00e9dias ind\u00e9pendants, des blogueurs, ainsi que des d\u00e9fenseurs et militants des droits de l\u2019homme. Les missions d\u2019observation \u00e9lectorale de l\u2019UE continuent de faire partie int\u00e9grante de notre engagement \u00e0 aider nos partenaires dans le monde entier pour ce qui est de la d\u00e9mocratie, des droits de l\u2019homme et de l\u2019\u00c9tat de droit.\u00a0\u00bb<\/span><\/p>\n<p><strong><span>Pour plus d&rsquo;informations<\/span><\/strong><\/p>\n<p><a href=\"https:\/\/ec.europa.eu\/commission\/presscorner\/detail\/en\/statement_21_4726\"><span>D\u00e9claration compl\u00e8te<\/span><\/a><\/p>\n<p>\u00a0<\/p>\n","protected":false},"featured_media":73873,"parent":0,"template":"","news_category":[],"country":[1956],"special_action":[],"custom_tag":[2313,2821],"class_list":["post-158502","news","type-news","status-publish","has-post-thumbnail","hentry","country-region-sud","custom_tag-droit-de-lhomme","custom_tag-migration-fr"],"acf":[],"yoast_head":"<!-- This site is optimized with the Yoast SEO plugin v26.5 - https:\/\/yoast.com\/wordpress\/plugins\/seo\/ -->\n<title>Journ\u00e9e internationale de la d\u00e9mocratie\u00a0: d\u00e9claration commune du haut repr\u00e9sentant\/vice-pr\u00e9sident Josep Borrell et de la vice- Voisins de l&#039;UE<\/title>\n<meta name=\"robots\" content=\"index, follow, max-snippet:-1, max-image-preview:large, max-video-preview:-1\" \/>\n<link rel=\"canonical\" href=\"https:\/\/www.eumedbridge.eu\/fr\/news\/journee-internationale-de-la-democratie-declaration-commune-du-haut\/\" \/>\n<meta property=\"og:locale\" content=\"fr_FR\" \/>\n<meta property=\"og:type\" content=\"article\" \/>\n<meta property=\"og:title\" content=\"Journ\u00e9e internationale de la d\u00e9mocratie\u00a0: d\u00e9claration commune du haut repr\u00e9sentant\/vice-pr\u00e9sident Josep Borrell et de la vice- Voisins de l&#039;UE\" \/>\n<meta property=\"og:description\" content=\"\u00c0 la veille de la Journ\u00e9e internationale de la d\u00e9mocratie, le haut repr\u00e9sentant\/vice-pr\u00e9sident de l\u2019UE, Josep\u00a0Borrell, et la vice-pr\u00e9sidente Dubravka \u0160uica ont publi\u00e9 la d\u00e9claration commune suivante\u00a0:\u00a0 \u00ab\u00a0Si le changement climatique, l\u2019emploi, l\u2019\u00e9conomie ou la justice raciale et sociale sont des causes qui vous tiennent \u00e0 c\u0153ur, votre avis et votre voix ne seront pris [&hellip;]\" \/>\n<meta property=\"og:url\" content=\"https:\/\/www.eumedbridge.eu\/fr\/news\/journee-internationale-de-la-democratie-declaration-commune-du-haut\/\" \/>\n<meta property=\"og:site_name\" content=\"Voisins de l&#039;UE\" \/>\n<meta property=\"article:publisher\" content=\"https:\/\/www.facebook.com\/eumedbridge\/\" \/>\n<meta property=\"article:modified_time\" content=\"2022-07-08T13:13:59+00:00\" \/>\n<meta property=\"og:image\" content=\"https:\/\/www.eumedbridge.eu\/wp-content\/uploads\/2022\/03\/EU_0-1.jpg\" \/>\n\t<meta property=\"og:image:width\" content=\"1600\" \/>\n\t<meta property=\"og:image:height\" content=\"900\" \/>\n\t<meta property=\"og:image:type\" content=\"image\/jpeg\" \/>\n<meta name=\"twitter:card\" content=\"summary_large_image\" \/>\n<meta name=\"twitter:site\" content=\"@eumedbridge\" \/>\n<meta name=\"twitter:label1\" content=\"Dur\u00e9e de lecture estim\u00e9e\" \/>\n\t<meta name=\"twitter:data1\" content=\"2 minutes\" \/>\n<script type=\"application\/ld+json\" class=\"yoast-schema-graph\">{\"@context\":\"https:\/\/schema.org\",\"@graph\":[{\"@type\":\"WebPage\",\"@id\":\"https:\/\/www.eumedbridge.eu\/fr\/news\/journee-internationale-de-la-democratie-declaration-commune-du-haut\/\",\"url\":\"https:\/\/www.eumedbridge.eu\/fr\/news\/journee-internationale-de-la-democratie-declaration-commune-du-haut\/\",\"name\":\"Journ\u00e9e internationale de la d\u00e9mocratie\u00a0: d\u00e9claration commune du haut repr\u00e9sentant\/vice-pr\u00e9sident Josep Borrell et de la vice- Voisins de l'UE\",\"isPartOf\":{\"@id\":\"https:\/\/www.eumedbridge.eu\/#website\"},\"primaryImageOfPage\":{\"@id\":\"https:\/\/www.eumedbridge.eu\/fr\/news\/journee-internationale-de-la-democratie-declaration-commune-du-haut\/#primaryimage\"},\"image\":{\"@id\":\"https:\/\/www.eumedbridge.eu\/fr\/news\/journee-internationale-de-la-democratie-declaration-commune-du-haut\/#primaryimage\"},\"thumbnailUrl\":\"https:\/\/www.eumedbridge.eu\/wp-content\/uploads\/2022\/03\/EU_0-1.jpg\",\"datePublished\":\"2021-09-13T21:00:00+00:00\",\"dateModified\":\"2022-07-08T13:13:59+00:00\",\"breadcrumb\":{\"@id\":\"https:\/\/www.eumedbridge.eu\/fr\/news\/journee-internationale-de-la-democratie-declaration-commune-du-haut\/#breadcrumb\"},\"inLanguage\":\"fr-FR\",\"potentialAction\":[{\"@type\":\"ReadAction\",\"target\":[\"https:\/\/www.eumedbridge.eu\/fr\/news\/journee-internationale-de-la-democratie-declaration-commune-du-haut\/\"]}]},{\"@type\":\"ImageObject\",\"inLanguage\":\"fr-FR\",\"@id\":\"https:\/\/www.eumedbridge.eu\/fr\/news\/journee-internationale-de-la-democratie-declaration-commune-du-haut\/#primaryimage\",\"url\":\"https:\/\/www.eumedbridge.eu\/wp-content\/uploads\/2022\/03\/EU_0-1.jpg\",\"contentUrl\":\"https:\/\/www.eumedbridge.eu\/wp-content\/uploads\/2022\/03\/EU_0-1.jpg\",\"width\":1600,\"height\":900},{\"@type\":\"BreadcrumbList\",\"@id\":\"https:\/\/www.eumedbridge.eu\/fr\/news\/journee-internationale-de-la-democratie-declaration-commune-du-haut\/#breadcrumb\",\"itemListElement\":[{\"@type\":\"ListItem\",\"position\":1,\"name\":\"Home\",\"item\":\"https:\/\/www.eumedbridge.eu\/fr\/home-page\/\"},{\"@type\":\"ListItem\",\"position\":2,\"name\":\"Actualit\u00e9s\",\"item\":\"https:\/\/www.eumedbridge.eu\/fr\/news\/\"},{\"@type\":\"ListItem\",\"position\":3,\"name\":\"Journ\u00e9e internationale de la d\u00e9mocratie\u00a0: d\u00e9claration commune du haut repr\u00e9sentant\/vice-pr\u00e9sident Josep Borrell et de la vice-\"}]},{\"@type\":\"WebSite\",\"@id\":\"https:\/\/www.eumedbridge.eu\/#website\",\"url\":\"https:\/\/www.eumedbridge.eu\/\",\"name\":\"EU Medbridge\",\"description\":\"\",\"publisher\":{\"@id\":\"https:\/\/www.eumedbridge.eu\/#organization\"},\"potentialAction\":[{\"@type\":\"SearchAction\",\"target\":{\"@type\":\"EntryPoint\",\"urlTemplate\":\"https:\/\/www.eumedbridge.eu\/?s={search_term_string}\"},\"query-input\":{\"@type\":\"PropertyValueSpecification\",\"valueRequired\":true,\"valueName\":\"search_term_string\"}}],\"inLanguage\":\"fr-FR\"},{\"@type\":\"Organization\",\"@id\":\"https:\/\/www.eumedbridge.eu\/#organization\",\"name\":\"EU Medbridge\",\"url\":\"https:\/\/www.eumedbridge.eu\/\",\"logo\":{\"@type\":\"ImageObject\",\"inLanguage\":\"fr-FR\",\"@id\":\"https:\/\/www.eumedbridge.eu\/#\/schema\/logo\/image\/\",\"url\":\"https:\/\/www.eumedbridge.eu\/wp-content\/uploads\/2021\/12\/Logo.png\",\"contentUrl\":\"https:\/\/www.eumedbridge.eu\/wp-content\/uploads\/2021\/12\/Logo.png\",\"width\":325,\"height\":114,\"caption\":\"EU Medbridge\"},\"image\":{\"@id\":\"https:\/\/www.eumedbridge.eu\/#\/schema\/logo\/image\/\"},\"sameAs\":[\"https:\/\/www.facebook.com\/eumedbridge\/\",\"https:\/\/x.com\/eumedbridge\",\"https:\/\/www.linkedin.com\/company\/eumedbridge\",\"https:\/\/www.youtube.com\/@eumedbridge\",\"https:\/\/www.instagram.com\/eumedbridge\",\"https:\/\/www.flickr.com\/photos\/euneighbours-south\/\"]}]}<\/script>\n<!-- \/ Yoast SEO plugin. -->","yoast_head_json":{"title":"Journ\u00e9e internationale de la d\u00e9mocratie\u00a0: d\u00e9claration commune du haut repr\u00e9sentant\/vice-pr\u00e9sident Josep Borrell et de la vice- Voisins de l'UE","robots":{"index":"index","follow":"follow","max-snippet":"max-snippet:-1","max-image-preview":"max-image-preview:large","max-video-preview":"max-video-preview:-1"},"canonical":"https:\/\/www.eumedbridge.eu\/fr\/news\/journee-internationale-de-la-democratie-declaration-commune-du-haut\/","og_locale":"fr_FR","og_type":"article","og_title":"Journ\u00e9e internationale de la d\u00e9mocratie\u00a0: d\u00e9claration commune du haut repr\u00e9sentant\/vice-pr\u00e9sident Josep Borrell et de la vice- Voisins de l'UE","og_description":"\u00c0 la veille de la Journ\u00e9e internationale de la d\u00e9mocratie, le haut repr\u00e9sentant\/vice-pr\u00e9sident de l\u2019UE, Josep\u00a0Borrell, et la vice-pr\u00e9sidente Dubravka \u0160uica ont publi\u00e9 la d\u00e9claration commune suivante\u00a0:\u00a0 \u00ab\u00a0Si le changement climatique, l\u2019emploi, l\u2019\u00e9conomie ou la justice raciale et sociale sont des causes qui vous tiennent \u00e0 c\u0153ur, votre avis et votre voix ne seront pris [&hellip;]","og_url":"https:\/\/www.eumedbridge.eu\/fr\/news\/journee-internationale-de-la-democratie-declaration-commune-du-haut\/","og_site_name":"Voisins de l'UE","article_publisher":"https:\/\/www.facebook.com\/eumedbridge\/","article_modified_time":"2022-07-08T13:13:59+00:00","og_image":[{"width":1600,"height":900,"url":"https:\/\/www.eumedbridge.eu\/wp-content\/uploads\/2022\/03\/EU_0-1.jpg","type":"image\/jpeg"}],"twitter_card":"summary_large_image","twitter_site":"@eumedbridge","twitter_misc":{"Dur\u00e9e de lecture estim\u00e9e":"2 minutes"},"schema":{"@context":"https:\/\/schema.org","@graph":[{"@type":"WebPage","@id":"https:\/\/www.eumedbridge.eu\/fr\/news\/journee-internationale-de-la-democratie-declaration-commune-du-haut\/","url":"https:\/\/www.eumedbridge.eu\/fr\/news\/journee-internationale-de-la-democratie-declaration-commune-du-haut\/","name":"Journ\u00e9e internationale de la d\u00e9mocratie\u00a0: d\u00e9claration commune du haut repr\u00e9sentant\/vice-pr\u00e9sident Josep Borrell et de la vice- Voisins de l'UE","isPartOf":{"@id":"https:\/\/www.eumedbridge.eu\/#website"},"primaryImageOfPage":{"@id":"https:\/\/www.eumedbridge.eu\/fr\/news\/journee-internationale-de-la-democratie-declaration-commune-du-haut\/#primaryimage"},"image":{"@id":"https:\/\/www.eumedbridge.eu\/fr\/news\/journee-internationale-de-la-democratie-declaration-commune-du-haut\/#primaryimage"},"thumbnailUrl":"https:\/\/www.eumedbridge.eu\/wp-content\/uploads\/2022\/03\/EU_0-1.jpg","datePublished":"2021-09-13T21:00:00+00:00","dateModified":"2022-07-08T13:13:59+00:00","breadcrumb":{"@id":"https:\/\/www.eumedbridge.eu\/fr\/news\/journee-internationale-de-la-democratie-declaration-commune-du-haut\/#breadcrumb"},"inLanguage":"fr-FR","potentialAction":[{"@type":"ReadAction","target":["https:\/\/www.eumedbridge.eu\/fr\/news\/journee-internationale-de-la-democratie-declaration-commune-du-haut\/"]}]},{"@type":"ImageObject","inLanguage":"fr-FR","@id":"https:\/\/www.eumedbridge.eu\/fr\/news\/journee-internationale-de-la-democratie-declaration-commune-du-haut\/#primaryimage","url":"https:\/\/www.eumedbridge.eu\/wp-content\/uploads\/2022\/03\/EU_0-1.jpg","contentUrl":"https:\/\/www.eumedbridge.eu\/wp-content\/uploads\/2022\/03\/EU_0-1.jpg","width":1600,"height":900},{"@type":"BreadcrumbList","@id":"https:\/\/www.eumedbridge.eu\/fr\/news\/journee-internationale-de-la-democratie-declaration-commune-du-haut\/#breadcrumb","itemListElement":[{"@type":"ListItem","position":1,"name":"Home","item":"https:\/\/www.eumedbridge.eu\/fr\/home-page\/"},{"@type":"ListItem","position":2,"name":"Actualit\u00e9s","item":"https:\/\/www.eumedbridge.eu\/fr\/news\/"},{"@type":"ListItem","position":3,"name":"Journ\u00e9e internationale de la d\u00e9mocratie\u00a0: d\u00e9claration commune du haut repr\u00e9sentant\/vice-pr\u00e9sident Josep Borrell et de la vice-"}]},{"@type":"WebSite","@id":"https:\/\/www.eumedbridge.eu\/#website","url":"https:\/\/www.eumedbridge.eu\/","name":"EU Medbridge","description":"","publisher":{"@id":"https:\/\/www.eumedbridge.eu\/#organization"},"potentialAction":[{"@type":"SearchAction","target":{"@type":"EntryPoint","urlTemplate":"https:\/\/www.eumedbridge.eu\/?s={search_term_string}"},"query-input":{"@type":"PropertyValueSpecification","valueRequired":true,"valueName":"search_term_string"}}],"inLanguage":"fr-FR"},{"@type":"Organization","@id":"https:\/\/www.eumedbridge.eu\/#organization","name":"EU Medbridge","url":"https:\/\/www.eumedbridge.eu\/","logo":{"@type":"ImageObject","inLanguage":"fr-FR","@id":"https:\/\/www.eumedbridge.eu\/#\/schema\/logo\/image\/","url":"https:\/\/www.eumedbridge.eu\/wp-content\/uploads\/2021\/12\/Logo.png","contentUrl":"https:\/\/www.eumedbridge.eu\/wp-content\/uploads\/2021\/12\/Logo.png","width":325,"height":114,"caption":"EU Medbridge"},"image":{"@id":"https:\/\/www.eumedbridge.eu\/#\/schema\/logo\/image\/"},"sameAs":["https:\/\/www.facebook.com\/eumedbridge\/","https:\/\/x.com\/eumedbridge","https:\/\/www.linkedin.com\/company\/eumedbridge","https:\/\/www.youtube.com\/@eumedbridge","https:\/\/www.instagram.com\/eumedbridge","https:\/\/www.flickr.com\/photos\/euneighbours-south\/"]}]}},"_links":{"self":[{"href":"https:\/\/www.eumedbridge.eu\/fr\/wp-json\/wp\/v2\/news\/158502","targetHints":{"allow":["GET"]}}],"collection":[{"href":"https:\/\/www.eumedbridge.eu\/fr\/wp-json\/wp\/v2\/news"}],"about":[{"href":"https:\/\/www.eumedbridge.eu\/fr\/wp-json\/wp\/v2\/types\/news"}],"wp:featuredmedia":[{"embeddable":true,"href":"https:\/\/www.eumedbridge.eu\/fr\/wp-json\/wp\/v2\/media\/73873"}],"wp:attachment":[{"href":"https:\/\/www.eumedbridge.eu\/fr\/wp-json\/wp\/v2\/media?parent=158502"}],"wp:term":[{"taxonomy":"news_category","embeddable":true,"href":"https:\/\/www.eumedbridge.eu\/fr\/wp-json\/wp\/v2\/news_category?post=158502"},{"taxonomy":"country","embeddable":true,"href":"https:\/\/www.eumedbridge.eu\/fr\/wp-json\/wp\/v2\/country?post=158502"},{"taxonomy":"special_action","embeddable":true,"href":"https:\/\/www.eumedbridge.eu\/fr\/wp-json\/wp\/v2\/special_action?post=158502"},{"taxonomy":"custom_tag","embeddable":true,"href":"https:\/\/www.eumedbridge.eu\/fr\/wp-json\/wp\/v2\/custom_tag?post=158502"}],"curies":[{"name":"wp","href":"https:\/\/api.w.org\/{rel}","templated":true}]}}