{"id":158543,"date":"2021-09-07T00:00:00","date_gmt":"2021-09-06T21:00:00","guid":{"rendered":"http:\/\/south.euneighbours.eu\/news\/projet-safir-appel-a-candidatures-a-destination-des-etablissements-denseignement-superieur-et-de-recherche\/"},"modified":"2022-07-08T16:15:20","modified_gmt":"2022-07-08T13:15:20","slug":"projet-safir-appel-candidatures-destination-des-etablissements-denseignement","status":"publish","type":"news","link":"https:\/\/www.eumedbridge.eu\/fr\/news\/projet-safir-appel-candidatures-destination-des-etablissements-denseignement\/","title":{"rendered":"Projet Safir: Appel \u00e0 candidatures \u00e0 destination des \u00c9tablissements d\u2019Enseignement Sup\u00e9rieur et de Recherche"},"content":{"rendered":"<p>Le <strong>projet Safir <\/strong>propose un <strong>programme d\u2019accompagnement <\/strong>destin\u00e9 aux \u00c9tablissement d\u2019Enseignement Sup\u00e9rieur et de Recherche d\u2019<strong>Afrique du Nord<\/strong>\u00a0et du <strong>Moyen-Orient<\/strong>\u00a0et centr\u00e9 sur :<\/p>\n<ul>\n<li>L&rsquo;adoption ou le renforcement d\u2019une gouvernance en mati\u00e8re de Responsabilit\u00e9 Sociale des Universit\u00e9s (RSU)<\/li>\n<li>L\u2019appui \u00e0 la conception ou au renforcement de parcours de formation d\u00e9di\u00e9s \u00e0 l\u2019entrepreneuriat social et aux enjeux des Objectifs de d\u00e9veloppement durable (ODD)<\/li>\n<li>Le renforcement d\u2019incubateurs universitaires d\u00e9di\u00e9s \u00e0 l\u2019entrepreneuriat social<\/li>\n<\/ul>\n<p>Dans le cadre de cet appel \u00e0 candidatures, 9 \u00e9tablissements d\u2019enseignement sup\u00e9rieur et de recherche (EESR) seront s\u00e9lectionn\u00e9s, avec une repr\u00e9sentation g\u00e9ographique entre les pays de mise en \u0153uvre des activit\u00e9s, avec la subvention alloue\u0301e pour une dure\u0301e de 18 mois, a\u0300 compter de la contractualisation avec l\u2019Agence Universitaire de la Francophonie (AUF).<\/p>\n<p>Les candidatures devront \u00eatre port\u00e9es, jusqu&rsquo;au 17 octobre, par les universit\u00e9s et non par une facult\u00e9 ou un d\u00e9partement.<\/p>\n<p><strong>Pour plus d&rsquo;informations<\/strong><\/p>\n<p><a href=\"https:\/\/www.safir-eu.com\/appel-candidatures-destination-des-etablissements-denseignement-superieur-et-de-recherche\">Communiqu\u00e9 de presse<\/a><\/p>\n<p><a href=\"https:\/\/www.safir-eu.com\/en\">Projet Safir<\/a><\/p>\n","protected":false},"featured_media":73573,"parent":0,"template":"","news_category":[],"country":[1956],"special_action":[],"custom_tag":[2312,2817],"class_list":["post-158543","news","type-news","status-publish","has-post-thumbnail","hentry","country-region-sud","custom_tag-developpement-durable","custom_tag-education-fr"],"acf":[],"yoast_head":"<!-- This site is optimized with the Yoast SEO plugin v26.5 - https:\/\/yoast.com\/wordpress\/plugins\/seo\/ -->\n<title>Projet Safir: Appel \u00e0 candidatures \u00e0 destination des \u00c9tablissements d\u2019Enseignement Sup\u00e9rieur et de Recherche - Voisins de l&#039;UE<\/title>\n<meta name=\"robots\" content=\"index, follow, max-snippet:-1, max-image-preview:large, max-video-preview:-1\" \/>\n<link rel=\"canonical\" href=\"https:\/\/www.eumedbridge.eu\/fr\/news\/projet-safir-appel-candidatures-destination-des-etablissements-denseignement\/\" \/>\n<meta property=\"og:locale\" content=\"fr_FR\" \/>\n<meta property=\"og:type\" content=\"article\" \/>\n<meta property=\"og:title\" content=\"Projet Safir: Appel \u00e0 candidatures \u00e0 destination des \u00c9tablissements d\u2019Enseignement Sup\u00e9rieur et de Recherche - Voisins de l&#039;UE\" \/>\n<meta property=\"og:description\" content=\"Le projet Safir propose un programme d\u2019accompagnement destin\u00e9 aux \u00c9tablissement d\u2019Enseignement Sup\u00e9rieur et de Recherche d\u2019Afrique du Nord\u00a0et du Moyen-Orient\u00a0et centr\u00e9 sur : L&rsquo;adoption ou le renforcement d\u2019une gouvernance en mati\u00e8re de Responsabilit\u00e9 Sociale des Universit\u00e9s (RSU) L\u2019appui \u00e0 la conception ou au renforcement de parcours de formation d\u00e9di\u00e9s \u00e0 l\u2019entrepreneuriat social et aux enjeux [&hellip;]\" \/>\n<meta property=\"og:url\" content=\"https:\/\/www.eumedbridge.eu\/fr\/news\/projet-safir-appel-candidatures-destination-des-etablissements-denseignement\/\" \/>\n<meta property=\"og:site_name\" content=\"Voisins de l&#039;UE\" \/>\n<meta property=\"article:publisher\" content=\"https:\/\/www.facebook.com\/eumedbridge\/\" \/>\n<meta property=\"article:modified_time\" content=\"2022-07-08T13:15:20+00:00\" \/>\n<meta property=\"og:image\" content=\"https:\/\/www.eumedbridge.eu\/wp-content\/uploads\/2022\/03\/safir.jpg\" \/>\n\t<meta property=\"og:image:width\" content=\"750\" \/>\n\t<meta property=\"og:image:height\" content=\"394\" \/>\n\t<meta property=\"og:image:type\" content=\"image\/jpeg\" \/>\n<meta name=\"twitter:card\" content=\"summary_large_image\" \/>\n<meta name=\"twitter:site\" content=\"@eumedbridge\" \/>\n<meta name=\"twitter:label1\" content=\"Dur\u00e9e de lecture estim\u00e9e\" \/>\n\t<meta name=\"twitter:data1\" content=\"1 minute\" \/>\n<script type=\"application\/ld+json\" class=\"yoast-schema-graph\">{\"@context\":\"https:\/\/schema.org\",\"@graph\":[{\"@type\":\"WebPage\",\"@id\":\"https:\/\/www.eumedbridge.eu\/fr\/news\/projet-safir-appel-candidatures-destination-des-etablissements-denseignement\/\",\"url\":\"https:\/\/www.eumedbridge.eu\/fr\/news\/projet-safir-appel-candidatures-destination-des-etablissements-denseignement\/\",\"name\":\"Projet Safir: Appel \u00e0 candidatures \u00e0 destination des \u00c9tablissements d\u2019Enseignement Sup\u00e9rieur et de Recherche - Voisins de l'UE\",\"isPartOf\":{\"@id\":\"https:\/\/www.eumedbridge.eu\/#website\"},\"primaryImageOfPage\":{\"@id\":\"https:\/\/www.eumedbridge.eu\/fr\/news\/projet-safir-appel-candidatures-destination-des-etablissements-denseignement\/#primaryimage\"},\"image\":{\"@id\":\"https:\/\/www.eumedbridge.eu\/fr\/news\/projet-safir-appel-candidatures-destination-des-etablissements-denseignement\/#primaryimage\"},\"thumbnailUrl\":\"https:\/\/www.eumedbridge.eu\/wp-content\/uploads\/2022\/03\/safir.jpg\",\"datePublished\":\"2021-09-06T21:00:00+00:00\",\"dateModified\":\"2022-07-08T13:15:20+00:00\",\"breadcrumb\":{\"@id\":\"https:\/\/www.eumedbridge.eu\/fr\/news\/projet-safir-appel-candidatures-destination-des-etablissements-denseignement\/#breadcrumb\"},\"inLanguage\":\"fr-FR\",\"potentialAction\":[{\"@type\":\"ReadAction\",\"target\":[\"https:\/\/www.eumedbridge.eu\/fr\/news\/projet-safir-appel-candidatures-destination-des-etablissements-denseignement\/\"]}]},{\"@type\":\"ImageObject\",\"inLanguage\":\"fr-FR\",\"@id\":\"https:\/\/www.eumedbridge.eu\/fr\/news\/projet-safir-appel-candidatures-destination-des-etablissements-denseignement\/#primaryimage\",\"url\":\"https:\/\/www.eumedbridge.eu\/wp-content\/uploads\/2022\/03\/safir.jpg\",\"contentUrl\":\"https:\/\/www.eumedbridge.eu\/wp-content\/uploads\/2022\/03\/safir.jpg\",\"width\":750,\"height\":394},{\"@type\":\"BreadcrumbList\",\"@id\":\"https:\/\/www.eumedbridge.eu\/fr\/news\/projet-safir-appel-candidatures-destination-des-etablissements-denseignement\/#breadcrumb\",\"itemListElement\":[{\"@type\":\"ListItem\",\"position\":1,\"name\":\"Home\",\"item\":\"https:\/\/www.eumedbridge.eu\/fr\/home-page\/\"},{\"@type\":\"ListItem\",\"position\":2,\"name\":\"Actualit\u00e9s\",\"item\":\"https:\/\/www.eumedbridge.eu\/fr\/news\/\"},{\"@type\":\"ListItem\",\"position\":3,\"name\":\"Projet Safir: Appel \u00e0 candidatures \u00e0 destination des \u00c9tablissements d\u2019Enseignement Sup\u00e9rieur et de Recherche\"}]},{\"@type\":\"WebSite\",\"@id\":\"https:\/\/www.eumedbridge.eu\/#website\",\"url\":\"https:\/\/www.eumedbridge.eu\/\",\"name\":\"EU Medbridge\",\"description\":\"\",\"publisher\":{\"@id\":\"https:\/\/www.eumedbridge.eu\/#organization\"},\"potentialAction\":[{\"@type\":\"SearchAction\",\"target\":{\"@type\":\"EntryPoint\",\"urlTemplate\":\"https:\/\/www.eumedbridge.eu\/?s={search_term_string}\"},\"query-input\":{\"@type\":\"PropertyValueSpecification\",\"valueRequired\":true,\"valueName\":\"search_term_string\"}}],\"inLanguage\":\"fr-FR\"},{\"@type\":\"Organization\",\"@id\":\"https:\/\/www.eumedbridge.eu\/#organization\",\"name\":\"EU Medbridge\",\"url\":\"https:\/\/www.eumedbridge.eu\/\",\"logo\":{\"@type\":\"ImageObject\",\"inLanguage\":\"fr-FR\",\"@id\":\"https:\/\/www.eumedbridge.eu\/#\/schema\/logo\/image\/\",\"url\":\"https:\/\/www.eumedbridge.eu\/wp-content\/uploads\/2021\/12\/Logo.png\",\"contentUrl\":\"https:\/\/www.eumedbridge.eu\/wp-content\/uploads\/2021\/12\/Logo.png\",\"width\":325,\"height\":114,\"caption\":\"EU Medbridge\"},\"image\":{\"@id\":\"https:\/\/www.eumedbridge.eu\/#\/schema\/logo\/image\/\"},\"sameAs\":[\"https:\/\/www.facebook.com\/eumedbridge\/\",\"https:\/\/x.com\/eumedbridge\",\"https:\/\/www.linkedin.com\/company\/eumedbridge\",\"https:\/\/www.youtube.com\/@eumedbridge\",\"https:\/\/www.instagram.com\/eumedbridge\",\"https:\/\/www.flickr.com\/photos\/euneighbours-south\/\"]}]}<\/script>\n<!-- \/ Yoast SEO plugin. -->","yoast_head_json":{"title":"Projet Safir: Appel \u00e0 candidatures \u00e0 destination des \u00c9tablissements d\u2019Enseignement Sup\u00e9rieur et de Recherche - Voisins de l'UE","robots":{"index":"index","follow":"follow","max-snippet":"max-snippet:-1","max-image-preview":"max-image-preview:large","max-video-preview":"max-video-preview:-1"},"canonical":"https:\/\/www.eumedbridge.eu\/fr\/news\/projet-safir-appel-candidatures-destination-des-etablissements-denseignement\/","og_locale":"fr_FR","og_type":"article","og_title":"Projet Safir: Appel \u00e0 candidatures \u00e0 destination des \u00c9tablissements d\u2019Enseignement Sup\u00e9rieur et de Recherche - Voisins de l'UE","og_description":"Le projet Safir propose un programme d\u2019accompagnement destin\u00e9 aux \u00c9tablissement d\u2019Enseignement Sup\u00e9rieur et de Recherche d\u2019Afrique du Nord\u00a0et du Moyen-Orient\u00a0et centr\u00e9 sur : L&rsquo;adoption ou le renforcement d\u2019une gouvernance en mati\u00e8re de Responsabilit\u00e9 Sociale des Universit\u00e9s (RSU) L\u2019appui \u00e0 la conception ou au renforcement de parcours de formation d\u00e9di\u00e9s \u00e0 l\u2019entrepreneuriat social et aux enjeux [&hellip;]","og_url":"https:\/\/www.eumedbridge.eu\/fr\/news\/projet-safir-appel-candidatures-destination-des-etablissements-denseignement\/","og_site_name":"Voisins de l'UE","article_publisher":"https:\/\/www.facebook.com\/eumedbridge\/","article_modified_time":"2022-07-08T13:15:20+00:00","og_image":[{"width":750,"height":394,"url":"https:\/\/www.eumedbridge.eu\/wp-content\/uploads\/2022\/03\/safir.jpg","type":"image\/jpeg"}],"twitter_card":"summary_large_image","twitter_site":"@eumedbridge","twitter_misc":{"Dur\u00e9e de lecture estim\u00e9e":"1 minute"},"schema":{"@context":"https:\/\/schema.org","@graph":[{"@type":"WebPage","@id":"https:\/\/www.eumedbridge.eu\/fr\/news\/projet-safir-appel-candidatures-destination-des-etablissements-denseignement\/","url":"https:\/\/www.eumedbridge.eu\/fr\/news\/projet-safir-appel-candidatures-destination-des-etablissements-denseignement\/","name":"Projet Safir: Appel \u00e0 candidatures \u00e0 destination des \u00c9tablissements d\u2019Enseignement Sup\u00e9rieur et de Recherche - Voisins de l'UE","isPartOf":{"@id":"https:\/\/www.eumedbridge.eu\/#website"},"primaryImageOfPage":{"@id":"https:\/\/www.eumedbridge.eu\/fr\/news\/projet-safir-appel-candidatures-destination-des-etablissements-denseignement\/#primaryimage"},"image":{"@id":"https:\/\/www.eumedbridge.eu\/fr\/news\/projet-safir-appel-candidatures-destination-des-etablissements-denseignement\/#primaryimage"},"thumbnailUrl":"https:\/\/www.eumedbridge.eu\/wp-content\/uploads\/2022\/03\/safir.jpg","datePublished":"2021-09-06T21:00:00+00:00","dateModified":"2022-07-08T13:15:20+00:00","breadcrumb":{"@id":"https:\/\/www.eumedbridge.eu\/fr\/news\/projet-safir-appel-candidatures-destination-des-etablissements-denseignement\/#breadcrumb"},"inLanguage":"fr-FR","potentialAction":[{"@type":"ReadAction","target":["https:\/\/www.eumedbridge.eu\/fr\/news\/projet-safir-appel-candidatures-destination-des-etablissements-denseignement\/"]}]},{"@type":"ImageObject","inLanguage":"fr-FR","@id":"https:\/\/www.eumedbridge.eu\/fr\/news\/projet-safir-appel-candidatures-destination-des-etablissements-denseignement\/#primaryimage","url":"https:\/\/www.eumedbridge.eu\/wp-content\/uploads\/2022\/03\/safir.jpg","contentUrl":"https:\/\/www.eumedbridge.eu\/wp-content\/uploads\/2022\/03\/safir.jpg","width":750,"height":394},{"@type":"BreadcrumbList","@id":"https:\/\/www.eumedbridge.eu\/fr\/news\/projet-safir-appel-candidatures-destination-des-etablissements-denseignement\/#breadcrumb","itemListElement":[{"@type":"ListItem","position":1,"name":"Home","item":"https:\/\/www.eumedbridge.eu\/fr\/home-page\/"},{"@type":"ListItem","position":2,"name":"Actualit\u00e9s","item":"https:\/\/www.eumedbridge.eu\/fr\/news\/"},{"@type":"ListItem","position":3,"name":"Projet Safir: Appel \u00e0 candidatures \u00e0 destination des \u00c9tablissements d\u2019Enseignement Sup\u00e9rieur et de Recherche"}]},{"@type":"WebSite","@id":"https:\/\/www.eumedbridge.eu\/#website","url":"https:\/\/www.eumedbridge.eu\/","name":"EU Medbridge","description":"","publisher":{"@id":"https:\/\/www.eumedbridge.eu\/#organization"},"potentialAction":[{"@type":"SearchAction","target":{"@type":"EntryPoint","urlTemplate":"https:\/\/www.eumedbridge.eu\/?s={search_term_string}"},"query-input":{"@type":"PropertyValueSpecification","valueRequired":true,"valueName":"search_term_string"}}],"inLanguage":"fr-FR"},{"@type":"Organization","@id":"https:\/\/www.eumedbridge.eu\/#organization","name":"EU Medbridge","url":"https:\/\/www.eumedbridge.eu\/","logo":{"@type":"ImageObject","inLanguage":"fr-FR","@id":"https:\/\/www.eumedbridge.eu\/#\/schema\/logo\/image\/","url":"https:\/\/www.eumedbridge.eu\/wp-content\/uploads\/2021\/12\/Logo.png","contentUrl":"https:\/\/www.eumedbridge.eu\/wp-content\/uploads\/2021\/12\/Logo.png","width":325,"height":114,"caption":"EU Medbridge"},"image":{"@id":"https:\/\/www.eumedbridge.eu\/#\/schema\/logo\/image\/"},"sameAs":["https:\/\/www.facebook.com\/eumedbridge\/","https:\/\/x.com\/eumedbridge","https:\/\/www.linkedin.com\/company\/eumedbridge","https:\/\/www.youtube.com\/@eumedbridge","https:\/\/www.instagram.com\/eumedbridge","https:\/\/www.flickr.com\/photos\/euneighbours-south\/"]}]}},"_links":{"self":[{"href":"https:\/\/www.eumedbridge.eu\/fr\/wp-json\/wp\/v2\/news\/158543","targetHints":{"allow":["GET"]}}],"collection":[{"href":"https:\/\/www.eumedbridge.eu\/fr\/wp-json\/wp\/v2\/news"}],"about":[{"href":"https:\/\/www.eumedbridge.eu\/fr\/wp-json\/wp\/v2\/types\/news"}],"wp:featuredmedia":[{"embeddable":true,"href":"https:\/\/www.eumedbridge.eu\/fr\/wp-json\/wp\/v2\/media\/73573"}],"wp:attachment":[{"href":"https:\/\/www.eumedbridge.eu\/fr\/wp-json\/wp\/v2\/media?parent=158543"}],"wp:term":[{"taxonomy":"news_category","embeddable":true,"href":"https:\/\/www.eumedbridge.eu\/fr\/wp-json\/wp\/v2\/news_category?post=158543"},{"taxonomy":"country","embeddable":true,"href":"https:\/\/www.eumedbridge.eu\/fr\/wp-json\/wp\/v2\/country?post=158543"},{"taxonomy":"special_action","embeddable":true,"href":"https:\/\/www.eumedbridge.eu\/fr\/wp-json\/wp\/v2\/special_action?post=158543"},{"taxonomy":"custom_tag","embeddable":true,"href":"https:\/\/www.eumedbridge.eu\/fr\/wp-json\/wp\/v2\/custom_tag?post=158543"}],"curies":[{"name":"wp","href":"https:\/\/api.w.org\/{rel}","templated":true}]}}