{"id":158558,"date":"2021-09-01T00:00:00","date_gmt":"2021-08-31T21:00:00","guid":{"rendered":"http:\/\/south.euneighbours.eu\/news\/atelier-accelerer-la-transition-verte-dans-la-region-mediterraneenne-contributions-des-programmes-interreg\/"},"modified":"2022-07-08T16:15:54","modified_gmt":"2022-07-08T13:15:54","slug":"atelier-accelerer-la-transition-verte-dans-la-region-mediterraneenne","status":"publish","type":"news","link":"https:\/\/www.eumedbridge.eu\/fr\/news\/atelier-accelerer-la-transition-verte-dans-la-region-mediterraneenne\/","title":{"rendered":"Atelier \u2013 \u00ab\u00a0Acc\u00e9l\u00e9rer la transition verte dans la r\u00e9gion m\u00e9diterran\u00e9enne\u00a0: contributions des programmes Interreg\u00a0\u00bb"},"content":{"rendered":"<p><span>Dans le cadre de la <\/span><strong><strong>Semaine europ\u00e9enne des r\u00e9gions et des villes<\/strong><\/strong><span>, les programmes Interreg ADRION et MED, ainsi que le programme\u00a0<\/span><span><a href=\"https:\/\/www.enicbcmed.eu\/home\"><span>IEV CTF MED<\/span><\/a><\/span><span>, pr\u00e9senteront conjointement, le 13\u00a0octobre, des exemples de coop\u00e9ration en faveur de la transition verte dans l\u2019Union europ\u00e9enne et au-del\u00e0.<\/span><\/p>\n<p><span>L\u2019atelier vise \u00e0 mettre en exergue nos r\u00e9alisations collectives par le biais de r\u00e9seaux, de communaut\u00e9s th\u00e9matiques et de clusters dans trois domaines du pacte vert de l\u2019UE\u00a0: l\u2019\u00e9conomie circulaire, l\u2019entrepreneuriat vert et le transport durable.<\/span><\/p>\n<p><span>Cet \u00e9v\u00e9nement donnera \u00e9galement un aper\u00e7u des priorit\u00e9s environnementales des 3\u00a0programmes pour la p\u00e9riode 2021-2027, en insistant sur l\u2019importance des synergies et de la coop\u00e9ration afin d\u2019optimiser les financements disponibles et l\u2019impact des projets pour un d\u00e9veloppement plus vert et plus durable dans la <\/span><strong><strong>r\u00e9gion m\u00e9diterran\u00e9enne<\/strong><\/strong><span>.\u00a0<\/span><\/p>\n<p><span>La Semaine europ\u00e9enne des r\u00e9gions et des villes est le plus grand \u00e9v\u00e9nement annuel europ\u00e9en ax\u00e9 sur la politique r\u00e9gionale. Pour sa 19<\/span><span>e<\/span><span>\u00a0\u00e9dition, organis\u00e9e sous le slogan \u00ab\u00a0Ensemble pour la reprise\u00a0\u00bb et qui se d\u00e9roulera enti\u00e8rement en ligne du 11\u00a0au 14\u00a0octobre\u00a02021, plus de 300\u00a0sessions et activit\u00e9s de r\u00e9seautage en ligne seront consacr\u00e9es \u00e0 la transition verte, \u00e0 la coh\u00e9sion, \u00e0 la transition num\u00e9rique et \u00e0 l\u2019engagement des citoyens.<\/span><\/p>\n<p><strong><span>Pour plus d&rsquo;informations<\/span><\/strong><\/p>\n<p><a href=\"https:\/\/www.enicbcmed.eu\/accelerating-mediterranean-green-transition-contributions-interreg-programmes-register-now-our\"><span>Communiqu\u00e9 de presse<\/span><\/a><\/p>\n<p><a href=\"https:\/\/eu.app.swapcard.com\/event\/eu-regions-week\/planning\/UGxhbm5pbmdfNjMxMjE0\"><span>Lien de participation\u00a0<\/span><\/a><\/p>\n","protected":false},"featured_media":73353,"parent":0,"template":"","news_category":[],"country":[1956],"special_action":[],"custom_tag":[2312,1884],"class_list":["post-158558","news","type-news","status-publish","has-post-thumbnail","hentry","country-region-sud","custom_tag-developpement-durable","custom_tag-environnement-et-changement-climatique"],"acf":[],"yoast_head":"<!-- This site is optimized with the Yoast SEO plugin v26.5 - https:\/\/yoast.com\/wordpress\/plugins\/seo\/ -->\n<title>Atelier \u2013 \u00ab\u00a0Acc\u00e9l\u00e9rer la transition verte dans la r\u00e9gion m\u00e9diterran\u00e9enne\u00a0: contributions des programmes Interreg\u00a0\u00bb - Voisins de l&#039;UE<\/title>\n<meta name=\"robots\" content=\"index, follow, max-snippet:-1, max-image-preview:large, max-video-preview:-1\" \/>\n<link rel=\"canonical\" href=\"https:\/\/www.eumedbridge.eu\/fr\/news\/atelier-accelerer-la-transition-verte-dans-la-region-mediterraneenne\/\" \/>\n<meta property=\"og:locale\" content=\"fr_FR\" \/>\n<meta property=\"og:type\" content=\"article\" \/>\n<meta property=\"og:title\" content=\"Atelier \u2013 \u00ab\u00a0Acc\u00e9l\u00e9rer la transition verte dans la r\u00e9gion m\u00e9diterran\u00e9enne\u00a0: contributions des programmes Interreg\u00a0\u00bb - Voisins de l&#039;UE\" \/>\n<meta property=\"og:description\" content=\"Dans le cadre de la Semaine europ\u00e9enne des r\u00e9gions et des villes, les programmes Interreg ADRION et MED, ainsi que le programme\u00a0IEV CTF MED, pr\u00e9senteront conjointement, le 13\u00a0octobre, des exemples de coop\u00e9ration en faveur de la transition verte dans l\u2019Union europ\u00e9enne et au-del\u00e0. L\u2019atelier vise \u00e0 mettre en exergue nos r\u00e9alisations collectives par le biais [&hellip;]\" \/>\n<meta property=\"og:url\" content=\"https:\/\/www.eumedbridge.eu\/fr\/news\/atelier-accelerer-la-transition-verte-dans-la-region-mediterraneenne\/\" \/>\n<meta property=\"og:site_name\" content=\"Voisins de l&#039;UE\" \/>\n<meta property=\"article:publisher\" content=\"https:\/\/www.facebook.com\/eumedbridge\/\" \/>\n<meta property=\"article:modified_time\" content=\"2022-07-08T13:15:54+00:00\" \/>\n<meta property=\"og:image\" content=\"https:\/\/www.eumedbridge.eu\/wp-content\/uploads\/2022\/03\/kk.png\" \/>\n\t<meta property=\"og:image:width\" content=\"1281\" \/>\n\t<meta property=\"og:image:height\" content=\"720\" \/>\n\t<meta property=\"og:image:type\" content=\"image\/png\" \/>\n<meta name=\"twitter:card\" content=\"summary_large_image\" \/>\n<meta name=\"twitter:site\" content=\"@eumedbridge\" \/>\n<meta name=\"twitter:label1\" content=\"Dur\u00e9e de lecture estim\u00e9e\" \/>\n\t<meta name=\"twitter:data1\" content=\"1 minute\" \/>\n<script type=\"application\/ld+json\" class=\"yoast-schema-graph\">{\"@context\":\"https:\/\/schema.org\",\"@graph\":[{\"@type\":\"WebPage\",\"@id\":\"https:\/\/www.eumedbridge.eu\/fr\/news\/atelier-accelerer-la-transition-verte-dans-la-region-mediterraneenne\/\",\"url\":\"https:\/\/www.eumedbridge.eu\/fr\/news\/atelier-accelerer-la-transition-verte-dans-la-region-mediterraneenne\/\",\"name\":\"Atelier \u2013 \u00ab\u00a0Acc\u00e9l\u00e9rer la transition verte dans la r\u00e9gion m\u00e9diterran\u00e9enne\u00a0: contributions des programmes Interreg\u00a0\u00bb - Voisins de l'UE\",\"isPartOf\":{\"@id\":\"https:\/\/www.eumedbridge.eu\/#website\"},\"primaryImageOfPage\":{\"@id\":\"https:\/\/www.eumedbridge.eu\/fr\/news\/atelier-accelerer-la-transition-verte-dans-la-region-mediterraneenne\/#primaryimage\"},\"image\":{\"@id\":\"https:\/\/www.eumedbridge.eu\/fr\/news\/atelier-accelerer-la-transition-verte-dans-la-region-mediterraneenne\/#primaryimage\"},\"thumbnailUrl\":\"https:\/\/www.eumedbridge.eu\/wp-content\/uploads\/2022\/03\/kk.png\",\"datePublished\":\"2021-08-31T21:00:00+00:00\",\"dateModified\":\"2022-07-08T13:15:54+00:00\",\"breadcrumb\":{\"@id\":\"https:\/\/www.eumedbridge.eu\/fr\/news\/atelier-accelerer-la-transition-verte-dans-la-region-mediterraneenne\/#breadcrumb\"},\"inLanguage\":\"fr-FR\",\"potentialAction\":[{\"@type\":\"ReadAction\",\"target\":[\"https:\/\/www.eumedbridge.eu\/fr\/news\/atelier-accelerer-la-transition-verte-dans-la-region-mediterraneenne\/\"]}]},{\"@type\":\"ImageObject\",\"inLanguage\":\"fr-FR\",\"@id\":\"https:\/\/www.eumedbridge.eu\/fr\/news\/atelier-accelerer-la-transition-verte-dans-la-region-mediterraneenne\/#primaryimage\",\"url\":\"https:\/\/www.eumedbridge.eu\/wp-content\/uploads\/2022\/03\/kk.png\",\"contentUrl\":\"https:\/\/www.eumedbridge.eu\/wp-content\/uploads\/2022\/03\/kk.png\",\"width\":1281,\"height\":720},{\"@type\":\"BreadcrumbList\",\"@id\":\"https:\/\/www.eumedbridge.eu\/fr\/news\/atelier-accelerer-la-transition-verte-dans-la-region-mediterraneenne\/#breadcrumb\",\"itemListElement\":[{\"@type\":\"ListItem\",\"position\":1,\"name\":\"Home\",\"item\":\"https:\/\/www.eumedbridge.eu\/fr\/home-page\/\"},{\"@type\":\"ListItem\",\"position\":2,\"name\":\"Actualit\u00e9s\",\"item\":\"https:\/\/www.eumedbridge.eu\/fr\/news\/\"},{\"@type\":\"ListItem\",\"position\":3,\"name\":\"Atelier \u2013 \u00ab\u00a0Acc\u00e9l\u00e9rer la transition verte dans la r\u00e9gion m\u00e9diterran\u00e9enne\u00a0: contributions des programmes Interreg\u00a0\u00bb\"}]},{\"@type\":\"WebSite\",\"@id\":\"https:\/\/www.eumedbridge.eu\/#website\",\"url\":\"https:\/\/www.eumedbridge.eu\/\",\"name\":\"EU Medbridge\",\"description\":\"\",\"publisher\":{\"@id\":\"https:\/\/www.eumedbridge.eu\/#organization\"},\"potentialAction\":[{\"@type\":\"SearchAction\",\"target\":{\"@type\":\"EntryPoint\",\"urlTemplate\":\"https:\/\/www.eumedbridge.eu\/?s={search_term_string}\"},\"query-input\":{\"@type\":\"PropertyValueSpecification\",\"valueRequired\":true,\"valueName\":\"search_term_string\"}}],\"inLanguage\":\"fr-FR\"},{\"@type\":\"Organization\",\"@id\":\"https:\/\/www.eumedbridge.eu\/#organization\",\"name\":\"EU Medbridge\",\"url\":\"https:\/\/www.eumedbridge.eu\/\",\"logo\":{\"@type\":\"ImageObject\",\"inLanguage\":\"fr-FR\",\"@id\":\"https:\/\/www.eumedbridge.eu\/#\/schema\/logo\/image\/\",\"url\":\"https:\/\/www.eumedbridge.eu\/wp-content\/uploads\/2021\/12\/Logo.png\",\"contentUrl\":\"https:\/\/www.eumedbridge.eu\/wp-content\/uploads\/2021\/12\/Logo.png\",\"width\":325,\"height\":114,\"caption\":\"EU Medbridge\"},\"image\":{\"@id\":\"https:\/\/www.eumedbridge.eu\/#\/schema\/logo\/image\/\"},\"sameAs\":[\"https:\/\/www.facebook.com\/eumedbridge\/\",\"https:\/\/x.com\/eumedbridge\",\"https:\/\/www.linkedin.com\/company\/eumedbridge\",\"https:\/\/www.youtube.com\/@eumedbridge\",\"https:\/\/www.instagram.com\/eumedbridge\",\"https:\/\/www.flickr.com\/photos\/euneighbours-south\/\"]}]}<\/script>\n<!-- \/ Yoast SEO plugin. -->","yoast_head_json":{"title":"Atelier \u2013 \u00ab\u00a0Acc\u00e9l\u00e9rer la transition verte dans la r\u00e9gion m\u00e9diterran\u00e9enne\u00a0: contributions des programmes Interreg\u00a0\u00bb - Voisins de l'UE","robots":{"index":"index","follow":"follow","max-snippet":"max-snippet:-1","max-image-preview":"max-image-preview:large","max-video-preview":"max-video-preview:-1"},"canonical":"https:\/\/www.eumedbridge.eu\/fr\/news\/atelier-accelerer-la-transition-verte-dans-la-region-mediterraneenne\/","og_locale":"fr_FR","og_type":"article","og_title":"Atelier \u2013 \u00ab\u00a0Acc\u00e9l\u00e9rer la transition verte dans la r\u00e9gion m\u00e9diterran\u00e9enne\u00a0: contributions des programmes Interreg\u00a0\u00bb - Voisins de l'UE","og_description":"Dans le cadre de la Semaine europ\u00e9enne des r\u00e9gions et des villes, les programmes Interreg ADRION et MED, ainsi que le programme\u00a0IEV CTF MED, pr\u00e9senteront conjointement, le 13\u00a0octobre, des exemples de coop\u00e9ration en faveur de la transition verte dans l\u2019Union europ\u00e9enne et au-del\u00e0. L\u2019atelier vise \u00e0 mettre en exergue nos r\u00e9alisations collectives par le biais [&hellip;]","og_url":"https:\/\/www.eumedbridge.eu\/fr\/news\/atelier-accelerer-la-transition-verte-dans-la-region-mediterraneenne\/","og_site_name":"Voisins de l'UE","article_publisher":"https:\/\/www.facebook.com\/eumedbridge\/","article_modified_time":"2022-07-08T13:15:54+00:00","og_image":[{"width":1281,"height":720,"url":"https:\/\/www.eumedbridge.eu\/wp-content\/uploads\/2022\/03\/kk.png","type":"image\/png"}],"twitter_card":"summary_large_image","twitter_site":"@eumedbridge","twitter_misc":{"Dur\u00e9e de lecture estim\u00e9e":"1 minute"},"schema":{"@context":"https:\/\/schema.org","@graph":[{"@type":"WebPage","@id":"https:\/\/www.eumedbridge.eu\/fr\/news\/atelier-accelerer-la-transition-verte-dans-la-region-mediterraneenne\/","url":"https:\/\/www.eumedbridge.eu\/fr\/news\/atelier-accelerer-la-transition-verte-dans-la-region-mediterraneenne\/","name":"Atelier \u2013 \u00ab\u00a0Acc\u00e9l\u00e9rer la transition verte dans la r\u00e9gion m\u00e9diterran\u00e9enne\u00a0: contributions des programmes Interreg\u00a0\u00bb - Voisins de l'UE","isPartOf":{"@id":"https:\/\/www.eumedbridge.eu\/#website"},"primaryImageOfPage":{"@id":"https:\/\/www.eumedbridge.eu\/fr\/news\/atelier-accelerer-la-transition-verte-dans-la-region-mediterraneenne\/#primaryimage"},"image":{"@id":"https:\/\/www.eumedbridge.eu\/fr\/news\/atelier-accelerer-la-transition-verte-dans-la-region-mediterraneenne\/#primaryimage"},"thumbnailUrl":"https:\/\/www.eumedbridge.eu\/wp-content\/uploads\/2022\/03\/kk.png","datePublished":"2021-08-31T21:00:00+00:00","dateModified":"2022-07-08T13:15:54+00:00","breadcrumb":{"@id":"https:\/\/www.eumedbridge.eu\/fr\/news\/atelier-accelerer-la-transition-verte-dans-la-region-mediterraneenne\/#breadcrumb"},"inLanguage":"fr-FR","potentialAction":[{"@type":"ReadAction","target":["https:\/\/www.eumedbridge.eu\/fr\/news\/atelier-accelerer-la-transition-verte-dans-la-region-mediterraneenne\/"]}]},{"@type":"ImageObject","inLanguage":"fr-FR","@id":"https:\/\/www.eumedbridge.eu\/fr\/news\/atelier-accelerer-la-transition-verte-dans-la-region-mediterraneenne\/#primaryimage","url":"https:\/\/www.eumedbridge.eu\/wp-content\/uploads\/2022\/03\/kk.png","contentUrl":"https:\/\/www.eumedbridge.eu\/wp-content\/uploads\/2022\/03\/kk.png","width":1281,"height":720},{"@type":"BreadcrumbList","@id":"https:\/\/www.eumedbridge.eu\/fr\/news\/atelier-accelerer-la-transition-verte-dans-la-region-mediterraneenne\/#breadcrumb","itemListElement":[{"@type":"ListItem","position":1,"name":"Home","item":"https:\/\/www.eumedbridge.eu\/fr\/home-page\/"},{"@type":"ListItem","position":2,"name":"Actualit\u00e9s","item":"https:\/\/www.eumedbridge.eu\/fr\/news\/"},{"@type":"ListItem","position":3,"name":"Atelier \u2013 \u00ab\u00a0Acc\u00e9l\u00e9rer la transition verte dans la r\u00e9gion m\u00e9diterran\u00e9enne\u00a0: contributions des programmes Interreg\u00a0\u00bb"}]},{"@type":"WebSite","@id":"https:\/\/www.eumedbridge.eu\/#website","url":"https:\/\/www.eumedbridge.eu\/","name":"EU Medbridge","description":"","publisher":{"@id":"https:\/\/www.eumedbridge.eu\/#organization"},"potentialAction":[{"@type":"SearchAction","target":{"@type":"EntryPoint","urlTemplate":"https:\/\/www.eumedbridge.eu\/?s={search_term_string}"},"query-input":{"@type":"PropertyValueSpecification","valueRequired":true,"valueName":"search_term_string"}}],"inLanguage":"fr-FR"},{"@type":"Organization","@id":"https:\/\/www.eumedbridge.eu\/#organization","name":"EU Medbridge","url":"https:\/\/www.eumedbridge.eu\/","logo":{"@type":"ImageObject","inLanguage":"fr-FR","@id":"https:\/\/www.eumedbridge.eu\/#\/schema\/logo\/image\/","url":"https:\/\/www.eumedbridge.eu\/wp-content\/uploads\/2021\/12\/Logo.png","contentUrl":"https:\/\/www.eumedbridge.eu\/wp-content\/uploads\/2021\/12\/Logo.png","width":325,"height":114,"caption":"EU Medbridge"},"image":{"@id":"https:\/\/www.eumedbridge.eu\/#\/schema\/logo\/image\/"},"sameAs":["https:\/\/www.facebook.com\/eumedbridge\/","https:\/\/x.com\/eumedbridge","https:\/\/www.linkedin.com\/company\/eumedbridge","https:\/\/www.youtube.com\/@eumedbridge","https:\/\/www.instagram.com\/eumedbridge","https:\/\/www.flickr.com\/photos\/euneighbours-south\/"]}]}},"_links":{"self":[{"href":"https:\/\/www.eumedbridge.eu\/fr\/wp-json\/wp\/v2\/news\/158558","targetHints":{"allow":["GET"]}}],"collection":[{"href":"https:\/\/www.eumedbridge.eu\/fr\/wp-json\/wp\/v2\/news"}],"about":[{"href":"https:\/\/www.eumedbridge.eu\/fr\/wp-json\/wp\/v2\/types\/news"}],"wp:featuredmedia":[{"embeddable":true,"href":"https:\/\/www.eumedbridge.eu\/fr\/wp-json\/wp\/v2\/media\/73353"}],"wp:attachment":[{"href":"https:\/\/www.eumedbridge.eu\/fr\/wp-json\/wp\/v2\/media?parent=158558"}],"wp:term":[{"taxonomy":"news_category","embeddable":true,"href":"https:\/\/www.eumedbridge.eu\/fr\/wp-json\/wp\/v2\/news_category?post=158558"},{"taxonomy":"country","embeddable":true,"href":"https:\/\/www.eumedbridge.eu\/fr\/wp-json\/wp\/v2\/country?post=158558"},{"taxonomy":"special_action","embeddable":true,"href":"https:\/\/www.eumedbridge.eu\/fr\/wp-json\/wp\/v2\/special_action?post=158558"},{"taxonomy":"custom_tag","embeddable":true,"href":"https:\/\/www.eumedbridge.eu\/fr\/wp-json\/wp\/v2\/custom_tag?post=158558"}],"curies":[{"name":"wp","href":"https:\/\/api.w.org\/{rel}","templated":true}]}}