{"id":158586,"date":"2021-08-23T00:00:00","date_gmt":"2021-08-22T21:00:00","guid":{"rendered":"http:\/\/south.euneighbours.eu\/news\/journee-internationale-de-commemoration-des-personnes-victimes-de-violences-en-raison-de-leur-religion-ou-de-leurs-convictions-declaration-du-haut-representant-au-nom-de-lunion-europeenne\/"},"modified":"2022-07-08T16:16:58","modified_gmt":"2022-07-08T13:16:58","slug":"journee-internationale-de-commemoration-des-personnes-victimes-de-violences","status":"publish","type":"news","link":"https:\/\/www.eumedbridge.eu\/fr\/news\/journee-internationale-de-commemoration-des-personnes-victimes-de-violences\/","title":{"rendered":"Journ\u00e9e internationale de comm\u00e9moration des personnes victimes de violences en raison de leur religion ou de leurs convictions: d\u00e9claration du haut repr\u00e9sentant au nom de l&rsquo;Union europ\u00e9enne"},"content":{"rendered":"<p>En cette Journ\u00e9e internationale de comm\u00e9moration des personnes victimes de violences en raison de leur religion ou convictions, l&rsquo;UE exprime sa solidarit\u00e9 avec toutes les victimes de pers\u00e9cutions, o\u00f9 qu&rsquo;elles se trouvent.<\/p>\n<p>Au cours d&rsquo;une ann\u00e9e o\u00f9, entre autres d\u00e9fis, la pand\u00e9mie de COVID-19 a entra\u00een\u00e9 des limitations \u00e0 l&rsquo;exercice des droits de l&rsquo;homme et mis ces droits \u00e0 l&rsquo;\u00e9preuve, nous continuons \u00e0 voir qu&rsquo;\u00e0 cause de l&rsquo;intol\u00e9rance religieuse, des personnes sont harcel\u00e9es, menac\u00e9es, d\u00e9tenues, trait\u00e9es en boucs \u00e9missaires et tu\u00e9es dans le monde entier, en raison de leur religion ou de leurs convictions humanistes et\/ou ath\u00e9es. Elles ont \u00e9galement fait l&rsquo;objet de discriminations fond\u00e9es sur la religion ou les convictions pour ce qui concerne l&rsquo;acc\u00e8s aux services de sant\u00e9 et aux mesures de protection sociale.<\/p>\n<p>Les pers\u00e9cutions et les discriminations fond\u00e9es sur la religion ou les convictions sont exacerb\u00e9es par les violations, par les gouvernements, de leurs obligations internationales en mati\u00e8re de droits de l&rsquo;homme. Souvent, la discrimination en droit et en pratique conduit \u00e0 des pers\u00e9cutions \u00e0 plus grande \u00e9chelle.<\/p>\n<p>La lutte impartiale contre toutes les formes d&rsquo;intol\u00e9rance religieuse, de stigmatisation, de discrimination, d&rsquo;incitation \u00e0 la violence et de violence fond\u00e9es sur la religion ou sur les convictions doit \u00eatre une priorit\u00e9 pour tous les \u00c9tats et pour la communaut\u00e9 internationale. Toute personne, quel que soit son lieu de r\u00e9sidence, devrait se voir garantir le droit d&rsquo;avoir ou de ne pas avoir une religion ou des convictions, d&rsquo;en choisir une ou d&rsquo;en changer, de la pratiquer et de la manifester, ainsi que de ne pas subir de discrimination.<\/p>\n<p>Conform\u00e9ment au plan d&rsquo;action de l&rsquo;UE en faveur des droits de l&rsquo;homme et de la d\u00e9mocratie, l&rsquo;Union europ\u00e9enne s&#8217;emploie sans rel\u00e2che \u00e0 lutter contre les violations de la libert\u00e9 de religion ou de conviction et les atteintes \u00e0 cette libert\u00e9. Nous avons appel\u00e9 les \u00c9tats \u00e0 prot\u00e9ger les personnes des pers\u00e9cutions et discriminations fond\u00e9es sur la religion ou les convictions, notamment dans le cadre des dialogues sur les droits de l&rsquo;homme men\u00e9s par l&rsquo;UE avec ses partenaires et dans les enceintes des Nations unies comp\u00e9tentes en mati\u00e8re de droits de l&rsquo;homme. Par l&rsquo;interm\u00e9diaire du m\u00e9canisme ProtectDefenders, l&rsquo;UE continue d&rsquo;apporter un soutien direct aux d\u00e9fenseurs des droits de l&rsquo;homme en danger, plaidant pour la libert\u00e9 de pens\u00e9e, de conscience, de religion ou de conviction.<\/p>\n<p><strong>Pour plus d&rsquo;informations<\/strong><\/p>\n<p><a href=\"https:\/\/www.consilium.europa.eu\/fr\/press\/press-releases\/2021\/08\/21\/international-day-commemorating-the-victims-of-acts-of-violence-based-on-religion-or-belief-declaration-by-the-high-representative-on-behalf-of-the-eu\/\">D\u00e9claration compl\u00e8te<\/a>\u00a0<\/p>\n<p>\u00a0<\/p>\n","protected":false},"featured_media":73063,"parent":0,"template":"","news_category":[],"country":[1956],"special_action":[],"custom_tag":[2313,2821],"class_list":["post-158586","news","type-news","status-publish","has-post-thumbnail","hentry","country-region-sud","custom_tag-droit-de-lhomme","custom_tag-migration-fr"],"acf":[],"yoast_head":"<!-- This site is optimized with the Yoast SEO plugin v26.5 - https:\/\/yoast.com\/wordpress\/plugins\/seo\/ -->\n<title>Journ\u00e9e internationale de comm\u00e9moration des personnes victimes de violences en raison de leur religion ou de leurs convictions: d\u00e9claration du haut repr\u00e9sentant au nom de l&#039;Union europ\u00e9enne - Voisins de l&#039;UE<\/title>\n<meta name=\"robots\" content=\"index, follow, max-snippet:-1, max-image-preview:large, max-video-preview:-1\" \/>\n<link rel=\"canonical\" href=\"https:\/\/www.eumedbridge.eu\/fr\/news\/journee-internationale-de-commemoration-des-personnes-victimes-de-violences\/\" \/>\n<meta property=\"og:locale\" content=\"fr_FR\" \/>\n<meta property=\"og:type\" content=\"article\" \/>\n<meta property=\"og:title\" content=\"Journ\u00e9e internationale de comm\u00e9moration des personnes victimes de violences en raison de leur religion ou de leurs convictions: d\u00e9claration du haut repr\u00e9sentant au nom de l&#039;Union europ\u00e9enne - Voisins de l&#039;UE\" \/>\n<meta property=\"og:description\" content=\"En cette Journ\u00e9e internationale de comm\u00e9moration des personnes victimes de violences en raison de leur religion ou convictions, l&rsquo;UE exprime sa solidarit\u00e9 avec toutes les victimes de pers\u00e9cutions, o\u00f9 qu&rsquo;elles se trouvent. Au cours d&rsquo;une ann\u00e9e o\u00f9, entre autres d\u00e9fis, la pand\u00e9mie de COVID-19 a entra\u00een\u00e9 des limitations \u00e0 l&rsquo;exercice des droits de l&rsquo;homme et [&hellip;]\" \/>\n<meta property=\"og:url\" content=\"https:\/\/www.eumedbridge.eu\/fr\/news\/journee-internationale-de-commemoration-des-personnes-victimes-de-violences\/\" \/>\n<meta property=\"og:site_name\" content=\"Voisins de l&#039;UE\" \/>\n<meta property=\"article:publisher\" content=\"https:\/\/www.facebook.com\/eumedbridge\/\" \/>\n<meta property=\"article:modified_time\" content=\"2022-07-08T13:16:58+00:00\" \/>\n<meta property=\"og:image\" content=\"https:\/\/www.eumedbridge.eu\/wp-content\/uploads\/2022\/03\/eu_4.jpg\" \/>\n\t<meta property=\"og:image:width\" content=\"1600\" \/>\n\t<meta property=\"og:image:height\" content=\"900\" \/>\n\t<meta property=\"og:image:type\" content=\"image\/jpeg\" \/>\n<meta name=\"twitter:card\" content=\"summary_large_image\" \/>\n<meta name=\"twitter:site\" content=\"@eumedbridge\" \/>\n<meta name=\"twitter:label1\" content=\"Dur\u00e9e de lecture estim\u00e9e\" \/>\n\t<meta name=\"twitter:data1\" content=\"2 minutes\" \/>\n<script type=\"application\/ld+json\" class=\"yoast-schema-graph\">{\"@context\":\"https:\/\/schema.org\",\"@graph\":[{\"@type\":\"WebPage\",\"@id\":\"https:\/\/www.eumedbridge.eu\/fr\/news\/journee-internationale-de-commemoration-des-personnes-victimes-de-violences\/\",\"url\":\"https:\/\/www.eumedbridge.eu\/fr\/news\/journee-internationale-de-commemoration-des-personnes-victimes-de-violences\/\",\"name\":\"Journ\u00e9e internationale de comm\u00e9moration des personnes victimes de violences en raison de leur religion ou de leurs convictions: d\u00e9claration du haut repr\u00e9sentant au nom de l'Union europ\u00e9enne - Voisins de l'UE\",\"isPartOf\":{\"@id\":\"https:\/\/www.eumedbridge.eu\/#website\"},\"primaryImageOfPage\":{\"@id\":\"https:\/\/www.eumedbridge.eu\/fr\/news\/journee-internationale-de-commemoration-des-personnes-victimes-de-violences\/#primaryimage\"},\"image\":{\"@id\":\"https:\/\/www.eumedbridge.eu\/fr\/news\/journee-internationale-de-commemoration-des-personnes-victimes-de-violences\/#primaryimage\"},\"thumbnailUrl\":\"https:\/\/www.eumedbridge.eu\/wp-content\/uploads\/2022\/03\/eu_4.jpg\",\"datePublished\":\"2021-08-22T21:00:00+00:00\",\"dateModified\":\"2022-07-08T13:16:58+00:00\",\"breadcrumb\":{\"@id\":\"https:\/\/www.eumedbridge.eu\/fr\/news\/journee-internationale-de-commemoration-des-personnes-victimes-de-violences\/#breadcrumb\"},\"inLanguage\":\"fr-FR\",\"potentialAction\":[{\"@type\":\"ReadAction\",\"target\":[\"https:\/\/www.eumedbridge.eu\/fr\/news\/journee-internationale-de-commemoration-des-personnes-victimes-de-violences\/\"]}]},{\"@type\":\"ImageObject\",\"inLanguage\":\"fr-FR\",\"@id\":\"https:\/\/www.eumedbridge.eu\/fr\/news\/journee-internationale-de-commemoration-des-personnes-victimes-de-violences\/#primaryimage\",\"url\":\"https:\/\/www.eumedbridge.eu\/wp-content\/uploads\/2022\/03\/eu_4.jpg\",\"contentUrl\":\"https:\/\/www.eumedbridge.eu\/wp-content\/uploads\/2022\/03\/eu_4.jpg\",\"width\":1600,\"height\":900},{\"@type\":\"BreadcrumbList\",\"@id\":\"https:\/\/www.eumedbridge.eu\/fr\/news\/journee-internationale-de-commemoration-des-personnes-victimes-de-violences\/#breadcrumb\",\"itemListElement\":[{\"@type\":\"ListItem\",\"position\":1,\"name\":\"Home\",\"item\":\"https:\/\/www.eumedbridge.eu\/fr\/home-page\/\"},{\"@type\":\"ListItem\",\"position\":2,\"name\":\"Actualit\u00e9s\",\"item\":\"https:\/\/www.eumedbridge.eu\/fr\/news\/\"},{\"@type\":\"ListItem\",\"position\":3,\"name\":\"Journ\u00e9e internationale de comm\u00e9moration des personnes victimes de violences en raison de leur religion ou de leurs convictions: d\u00e9claration du haut repr\u00e9sentant au nom de l&rsquo;Union europ\u00e9enne\"}]},{\"@type\":\"WebSite\",\"@id\":\"https:\/\/www.eumedbridge.eu\/#website\",\"url\":\"https:\/\/www.eumedbridge.eu\/\",\"name\":\"EU Medbridge\",\"description\":\"\",\"publisher\":{\"@id\":\"https:\/\/www.eumedbridge.eu\/#organization\"},\"potentialAction\":[{\"@type\":\"SearchAction\",\"target\":{\"@type\":\"EntryPoint\",\"urlTemplate\":\"https:\/\/www.eumedbridge.eu\/?s={search_term_string}\"},\"query-input\":{\"@type\":\"PropertyValueSpecification\",\"valueRequired\":true,\"valueName\":\"search_term_string\"}}],\"inLanguage\":\"fr-FR\"},{\"@type\":\"Organization\",\"@id\":\"https:\/\/www.eumedbridge.eu\/#organization\",\"name\":\"EU Medbridge\",\"url\":\"https:\/\/www.eumedbridge.eu\/\",\"logo\":{\"@type\":\"ImageObject\",\"inLanguage\":\"fr-FR\",\"@id\":\"https:\/\/www.eumedbridge.eu\/#\/schema\/logo\/image\/\",\"url\":\"https:\/\/www.eumedbridge.eu\/wp-content\/uploads\/2021\/12\/Logo.png\",\"contentUrl\":\"https:\/\/www.eumedbridge.eu\/wp-content\/uploads\/2021\/12\/Logo.png\",\"width\":325,\"height\":114,\"caption\":\"EU Medbridge\"},\"image\":{\"@id\":\"https:\/\/www.eumedbridge.eu\/#\/schema\/logo\/image\/\"},\"sameAs\":[\"https:\/\/www.facebook.com\/eumedbridge\/\",\"https:\/\/x.com\/eumedbridge\",\"https:\/\/www.linkedin.com\/company\/eumedbridge\",\"https:\/\/www.youtube.com\/@eumedbridge\",\"https:\/\/www.instagram.com\/eumedbridge\",\"https:\/\/www.flickr.com\/photos\/euneighbours-south\/\"]}]}<\/script>\n<!-- \/ Yoast SEO plugin. -->","yoast_head_json":{"title":"Journ\u00e9e internationale de comm\u00e9moration des personnes victimes de violences en raison de leur religion ou de leurs convictions: d\u00e9claration du haut repr\u00e9sentant au nom de l'Union europ\u00e9enne - Voisins de l'UE","robots":{"index":"index","follow":"follow","max-snippet":"max-snippet:-1","max-image-preview":"max-image-preview:large","max-video-preview":"max-video-preview:-1"},"canonical":"https:\/\/www.eumedbridge.eu\/fr\/news\/journee-internationale-de-commemoration-des-personnes-victimes-de-violences\/","og_locale":"fr_FR","og_type":"article","og_title":"Journ\u00e9e internationale de comm\u00e9moration des personnes victimes de violences en raison de leur religion ou de leurs convictions: d\u00e9claration du haut repr\u00e9sentant au nom de l'Union europ\u00e9enne - Voisins de l'UE","og_description":"En cette Journ\u00e9e internationale de comm\u00e9moration des personnes victimes de violences en raison de leur religion ou convictions, l&rsquo;UE exprime sa solidarit\u00e9 avec toutes les victimes de pers\u00e9cutions, o\u00f9 qu&rsquo;elles se trouvent. Au cours d&rsquo;une ann\u00e9e o\u00f9, entre autres d\u00e9fis, la pand\u00e9mie de COVID-19 a entra\u00een\u00e9 des limitations \u00e0 l&rsquo;exercice des droits de l&rsquo;homme et [&hellip;]","og_url":"https:\/\/www.eumedbridge.eu\/fr\/news\/journee-internationale-de-commemoration-des-personnes-victimes-de-violences\/","og_site_name":"Voisins de l'UE","article_publisher":"https:\/\/www.facebook.com\/eumedbridge\/","article_modified_time":"2022-07-08T13:16:58+00:00","og_image":[{"width":1600,"height":900,"url":"https:\/\/www.eumedbridge.eu\/wp-content\/uploads\/2022\/03\/eu_4.jpg","type":"image\/jpeg"}],"twitter_card":"summary_large_image","twitter_site":"@eumedbridge","twitter_misc":{"Dur\u00e9e de lecture estim\u00e9e":"2 minutes"},"schema":{"@context":"https:\/\/schema.org","@graph":[{"@type":"WebPage","@id":"https:\/\/www.eumedbridge.eu\/fr\/news\/journee-internationale-de-commemoration-des-personnes-victimes-de-violences\/","url":"https:\/\/www.eumedbridge.eu\/fr\/news\/journee-internationale-de-commemoration-des-personnes-victimes-de-violences\/","name":"Journ\u00e9e internationale de comm\u00e9moration des personnes victimes de violences en raison de leur religion ou de leurs convictions: d\u00e9claration du haut repr\u00e9sentant au nom de l'Union europ\u00e9enne - Voisins de l'UE","isPartOf":{"@id":"https:\/\/www.eumedbridge.eu\/#website"},"primaryImageOfPage":{"@id":"https:\/\/www.eumedbridge.eu\/fr\/news\/journee-internationale-de-commemoration-des-personnes-victimes-de-violences\/#primaryimage"},"image":{"@id":"https:\/\/www.eumedbridge.eu\/fr\/news\/journee-internationale-de-commemoration-des-personnes-victimes-de-violences\/#primaryimage"},"thumbnailUrl":"https:\/\/www.eumedbridge.eu\/wp-content\/uploads\/2022\/03\/eu_4.jpg","datePublished":"2021-08-22T21:00:00+00:00","dateModified":"2022-07-08T13:16:58+00:00","breadcrumb":{"@id":"https:\/\/www.eumedbridge.eu\/fr\/news\/journee-internationale-de-commemoration-des-personnes-victimes-de-violences\/#breadcrumb"},"inLanguage":"fr-FR","potentialAction":[{"@type":"ReadAction","target":["https:\/\/www.eumedbridge.eu\/fr\/news\/journee-internationale-de-commemoration-des-personnes-victimes-de-violences\/"]}]},{"@type":"ImageObject","inLanguage":"fr-FR","@id":"https:\/\/www.eumedbridge.eu\/fr\/news\/journee-internationale-de-commemoration-des-personnes-victimes-de-violences\/#primaryimage","url":"https:\/\/www.eumedbridge.eu\/wp-content\/uploads\/2022\/03\/eu_4.jpg","contentUrl":"https:\/\/www.eumedbridge.eu\/wp-content\/uploads\/2022\/03\/eu_4.jpg","width":1600,"height":900},{"@type":"BreadcrumbList","@id":"https:\/\/www.eumedbridge.eu\/fr\/news\/journee-internationale-de-commemoration-des-personnes-victimes-de-violences\/#breadcrumb","itemListElement":[{"@type":"ListItem","position":1,"name":"Home","item":"https:\/\/www.eumedbridge.eu\/fr\/home-page\/"},{"@type":"ListItem","position":2,"name":"Actualit\u00e9s","item":"https:\/\/www.eumedbridge.eu\/fr\/news\/"},{"@type":"ListItem","position":3,"name":"Journ\u00e9e internationale de comm\u00e9moration des personnes victimes de violences en raison de leur religion ou de leurs convictions: d\u00e9claration du haut repr\u00e9sentant au nom de l&rsquo;Union europ\u00e9enne"}]},{"@type":"WebSite","@id":"https:\/\/www.eumedbridge.eu\/#website","url":"https:\/\/www.eumedbridge.eu\/","name":"EU Medbridge","description":"","publisher":{"@id":"https:\/\/www.eumedbridge.eu\/#organization"},"potentialAction":[{"@type":"SearchAction","target":{"@type":"EntryPoint","urlTemplate":"https:\/\/www.eumedbridge.eu\/?s={search_term_string}"},"query-input":{"@type":"PropertyValueSpecification","valueRequired":true,"valueName":"search_term_string"}}],"inLanguage":"fr-FR"},{"@type":"Organization","@id":"https:\/\/www.eumedbridge.eu\/#organization","name":"EU Medbridge","url":"https:\/\/www.eumedbridge.eu\/","logo":{"@type":"ImageObject","inLanguage":"fr-FR","@id":"https:\/\/www.eumedbridge.eu\/#\/schema\/logo\/image\/","url":"https:\/\/www.eumedbridge.eu\/wp-content\/uploads\/2021\/12\/Logo.png","contentUrl":"https:\/\/www.eumedbridge.eu\/wp-content\/uploads\/2021\/12\/Logo.png","width":325,"height":114,"caption":"EU Medbridge"},"image":{"@id":"https:\/\/www.eumedbridge.eu\/#\/schema\/logo\/image\/"},"sameAs":["https:\/\/www.facebook.com\/eumedbridge\/","https:\/\/x.com\/eumedbridge","https:\/\/www.linkedin.com\/company\/eumedbridge","https:\/\/www.youtube.com\/@eumedbridge","https:\/\/www.instagram.com\/eumedbridge","https:\/\/www.flickr.com\/photos\/euneighbours-south\/"]}]}},"_links":{"self":[{"href":"https:\/\/www.eumedbridge.eu\/fr\/wp-json\/wp\/v2\/news\/158586","targetHints":{"allow":["GET"]}}],"collection":[{"href":"https:\/\/www.eumedbridge.eu\/fr\/wp-json\/wp\/v2\/news"}],"about":[{"href":"https:\/\/www.eumedbridge.eu\/fr\/wp-json\/wp\/v2\/types\/news"}],"wp:featuredmedia":[{"embeddable":true,"href":"https:\/\/www.eumedbridge.eu\/fr\/wp-json\/wp\/v2\/media\/73063"}],"wp:attachment":[{"href":"https:\/\/www.eumedbridge.eu\/fr\/wp-json\/wp\/v2\/media?parent=158586"}],"wp:term":[{"taxonomy":"news_category","embeddable":true,"href":"https:\/\/www.eumedbridge.eu\/fr\/wp-json\/wp\/v2\/news_category?post=158586"},{"taxonomy":"country","embeddable":true,"href":"https:\/\/www.eumedbridge.eu\/fr\/wp-json\/wp\/v2\/country?post=158586"},{"taxonomy":"special_action","embeddable":true,"href":"https:\/\/www.eumedbridge.eu\/fr\/wp-json\/wp\/v2\/special_action?post=158586"},{"taxonomy":"custom_tag","embeddable":true,"href":"https:\/\/www.eumedbridge.eu\/fr\/wp-json\/wp\/v2\/custom_tag?post=158586"}],"curies":[{"name":"wp","href":"https:\/\/api.w.org\/{rel}","templated":true}]}}