{"id":158597,"date":"2021-08-18T00:00:00","date_gmt":"2021-08-17T21:00:00","guid":{"rendered":"http:\/\/south.euneighbours.eu\/news\/declaration-du-haut-representant-vice-president-josep-borrell-et-du-commissaire-janez-lenarcic-a-loccasion-de-la-journee-mondiale-de-laide-humanitaire-2021\/"},"modified":"2022-07-08T16:17:24","modified_gmt":"2022-07-08T13:17:24","slug":"declaration-du-haut-representantvice-president-josep-borrell-et-du","status":"publish","type":"news","link":"https:\/\/www.eumedbridge.eu\/fr\/news\/declaration-du-haut-representantvice-president-josep-borrell-et-du\/","title":{"rendered":"D\u00e9claration du haut repr\u00e9sentant\/vice-pr\u00e9sident Josep Borrell et du commissaire Janez Lenar\u010di\u010d \u00e0 l&rsquo;occasion de la Journ\u00e9e mondiale de l&rsquo;aide humanitaire 2021"},"content":{"rendered":"<p>\u00ab\u00a0\u00c0 la veille de la Journ\u00e9e mondiale de l&rsquo;aide humanitaire 2021, nous rendons hommage \u00e0 l&rsquo;ensemble des travailleurs humanitaires qui sauvent des vies et aident les plus d\u00e9munis dans les crises du monde entier.<\/p>\n<p>L&rsquo;engagement et les efforts d\u00e9sint\u00e9ress\u00e9s des travailleurs humanitaires et des \u00e9quipes m\u00e9dicales qui s&#8217;emploient chaque jour, souvent dans des conditions \u00e9prouvantes, \u00e0 att\u00e9nuer les souffrances de millions de personnes dans le besoin n&rsquo;est que plus remarquable depuis le d\u00e9but de la pand\u00e9mie de COVID-19. Le virus n&rsquo;est cependant pas la pire menace qui p\u00e8se sur eux. En effet, nous constatons avec regret que\u00a0108 travailleurs humanitaires ont perdu la vie et 125 ont \u00e9t\u00e9 enlev\u00e9s\u00a0en 2020.\u00a0En 2021, 105\u00a0attaques majeures ont eu lieu contre des travailleurs humanitaires.<\/p>\n<p>Nous condamnons ces attaques,\u00a0et leurs auteurs doivent r\u00e9pondre de leurs actes.\u00a0Sauver des vies ne devrait jamais en co\u00fbter; les travailleurs humanitaires ne sauraient \u00eatre des cibles. Nous saluons leur courage et leur d\u00e9vouement et nous exprimons notre compassion \u00e0 l&rsquo;\u00e9gard des familles, des amis et des coll\u00e8gues de ceux qui ont perdu la vie en portant secours \u00e0 autrui.<\/p>\n<p>Nous r\u00e9it\u00e9rons notre appel \u00e0 toutes les parties de tous les conflits dans le monde entier \u00e0 respecter le droit international humanitaire et \u00e0 s&rsquo;abstenir de cibler les travailleurs humanitaires et les civils, y compris les infrastructures civiles. Nous insistons \u00e9galement sur l&rsquo;importance de se conformer et d&rsquo;adh\u00e9rer pleinement aux principes humanitaires reconnus au niveau international.<\/p>\n<p>Aggrav\u00e9s par la pand\u00e9mie de COVID-19 et le changement climatique, les d\u00e9fis auxquels est confront\u00e9e l&rsquo;intervention humanitaire sont in\u00e9dits. Le d\u00e9ficit de financement se creuse tandis que les besoins se font plus complexes. Dans le m\u00eame temps, l&rsquo;aide devient de plus en plus difficile et dangereuse \u00e0 acheminer. Compte tenu de tout cela, la Commission europ\u00e9enne fournira un financement humanitaire de pr\u00e8s de 11,5\u00a0milliards d&rsquo;euros sur la p\u00e9riode 2021-2027. Ensemble, nous pr\u00e9parerons l&rsquo;avenir du programme \u00e0 l&rsquo;horizon 2030 des Nations unies, en ne laissant personne de c\u00f4t\u00e9.<\/p>\n<p>Nous continuerons de soutenir ceux qui en ont le plus besoin aussi longtemps que n\u00e9cessaire, tout en collaborant \u00e9troitement avec les partenaires de d\u00e9veloppement afin d&rsquo;am\u00e9liorer la r\u00e9silience des populations vuln\u00e9rables et de r\u00e9pondre \u00e0 leurs besoins de mani\u00e8re globale.\u00a0\u00bb<\/p>\n","protected":false},"featured_media":72973,"parent":0,"template":"","news_category":[],"country":[1956],"special_action":[],"custom_tag":[2313,2821],"class_list":["post-158597","news","type-news","status-publish","has-post-thumbnail","hentry","country-region-sud","custom_tag-droit-de-lhomme","custom_tag-migration-fr"],"acf":[],"yoast_head":"<!-- This site is optimized with the Yoast SEO plugin v26.5 - https:\/\/yoast.com\/wordpress\/plugins\/seo\/ -->\n<title>D\u00e9claration du haut repr\u00e9sentant\/vice-pr\u00e9sident Josep Borrell et du commissaire Janez Lenar\u010di\u010d \u00e0 l&#039;occasion de la Journ\u00e9e mondiale de l&#039;aide humanitaire 2021 - Voisins de l&#039;UE<\/title>\n<meta name=\"robots\" content=\"index, follow, max-snippet:-1, max-image-preview:large, max-video-preview:-1\" \/>\n<link rel=\"canonical\" href=\"https:\/\/www.eumedbridge.eu\/fr\/news\/declaration-du-haut-representantvice-president-josep-borrell-et-du\/\" \/>\n<meta property=\"og:locale\" content=\"fr_FR\" \/>\n<meta property=\"og:type\" content=\"article\" \/>\n<meta property=\"og:title\" content=\"D\u00e9claration du haut repr\u00e9sentant\/vice-pr\u00e9sident Josep Borrell et du commissaire Janez Lenar\u010di\u010d \u00e0 l&#039;occasion de la Journ\u00e9e mondiale de l&#039;aide humanitaire 2021 - Voisins de l&#039;UE\" \/>\n<meta property=\"og:description\" content=\"\u00ab\u00a0\u00c0 la veille de la Journ\u00e9e mondiale de l&rsquo;aide humanitaire 2021, nous rendons hommage \u00e0 l&rsquo;ensemble des travailleurs humanitaires qui sauvent des vies et aident les plus d\u00e9munis dans les crises du monde entier. L&rsquo;engagement et les efforts d\u00e9sint\u00e9ress\u00e9s des travailleurs humanitaires et des \u00e9quipes m\u00e9dicales qui s&#8217;emploient chaque jour, souvent dans des conditions \u00e9prouvantes, [&hellip;]\" \/>\n<meta property=\"og:url\" content=\"https:\/\/www.eumedbridge.eu\/fr\/news\/declaration-du-haut-representantvice-president-josep-borrell-et-du\/\" \/>\n<meta property=\"og:site_name\" content=\"Voisins de l&#039;UE\" \/>\n<meta property=\"article:publisher\" content=\"https:\/\/www.facebook.com\/eumedbridge\/\" \/>\n<meta property=\"article:modified_time\" content=\"2022-07-08T13:17:24+00:00\" \/>\n<meta property=\"og:image\" content=\"https:\/\/www.eumedbridge.eu\/wp-content\/uploads\/2022\/03\/Photo-Borrell-Lenarcic_0.png\" \/>\n\t<meta property=\"og:image:width\" content=\"1600\" \/>\n\t<meta property=\"og:image:height\" content=\"900\" \/>\n\t<meta property=\"og:image:type\" content=\"image\/png\" \/>\n<meta name=\"twitter:card\" content=\"summary_large_image\" \/>\n<meta name=\"twitter:site\" content=\"@eumedbridge\" \/>\n<meta name=\"twitter:label1\" content=\"Dur\u00e9e de lecture estim\u00e9e\" \/>\n\t<meta name=\"twitter:data1\" content=\"2 minutes\" \/>\n<script type=\"application\/ld+json\" class=\"yoast-schema-graph\">{\"@context\":\"https:\/\/schema.org\",\"@graph\":[{\"@type\":\"WebPage\",\"@id\":\"https:\/\/www.eumedbridge.eu\/fr\/news\/declaration-du-haut-representantvice-president-josep-borrell-et-du\/\",\"url\":\"https:\/\/www.eumedbridge.eu\/fr\/news\/declaration-du-haut-representantvice-president-josep-borrell-et-du\/\",\"name\":\"D\u00e9claration du haut repr\u00e9sentant\/vice-pr\u00e9sident Josep Borrell et du commissaire Janez Lenar\u010di\u010d \u00e0 l'occasion de la Journ\u00e9e mondiale de l'aide humanitaire 2021 - Voisins de l'UE\",\"isPartOf\":{\"@id\":\"https:\/\/www.eumedbridge.eu\/#website\"},\"primaryImageOfPage\":{\"@id\":\"https:\/\/www.eumedbridge.eu\/fr\/news\/declaration-du-haut-representantvice-president-josep-borrell-et-du\/#primaryimage\"},\"image\":{\"@id\":\"https:\/\/www.eumedbridge.eu\/fr\/news\/declaration-du-haut-representantvice-president-josep-borrell-et-du\/#primaryimage\"},\"thumbnailUrl\":\"https:\/\/www.eumedbridge.eu\/wp-content\/uploads\/2022\/03\/Photo-Borrell-Lenarcic_0.png\",\"datePublished\":\"2021-08-17T21:00:00+00:00\",\"dateModified\":\"2022-07-08T13:17:24+00:00\",\"breadcrumb\":{\"@id\":\"https:\/\/www.eumedbridge.eu\/fr\/news\/declaration-du-haut-representantvice-president-josep-borrell-et-du\/#breadcrumb\"},\"inLanguage\":\"fr-FR\",\"potentialAction\":[{\"@type\":\"ReadAction\",\"target\":[\"https:\/\/www.eumedbridge.eu\/fr\/news\/declaration-du-haut-representantvice-president-josep-borrell-et-du\/\"]}]},{\"@type\":\"ImageObject\",\"inLanguage\":\"fr-FR\",\"@id\":\"https:\/\/www.eumedbridge.eu\/fr\/news\/declaration-du-haut-representantvice-president-josep-borrell-et-du\/#primaryimage\",\"url\":\"https:\/\/www.eumedbridge.eu\/wp-content\/uploads\/2022\/03\/Photo-Borrell-Lenarcic_0.png\",\"contentUrl\":\"https:\/\/www.eumedbridge.eu\/wp-content\/uploads\/2022\/03\/Photo-Borrell-Lenarcic_0.png\",\"width\":1600,\"height\":900},{\"@type\":\"BreadcrumbList\",\"@id\":\"https:\/\/www.eumedbridge.eu\/fr\/news\/declaration-du-haut-representantvice-president-josep-borrell-et-du\/#breadcrumb\",\"itemListElement\":[{\"@type\":\"ListItem\",\"position\":1,\"name\":\"Home\",\"item\":\"https:\/\/www.eumedbridge.eu\/fr\/home-page\/\"},{\"@type\":\"ListItem\",\"position\":2,\"name\":\"Actualit\u00e9s\",\"item\":\"https:\/\/www.eumedbridge.eu\/fr\/news\/\"},{\"@type\":\"ListItem\",\"position\":3,\"name\":\"D\u00e9claration du haut repr\u00e9sentant\/vice-pr\u00e9sident Josep Borrell et du commissaire Janez Lenar\u010di\u010d \u00e0 l&rsquo;occasion de la Journ\u00e9e mondiale de l&rsquo;aide humanitaire 2021\"}]},{\"@type\":\"WebSite\",\"@id\":\"https:\/\/www.eumedbridge.eu\/#website\",\"url\":\"https:\/\/www.eumedbridge.eu\/\",\"name\":\"EU Medbridge\",\"description\":\"\",\"publisher\":{\"@id\":\"https:\/\/www.eumedbridge.eu\/#organization\"},\"potentialAction\":[{\"@type\":\"SearchAction\",\"target\":{\"@type\":\"EntryPoint\",\"urlTemplate\":\"https:\/\/www.eumedbridge.eu\/?s={search_term_string}\"},\"query-input\":{\"@type\":\"PropertyValueSpecification\",\"valueRequired\":true,\"valueName\":\"search_term_string\"}}],\"inLanguage\":\"fr-FR\"},{\"@type\":\"Organization\",\"@id\":\"https:\/\/www.eumedbridge.eu\/#organization\",\"name\":\"EU Medbridge\",\"url\":\"https:\/\/www.eumedbridge.eu\/\",\"logo\":{\"@type\":\"ImageObject\",\"inLanguage\":\"fr-FR\",\"@id\":\"https:\/\/www.eumedbridge.eu\/#\/schema\/logo\/image\/\",\"url\":\"https:\/\/www.eumedbridge.eu\/wp-content\/uploads\/2021\/12\/Logo.png\",\"contentUrl\":\"https:\/\/www.eumedbridge.eu\/wp-content\/uploads\/2021\/12\/Logo.png\",\"width\":325,\"height\":114,\"caption\":\"EU Medbridge\"},\"image\":{\"@id\":\"https:\/\/www.eumedbridge.eu\/#\/schema\/logo\/image\/\"},\"sameAs\":[\"https:\/\/www.facebook.com\/eumedbridge\/\",\"https:\/\/x.com\/eumedbridge\",\"https:\/\/www.linkedin.com\/company\/eumedbridge\",\"https:\/\/www.youtube.com\/@eumedbridge\",\"https:\/\/www.instagram.com\/eumedbridge\",\"https:\/\/www.flickr.com\/photos\/euneighbours-south\/\"]}]}<\/script>\n<!-- \/ Yoast SEO plugin. -->","yoast_head_json":{"title":"D\u00e9claration du haut repr\u00e9sentant\/vice-pr\u00e9sident Josep Borrell et du commissaire Janez Lenar\u010di\u010d \u00e0 l'occasion de la Journ\u00e9e mondiale de l'aide humanitaire 2021 - Voisins de l'UE","robots":{"index":"index","follow":"follow","max-snippet":"max-snippet:-1","max-image-preview":"max-image-preview:large","max-video-preview":"max-video-preview:-1"},"canonical":"https:\/\/www.eumedbridge.eu\/fr\/news\/declaration-du-haut-representantvice-president-josep-borrell-et-du\/","og_locale":"fr_FR","og_type":"article","og_title":"D\u00e9claration du haut repr\u00e9sentant\/vice-pr\u00e9sident Josep Borrell et du commissaire Janez Lenar\u010di\u010d \u00e0 l'occasion de la Journ\u00e9e mondiale de l'aide humanitaire 2021 - Voisins de l'UE","og_description":"\u00ab\u00a0\u00c0 la veille de la Journ\u00e9e mondiale de l&rsquo;aide humanitaire 2021, nous rendons hommage \u00e0 l&rsquo;ensemble des travailleurs humanitaires qui sauvent des vies et aident les plus d\u00e9munis dans les crises du monde entier. L&rsquo;engagement et les efforts d\u00e9sint\u00e9ress\u00e9s des travailleurs humanitaires et des \u00e9quipes m\u00e9dicales qui s&#8217;emploient chaque jour, souvent dans des conditions \u00e9prouvantes, [&hellip;]","og_url":"https:\/\/www.eumedbridge.eu\/fr\/news\/declaration-du-haut-representantvice-president-josep-borrell-et-du\/","og_site_name":"Voisins de l'UE","article_publisher":"https:\/\/www.facebook.com\/eumedbridge\/","article_modified_time":"2022-07-08T13:17:24+00:00","og_image":[{"width":1600,"height":900,"url":"https:\/\/www.eumedbridge.eu\/wp-content\/uploads\/2022\/03\/Photo-Borrell-Lenarcic_0.png","type":"image\/png"}],"twitter_card":"summary_large_image","twitter_site":"@eumedbridge","twitter_misc":{"Dur\u00e9e de lecture estim\u00e9e":"2 minutes"},"schema":{"@context":"https:\/\/schema.org","@graph":[{"@type":"WebPage","@id":"https:\/\/www.eumedbridge.eu\/fr\/news\/declaration-du-haut-representantvice-president-josep-borrell-et-du\/","url":"https:\/\/www.eumedbridge.eu\/fr\/news\/declaration-du-haut-representantvice-president-josep-borrell-et-du\/","name":"D\u00e9claration du haut repr\u00e9sentant\/vice-pr\u00e9sident Josep Borrell et du commissaire Janez Lenar\u010di\u010d \u00e0 l'occasion de la Journ\u00e9e mondiale de l'aide humanitaire 2021 - Voisins de l'UE","isPartOf":{"@id":"https:\/\/www.eumedbridge.eu\/#website"},"primaryImageOfPage":{"@id":"https:\/\/www.eumedbridge.eu\/fr\/news\/declaration-du-haut-representantvice-president-josep-borrell-et-du\/#primaryimage"},"image":{"@id":"https:\/\/www.eumedbridge.eu\/fr\/news\/declaration-du-haut-representantvice-president-josep-borrell-et-du\/#primaryimage"},"thumbnailUrl":"https:\/\/www.eumedbridge.eu\/wp-content\/uploads\/2022\/03\/Photo-Borrell-Lenarcic_0.png","datePublished":"2021-08-17T21:00:00+00:00","dateModified":"2022-07-08T13:17:24+00:00","breadcrumb":{"@id":"https:\/\/www.eumedbridge.eu\/fr\/news\/declaration-du-haut-representantvice-president-josep-borrell-et-du\/#breadcrumb"},"inLanguage":"fr-FR","potentialAction":[{"@type":"ReadAction","target":["https:\/\/www.eumedbridge.eu\/fr\/news\/declaration-du-haut-representantvice-president-josep-borrell-et-du\/"]}]},{"@type":"ImageObject","inLanguage":"fr-FR","@id":"https:\/\/www.eumedbridge.eu\/fr\/news\/declaration-du-haut-representantvice-president-josep-borrell-et-du\/#primaryimage","url":"https:\/\/www.eumedbridge.eu\/wp-content\/uploads\/2022\/03\/Photo-Borrell-Lenarcic_0.png","contentUrl":"https:\/\/www.eumedbridge.eu\/wp-content\/uploads\/2022\/03\/Photo-Borrell-Lenarcic_0.png","width":1600,"height":900},{"@type":"BreadcrumbList","@id":"https:\/\/www.eumedbridge.eu\/fr\/news\/declaration-du-haut-representantvice-president-josep-borrell-et-du\/#breadcrumb","itemListElement":[{"@type":"ListItem","position":1,"name":"Home","item":"https:\/\/www.eumedbridge.eu\/fr\/home-page\/"},{"@type":"ListItem","position":2,"name":"Actualit\u00e9s","item":"https:\/\/www.eumedbridge.eu\/fr\/news\/"},{"@type":"ListItem","position":3,"name":"D\u00e9claration du haut repr\u00e9sentant\/vice-pr\u00e9sident Josep Borrell et du commissaire Janez Lenar\u010di\u010d \u00e0 l&rsquo;occasion de la Journ\u00e9e mondiale de l&rsquo;aide humanitaire 2021"}]},{"@type":"WebSite","@id":"https:\/\/www.eumedbridge.eu\/#website","url":"https:\/\/www.eumedbridge.eu\/","name":"EU Medbridge","description":"","publisher":{"@id":"https:\/\/www.eumedbridge.eu\/#organization"},"potentialAction":[{"@type":"SearchAction","target":{"@type":"EntryPoint","urlTemplate":"https:\/\/www.eumedbridge.eu\/?s={search_term_string}"},"query-input":{"@type":"PropertyValueSpecification","valueRequired":true,"valueName":"search_term_string"}}],"inLanguage":"fr-FR"},{"@type":"Organization","@id":"https:\/\/www.eumedbridge.eu\/#organization","name":"EU Medbridge","url":"https:\/\/www.eumedbridge.eu\/","logo":{"@type":"ImageObject","inLanguage":"fr-FR","@id":"https:\/\/www.eumedbridge.eu\/#\/schema\/logo\/image\/","url":"https:\/\/www.eumedbridge.eu\/wp-content\/uploads\/2021\/12\/Logo.png","contentUrl":"https:\/\/www.eumedbridge.eu\/wp-content\/uploads\/2021\/12\/Logo.png","width":325,"height":114,"caption":"EU Medbridge"},"image":{"@id":"https:\/\/www.eumedbridge.eu\/#\/schema\/logo\/image\/"},"sameAs":["https:\/\/www.facebook.com\/eumedbridge\/","https:\/\/x.com\/eumedbridge","https:\/\/www.linkedin.com\/company\/eumedbridge","https:\/\/www.youtube.com\/@eumedbridge","https:\/\/www.instagram.com\/eumedbridge","https:\/\/www.flickr.com\/photos\/euneighbours-south\/"]}]}},"_links":{"self":[{"href":"https:\/\/www.eumedbridge.eu\/fr\/wp-json\/wp\/v2\/news\/158597","targetHints":{"allow":["GET"]}}],"collection":[{"href":"https:\/\/www.eumedbridge.eu\/fr\/wp-json\/wp\/v2\/news"}],"about":[{"href":"https:\/\/www.eumedbridge.eu\/fr\/wp-json\/wp\/v2\/types\/news"}],"wp:featuredmedia":[{"embeddable":true,"href":"https:\/\/www.eumedbridge.eu\/fr\/wp-json\/wp\/v2\/media\/72973"}],"wp:attachment":[{"href":"https:\/\/www.eumedbridge.eu\/fr\/wp-json\/wp\/v2\/media?parent=158597"}],"wp:term":[{"taxonomy":"news_category","embeddable":true,"href":"https:\/\/www.eumedbridge.eu\/fr\/wp-json\/wp\/v2\/news_category?post=158597"},{"taxonomy":"country","embeddable":true,"href":"https:\/\/www.eumedbridge.eu\/fr\/wp-json\/wp\/v2\/country?post=158597"},{"taxonomy":"special_action","embeddable":true,"href":"https:\/\/www.eumedbridge.eu\/fr\/wp-json\/wp\/v2\/special_action?post=158597"},{"taxonomy":"custom_tag","embeddable":true,"href":"https:\/\/www.eumedbridge.eu\/fr\/wp-json\/wp\/v2\/custom_tag?post=158597"}],"curies":[{"name":"wp","href":"https:\/\/api.w.org\/{rel}","templated":true}]}}