{"id":158670,"date":"2021-07-13T00:00:00","date_gmt":"2021-07-12T21:00:00","guid":{"rendered":"http:\/\/south.euneighbours.eu\/news\/le-haut-representant-vice-president-josep-borrell-rencontre-le-ministre-egyptien-des-affaires-etrangeres-sameh-shoukry\/"},"modified":"2022-07-08T16:21:08","modified_gmt":"2022-07-08T13:21:08","slug":"le-haut-representantvice-president-josep-borrell-rencontre-le-ministre","status":"publish","type":"news","link":"https:\/\/www.eumedbridge.eu\/fr\/news\/le-haut-representantvice-president-josep-borrell-rencontre-le-ministre\/","title":{"rendered":"Le Haut repr\u00e9sentant\/vice-pr\u00e9sident Josep\u00a0Borrell rencontre le ministre \u00e9gyptien des Affaires \u00e9trang\u00e8res, Sameh Shoukry"},"content":{"rendered":"<p><span>Le Haut repr\u00e9sentant de l\u2019UE pour les affaires \u00e9trang\u00e8res et la politique de s\u00e9curit\u00e9\u00a0\/\u00a0vice-pr\u00e9sident de la\u00a0<\/span><strong><strong>Commission europ\u00e9enne, Josep Borrell,<\/strong><\/strong><span>\u00a0a rencontr\u00e9 le\u00a0<\/span><strong><strong>ministre \u00e9gyptien des Affaires \u00e9trang\u00e8res, Sameh Shoukry,<\/strong><\/strong><span>\u00a0pour aborder diff\u00e9rentes questions dans le cadre du partenariat entre\u00a0<\/span><strong><strong>l\u2019Union europ\u00e9enne et l\u2019\u00c9gypte.<\/strong><\/strong><\/p>\n<p><span>Ils ont longuement \u00e9chang\u00e9 sur les questions r\u00e9gionales. Tous deux se sont dits pr\u00e9occup\u00e9s par la situation concernant le barrage de la Grande Renaissance \u00e9thiopienne (<\/span><strong><strong>GERD<\/strong><\/strong><span>) et ont discut\u00e9 de l\u2019importance des eaux du Nil pour les pays situ\u00e9s en aval, dont l\u2019\u00c9gypte.\u00a0<\/span><\/p>\n<p><span>Le Haut repr\u00e9sentant a soulign\u00e9 que les efforts men\u00e9s par l\u2019Union africaine pour r\u00e9soudre ce diff\u00e9rend sont soutenus par l\u2019UE et qu\u2019ils doivent \u00eatre intensifi\u00e9s pour parvenir \u00e0 une solution acceptable pour toutes les parties. Il a \u00e9galement rappel\u00e9 que l\u2019UE regrette que l\u2019\u00c9thiopie ait annonc\u00e9 le deuxi\u00e8me remplissage du barrage sans avoir conclu d\u2019accord pr\u00e9alable sur cette question avec les partenaires en aval.<\/span><\/p>\n<p><span>M.\u00a0Borrell s\u2019est f\u00e9licit\u00e9 du r\u00f4le important jou\u00e9 par l\u2019\u00c9gypte dans le <\/span><strong><strong>processus de paix au Moyen-Orient<\/strong><\/strong><span>, notamment pour parvenir \u00e0 un cessez-le-feu mettant fin aux r\u00e9centes hostilit\u00e9s et progresser vers l\u2019objectif commun d\u2019une solution \u00e0 deux \u00c9tats. Il a indiqu\u00e9 que l\u2019UE travaillera en \u00e9troite collaboration avec l\u2019\u00c9gypte et d\u2019autres partenaires internationaux pour relancer le processus politique afin d\u2019apporter des solutions durables.<\/span><\/p>\n<p><span>Le Haut repr\u00e9sentant Josep Borrell et le ministre \u00e9gyptien des Affaires \u00e9trang\u00e8res, Sameh Shoukry, ont soulign\u00e9 l\u2019importance des <\/span><strong><strong>relations entre l\u2019UE et l\u2019\u00c9gypte<\/strong><\/strong><span>\u00a0et de leur d\u00e9veloppement futur dans le contexte du <\/span><span><a href=\"https:\/\/ec.europa.eu\/neighbourhood-enlargement\/sites\/default\/files\/renewed_partnership_southern_neighbourhood_en.pdf\"><span>nouvel Agenda pour la M\u00e9diterran\u00e9e et de son plan \u00e9conomique et d\u2019investissement pour le voisinage m\u00e9ridional<\/span><\/a><\/span><strong><strong>,<\/strong><\/strong><span>\u00a0afin d\u2019unir leurs forces pour stimuler les \u00e9conomies des deux parties, soutenir la reprise et lutter contre le changement climatique.<\/span><\/p>\n<p><strong><span>Pour plus d&rsquo;informations<\/span><\/strong><\/p>\n<p><a href=\"https:\/\/eeas.europa.eu\/headquarters\/headquarters-homepage\/101693\/egypt-high-representative-borrell-meets-foreign-minister-shoukry_en\"><span>Communiqu\u00e9 de presse<\/span><\/a><\/p>\n","protected":false},"featured_media":72163,"parent":0,"template":"","news_category":[],"country":[1947],"special_action":[],"custom_tag":[2312,2821],"class_list":["post-158670","news","type-news","status-publish","has-post-thumbnail","hentry","country-egypte","custom_tag-developpement-durable","custom_tag-migration-fr"],"acf":[],"yoast_head":"<!-- This site is optimized with the Yoast SEO plugin v26.5 - https:\/\/yoast.com\/wordpress\/plugins\/seo\/ -->\n<title>Le Haut repr\u00e9sentant\/vice-pr\u00e9sident Josep\u00a0Borrell rencontre le ministre \u00e9gyptien des Affaires \u00e9trang\u00e8res, Sameh Shoukry - Voisins de l&#039;UE<\/title>\n<meta name=\"robots\" content=\"index, follow, max-snippet:-1, max-image-preview:large, max-video-preview:-1\" \/>\n<link rel=\"canonical\" href=\"https:\/\/www.eumedbridge.eu\/fr\/news\/le-haut-representantvice-president-josep-borrell-rencontre-le-ministre\/\" \/>\n<meta property=\"og:locale\" content=\"fr_FR\" \/>\n<meta property=\"og:type\" content=\"article\" \/>\n<meta property=\"og:title\" content=\"Le Haut repr\u00e9sentant\/vice-pr\u00e9sident Josep\u00a0Borrell rencontre le ministre \u00e9gyptien des Affaires \u00e9trang\u00e8res, Sameh Shoukry - Voisins de l&#039;UE\" \/>\n<meta property=\"og:description\" content=\"Le Haut repr\u00e9sentant de l\u2019UE pour les affaires \u00e9trang\u00e8res et la politique de s\u00e9curit\u00e9\u00a0\/\u00a0vice-pr\u00e9sident de la\u00a0Commission europ\u00e9enne, Josep Borrell,\u00a0a rencontr\u00e9 le\u00a0ministre \u00e9gyptien des Affaires \u00e9trang\u00e8res, Sameh Shoukry,\u00a0pour aborder diff\u00e9rentes questions dans le cadre du partenariat entre\u00a0l\u2019Union europ\u00e9enne et l\u2019\u00c9gypte. Ils ont longuement \u00e9chang\u00e9 sur les questions r\u00e9gionales. Tous deux se sont dits pr\u00e9occup\u00e9s par la [&hellip;]\" \/>\n<meta property=\"og:url\" content=\"https:\/\/www.eumedbridge.eu\/fr\/news\/le-haut-representantvice-president-josep-borrell-rencontre-le-ministre\/\" \/>\n<meta property=\"og:site_name\" content=\"Voisins de l&#039;UE\" \/>\n<meta property=\"article:publisher\" content=\"https:\/\/www.facebook.com\/eumedbridge\/\" \/>\n<meta property=\"article:modified_time\" content=\"2022-07-08T13:21:08+00:00\" \/>\n<meta property=\"og:image\" content=\"https:\/\/www.eumedbridge.eu\/wp-content\/uploads\/2022\/03\/eg.png\" \/>\n\t<meta property=\"og:image:width\" content=\"709\" \/>\n\t<meta property=\"og:image:height\" content=\"379\" \/>\n\t<meta property=\"og:image:type\" content=\"image\/png\" \/>\n<meta name=\"twitter:card\" content=\"summary_large_image\" \/>\n<meta name=\"twitter:site\" content=\"@eumedbridge\" \/>\n<meta name=\"twitter:label1\" content=\"Dur\u00e9e de lecture estim\u00e9e\" \/>\n\t<meta name=\"twitter:data1\" content=\"2 minutes\" \/>\n<script type=\"application\/ld+json\" class=\"yoast-schema-graph\">{\"@context\":\"https:\/\/schema.org\",\"@graph\":[{\"@type\":\"WebPage\",\"@id\":\"https:\/\/www.eumedbridge.eu\/fr\/news\/le-haut-representantvice-president-josep-borrell-rencontre-le-ministre\/\",\"url\":\"https:\/\/www.eumedbridge.eu\/fr\/news\/le-haut-representantvice-president-josep-borrell-rencontre-le-ministre\/\",\"name\":\"Le Haut repr\u00e9sentant\/vice-pr\u00e9sident Josep\u00a0Borrell rencontre le ministre \u00e9gyptien des Affaires \u00e9trang\u00e8res, Sameh Shoukry - Voisins de l'UE\",\"isPartOf\":{\"@id\":\"https:\/\/www.eumedbridge.eu\/#website\"},\"primaryImageOfPage\":{\"@id\":\"https:\/\/www.eumedbridge.eu\/fr\/news\/le-haut-representantvice-president-josep-borrell-rencontre-le-ministre\/#primaryimage\"},\"image\":{\"@id\":\"https:\/\/www.eumedbridge.eu\/fr\/news\/le-haut-representantvice-president-josep-borrell-rencontre-le-ministre\/#primaryimage\"},\"thumbnailUrl\":\"https:\/\/www.eumedbridge.eu\/wp-content\/uploads\/2022\/03\/eg.png\",\"datePublished\":\"2021-07-12T21:00:00+00:00\",\"dateModified\":\"2022-07-08T13:21:08+00:00\",\"breadcrumb\":{\"@id\":\"https:\/\/www.eumedbridge.eu\/fr\/news\/le-haut-representantvice-president-josep-borrell-rencontre-le-ministre\/#breadcrumb\"},\"inLanguage\":\"fr-FR\",\"potentialAction\":[{\"@type\":\"ReadAction\",\"target\":[\"https:\/\/www.eumedbridge.eu\/fr\/news\/le-haut-representantvice-president-josep-borrell-rencontre-le-ministre\/\"]}]},{\"@type\":\"ImageObject\",\"inLanguage\":\"fr-FR\",\"@id\":\"https:\/\/www.eumedbridge.eu\/fr\/news\/le-haut-representantvice-president-josep-borrell-rencontre-le-ministre\/#primaryimage\",\"url\":\"https:\/\/www.eumedbridge.eu\/wp-content\/uploads\/2022\/03\/eg.png\",\"contentUrl\":\"https:\/\/www.eumedbridge.eu\/wp-content\/uploads\/2022\/03\/eg.png\",\"width\":709,\"height\":379},{\"@type\":\"BreadcrumbList\",\"@id\":\"https:\/\/www.eumedbridge.eu\/fr\/news\/le-haut-representantvice-president-josep-borrell-rencontre-le-ministre\/#breadcrumb\",\"itemListElement\":[{\"@type\":\"ListItem\",\"position\":1,\"name\":\"Home\",\"item\":\"https:\/\/www.eumedbridge.eu\/fr\/home-page\/\"},{\"@type\":\"ListItem\",\"position\":2,\"name\":\"Actualit\u00e9s\",\"item\":\"https:\/\/www.eumedbridge.eu\/fr\/news\/\"},{\"@type\":\"ListItem\",\"position\":3,\"name\":\"Le Haut repr\u00e9sentant\/vice-pr\u00e9sident Josep\u00a0Borrell rencontre le ministre \u00e9gyptien des Affaires \u00e9trang\u00e8res, Sameh Shoukry\"}]},{\"@type\":\"WebSite\",\"@id\":\"https:\/\/www.eumedbridge.eu\/#website\",\"url\":\"https:\/\/www.eumedbridge.eu\/\",\"name\":\"EU Medbridge\",\"description\":\"\",\"publisher\":{\"@id\":\"https:\/\/www.eumedbridge.eu\/#organization\"},\"potentialAction\":[{\"@type\":\"SearchAction\",\"target\":{\"@type\":\"EntryPoint\",\"urlTemplate\":\"https:\/\/www.eumedbridge.eu\/?s={search_term_string}\"},\"query-input\":{\"@type\":\"PropertyValueSpecification\",\"valueRequired\":true,\"valueName\":\"search_term_string\"}}],\"inLanguage\":\"fr-FR\"},{\"@type\":\"Organization\",\"@id\":\"https:\/\/www.eumedbridge.eu\/#organization\",\"name\":\"EU Medbridge\",\"url\":\"https:\/\/www.eumedbridge.eu\/\",\"logo\":{\"@type\":\"ImageObject\",\"inLanguage\":\"fr-FR\",\"@id\":\"https:\/\/www.eumedbridge.eu\/#\/schema\/logo\/image\/\",\"url\":\"https:\/\/www.eumedbridge.eu\/wp-content\/uploads\/2021\/12\/Logo.png\",\"contentUrl\":\"https:\/\/www.eumedbridge.eu\/wp-content\/uploads\/2021\/12\/Logo.png\",\"width\":325,\"height\":114,\"caption\":\"EU Medbridge\"},\"image\":{\"@id\":\"https:\/\/www.eumedbridge.eu\/#\/schema\/logo\/image\/\"},\"sameAs\":[\"https:\/\/www.facebook.com\/eumedbridge\/\",\"https:\/\/x.com\/eumedbridge\",\"https:\/\/www.linkedin.com\/company\/eumedbridge\",\"https:\/\/www.youtube.com\/@eumedbridge\",\"https:\/\/www.instagram.com\/eumedbridge\",\"https:\/\/www.flickr.com\/photos\/euneighbours-south\/\"]}]}<\/script>\n<!-- \/ Yoast SEO plugin. -->","yoast_head_json":{"title":"Le Haut repr\u00e9sentant\/vice-pr\u00e9sident Josep\u00a0Borrell rencontre le ministre \u00e9gyptien des Affaires \u00e9trang\u00e8res, Sameh Shoukry - Voisins de l'UE","robots":{"index":"index","follow":"follow","max-snippet":"max-snippet:-1","max-image-preview":"max-image-preview:large","max-video-preview":"max-video-preview:-1"},"canonical":"https:\/\/www.eumedbridge.eu\/fr\/news\/le-haut-representantvice-president-josep-borrell-rencontre-le-ministre\/","og_locale":"fr_FR","og_type":"article","og_title":"Le Haut repr\u00e9sentant\/vice-pr\u00e9sident Josep\u00a0Borrell rencontre le ministre \u00e9gyptien des Affaires \u00e9trang\u00e8res, Sameh Shoukry - Voisins de l'UE","og_description":"Le Haut repr\u00e9sentant de l\u2019UE pour les affaires \u00e9trang\u00e8res et la politique de s\u00e9curit\u00e9\u00a0\/\u00a0vice-pr\u00e9sident de la\u00a0Commission europ\u00e9enne, Josep Borrell,\u00a0a rencontr\u00e9 le\u00a0ministre \u00e9gyptien des Affaires \u00e9trang\u00e8res, Sameh Shoukry,\u00a0pour aborder diff\u00e9rentes questions dans le cadre du partenariat entre\u00a0l\u2019Union europ\u00e9enne et l\u2019\u00c9gypte. Ils ont longuement \u00e9chang\u00e9 sur les questions r\u00e9gionales. Tous deux se sont dits pr\u00e9occup\u00e9s par la [&hellip;]","og_url":"https:\/\/www.eumedbridge.eu\/fr\/news\/le-haut-representantvice-president-josep-borrell-rencontre-le-ministre\/","og_site_name":"Voisins de l'UE","article_publisher":"https:\/\/www.facebook.com\/eumedbridge\/","article_modified_time":"2022-07-08T13:21:08+00:00","og_image":[{"width":709,"height":379,"url":"https:\/\/www.eumedbridge.eu\/wp-content\/uploads\/2022\/03\/eg.png","type":"image\/png"}],"twitter_card":"summary_large_image","twitter_site":"@eumedbridge","twitter_misc":{"Dur\u00e9e de lecture estim\u00e9e":"2 minutes"},"schema":{"@context":"https:\/\/schema.org","@graph":[{"@type":"WebPage","@id":"https:\/\/www.eumedbridge.eu\/fr\/news\/le-haut-representantvice-president-josep-borrell-rencontre-le-ministre\/","url":"https:\/\/www.eumedbridge.eu\/fr\/news\/le-haut-representantvice-president-josep-borrell-rencontre-le-ministre\/","name":"Le Haut repr\u00e9sentant\/vice-pr\u00e9sident Josep\u00a0Borrell rencontre le ministre \u00e9gyptien des Affaires \u00e9trang\u00e8res, Sameh Shoukry - Voisins de l'UE","isPartOf":{"@id":"https:\/\/www.eumedbridge.eu\/#website"},"primaryImageOfPage":{"@id":"https:\/\/www.eumedbridge.eu\/fr\/news\/le-haut-representantvice-president-josep-borrell-rencontre-le-ministre\/#primaryimage"},"image":{"@id":"https:\/\/www.eumedbridge.eu\/fr\/news\/le-haut-representantvice-president-josep-borrell-rencontre-le-ministre\/#primaryimage"},"thumbnailUrl":"https:\/\/www.eumedbridge.eu\/wp-content\/uploads\/2022\/03\/eg.png","datePublished":"2021-07-12T21:00:00+00:00","dateModified":"2022-07-08T13:21:08+00:00","breadcrumb":{"@id":"https:\/\/www.eumedbridge.eu\/fr\/news\/le-haut-representantvice-president-josep-borrell-rencontre-le-ministre\/#breadcrumb"},"inLanguage":"fr-FR","potentialAction":[{"@type":"ReadAction","target":["https:\/\/www.eumedbridge.eu\/fr\/news\/le-haut-representantvice-president-josep-borrell-rencontre-le-ministre\/"]}]},{"@type":"ImageObject","inLanguage":"fr-FR","@id":"https:\/\/www.eumedbridge.eu\/fr\/news\/le-haut-representantvice-president-josep-borrell-rencontre-le-ministre\/#primaryimage","url":"https:\/\/www.eumedbridge.eu\/wp-content\/uploads\/2022\/03\/eg.png","contentUrl":"https:\/\/www.eumedbridge.eu\/wp-content\/uploads\/2022\/03\/eg.png","width":709,"height":379},{"@type":"BreadcrumbList","@id":"https:\/\/www.eumedbridge.eu\/fr\/news\/le-haut-representantvice-president-josep-borrell-rencontre-le-ministre\/#breadcrumb","itemListElement":[{"@type":"ListItem","position":1,"name":"Home","item":"https:\/\/www.eumedbridge.eu\/fr\/home-page\/"},{"@type":"ListItem","position":2,"name":"Actualit\u00e9s","item":"https:\/\/www.eumedbridge.eu\/fr\/news\/"},{"@type":"ListItem","position":3,"name":"Le Haut repr\u00e9sentant\/vice-pr\u00e9sident Josep\u00a0Borrell rencontre le ministre \u00e9gyptien des Affaires \u00e9trang\u00e8res, Sameh Shoukry"}]},{"@type":"WebSite","@id":"https:\/\/www.eumedbridge.eu\/#website","url":"https:\/\/www.eumedbridge.eu\/","name":"EU Medbridge","description":"","publisher":{"@id":"https:\/\/www.eumedbridge.eu\/#organization"},"potentialAction":[{"@type":"SearchAction","target":{"@type":"EntryPoint","urlTemplate":"https:\/\/www.eumedbridge.eu\/?s={search_term_string}"},"query-input":{"@type":"PropertyValueSpecification","valueRequired":true,"valueName":"search_term_string"}}],"inLanguage":"fr-FR"},{"@type":"Organization","@id":"https:\/\/www.eumedbridge.eu\/#organization","name":"EU Medbridge","url":"https:\/\/www.eumedbridge.eu\/","logo":{"@type":"ImageObject","inLanguage":"fr-FR","@id":"https:\/\/www.eumedbridge.eu\/#\/schema\/logo\/image\/","url":"https:\/\/www.eumedbridge.eu\/wp-content\/uploads\/2021\/12\/Logo.png","contentUrl":"https:\/\/www.eumedbridge.eu\/wp-content\/uploads\/2021\/12\/Logo.png","width":325,"height":114,"caption":"EU Medbridge"},"image":{"@id":"https:\/\/www.eumedbridge.eu\/#\/schema\/logo\/image\/"},"sameAs":["https:\/\/www.facebook.com\/eumedbridge\/","https:\/\/x.com\/eumedbridge","https:\/\/www.linkedin.com\/company\/eumedbridge","https:\/\/www.youtube.com\/@eumedbridge","https:\/\/www.instagram.com\/eumedbridge","https:\/\/www.flickr.com\/photos\/euneighbours-south\/"]}]}},"_links":{"self":[{"href":"https:\/\/www.eumedbridge.eu\/fr\/wp-json\/wp\/v2\/news\/158670","targetHints":{"allow":["GET"]}}],"collection":[{"href":"https:\/\/www.eumedbridge.eu\/fr\/wp-json\/wp\/v2\/news"}],"about":[{"href":"https:\/\/www.eumedbridge.eu\/fr\/wp-json\/wp\/v2\/types\/news"}],"wp:featuredmedia":[{"embeddable":true,"href":"https:\/\/www.eumedbridge.eu\/fr\/wp-json\/wp\/v2\/media\/72163"}],"wp:attachment":[{"href":"https:\/\/www.eumedbridge.eu\/fr\/wp-json\/wp\/v2\/media?parent=158670"}],"wp:term":[{"taxonomy":"news_category","embeddable":true,"href":"https:\/\/www.eumedbridge.eu\/fr\/wp-json\/wp\/v2\/news_category?post=158670"},{"taxonomy":"country","embeddable":true,"href":"https:\/\/www.eumedbridge.eu\/fr\/wp-json\/wp\/v2\/country?post=158670"},{"taxonomy":"special_action","embeddable":true,"href":"https:\/\/www.eumedbridge.eu\/fr\/wp-json\/wp\/v2\/special_action?post=158670"},{"taxonomy":"custom_tag","embeddable":true,"href":"https:\/\/www.eumedbridge.eu\/fr\/wp-json\/wp\/v2\/custom_tag?post=158670"}],"curies":[{"name":"wp","href":"https:\/\/api.w.org\/{rel}","templated":true}]}}