{"id":158707,"date":"2021-07-01T00:00:00","date_gmt":"2021-06-30T21:00:00","guid":{"rendered":"http:\/\/south.euneighbours.eu\/news\/evenement-en-ligne-de-lupm-les-jeunes-contre-les-discours-de-haine-sur-les-medias-sociaux\/"},"modified":"2022-07-08T16:22:42","modified_gmt":"2022-07-08T13:22:42","slug":"evenement-en-ligne-de-lupm-les-jeunes-contre-les-discours-de-haine-sur-les","status":"publish","type":"news","link":"https:\/\/www.eumedbridge.eu\/fr\/news\/evenement-en-ligne-de-lupm-les-jeunes-contre-les-discours-de-haine-sur-les\/","title":{"rendered":"\u00c9v\u00e9nement en ligne de l\u2019UpM\u00a0: \u00ab\u00a0Les jeunes contre les discours de haine sur les m\u00e9dias sociaux\u00a0\u00bb"},"content":{"rendered":"<p><span>Face \u00e0 la recrudescence des discours de haine en ligne, l\u2019<\/span><strong><strong>Union pour la M\u00e9diterran\u00e9e<\/strong><\/strong><span>\u00a0a ressenti le besoin d\u2019aborder ce th\u00e8me aupr\u00e8s des jeunes de la <\/span><strong><strong>r\u00e9gion euro-m\u00e9diterran\u00e9enne<\/strong><\/strong><span>\u00a0afin de promouvoir des soci\u00e9t\u00e9s pacifiques, inclusives et justes dans le respect de la diversit\u00e9.<\/span><\/p>\n<p><span>L\u2019\u00e9v\u00e9nement en ligne intitul\u00e9 \u00ab\u00a0<\/span><strong><strong>Les jeunes contre les discours de haine sur les m\u00e9dias sociaux<\/strong><\/strong><span>\u00a0\u00bb avait pour but de faire obstacle aux cons\u00e9quences n\u00e9gatives des discours de haine qui ont d\u00e9j\u00e0 \u00e9t\u00e9 observ\u00e9es dans de nombreux contextes \u00e0 travers le monde, que ce soit en ligne ou hors ligne, telles que la propagation de l\u2019intol\u00e9rance et de la haine, ainsi que la discrimination d\u2019individus et de groupes sociaux sp\u00e9cifiques qui m\u00e8nent \u00e0 la division de nos soci\u00e9t\u00e9s.<\/span><\/p>\n<p><span>Les participants et les experts ont exprim\u00e9 leurs pr\u00e9occupations communes concernant les menaces que font peser les discours de haine sur l\u2019int\u00e9grit\u00e9 et l\u2019harmonie de leurs soci\u00e9t\u00e9s respectives. Ils ont \u00e9galement identifi\u00e9 ses diff\u00e9rentes formes et pratiques et analys\u00e9 les effets n\u00e9gatifs de ce ph\u00e9nom\u00e8ne end\u00e9mique sur le plan social, politique, psychologique et physiologique.<\/span><\/p>\n<p><strong><span>Pour plus d&rsquo;informations<\/span><\/strong><\/p>\n<p><a href=\"https:\/\/ufmsecretariat.org\/young-people-against-hate-speech-on-social-media\/\"><span>Communiqu\u00e9 de presse<\/span><\/a><\/p>\n","protected":false},"featured_media":71763,"parent":0,"template":"","news_category":[],"country":[1946,1947,1950,2124,1949,1951,1953,1952,2029,1955],"special_action":[],"custom_tag":[2312,1970,1897],"class_list":["post-158707","news","type-news","status-publish","has-post-thumbnail","hentry","country-algerie","country-egypte","country-israel-fr","country-jordanie","country-liban","country-libye","country-maroc","country-palestine-fr","country-syrie","country-tunisie","custom_tag-developpement-durable","custom_tag-jeunesse","custom_tag-medias"],"acf":[],"yoast_head":"<!-- This site is optimized with the Yoast SEO plugin v26.5 - https:\/\/yoast.com\/wordpress\/plugins\/seo\/ -->\n<title>\u00c9v\u00e9nement en ligne de l\u2019UpM\u00a0: \u00ab\u00a0Les jeunes contre les discours de haine sur les m\u00e9dias sociaux\u00a0\u00bb - Voisins de l&#039;UE<\/title>\n<meta name=\"robots\" content=\"index, follow, max-snippet:-1, max-image-preview:large, max-video-preview:-1\" \/>\n<link rel=\"canonical\" href=\"https:\/\/www.eumedbridge.eu\/fr\/news\/evenement-en-ligne-de-lupm-les-jeunes-contre-les-discours-de-haine-sur-les\/\" \/>\n<meta property=\"og:locale\" content=\"fr_FR\" \/>\n<meta property=\"og:type\" content=\"article\" \/>\n<meta property=\"og:title\" content=\"\u00c9v\u00e9nement en ligne de l\u2019UpM\u00a0: \u00ab\u00a0Les jeunes contre les discours de haine sur les m\u00e9dias sociaux\u00a0\u00bb - Voisins de l&#039;UE\" \/>\n<meta property=\"og:description\" content=\"Face \u00e0 la recrudescence des discours de haine en ligne, l\u2019Union pour la M\u00e9diterran\u00e9e\u00a0a ressenti le besoin d\u2019aborder ce th\u00e8me aupr\u00e8s des jeunes de la r\u00e9gion euro-m\u00e9diterran\u00e9enne\u00a0afin de promouvoir des soci\u00e9t\u00e9s pacifiques, inclusives et justes dans le respect de la diversit\u00e9. L\u2019\u00e9v\u00e9nement en ligne intitul\u00e9 \u00ab\u00a0Les jeunes contre les discours de haine sur les m\u00e9dias [&hellip;]\" \/>\n<meta property=\"og:url\" content=\"https:\/\/www.eumedbridge.eu\/fr\/news\/evenement-en-ligne-de-lupm-les-jeunes-contre-les-discours-de-haine-sur-les\/\" \/>\n<meta property=\"og:site_name\" content=\"Voisins de l&#039;UE\" \/>\n<meta property=\"article:publisher\" content=\"https:\/\/www.facebook.com\/eumedbridge\/\" \/>\n<meta property=\"article:modified_time\" content=\"2022-07-08T13:22:42+00:00\" \/>\n<meta property=\"og:image\" content=\"https:\/\/www.eumedbridge.eu\/wp-content\/uploads\/2022\/03\/ufm-10.jpg\" \/>\n\t<meta property=\"og:image:width\" content=\"1170\" \/>\n\t<meta property=\"og:image:height\" content=\"440\" \/>\n\t<meta property=\"og:image:type\" content=\"image\/jpeg\" \/>\n<meta name=\"twitter:card\" content=\"summary_large_image\" \/>\n<meta name=\"twitter:site\" content=\"@eumedbridge\" \/>\n<meta name=\"twitter:label1\" content=\"Dur\u00e9e de lecture estim\u00e9e\" \/>\n\t<meta name=\"twitter:data1\" content=\"1 minute\" \/>\n<script type=\"application\/ld+json\" class=\"yoast-schema-graph\">{\"@context\":\"https:\/\/schema.org\",\"@graph\":[{\"@type\":\"WebPage\",\"@id\":\"https:\/\/www.eumedbridge.eu\/fr\/news\/evenement-en-ligne-de-lupm-les-jeunes-contre-les-discours-de-haine-sur-les\/\",\"url\":\"https:\/\/www.eumedbridge.eu\/fr\/news\/evenement-en-ligne-de-lupm-les-jeunes-contre-les-discours-de-haine-sur-les\/\",\"name\":\"\u00c9v\u00e9nement en ligne de l\u2019UpM\u00a0: \u00ab\u00a0Les jeunes contre les discours de haine sur les m\u00e9dias sociaux\u00a0\u00bb - Voisins de l'UE\",\"isPartOf\":{\"@id\":\"https:\/\/www.eumedbridge.eu\/#website\"},\"primaryImageOfPage\":{\"@id\":\"https:\/\/www.eumedbridge.eu\/fr\/news\/evenement-en-ligne-de-lupm-les-jeunes-contre-les-discours-de-haine-sur-les\/#primaryimage\"},\"image\":{\"@id\":\"https:\/\/www.eumedbridge.eu\/fr\/news\/evenement-en-ligne-de-lupm-les-jeunes-contre-les-discours-de-haine-sur-les\/#primaryimage\"},\"thumbnailUrl\":\"https:\/\/www.eumedbridge.eu\/wp-content\/uploads\/2022\/03\/ufm-10.jpg\",\"datePublished\":\"2021-06-30T21:00:00+00:00\",\"dateModified\":\"2022-07-08T13:22:42+00:00\",\"breadcrumb\":{\"@id\":\"https:\/\/www.eumedbridge.eu\/fr\/news\/evenement-en-ligne-de-lupm-les-jeunes-contre-les-discours-de-haine-sur-les\/#breadcrumb\"},\"inLanguage\":\"fr-FR\",\"potentialAction\":[{\"@type\":\"ReadAction\",\"target\":[\"https:\/\/www.eumedbridge.eu\/fr\/news\/evenement-en-ligne-de-lupm-les-jeunes-contre-les-discours-de-haine-sur-les\/\"]}]},{\"@type\":\"ImageObject\",\"inLanguage\":\"fr-FR\",\"@id\":\"https:\/\/www.eumedbridge.eu\/fr\/news\/evenement-en-ligne-de-lupm-les-jeunes-contre-les-discours-de-haine-sur-les\/#primaryimage\",\"url\":\"https:\/\/www.eumedbridge.eu\/wp-content\/uploads\/2022\/03\/ufm-10.jpg\",\"contentUrl\":\"https:\/\/www.eumedbridge.eu\/wp-content\/uploads\/2022\/03\/ufm-10.jpg\",\"width\":1170,\"height\":440},{\"@type\":\"BreadcrumbList\",\"@id\":\"https:\/\/www.eumedbridge.eu\/fr\/news\/evenement-en-ligne-de-lupm-les-jeunes-contre-les-discours-de-haine-sur-les\/#breadcrumb\",\"itemListElement\":[{\"@type\":\"ListItem\",\"position\":1,\"name\":\"Home\",\"item\":\"https:\/\/www.eumedbridge.eu\/fr\/home-page\/\"},{\"@type\":\"ListItem\",\"position\":2,\"name\":\"Actualit\u00e9s\",\"item\":\"https:\/\/www.eumedbridge.eu\/fr\/news\/\"},{\"@type\":\"ListItem\",\"position\":3,\"name\":\"\u00c9v\u00e9nement en ligne de l\u2019UpM\u00a0: \u00ab\u00a0Les jeunes contre les discours de haine sur les m\u00e9dias sociaux\u00a0\u00bb\"}]},{\"@type\":\"WebSite\",\"@id\":\"https:\/\/www.eumedbridge.eu\/#website\",\"url\":\"https:\/\/www.eumedbridge.eu\/\",\"name\":\"EU Medbridge\",\"description\":\"\",\"publisher\":{\"@id\":\"https:\/\/www.eumedbridge.eu\/#organization\"},\"potentialAction\":[{\"@type\":\"SearchAction\",\"target\":{\"@type\":\"EntryPoint\",\"urlTemplate\":\"https:\/\/www.eumedbridge.eu\/?s={search_term_string}\"},\"query-input\":{\"@type\":\"PropertyValueSpecification\",\"valueRequired\":true,\"valueName\":\"search_term_string\"}}],\"inLanguage\":\"fr-FR\"},{\"@type\":\"Organization\",\"@id\":\"https:\/\/www.eumedbridge.eu\/#organization\",\"name\":\"EU Medbridge\",\"url\":\"https:\/\/www.eumedbridge.eu\/\",\"logo\":{\"@type\":\"ImageObject\",\"inLanguage\":\"fr-FR\",\"@id\":\"https:\/\/www.eumedbridge.eu\/#\/schema\/logo\/image\/\",\"url\":\"https:\/\/www.eumedbridge.eu\/wp-content\/uploads\/2021\/12\/Logo.png\",\"contentUrl\":\"https:\/\/www.eumedbridge.eu\/wp-content\/uploads\/2021\/12\/Logo.png\",\"width\":325,\"height\":114,\"caption\":\"EU Medbridge\"},\"image\":{\"@id\":\"https:\/\/www.eumedbridge.eu\/#\/schema\/logo\/image\/\"},\"sameAs\":[\"https:\/\/www.facebook.com\/eumedbridge\/\",\"https:\/\/x.com\/eumedbridge\",\"https:\/\/www.linkedin.com\/company\/eumedbridge\",\"https:\/\/www.youtube.com\/@eumedbridge\",\"https:\/\/www.instagram.com\/eumedbridge\",\"https:\/\/www.flickr.com\/photos\/euneighbours-south\/\"]}]}<\/script>\n<!-- \/ Yoast SEO plugin. -->","yoast_head_json":{"title":"\u00c9v\u00e9nement en ligne de l\u2019UpM\u00a0: \u00ab\u00a0Les jeunes contre les discours de haine sur les m\u00e9dias sociaux\u00a0\u00bb - Voisins de l'UE","robots":{"index":"index","follow":"follow","max-snippet":"max-snippet:-1","max-image-preview":"max-image-preview:large","max-video-preview":"max-video-preview:-1"},"canonical":"https:\/\/www.eumedbridge.eu\/fr\/news\/evenement-en-ligne-de-lupm-les-jeunes-contre-les-discours-de-haine-sur-les\/","og_locale":"fr_FR","og_type":"article","og_title":"\u00c9v\u00e9nement en ligne de l\u2019UpM\u00a0: \u00ab\u00a0Les jeunes contre les discours de haine sur les m\u00e9dias sociaux\u00a0\u00bb - Voisins de l'UE","og_description":"Face \u00e0 la recrudescence des discours de haine en ligne, l\u2019Union pour la M\u00e9diterran\u00e9e\u00a0a ressenti le besoin d\u2019aborder ce th\u00e8me aupr\u00e8s des jeunes de la r\u00e9gion euro-m\u00e9diterran\u00e9enne\u00a0afin de promouvoir des soci\u00e9t\u00e9s pacifiques, inclusives et justes dans le respect de la diversit\u00e9. L\u2019\u00e9v\u00e9nement en ligne intitul\u00e9 \u00ab\u00a0Les jeunes contre les discours de haine sur les m\u00e9dias [&hellip;]","og_url":"https:\/\/www.eumedbridge.eu\/fr\/news\/evenement-en-ligne-de-lupm-les-jeunes-contre-les-discours-de-haine-sur-les\/","og_site_name":"Voisins de l'UE","article_publisher":"https:\/\/www.facebook.com\/eumedbridge\/","article_modified_time":"2022-07-08T13:22:42+00:00","og_image":[{"width":1170,"height":440,"url":"https:\/\/www.eumedbridge.eu\/wp-content\/uploads\/2022\/03\/ufm-10.jpg","type":"image\/jpeg"}],"twitter_card":"summary_large_image","twitter_site":"@eumedbridge","twitter_misc":{"Dur\u00e9e de lecture estim\u00e9e":"1 minute"},"schema":{"@context":"https:\/\/schema.org","@graph":[{"@type":"WebPage","@id":"https:\/\/www.eumedbridge.eu\/fr\/news\/evenement-en-ligne-de-lupm-les-jeunes-contre-les-discours-de-haine-sur-les\/","url":"https:\/\/www.eumedbridge.eu\/fr\/news\/evenement-en-ligne-de-lupm-les-jeunes-contre-les-discours-de-haine-sur-les\/","name":"\u00c9v\u00e9nement en ligne de l\u2019UpM\u00a0: \u00ab\u00a0Les jeunes contre les discours de haine sur les m\u00e9dias sociaux\u00a0\u00bb - Voisins de l'UE","isPartOf":{"@id":"https:\/\/www.eumedbridge.eu\/#website"},"primaryImageOfPage":{"@id":"https:\/\/www.eumedbridge.eu\/fr\/news\/evenement-en-ligne-de-lupm-les-jeunes-contre-les-discours-de-haine-sur-les\/#primaryimage"},"image":{"@id":"https:\/\/www.eumedbridge.eu\/fr\/news\/evenement-en-ligne-de-lupm-les-jeunes-contre-les-discours-de-haine-sur-les\/#primaryimage"},"thumbnailUrl":"https:\/\/www.eumedbridge.eu\/wp-content\/uploads\/2022\/03\/ufm-10.jpg","datePublished":"2021-06-30T21:00:00+00:00","dateModified":"2022-07-08T13:22:42+00:00","breadcrumb":{"@id":"https:\/\/www.eumedbridge.eu\/fr\/news\/evenement-en-ligne-de-lupm-les-jeunes-contre-les-discours-de-haine-sur-les\/#breadcrumb"},"inLanguage":"fr-FR","potentialAction":[{"@type":"ReadAction","target":["https:\/\/www.eumedbridge.eu\/fr\/news\/evenement-en-ligne-de-lupm-les-jeunes-contre-les-discours-de-haine-sur-les\/"]}]},{"@type":"ImageObject","inLanguage":"fr-FR","@id":"https:\/\/www.eumedbridge.eu\/fr\/news\/evenement-en-ligne-de-lupm-les-jeunes-contre-les-discours-de-haine-sur-les\/#primaryimage","url":"https:\/\/www.eumedbridge.eu\/wp-content\/uploads\/2022\/03\/ufm-10.jpg","contentUrl":"https:\/\/www.eumedbridge.eu\/wp-content\/uploads\/2022\/03\/ufm-10.jpg","width":1170,"height":440},{"@type":"BreadcrumbList","@id":"https:\/\/www.eumedbridge.eu\/fr\/news\/evenement-en-ligne-de-lupm-les-jeunes-contre-les-discours-de-haine-sur-les\/#breadcrumb","itemListElement":[{"@type":"ListItem","position":1,"name":"Home","item":"https:\/\/www.eumedbridge.eu\/fr\/home-page\/"},{"@type":"ListItem","position":2,"name":"Actualit\u00e9s","item":"https:\/\/www.eumedbridge.eu\/fr\/news\/"},{"@type":"ListItem","position":3,"name":"\u00c9v\u00e9nement en ligne de l\u2019UpM\u00a0: \u00ab\u00a0Les jeunes contre les discours de haine sur les m\u00e9dias sociaux\u00a0\u00bb"}]},{"@type":"WebSite","@id":"https:\/\/www.eumedbridge.eu\/#website","url":"https:\/\/www.eumedbridge.eu\/","name":"EU Medbridge","description":"","publisher":{"@id":"https:\/\/www.eumedbridge.eu\/#organization"},"potentialAction":[{"@type":"SearchAction","target":{"@type":"EntryPoint","urlTemplate":"https:\/\/www.eumedbridge.eu\/?s={search_term_string}"},"query-input":{"@type":"PropertyValueSpecification","valueRequired":true,"valueName":"search_term_string"}}],"inLanguage":"fr-FR"},{"@type":"Organization","@id":"https:\/\/www.eumedbridge.eu\/#organization","name":"EU Medbridge","url":"https:\/\/www.eumedbridge.eu\/","logo":{"@type":"ImageObject","inLanguage":"fr-FR","@id":"https:\/\/www.eumedbridge.eu\/#\/schema\/logo\/image\/","url":"https:\/\/www.eumedbridge.eu\/wp-content\/uploads\/2021\/12\/Logo.png","contentUrl":"https:\/\/www.eumedbridge.eu\/wp-content\/uploads\/2021\/12\/Logo.png","width":325,"height":114,"caption":"EU Medbridge"},"image":{"@id":"https:\/\/www.eumedbridge.eu\/#\/schema\/logo\/image\/"},"sameAs":["https:\/\/www.facebook.com\/eumedbridge\/","https:\/\/x.com\/eumedbridge","https:\/\/www.linkedin.com\/company\/eumedbridge","https:\/\/www.youtube.com\/@eumedbridge","https:\/\/www.instagram.com\/eumedbridge","https:\/\/www.flickr.com\/photos\/euneighbours-south\/"]}]}},"_links":{"self":[{"href":"https:\/\/www.eumedbridge.eu\/fr\/wp-json\/wp\/v2\/news\/158707","targetHints":{"allow":["GET"]}}],"collection":[{"href":"https:\/\/www.eumedbridge.eu\/fr\/wp-json\/wp\/v2\/news"}],"about":[{"href":"https:\/\/www.eumedbridge.eu\/fr\/wp-json\/wp\/v2\/types\/news"}],"wp:featuredmedia":[{"embeddable":true,"href":"https:\/\/www.eumedbridge.eu\/fr\/wp-json\/wp\/v2\/media\/71763"}],"wp:attachment":[{"href":"https:\/\/www.eumedbridge.eu\/fr\/wp-json\/wp\/v2\/media?parent=158707"}],"wp:term":[{"taxonomy":"news_category","embeddable":true,"href":"https:\/\/www.eumedbridge.eu\/fr\/wp-json\/wp\/v2\/news_category?post=158707"},{"taxonomy":"country","embeddable":true,"href":"https:\/\/www.eumedbridge.eu\/fr\/wp-json\/wp\/v2\/country?post=158707"},{"taxonomy":"special_action","embeddable":true,"href":"https:\/\/www.eumedbridge.eu\/fr\/wp-json\/wp\/v2\/special_action?post=158707"},{"taxonomy":"custom_tag","embeddable":true,"href":"https:\/\/www.eumedbridge.eu\/fr\/wp-json\/wp\/v2\/custom_tag?post=158707"}],"curies":[{"name":"wp","href":"https:\/\/api.w.org\/{rel}","templated":true}]}}