{"id":158862,"date":"2021-05-19T00:00:00","date_gmt":"2021-05-18T21:00:00","guid":{"rendered":"http:\/\/south.euneighbours.eu\/news\/lequipe-europe-se-mobilise-pour-soutenir-les-economies-africaines\/"},"modified":"2022-07-12T13:42:15","modified_gmt":"2022-07-12T10:42:15","slug":"lequipe-europe-se-mobilise-pour-soutenir-les-economies-africaines","status":"publish","type":"news","link":"https:\/\/www.eumedbridge.eu\/fr\/news\/lequipe-europe-se-mobilise-pour-soutenir-les-economies-africaines\/","title":{"rendered":"L\u2019\u00c9quipe Europe se mobilise pour soutenir les \u00e9conomies africaines"},"content":{"rendered":"<p>La pr\u00e9sidente de la Commission europ\u00e9enne, <strong>Ursula\u00a0von\u00a0der\u00a0Leyen<\/strong> a annonc\u00e9 hier une initiative de l\u2019\u00c9quipe Europe (Team Europe) visant \u00e0 <strong>soutenir la reprise en Afrique<\/strong> apr\u00e8s la pand\u00e9mie de COVID-19. Elle a fait cette annonce alors qu\u2019elle rejoignait les dirigeants mondiaux au \u00ab\u00a0<strong>Sommet sur le financement des \u00e9conomies africaines\u00a0<\/strong>\u00bb organis\u00e9 par le pr\u00e9sident fran\u00e7ais, Emmanuel\u00a0Macron, \u00e0 Paris.<\/p>\n<p>La pr\u00e9sidente <strong>von\u00a0der\u00a0Leyen <\/strong>s\u2019est exprim\u00e9e en ces termes\u00a0: \u00ab\u00a0<em>L\u2019Europe peut grandement b\u00e9n\u00e9ficier du dynamisme et de la jeunesse de l\u2019\u00e9conomie africaine. C\u2019est pourquoi les initiatives prises dans le cadre de l\u2019\u00c9quipe Europe visent \u00e0 stimuler l\u2019esprit d\u2019entreprise chez les jeunes et \u00e0 soutenir les petites entreprises, qui constituent l\u2019\u00e9pine dorsale de l\u2019\u00e9conomie africaine. L\u2019Europe va \u00e9galement investir dans des syst\u00e8mes de sant\u00e9 plus r\u00e9silients et dans la production locale de vaccins en Afrique<\/em>\u00a0\u00bb.\u00a0\u00a0<\/p>\n<p>La <strong>d\u00e9claration du sommet<\/strong> que la pr\u00e9sidente von der\u00a0Leyen approuvera comprend <strong>deux piliers\u00a0<\/strong>: le premier consiste en une <strong>s\u00e9rie d\u2019engagements <\/strong>visant \u00e0 <strong>r\u00e9pondre aux besoins de financement de l\u2019Afrique<\/strong>, au moment o\u00f9 celle-ci \u0153uvre en faveur d\u2019une reprise rapide, \u00e9cologique et durable apr\u00e8s la pand\u00e9mie.<\/p>\n<p>Le <strong>deuxi\u00e8me pilier <\/strong>de la d\u00e9claration pr\u00e9voit un <strong>soutien accru \u00e0 la croissance<\/strong> \u00e0 long terme de l\u2019Afrique, gr\u00e2ce au <strong>d\u00e9veloppement d\u2019un secteur priv\u00e9<\/strong> jeune et dynamique et au <strong>financement d\u2019infrastructures<\/strong> de qualit\u00e9.\u00a0La premi\u00e8re de ces initiatives annonc\u00e9es, baptis\u00e9e \u00ab\u00a0<strong>Investir dans les jeunes entreprises en Afrique\u00a0<\/strong>\u00bb, aidera les micros, petites et moyennes entreprises du continent \u00e0 prendre leur essor et \u00e0 cr\u00e9er des emplois.<\/p>\n<p>L\u2019UE, ses \u00c9tats membres et les institutions europ\u00e9ennes de financement du d\u00e9veloppement, comme l\u2019\u00c9quipe Europe, sont les principaux partenaires de l\u2019Afrique.\u00a0Au cours des sept prochaines ann\u00e9es, dans le cadre du nouvel instrument de financement de l\u2019UE, \u00ab\u00a0L\u2019Europe dans le monde\u00a0\u00bb, <strong>12,5\u00a0milliards d\u2019euros<\/strong> seront consacr\u00e9s au <strong>voisinage m\u00e9ridional<\/strong> de l\u2019UE, dont une part importante ira \u00e0 <strong>l\u2019Afrique du Nord<\/strong>.<\/p>\n<p>\u00a0<\/p>\n<p><strong>Pour en savoir plus<\/strong><\/p>\n<p><a href=\"https:\/\/ec.europa.eu\/international-partnerships\/news\/team-europe-mobilises-support-african-economies_en\">Communiqu\u00e9 de presse<\/a><\/p>\n<p><a href=\"https:\/\/ec.europa.eu\/international-partnerships\/system\/files\/20210518-paris-summit-factsheet_en.pdf\">Fiche d&rsquo;information sur les relations UE-Afrique<\/a><\/p>\n<p><a href=\"https:\/\/ec.europa.eu\/international-partnerships\/system\/files\/20210516-team-europe-iyba-infographic_en.pdf\">Infographie sur l\u2019initiative Team Europe: Investir dans les jeunes entreprises en Afrique<\/a><\/p>\n","protected":false},"featured_media":69157,"parent":0,"template":"","news_category":[],"country":[1946,1947,1950,2124,1949,1951,1953,1952,2029,1955],"special_action":[],"custom_tag":[2312],"class_list":["post-158862","news","type-news","status-publish","has-post-thumbnail","hentry","country-algerie","country-egypte","country-israel-fr","country-jordanie","country-liban","country-libye","country-maroc","country-palestine-fr","country-syrie","country-tunisie","custom_tag-developpement-durable"],"acf":[],"yoast_head":"<!-- This site is optimized with the Yoast SEO plugin v26.5 - https:\/\/yoast.com\/wordpress\/plugins\/seo\/ -->\n<title>L\u2019\u00c9quipe Europe se mobilise pour soutenir les \u00e9conomies africaines - Voisins de l&#039;UE<\/title>\n<meta name=\"robots\" content=\"index, follow, max-snippet:-1, max-image-preview:large, max-video-preview:-1\" \/>\n<link rel=\"canonical\" href=\"https:\/\/www.eumedbridge.eu\/fr\/news\/lequipe-europe-se-mobilise-pour-soutenir-les-economies-africaines\/\" \/>\n<meta property=\"og:locale\" content=\"fr_FR\" \/>\n<meta property=\"og:type\" content=\"article\" \/>\n<meta property=\"og:title\" content=\"L\u2019\u00c9quipe Europe se mobilise pour soutenir les \u00e9conomies africaines - Voisins de l&#039;UE\" \/>\n<meta property=\"og:description\" content=\"La pr\u00e9sidente de la Commission europ\u00e9enne, Ursula\u00a0von\u00a0der\u00a0Leyen a annonc\u00e9 hier une initiative de l\u2019\u00c9quipe Europe (Team Europe) visant \u00e0 soutenir la reprise en Afrique apr\u00e8s la pand\u00e9mie de COVID-19. Elle a fait cette annonce alors qu\u2019elle rejoignait les dirigeants mondiaux au \u00ab\u00a0Sommet sur le financement des \u00e9conomies africaines\u00a0\u00bb organis\u00e9 par le pr\u00e9sident fran\u00e7ais, Emmanuel\u00a0Macron, \u00e0 [&hellip;]\" \/>\n<meta property=\"og:url\" content=\"https:\/\/www.eumedbridge.eu\/fr\/news\/lequipe-europe-se-mobilise-pour-soutenir-les-economies-africaines\/\" \/>\n<meta property=\"og:site_name\" content=\"Voisins de l&#039;UE\" \/>\n<meta property=\"article:publisher\" content=\"https:\/\/www.facebook.com\/eumedbridge\/\" \/>\n<meta property=\"article:modified_time\" content=\"2022-07-12T10:42:15+00:00\" \/>\n<meta property=\"og:image\" content=\"https:\/\/www.eumedbridge.eu\/wp-content\/uploads\/2022\/03\/photo-von-der-leyen.jpg\" \/>\n\t<meta property=\"og:image:width\" content=\"1140\" \/>\n\t<meta property=\"og:image:height\" content=\"641\" \/>\n\t<meta property=\"og:image:type\" content=\"image\/jpeg\" \/>\n<meta name=\"twitter:card\" content=\"summary_large_image\" \/>\n<meta name=\"twitter:site\" content=\"@eumedbridge\" \/>\n<meta name=\"twitter:label1\" content=\"Dur\u00e9e de lecture estim\u00e9e\" \/>\n\t<meta name=\"twitter:data1\" content=\"2 minutes\" \/>\n<script type=\"application\/ld+json\" class=\"yoast-schema-graph\">{\"@context\":\"https:\/\/schema.org\",\"@graph\":[{\"@type\":\"WebPage\",\"@id\":\"https:\/\/www.eumedbridge.eu\/fr\/news\/lequipe-europe-se-mobilise-pour-soutenir-les-economies-africaines\/\",\"url\":\"https:\/\/www.eumedbridge.eu\/fr\/news\/lequipe-europe-se-mobilise-pour-soutenir-les-economies-africaines\/\",\"name\":\"L\u2019\u00c9quipe Europe se mobilise pour soutenir les \u00e9conomies africaines - Voisins de l'UE\",\"isPartOf\":{\"@id\":\"https:\/\/www.eumedbridge.eu\/#website\"},\"primaryImageOfPage\":{\"@id\":\"https:\/\/www.eumedbridge.eu\/fr\/news\/lequipe-europe-se-mobilise-pour-soutenir-les-economies-africaines\/#primaryimage\"},\"image\":{\"@id\":\"https:\/\/www.eumedbridge.eu\/fr\/news\/lequipe-europe-se-mobilise-pour-soutenir-les-economies-africaines\/#primaryimage\"},\"thumbnailUrl\":\"https:\/\/www.eumedbridge.eu\/wp-content\/uploads\/2022\/03\/photo-von-der-leyen.jpg\",\"datePublished\":\"2021-05-18T21:00:00+00:00\",\"dateModified\":\"2022-07-12T10:42:15+00:00\",\"breadcrumb\":{\"@id\":\"https:\/\/www.eumedbridge.eu\/fr\/news\/lequipe-europe-se-mobilise-pour-soutenir-les-economies-africaines\/#breadcrumb\"},\"inLanguage\":\"fr-FR\",\"potentialAction\":[{\"@type\":\"ReadAction\",\"target\":[\"https:\/\/www.eumedbridge.eu\/fr\/news\/lequipe-europe-se-mobilise-pour-soutenir-les-economies-africaines\/\"]}]},{\"@type\":\"ImageObject\",\"inLanguage\":\"fr-FR\",\"@id\":\"https:\/\/www.eumedbridge.eu\/fr\/news\/lequipe-europe-se-mobilise-pour-soutenir-les-economies-africaines\/#primaryimage\",\"url\":\"https:\/\/www.eumedbridge.eu\/wp-content\/uploads\/2022\/03\/photo-von-der-leyen.jpg\",\"contentUrl\":\"https:\/\/www.eumedbridge.eu\/wp-content\/uploads\/2022\/03\/photo-von-der-leyen.jpg\",\"width\":1140,\"height\":641},{\"@type\":\"BreadcrumbList\",\"@id\":\"https:\/\/www.eumedbridge.eu\/fr\/news\/lequipe-europe-se-mobilise-pour-soutenir-les-economies-africaines\/#breadcrumb\",\"itemListElement\":[{\"@type\":\"ListItem\",\"position\":1,\"name\":\"Home\",\"item\":\"https:\/\/www.eumedbridge.eu\/fr\/home-page\/\"},{\"@type\":\"ListItem\",\"position\":2,\"name\":\"Actualit\u00e9s\",\"item\":\"https:\/\/www.eumedbridge.eu\/fr\/news\/\"},{\"@type\":\"ListItem\",\"position\":3,\"name\":\"L\u2019\u00c9quipe Europe se mobilise pour soutenir les \u00e9conomies africaines\"}]},{\"@type\":\"WebSite\",\"@id\":\"https:\/\/www.eumedbridge.eu\/#website\",\"url\":\"https:\/\/www.eumedbridge.eu\/\",\"name\":\"EU Medbridge\",\"description\":\"\",\"publisher\":{\"@id\":\"https:\/\/www.eumedbridge.eu\/#organization\"},\"potentialAction\":[{\"@type\":\"SearchAction\",\"target\":{\"@type\":\"EntryPoint\",\"urlTemplate\":\"https:\/\/www.eumedbridge.eu\/?s={search_term_string}\"},\"query-input\":{\"@type\":\"PropertyValueSpecification\",\"valueRequired\":true,\"valueName\":\"search_term_string\"}}],\"inLanguage\":\"fr-FR\"},{\"@type\":\"Organization\",\"@id\":\"https:\/\/www.eumedbridge.eu\/#organization\",\"name\":\"EU Medbridge\",\"url\":\"https:\/\/www.eumedbridge.eu\/\",\"logo\":{\"@type\":\"ImageObject\",\"inLanguage\":\"fr-FR\",\"@id\":\"https:\/\/www.eumedbridge.eu\/#\/schema\/logo\/image\/\",\"url\":\"https:\/\/www.eumedbridge.eu\/wp-content\/uploads\/2021\/12\/Logo.png\",\"contentUrl\":\"https:\/\/www.eumedbridge.eu\/wp-content\/uploads\/2021\/12\/Logo.png\",\"width\":325,\"height\":114,\"caption\":\"EU Medbridge\"},\"image\":{\"@id\":\"https:\/\/www.eumedbridge.eu\/#\/schema\/logo\/image\/\"},\"sameAs\":[\"https:\/\/www.facebook.com\/eumedbridge\/\",\"https:\/\/x.com\/eumedbridge\",\"https:\/\/www.linkedin.com\/company\/eumedbridge\",\"https:\/\/www.youtube.com\/@eumedbridge\",\"https:\/\/www.instagram.com\/eumedbridge\",\"https:\/\/www.flickr.com\/photos\/euneighbours-south\/\"]}]}<\/script>\n<!-- \/ Yoast SEO plugin. -->","yoast_head_json":{"title":"L\u2019\u00c9quipe Europe se mobilise pour soutenir les \u00e9conomies africaines - Voisins de l'UE","robots":{"index":"index","follow":"follow","max-snippet":"max-snippet:-1","max-image-preview":"max-image-preview:large","max-video-preview":"max-video-preview:-1"},"canonical":"https:\/\/www.eumedbridge.eu\/fr\/news\/lequipe-europe-se-mobilise-pour-soutenir-les-economies-africaines\/","og_locale":"fr_FR","og_type":"article","og_title":"L\u2019\u00c9quipe Europe se mobilise pour soutenir les \u00e9conomies africaines - Voisins de l'UE","og_description":"La pr\u00e9sidente de la Commission europ\u00e9enne, Ursula\u00a0von\u00a0der\u00a0Leyen a annonc\u00e9 hier une initiative de l\u2019\u00c9quipe Europe (Team Europe) visant \u00e0 soutenir la reprise en Afrique apr\u00e8s la pand\u00e9mie de COVID-19. Elle a fait cette annonce alors qu\u2019elle rejoignait les dirigeants mondiaux au \u00ab\u00a0Sommet sur le financement des \u00e9conomies africaines\u00a0\u00bb organis\u00e9 par le pr\u00e9sident fran\u00e7ais, Emmanuel\u00a0Macron, \u00e0 [&hellip;]","og_url":"https:\/\/www.eumedbridge.eu\/fr\/news\/lequipe-europe-se-mobilise-pour-soutenir-les-economies-africaines\/","og_site_name":"Voisins de l'UE","article_publisher":"https:\/\/www.facebook.com\/eumedbridge\/","article_modified_time":"2022-07-12T10:42:15+00:00","og_image":[{"width":1140,"height":641,"url":"https:\/\/www.eumedbridge.eu\/wp-content\/uploads\/2022\/03\/photo-von-der-leyen.jpg","type":"image\/jpeg"}],"twitter_card":"summary_large_image","twitter_site":"@eumedbridge","twitter_misc":{"Dur\u00e9e de lecture estim\u00e9e":"2 minutes"},"schema":{"@context":"https:\/\/schema.org","@graph":[{"@type":"WebPage","@id":"https:\/\/www.eumedbridge.eu\/fr\/news\/lequipe-europe-se-mobilise-pour-soutenir-les-economies-africaines\/","url":"https:\/\/www.eumedbridge.eu\/fr\/news\/lequipe-europe-se-mobilise-pour-soutenir-les-economies-africaines\/","name":"L\u2019\u00c9quipe Europe se mobilise pour soutenir les \u00e9conomies africaines - Voisins de l'UE","isPartOf":{"@id":"https:\/\/www.eumedbridge.eu\/#website"},"primaryImageOfPage":{"@id":"https:\/\/www.eumedbridge.eu\/fr\/news\/lequipe-europe-se-mobilise-pour-soutenir-les-economies-africaines\/#primaryimage"},"image":{"@id":"https:\/\/www.eumedbridge.eu\/fr\/news\/lequipe-europe-se-mobilise-pour-soutenir-les-economies-africaines\/#primaryimage"},"thumbnailUrl":"https:\/\/www.eumedbridge.eu\/wp-content\/uploads\/2022\/03\/photo-von-der-leyen.jpg","datePublished":"2021-05-18T21:00:00+00:00","dateModified":"2022-07-12T10:42:15+00:00","breadcrumb":{"@id":"https:\/\/www.eumedbridge.eu\/fr\/news\/lequipe-europe-se-mobilise-pour-soutenir-les-economies-africaines\/#breadcrumb"},"inLanguage":"fr-FR","potentialAction":[{"@type":"ReadAction","target":["https:\/\/www.eumedbridge.eu\/fr\/news\/lequipe-europe-se-mobilise-pour-soutenir-les-economies-africaines\/"]}]},{"@type":"ImageObject","inLanguage":"fr-FR","@id":"https:\/\/www.eumedbridge.eu\/fr\/news\/lequipe-europe-se-mobilise-pour-soutenir-les-economies-africaines\/#primaryimage","url":"https:\/\/www.eumedbridge.eu\/wp-content\/uploads\/2022\/03\/photo-von-der-leyen.jpg","contentUrl":"https:\/\/www.eumedbridge.eu\/wp-content\/uploads\/2022\/03\/photo-von-der-leyen.jpg","width":1140,"height":641},{"@type":"BreadcrumbList","@id":"https:\/\/www.eumedbridge.eu\/fr\/news\/lequipe-europe-se-mobilise-pour-soutenir-les-economies-africaines\/#breadcrumb","itemListElement":[{"@type":"ListItem","position":1,"name":"Home","item":"https:\/\/www.eumedbridge.eu\/fr\/home-page\/"},{"@type":"ListItem","position":2,"name":"Actualit\u00e9s","item":"https:\/\/www.eumedbridge.eu\/fr\/news\/"},{"@type":"ListItem","position":3,"name":"L\u2019\u00c9quipe Europe se mobilise pour soutenir les \u00e9conomies africaines"}]},{"@type":"WebSite","@id":"https:\/\/www.eumedbridge.eu\/#website","url":"https:\/\/www.eumedbridge.eu\/","name":"EU Medbridge","description":"","publisher":{"@id":"https:\/\/www.eumedbridge.eu\/#organization"},"potentialAction":[{"@type":"SearchAction","target":{"@type":"EntryPoint","urlTemplate":"https:\/\/www.eumedbridge.eu\/?s={search_term_string}"},"query-input":{"@type":"PropertyValueSpecification","valueRequired":true,"valueName":"search_term_string"}}],"inLanguage":"fr-FR"},{"@type":"Organization","@id":"https:\/\/www.eumedbridge.eu\/#organization","name":"EU Medbridge","url":"https:\/\/www.eumedbridge.eu\/","logo":{"@type":"ImageObject","inLanguage":"fr-FR","@id":"https:\/\/www.eumedbridge.eu\/#\/schema\/logo\/image\/","url":"https:\/\/www.eumedbridge.eu\/wp-content\/uploads\/2021\/12\/Logo.png","contentUrl":"https:\/\/www.eumedbridge.eu\/wp-content\/uploads\/2021\/12\/Logo.png","width":325,"height":114,"caption":"EU Medbridge"},"image":{"@id":"https:\/\/www.eumedbridge.eu\/#\/schema\/logo\/image\/"},"sameAs":["https:\/\/www.facebook.com\/eumedbridge\/","https:\/\/x.com\/eumedbridge","https:\/\/www.linkedin.com\/company\/eumedbridge","https:\/\/www.youtube.com\/@eumedbridge","https:\/\/www.instagram.com\/eumedbridge","https:\/\/www.flickr.com\/photos\/euneighbours-south\/"]}]}},"_links":{"self":[{"href":"https:\/\/www.eumedbridge.eu\/fr\/wp-json\/wp\/v2\/news\/158862","targetHints":{"allow":["GET"]}}],"collection":[{"href":"https:\/\/www.eumedbridge.eu\/fr\/wp-json\/wp\/v2\/news"}],"about":[{"href":"https:\/\/www.eumedbridge.eu\/fr\/wp-json\/wp\/v2\/types\/news"}],"wp:featuredmedia":[{"embeddable":true,"href":"https:\/\/www.eumedbridge.eu\/fr\/wp-json\/wp\/v2\/media\/69157"}],"wp:attachment":[{"href":"https:\/\/www.eumedbridge.eu\/fr\/wp-json\/wp\/v2\/media?parent=158862"}],"wp:term":[{"taxonomy":"news_category","embeddable":true,"href":"https:\/\/www.eumedbridge.eu\/fr\/wp-json\/wp\/v2\/news_category?post=158862"},{"taxonomy":"country","embeddable":true,"href":"https:\/\/www.eumedbridge.eu\/fr\/wp-json\/wp\/v2\/country?post=158862"},{"taxonomy":"special_action","embeddable":true,"href":"https:\/\/www.eumedbridge.eu\/fr\/wp-json\/wp\/v2\/special_action?post=158862"},{"taxonomy":"custom_tag","embeddable":true,"href":"https:\/\/www.eumedbridge.eu\/fr\/wp-json\/wp\/v2\/custom_tag?post=158862"}],"curies":[{"name":"wp","href":"https:\/\/api.w.org\/{rel}","templated":true}]}}