{"id":159030,"date":"2021-04-07T00:00:00","date_gmt":"2021-04-06T21:00:00","guid":{"rendered":"http:\/\/south.euneighbours.eu\/news\/declaration-de-la-delegation-locale-de-lue-sur-la-journee-de-commemoration-de-lholocauste-a-israel-yom-hashoah\/"},"modified":"2022-07-12T13:51:20","modified_gmt":"2022-07-12T10:51:20","slug":"declaration-de-la-delegation-locale-de-lue-sur-la-journee-de-commemoration","status":"publish","type":"news","link":"https:\/\/www.eumedbridge.eu\/fr\/news\/declaration-de-la-delegation-locale-de-lue-sur-la-journee-de-commemoration\/","title":{"rendered":"D\u00e9claration de la d\u00e9l\u00e9gation locale de l\u2019UE sur la Journ\u00e9e de comm\u00e9moration de l\u2019Holocauste \u00e0 Isra\u00ebl (Yom HaShoah)"},"content":{"rendered":"<p>La d\u00e9l\u00e9gation de l\u2019Union europ\u00e9enne publie la d\u00e9claration suivante, en accord avec les chefs de mission de l\u2019UE \u00e0 Isra\u00ebl\u00a0:<br \/>\nLa d\u00e9l\u00e9gation de l\u2019Union europ\u00e9enne aupr\u00e8s de l\u2019\u00c9tat d\u2019Isra\u00ebl, ainsi que les 26\u00a0ambassades des \u00c9tats membres de l\u2019UE pr\u00e9sentes dans le pays, rendent aujourd\u2019hui hommage, avec un sentiment de profonde responsabilit\u00e9, aux six millions de Juifs massacr\u00e9s brutalement sur le sol europ\u00e9en lors de l\u2019Holocauste, ainsi qu\u2019aux autres personnes qui ont \u00e9t\u00e9 victimes du nazisme pendant les heures les plus sombres de l\u2019humanit\u00e9.<\/p>\n<p>Nous nous joignons aux Isra\u00e9liens et aux Juifs du monde entier pour pleurer les hommes, les femmes et les enfants juifs assassin\u00e9s par les nazis et leurs complices. Nous rendons hommage \u00e0 celles et ceux qui ont surv\u00e9cu aux horreurs innommables de l\u2019Holocauste et ont reconstruit leur vie \u00e0 Isra\u00ebl, en Europe et dans le monde entier. Il est de notre devoir collectif de veiller \u00e0 ce que les horreurs de l\u2019Holocauste ne tombent jamais dans l\u2019oubli.<\/p>\n<p>[&#8230;]\u00a0<\/p>\n<p>Nous nous opposons aux formes traditionnelles et contemporaines d\u2019antis\u00e9mitisme, y compris les r\u00e9centes th\u00e9ories du complot qui accusent \u00e0 tort les Juifs d\u2019\u00eatre responsables de la COVID-19. Nous nous opposerons vigoureusement \u00e0 de tels mensonges partout et \u00e0 chaque fois que nous les rencontrerons et nous continuerons \u00e0 lutter contre l\u2019antis\u00e9mitisme et les autres crimes haineux.\u00a0<\/p>\n<p>[&#8230;]\u00a0<\/p>\n<p>Jorge\u00a0Santayana a un jour \u00e9crit\u00a0: \u00ab\u00a0Ceux qui ne peuvent se rappeler le pass\u00e9 sont condamn\u00e9s \u00e0 le r\u00e9p\u00e9ter\u00a0\u00bb.\u00a0Et c\u2019est l\u00e0 que r\u00e9side l\u2019importance de la comm\u00e9moration d\u2019aujourd\u2019hui.\u00a0N\u2019oublions jamais\u00a0!<\/p>\n<p>\u00a0<\/p>\n<p><strong>Pour en savoir plus<\/strong><\/p>\n<p><a href=\"https:\/\/eeas.europa.eu\/delegations\/israel\/96253\/local-eu-statement-israels-holocaust-remembrance-day-yom-hashoah_en\">Communiqu\u00e9 de presse<\/a><\/p>\n<p>D\u00e9l\u00e9gation de l&rsquo;UE en Isra\u00ebl &#8211; <a href=\"https:\/\/eeas.europa.eu\/delegations\/israel_en\">Site internet<\/a> et <a href=\"https:\/\/www.facebook.com\/Europe.in.Israel\/\">page Facebook<\/a><\/p>\n","protected":false},"featured_media":66157,"parent":0,"template":"","news_category":[],"country":[1950],"special_action":[],"custom_tag":[2313,2821],"class_list":["post-159030","news","type-news","status-publish","has-post-thumbnail","hentry","country-israel-fr","custom_tag-droit-de-lhomme","custom_tag-migration-fr"],"acf":[],"yoast_head":"<!-- This site is optimized with the Yoast SEO plugin v26.5 - https:\/\/yoast.com\/wordpress\/plugins\/seo\/ -->\n<title>D\u00e9claration de la d\u00e9l\u00e9gation locale de l\u2019UE sur la Journ\u00e9e de comm\u00e9moration de l\u2019Holocauste \u00e0 Isra\u00ebl (Yom HaShoah) - Voisins de l&#039;UE<\/title>\n<meta name=\"robots\" content=\"index, follow, max-snippet:-1, max-image-preview:large, max-video-preview:-1\" \/>\n<link rel=\"canonical\" href=\"https:\/\/www.eumedbridge.eu\/fr\/news\/declaration-de-la-delegation-locale-de-lue-sur-la-journee-de-commemoration\/\" \/>\n<meta property=\"og:locale\" content=\"fr_FR\" \/>\n<meta property=\"og:type\" content=\"article\" \/>\n<meta property=\"og:title\" content=\"D\u00e9claration de la d\u00e9l\u00e9gation locale de l\u2019UE sur la Journ\u00e9e de comm\u00e9moration de l\u2019Holocauste \u00e0 Isra\u00ebl (Yom HaShoah) - Voisins de l&#039;UE\" \/>\n<meta property=\"og:description\" content=\"La d\u00e9l\u00e9gation de l\u2019Union europ\u00e9enne publie la d\u00e9claration suivante, en accord avec les chefs de mission de l\u2019UE \u00e0 Isra\u00ebl\u00a0: La d\u00e9l\u00e9gation de l\u2019Union europ\u00e9enne aupr\u00e8s de l\u2019\u00c9tat d\u2019Isra\u00ebl, ainsi que les 26\u00a0ambassades des \u00c9tats membres de l\u2019UE pr\u00e9sentes dans le pays, rendent aujourd\u2019hui hommage, avec un sentiment de profonde responsabilit\u00e9, aux six millions de [&hellip;]\" \/>\n<meta property=\"og:url\" content=\"https:\/\/www.eumedbridge.eu\/fr\/news\/declaration-de-la-delegation-locale-de-lue-sur-la-journee-de-commemoration\/\" \/>\n<meta property=\"og:site_name\" content=\"Voisins de l&#039;UE\" \/>\n<meta property=\"article:publisher\" content=\"https:\/\/www.facebook.com\/eumedbridge\/\" \/>\n<meta property=\"article:modified_time\" content=\"2022-07-12T10:51:20+00:00\" \/>\n<meta property=\"og:image\" content=\"https:\/\/www.eumedbridge.eu\/wp-content\/uploads\/2022\/03\/eu-israel-13.jpg\" \/>\n\t<meta property=\"og:image:width\" content=\"500\" \/>\n\t<meta property=\"og:image:height\" content=\"375\" \/>\n\t<meta property=\"og:image:type\" content=\"image\/jpeg\" \/>\n<meta name=\"twitter:card\" content=\"summary_large_image\" \/>\n<meta name=\"twitter:site\" content=\"@eumedbridge\" \/>\n<meta name=\"twitter:label1\" content=\"Dur\u00e9e de lecture estim\u00e9e\" \/>\n\t<meta name=\"twitter:data1\" content=\"2 minutes\" \/>\n<script type=\"application\/ld+json\" class=\"yoast-schema-graph\">{\"@context\":\"https:\/\/schema.org\",\"@graph\":[{\"@type\":\"WebPage\",\"@id\":\"https:\/\/www.eumedbridge.eu\/fr\/news\/declaration-de-la-delegation-locale-de-lue-sur-la-journee-de-commemoration\/\",\"url\":\"https:\/\/www.eumedbridge.eu\/fr\/news\/declaration-de-la-delegation-locale-de-lue-sur-la-journee-de-commemoration\/\",\"name\":\"D\u00e9claration de la d\u00e9l\u00e9gation locale de l\u2019UE sur la Journ\u00e9e de comm\u00e9moration de l\u2019Holocauste \u00e0 Isra\u00ebl (Yom HaShoah) - Voisins de l'UE\",\"isPartOf\":{\"@id\":\"https:\/\/www.eumedbridge.eu\/#website\"},\"primaryImageOfPage\":{\"@id\":\"https:\/\/www.eumedbridge.eu\/fr\/news\/declaration-de-la-delegation-locale-de-lue-sur-la-journee-de-commemoration\/#primaryimage\"},\"image\":{\"@id\":\"https:\/\/www.eumedbridge.eu\/fr\/news\/declaration-de-la-delegation-locale-de-lue-sur-la-journee-de-commemoration\/#primaryimage\"},\"thumbnailUrl\":\"https:\/\/www.eumedbridge.eu\/wp-content\/uploads\/2022\/03\/eu-israel-13.jpg\",\"datePublished\":\"2021-04-06T21:00:00+00:00\",\"dateModified\":\"2022-07-12T10:51:20+00:00\",\"breadcrumb\":{\"@id\":\"https:\/\/www.eumedbridge.eu\/fr\/news\/declaration-de-la-delegation-locale-de-lue-sur-la-journee-de-commemoration\/#breadcrumb\"},\"inLanguage\":\"fr-FR\",\"potentialAction\":[{\"@type\":\"ReadAction\",\"target\":[\"https:\/\/www.eumedbridge.eu\/fr\/news\/declaration-de-la-delegation-locale-de-lue-sur-la-journee-de-commemoration\/\"]}]},{\"@type\":\"ImageObject\",\"inLanguage\":\"fr-FR\",\"@id\":\"https:\/\/www.eumedbridge.eu\/fr\/news\/declaration-de-la-delegation-locale-de-lue-sur-la-journee-de-commemoration\/#primaryimage\",\"url\":\"https:\/\/www.eumedbridge.eu\/wp-content\/uploads\/2022\/03\/eu-israel-13.jpg\",\"contentUrl\":\"https:\/\/www.eumedbridge.eu\/wp-content\/uploads\/2022\/03\/eu-israel-13.jpg\",\"width\":500,\"height\":375},{\"@type\":\"BreadcrumbList\",\"@id\":\"https:\/\/www.eumedbridge.eu\/fr\/news\/declaration-de-la-delegation-locale-de-lue-sur-la-journee-de-commemoration\/#breadcrumb\",\"itemListElement\":[{\"@type\":\"ListItem\",\"position\":1,\"name\":\"Home\",\"item\":\"https:\/\/www.eumedbridge.eu\/fr\/home-page\/\"},{\"@type\":\"ListItem\",\"position\":2,\"name\":\"Actualit\u00e9s\",\"item\":\"https:\/\/www.eumedbridge.eu\/fr\/news\/\"},{\"@type\":\"ListItem\",\"position\":3,\"name\":\"D\u00e9claration de la d\u00e9l\u00e9gation locale de l\u2019UE sur la Journ\u00e9e de comm\u00e9moration de l\u2019Holocauste \u00e0 Isra\u00ebl (Yom HaShoah)\"}]},{\"@type\":\"WebSite\",\"@id\":\"https:\/\/www.eumedbridge.eu\/#website\",\"url\":\"https:\/\/www.eumedbridge.eu\/\",\"name\":\"EU Medbridge\",\"description\":\"\",\"publisher\":{\"@id\":\"https:\/\/www.eumedbridge.eu\/#organization\"},\"potentialAction\":[{\"@type\":\"SearchAction\",\"target\":{\"@type\":\"EntryPoint\",\"urlTemplate\":\"https:\/\/www.eumedbridge.eu\/?s={search_term_string}\"},\"query-input\":{\"@type\":\"PropertyValueSpecification\",\"valueRequired\":true,\"valueName\":\"search_term_string\"}}],\"inLanguage\":\"fr-FR\"},{\"@type\":\"Organization\",\"@id\":\"https:\/\/www.eumedbridge.eu\/#organization\",\"name\":\"EU Medbridge\",\"url\":\"https:\/\/www.eumedbridge.eu\/\",\"logo\":{\"@type\":\"ImageObject\",\"inLanguage\":\"fr-FR\",\"@id\":\"https:\/\/www.eumedbridge.eu\/#\/schema\/logo\/image\/\",\"url\":\"https:\/\/www.eumedbridge.eu\/wp-content\/uploads\/2021\/12\/Logo.png\",\"contentUrl\":\"https:\/\/www.eumedbridge.eu\/wp-content\/uploads\/2021\/12\/Logo.png\",\"width\":325,\"height\":114,\"caption\":\"EU Medbridge\"},\"image\":{\"@id\":\"https:\/\/www.eumedbridge.eu\/#\/schema\/logo\/image\/\"},\"sameAs\":[\"https:\/\/www.facebook.com\/eumedbridge\/\",\"https:\/\/x.com\/eumedbridge\",\"https:\/\/www.linkedin.com\/company\/eumedbridge\",\"https:\/\/www.youtube.com\/@eumedbridge\",\"https:\/\/www.instagram.com\/eumedbridge\",\"https:\/\/www.flickr.com\/photos\/euneighbours-south\/\"]}]}<\/script>\n<!-- \/ Yoast SEO plugin. -->","yoast_head_json":{"title":"D\u00e9claration de la d\u00e9l\u00e9gation locale de l\u2019UE sur la Journ\u00e9e de comm\u00e9moration de l\u2019Holocauste \u00e0 Isra\u00ebl (Yom HaShoah) - Voisins de l'UE","robots":{"index":"index","follow":"follow","max-snippet":"max-snippet:-1","max-image-preview":"max-image-preview:large","max-video-preview":"max-video-preview:-1"},"canonical":"https:\/\/www.eumedbridge.eu\/fr\/news\/declaration-de-la-delegation-locale-de-lue-sur-la-journee-de-commemoration\/","og_locale":"fr_FR","og_type":"article","og_title":"D\u00e9claration de la d\u00e9l\u00e9gation locale de l\u2019UE sur la Journ\u00e9e de comm\u00e9moration de l\u2019Holocauste \u00e0 Isra\u00ebl (Yom HaShoah) - Voisins de l'UE","og_description":"La d\u00e9l\u00e9gation de l\u2019Union europ\u00e9enne publie la d\u00e9claration suivante, en accord avec les chefs de mission de l\u2019UE \u00e0 Isra\u00ebl\u00a0: La d\u00e9l\u00e9gation de l\u2019Union europ\u00e9enne aupr\u00e8s de l\u2019\u00c9tat d\u2019Isra\u00ebl, ainsi que les 26\u00a0ambassades des \u00c9tats membres de l\u2019UE pr\u00e9sentes dans le pays, rendent aujourd\u2019hui hommage, avec un sentiment de profonde responsabilit\u00e9, aux six millions de [&hellip;]","og_url":"https:\/\/www.eumedbridge.eu\/fr\/news\/declaration-de-la-delegation-locale-de-lue-sur-la-journee-de-commemoration\/","og_site_name":"Voisins de l'UE","article_publisher":"https:\/\/www.facebook.com\/eumedbridge\/","article_modified_time":"2022-07-12T10:51:20+00:00","og_image":[{"width":500,"height":375,"url":"https:\/\/www.eumedbridge.eu\/wp-content\/uploads\/2022\/03\/eu-israel-13.jpg","type":"image\/jpeg"}],"twitter_card":"summary_large_image","twitter_site":"@eumedbridge","twitter_misc":{"Dur\u00e9e de lecture estim\u00e9e":"2 minutes"},"schema":{"@context":"https:\/\/schema.org","@graph":[{"@type":"WebPage","@id":"https:\/\/www.eumedbridge.eu\/fr\/news\/declaration-de-la-delegation-locale-de-lue-sur-la-journee-de-commemoration\/","url":"https:\/\/www.eumedbridge.eu\/fr\/news\/declaration-de-la-delegation-locale-de-lue-sur-la-journee-de-commemoration\/","name":"D\u00e9claration de la d\u00e9l\u00e9gation locale de l\u2019UE sur la Journ\u00e9e de comm\u00e9moration de l\u2019Holocauste \u00e0 Isra\u00ebl (Yom HaShoah) - Voisins de l'UE","isPartOf":{"@id":"https:\/\/www.eumedbridge.eu\/#website"},"primaryImageOfPage":{"@id":"https:\/\/www.eumedbridge.eu\/fr\/news\/declaration-de-la-delegation-locale-de-lue-sur-la-journee-de-commemoration\/#primaryimage"},"image":{"@id":"https:\/\/www.eumedbridge.eu\/fr\/news\/declaration-de-la-delegation-locale-de-lue-sur-la-journee-de-commemoration\/#primaryimage"},"thumbnailUrl":"https:\/\/www.eumedbridge.eu\/wp-content\/uploads\/2022\/03\/eu-israel-13.jpg","datePublished":"2021-04-06T21:00:00+00:00","dateModified":"2022-07-12T10:51:20+00:00","breadcrumb":{"@id":"https:\/\/www.eumedbridge.eu\/fr\/news\/declaration-de-la-delegation-locale-de-lue-sur-la-journee-de-commemoration\/#breadcrumb"},"inLanguage":"fr-FR","potentialAction":[{"@type":"ReadAction","target":["https:\/\/www.eumedbridge.eu\/fr\/news\/declaration-de-la-delegation-locale-de-lue-sur-la-journee-de-commemoration\/"]}]},{"@type":"ImageObject","inLanguage":"fr-FR","@id":"https:\/\/www.eumedbridge.eu\/fr\/news\/declaration-de-la-delegation-locale-de-lue-sur-la-journee-de-commemoration\/#primaryimage","url":"https:\/\/www.eumedbridge.eu\/wp-content\/uploads\/2022\/03\/eu-israel-13.jpg","contentUrl":"https:\/\/www.eumedbridge.eu\/wp-content\/uploads\/2022\/03\/eu-israel-13.jpg","width":500,"height":375},{"@type":"BreadcrumbList","@id":"https:\/\/www.eumedbridge.eu\/fr\/news\/declaration-de-la-delegation-locale-de-lue-sur-la-journee-de-commemoration\/#breadcrumb","itemListElement":[{"@type":"ListItem","position":1,"name":"Home","item":"https:\/\/www.eumedbridge.eu\/fr\/home-page\/"},{"@type":"ListItem","position":2,"name":"Actualit\u00e9s","item":"https:\/\/www.eumedbridge.eu\/fr\/news\/"},{"@type":"ListItem","position":3,"name":"D\u00e9claration de la d\u00e9l\u00e9gation locale de l\u2019UE sur la Journ\u00e9e de comm\u00e9moration de l\u2019Holocauste \u00e0 Isra\u00ebl (Yom HaShoah)"}]},{"@type":"WebSite","@id":"https:\/\/www.eumedbridge.eu\/#website","url":"https:\/\/www.eumedbridge.eu\/","name":"EU Medbridge","description":"","publisher":{"@id":"https:\/\/www.eumedbridge.eu\/#organization"},"potentialAction":[{"@type":"SearchAction","target":{"@type":"EntryPoint","urlTemplate":"https:\/\/www.eumedbridge.eu\/?s={search_term_string}"},"query-input":{"@type":"PropertyValueSpecification","valueRequired":true,"valueName":"search_term_string"}}],"inLanguage":"fr-FR"},{"@type":"Organization","@id":"https:\/\/www.eumedbridge.eu\/#organization","name":"EU Medbridge","url":"https:\/\/www.eumedbridge.eu\/","logo":{"@type":"ImageObject","inLanguage":"fr-FR","@id":"https:\/\/www.eumedbridge.eu\/#\/schema\/logo\/image\/","url":"https:\/\/www.eumedbridge.eu\/wp-content\/uploads\/2021\/12\/Logo.png","contentUrl":"https:\/\/www.eumedbridge.eu\/wp-content\/uploads\/2021\/12\/Logo.png","width":325,"height":114,"caption":"EU Medbridge"},"image":{"@id":"https:\/\/www.eumedbridge.eu\/#\/schema\/logo\/image\/"},"sameAs":["https:\/\/www.facebook.com\/eumedbridge\/","https:\/\/x.com\/eumedbridge","https:\/\/www.linkedin.com\/company\/eumedbridge","https:\/\/www.youtube.com\/@eumedbridge","https:\/\/www.instagram.com\/eumedbridge","https:\/\/www.flickr.com\/photos\/euneighbours-south\/"]}]}},"_links":{"self":[{"href":"https:\/\/www.eumedbridge.eu\/fr\/wp-json\/wp\/v2\/news\/159030","targetHints":{"allow":["GET"]}}],"collection":[{"href":"https:\/\/www.eumedbridge.eu\/fr\/wp-json\/wp\/v2\/news"}],"about":[{"href":"https:\/\/www.eumedbridge.eu\/fr\/wp-json\/wp\/v2\/types\/news"}],"wp:featuredmedia":[{"embeddable":true,"href":"https:\/\/www.eumedbridge.eu\/fr\/wp-json\/wp\/v2\/media\/66157"}],"wp:attachment":[{"href":"https:\/\/www.eumedbridge.eu\/fr\/wp-json\/wp\/v2\/media?parent=159030"}],"wp:term":[{"taxonomy":"news_category","embeddable":true,"href":"https:\/\/www.eumedbridge.eu\/fr\/wp-json\/wp\/v2\/news_category?post=159030"},{"taxonomy":"country","embeddable":true,"href":"https:\/\/www.eumedbridge.eu\/fr\/wp-json\/wp\/v2\/country?post=159030"},{"taxonomy":"special_action","embeddable":true,"href":"https:\/\/www.eumedbridge.eu\/fr\/wp-json\/wp\/v2\/special_action?post=159030"},{"taxonomy":"custom_tag","embeddable":true,"href":"https:\/\/www.eumedbridge.eu\/fr\/wp-json\/wp\/v2\/custom_tag?post=159030"}],"curies":[{"name":"wp","href":"https:\/\/api.w.org\/{rel}","templated":true}]}}