{"id":159112,"date":"2021-03-22T00:00:00","date_gmt":"2021-03-21T22:00:00","guid":{"rendered":"http:\/\/south.euneighbours.eu\/news\/evenement-conjoint-du-fonds-europeen-pour-la-democratie-la-voix-et-la-resilience-des-medias-independants-syriens-en-dix-annees-de-conflit\/"},"modified":"2022-07-12T13:54:47","modified_gmt":"2022-07-12T10:54:47","slug":"evenement-conjoint-du-fonds-europeen-pour-la-democratie-la-voix-et-la","status":"publish","type":"news","link":"https:\/\/www.eumedbridge.eu\/fr\/news\/evenement-conjoint-du-fonds-europeen-pour-la-democratie-la-voix-et-la\/","title":{"rendered":"\u00c9v\u00e9nement conjoint du Fonds europ\u00e9en pour la d\u00e9mocratie : la voix et la r\u00e9silience des m\u00e9dias ind\u00e9pendants syriens en dix ann\u00e9es de conflit"},"content":{"rendered":"<p>Dans le cadre de la cinqui\u00e8me conf\u00e9rence de Bruxelles sur l\u2019aide \u00e0 apporter pour l\u2019avenir de la Syrie et des pays de la r\u00e9gion, qui se tiendra les 29 et 30\u00a0mars\u00a02021 sous l\u2019\u00e9gide de l\u2019Union europ\u00e9enne, le\u00a0Fonds europ\u00e9en pour la d\u00e9mocratie (FEDEM) co-organise le 22\u00a0mars, en collaboration avec\u00a0Free Press Unlimited\u00a0and\u00a0International Media Support (IMS),\u00a0un \u00e9v\u00e9nement en ligne consacr\u00e9 aux m\u00e9dias ind\u00e9pendants.<\/p>\n<p>Au cours de cette session, les principaux acteurs des m\u00e9dias ind\u00e9pendants syriens\u00a0\u00e9voqueront leurs exp\u00e9riences ant\u00e9rieures et les\u00a0d\u00e9fis auxquels ils ont \u00e9t\u00e9 confront\u00e9s, leur r\u00f4le et leur influence, et ils feront part de leurs perspectives d\u2019avenir.\u00a0Lors de cette discussion en ligne, les intervenants se concentreront sur la capacit\u00e9 des m\u00e9dias ind\u00e9pendants \u00e0 fa\u00e7onner l\u2019avenir de la soci\u00e9t\u00e9 syrienne en donnant acc\u00e8s \u00e0 des informations cr\u00e9dibles, en favorisant le d\u00e9bat public et en luttant contre les discours de haine, les fausses nouvelles et la polarisation.<\/p>\n<p>\u00a0<\/p>\n<p><strong>Pour en savoir plus<\/strong><\/p>\n<p><a href=\"https:\/\/www.democracyendowment.eu\/en\/events\/451:the-voice-and-resilience-of-syrian-independent-media-in-10-years-of-conflict.html?fbclid=IwAR1ndN4twEI9Ff_hwi9KvxFEf0WwTNeVPXJlWScfU8pMSvOyqGDdgMeSgvA\">Communiqu\u00e9 de presse<\/a><\/p>\n","protected":false},"featured_media":65397,"parent":0,"template":"","news_category":[],"country":[2029],"special_action":[],"custom_tag":[1897],"class_list":["post-159112","news","type-news","status-publish","has-post-thumbnail","hentry","country-syrie","custom_tag-medias"],"acf":[],"yoast_head":"<!-- This site is optimized with the Yoast SEO plugin v26.5 - https:\/\/yoast.com\/wordpress\/plugins\/seo\/ -->\n<title>\u00c9v\u00e9nement conjoint du Fonds europ\u00e9en pour la d\u00e9mocratie : la voix et la r\u00e9silience des m\u00e9dias ind\u00e9pendants syriens en dix ann\u00e9es de conflit - Voisins de l&#039;UE<\/title>\n<meta name=\"robots\" content=\"index, follow, max-snippet:-1, max-image-preview:large, max-video-preview:-1\" \/>\n<link rel=\"canonical\" href=\"https:\/\/www.eumedbridge.eu\/fr\/news\/evenement-conjoint-du-fonds-europeen-pour-la-democratie-la-voix-et-la\/\" \/>\n<meta property=\"og:locale\" content=\"fr_FR\" \/>\n<meta property=\"og:type\" content=\"article\" \/>\n<meta property=\"og:title\" content=\"\u00c9v\u00e9nement conjoint du Fonds europ\u00e9en pour la d\u00e9mocratie : la voix et la r\u00e9silience des m\u00e9dias ind\u00e9pendants syriens en dix ann\u00e9es de conflit - Voisins de l&#039;UE\" \/>\n<meta property=\"og:description\" content=\"Dans le cadre de la cinqui\u00e8me conf\u00e9rence de Bruxelles sur l\u2019aide \u00e0 apporter pour l\u2019avenir de la Syrie et des pays de la r\u00e9gion, qui se tiendra les 29 et 30\u00a0mars\u00a02021 sous l\u2019\u00e9gide de l\u2019Union europ\u00e9enne, le\u00a0Fonds europ\u00e9en pour la d\u00e9mocratie (FEDEM) co-organise le 22\u00a0mars, en collaboration avec\u00a0Free Press Unlimited\u00a0and\u00a0International Media Support (IMS),\u00a0un \u00e9v\u00e9nement en [&hellip;]\" \/>\n<meta property=\"og:url\" content=\"https:\/\/www.eumedbridge.eu\/fr\/news\/evenement-conjoint-du-fonds-europeen-pour-la-democratie-la-voix-et-la\/\" \/>\n<meta property=\"og:site_name\" content=\"Voisins de l&#039;UE\" \/>\n<meta property=\"article:publisher\" content=\"https:\/\/www.facebook.com\/eumedbridge\/\" \/>\n<meta property=\"article:modified_time\" content=\"2022-07-12T10:54:47+00:00\" \/>\n<meta property=\"og:image\" content=\"https:\/\/www.eumedbridge.eu\/wp-content\/uploads\/2022\/03\/Capture_41.jpg\" \/>\n\t<meta property=\"og:image:width\" content=\"960\" \/>\n\t<meta property=\"og:image:height\" content=\"480\" \/>\n\t<meta property=\"og:image:type\" content=\"image\/jpeg\" \/>\n<meta name=\"twitter:card\" content=\"summary_large_image\" \/>\n<meta name=\"twitter:site\" content=\"@eumedbridge\" \/>\n<meta name=\"twitter:label1\" content=\"Dur\u00e9e de lecture estim\u00e9e\" \/>\n\t<meta name=\"twitter:data1\" content=\"1 minute\" \/>\n<script type=\"application\/ld+json\" class=\"yoast-schema-graph\">{\"@context\":\"https:\/\/schema.org\",\"@graph\":[{\"@type\":\"WebPage\",\"@id\":\"https:\/\/www.eumedbridge.eu\/fr\/news\/evenement-conjoint-du-fonds-europeen-pour-la-democratie-la-voix-et-la\/\",\"url\":\"https:\/\/www.eumedbridge.eu\/fr\/news\/evenement-conjoint-du-fonds-europeen-pour-la-democratie-la-voix-et-la\/\",\"name\":\"\u00c9v\u00e9nement conjoint du Fonds europ\u00e9en pour la d\u00e9mocratie : la voix et la r\u00e9silience des m\u00e9dias ind\u00e9pendants syriens en dix ann\u00e9es de conflit - Voisins de l'UE\",\"isPartOf\":{\"@id\":\"https:\/\/www.eumedbridge.eu\/#website\"},\"primaryImageOfPage\":{\"@id\":\"https:\/\/www.eumedbridge.eu\/fr\/news\/evenement-conjoint-du-fonds-europeen-pour-la-democratie-la-voix-et-la\/#primaryimage\"},\"image\":{\"@id\":\"https:\/\/www.eumedbridge.eu\/fr\/news\/evenement-conjoint-du-fonds-europeen-pour-la-democratie-la-voix-et-la\/#primaryimage\"},\"thumbnailUrl\":\"https:\/\/www.eumedbridge.eu\/wp-content\/uploads\/2022\/03\/Capture_41.jpg\",\"datePublished\":\"2021-03-21T22:00:00+00:00\",\"dateModified\":\"2022-07-12T10:54:47+00:00\",\"breadcrumb\":{\"@id\":\"https:\/\/www.eumedbridge.eu\/fr\/news\/evenement-conjoint-du-fonds-europeen-pour-la-democratie-la-voix-et-la\/#breadcrumb\"},\"inLanguage\":\"fr-FR\",\"potentialAction\":[{\"@type\":\"ReadAction\",\"target\":[\"https:\/\/www.eumedbridge.eu\/fr\/news\/evenement-conjoint-du-fonds-europeen-pour-la-democratie-la-voix-et-la\/\"]}]},{\"@type\":\"ImageObject\",\"inLanguage\":\"fr-FR\",\"@id\":\"https:\/\/www.eumedbridge.eu\/fr\/news\/evenement-conjoint-du-fonds-europeen-pour-la-democratie-la-voix-et-la\/#primaryimage\",\"url\":\"https:\/\/www.eumedbridge.eu\/wp-content\/uploads\/2022\/03\/Capture_41.jpg\",\"contentUrl\":\"https:\/\/www.eumedbridge.eu\/wp-content\/uploads\/2022\/03\/Capture_41.jpg\",\"width\":960,\"height\":480},{\"@type\":\"BreadcrumbList\",\"@id\":\"https:\/\/www.eumedbridge.eu\/fr\/news\/evenement-conjoint-du-fonds-europeen-pour-la-democratie-la-voix-et-la\/#breadcrumb\",\"itemListElement\":[{\"@type\":\"ListItem\",\"position\":1,\"name\":\"Home\",\"item\":\"https:\/\/www.eumedbridge.eu\/fr\/home-page\/\"},{\"@type\":\"ListItem\",\"position\":2,\"name\":\"Actualit\u00e9s\",\"item\":\"https:\/\/www.eumedbridge.eu\/fr\/news\/\"},{\"@type\":\"ListItem\",\"position\":3,\"name\":\"\u00c9v\u00e9nement conjoint du Fonds europ\u00e9en pour la d\u00e9mocratie : la voix et la r\u00e9silience des m\u00e9dias ind\u00e9pendants syriens en dix ann\u00e9es de conflit\"}]},{\"@type\":\"WebSite\",\"@id\":\"https:\/\/www.eumedbridge.eu\/#website\",\"url\":\"https:\/\/www.eumedbridge.eu\/\",\"name\":\"EU Medbridge\",\"description\":\"\",\"publisher\":{\"@id\":\"https:\/\/www.eumedbridge.eu\/#organization\"},\"potentialAction\":[{\"@type\":\"SearchAction\",\"target\":{\"@type\":\"EntryPoint\",\"urlTemplate\":\"https:\/\/www.eumedbridge.eu\/?s={search_term_string}\"},\"query-input\":{\"@type\":\"PropertyValueSpecification\",\"valueRequired\":true,\"valueName\":\"search_term_string\"}}],\"inLanguage\":\"fr-FR\"},{\"@type\":\"Organization\",\"@id\":\"https:\/\/www.eumedbridge.eu\/#organization\",\"name\":\"EU Medbridge\",\"url\":\"https:\/\/www.eumedbridge.eu\/\",\"logo\":{\"@type\":\"ImageObject\",\"inLanguage\":\"fr-FR\",\"@id\":\"https:\/\/www.eumedbridge.eu\/#\/schema\/logo\/image\/\",\"url\":\"https:\/\/www.eumedbridge.eu\/wp-content\/uploads\/2021\/12\/Logo.png\",\"contentUrl\":\"https:\/\/www.eumedbridge.eu\/wp-content\/uploads\/2021\/12\/Logo.png\",\"width\":325,\"height\":114,\"caption\":\"EU Medbridge\"},\"image\":{\"@id\":\"https:\/\/www.eumedbridge.eu\/#\/schema\/logo\/image\/\"},\"sameAs\":[\"https:\/\/www.facebook.com\/eumedbridge\/\",\"https:\/\/x.com\/eumedbridge\",\"https:\/\/www.linkedin.com\/company\/eumedbridge\",\"https:\/\/www.youtube.com\/@eumedbridge\",\"https:\/\/www.instagram.com\/eumedbridge\",\"https:\/\/www.flickr.com\/photos\/euneighbours-south\/\"]}]}<\/script>\n<!-- \/ Yoast SEO plugin. -->","yoast_head_json":{"title":"\u00c9v\u00e9nement conjoint du Fonds europ\u00e9en pour la d\u00e9mocratie : la voix et la r\u00e9silience des m\u00e9dias ind\u00e9pendants syriens en dix ann\u00e9es de conflit - Voisins de l'UE","robots":{"index":"index","follow":"follow","max-snippet":"max-snippet:-1","max-image-preview":"max-image-preview:large","max-video-preview":"max-video-preview:-1"},"canonical":"https:\/\/www.eumedbridge.eu\/fr\/news\/evenement-conjoint-du-fonds-europeen-pour-la-democratie-la-voix-et-la\/","og_locale":"fr_FR","og_type":"article","og_title":"\u00c9v\u00e9nement conjoint du Fonds europ\u00e9en pour la d\u00e9mocratie : la voix et la r\u00e9silience des m\u00e9dias ind\u00e9pendants syriens en dix ann\u00e9es de conflit - Voisins de l'UE","og_description":"Dans le cadre de la cinqui\u00e8me conf\u00e9rence de Bruxelles sur l\u2019aide \u00e0 apporter pour l\u2019avenir de la Syrie et des pays de la r\u00e9gion, qui se tiendra les 29 et 30\u00a0mars\u00a02021 sous l\u2019\u00e9gide de l\u2019Union europ\u00e9enne, le\u00a0Fonds europ\u00e9en pour la d\u00e9mocratie (FEDEM) co-organise le 22\u00a0mars, en collaboration avec\u00a0Free Press Unlimited\u00a0and\u00a0International Media Support (IMS),\u00a0un \u00e9v\u00e9nement en [&hellip;]","og_url":"https:\/\/www.eumedbridge.eu\/fr\/news\/evenement-conjoint-du-fonds-europeen-pour-la-democratie-la-voix-et-la\/","og_site_name":"Voisins de l'UE","article_publisher":"https:\/\/www.facebook.com\/eumedbridge\/","article_modified_time":"2022-07-12T10:54:47+00:00","og_image":[{"width":960,"height":480,"url":"https:\/\/www.eumedbridge.eu\/wp-content\/uploads\/2022\/03\/Capture_41.jpg","type":"image\/jpeg"}],"twitter_card":"summary_large_image","twitter_site":"@eumedbridge","twitter_misc":{"Dur\u00e9e de lecture estim\u00e9e":"1 minute"},"schema":{"@context":"https:\/\/schema.org","@graph":[{"@type":"WebPage","@id":"https:\/\/www.eumedbridge.eu\/fr\/news\/evenement-conjoint-du-fonds-europeen-pour-la-democratie-la-voix-et-la\/","url":"https:\/\/www.eumedbridge.eu\/fr\/news\/evenement-conjoint-du-fonds-europeen-pour-la-democratie-la-voix-et-la\/","name":"\u00c9v\u00e9nement conjoint du Fonds europ\u00e9en pour la d\u00e9mocratie : la voix et la r\u00e9silience des m\u00e9dias ind\u00e9pendants syriens en dix ann\u00e9es de conflit - Voisins de l'UE","isPartOf":{"@id":"https:\/\/www.eumedbridge.eu\/#website"},"primaryImageOfPage":{"@id":"https:\/\/www.eumedbridge.eu\/fr\/news\/evenement-conjoint-du-fonds-europeen-pour-la-democratie-la-voix-et-la\/#primaryimage"},"image":{"@id":"https:\/\/www.eumedbridge.eu\/fr\/news\/evenement-conjoint-du-fonds-europeen-pour-la-democratie-la-voix-et-la\/#primaryimage"},"thumbnailUrl":"https:\/\/www.eumedbridge.eu\/wp-content\/uploads\/2022\/03\/Capture_41.jpg","datePublished":"2021-03-21T22:00:00+00:00","dateModified":"2022-07-12T10:54:47+00:00","breadcrumb":{"@id":"https:\/\/www.eumedbridge.eu\/fr\/news\/evenement-conjoint-du-fonds-europeen-pour-la-democratie-la-voix-et-la\/#breadcrumb"},"inLanguage":"fr-FR","potentialAction":[{"@type":"ReadAction","target":["https:\/\/www.eumedbridge.eu\/fr\/news\/evenement-conjoint-du-fonds-europeen-pour-la-democratie-la-voix-et-la\/"]}]},{"@type":"ImageObject","inLanguage":"fr-FR","@id":"https:\/\/www.eumedbridge.eu\/fr\/news\/evenement-conjoint-du-fonds-europeen-pour-la-democratie-la-voix-et-la\/#primaryimage","url":"https:\/\/www.eumedbridge.eu\/wp-content\/uploads\/2022\/03\/Capture_41.jpg","contentUrl":"https:\/\/www.eumedbridge.eu\/wp-content\/uploads\/2022\/03\/Capture_41.jpg","width":960,"height":480},{"@type":"BreadcrumbList","@id":"https:\/\/www.eumedbridge.eu\/fr\/news\/evenement-conjoint-du-fonds-europeen-pour-la-democratie-la-voix-et-la\/#breadcrumb","itemListElement":[{"@type":"ListItem","position":1,"name":"Home","item":"https:\/\/www.eumedbridge.eu\/fr\/home-page\/"},{"@type":"ListItem","position":2,"name":"Actualit\u00e9s","item":"https:\/\/www.eumedbridge.eu\/fr\/news\/"},{"@type":"ListItem","position":3,"name":"\u00c9v\u00e9nement conjoint du Fonds europ\u00e9en pour la d\u00e9mocratie : la voix et la r\u00e9silience des m\u00e9dias ind\u00e9pendants syriens en dix ann\u00e9es de conflit"}]},{"@type":"WebSite","@id":"https:\/\/www.eumedbridge.eu\/#website","url":"https:\/\/www.eumedbridge.eu\/","name":"EU Medbridge","description":"","publisher":{"@id":"https:\/\/www.eumedbridge.eu\/#organization"},"potentialAction":[{"@type":"SearchAction","target":{"@type":"EntryPoint","urlTemplate":"https:\/\/www.eumedbridge.eu\/?s={search_term_string}"},"query-input":{"@type":"PropertyValueSpecification","valueRequired":true,"valueName":"search_term_string"}}],"inLanguage":"fr-FR"},{"@type":"Organization","@id":"https:\/\/www.eumedbridge.eu\/#organization","name":"EU Medbridge","url":"https:\/\/www.eumedbridge.eu\/","logo":{"@type":"ImageObject","inLanguage":"fr-FR","@id":"https:\/\/www.eumedbridge.eu\/#\/schema\/logo\/image\/","url":"https:\/\/www.eumedbridge.eu\/wp-content\/uploads\/2021\/12\/Logo.png","contentUrl":"https:\/\/www.eumedbridge.eu\/wp-content\/uploads\/2021\/12\/Logo.png","width":325,"height":114,"caption":"EU Medbridge"},"image":{"@id":"https:\/\/www.eumedbridge.eu\/#\/schema\/logo\/image\/"},"sameAs":["https:\/\/www.facebook.com\/eumedbridge\/","https:\/\/x.com\/eumedbridge","https:\/\/www.linkedin.com\/company\/eumedbridge","https:\/\/www.youtube.com\/@eumedbridge","https:\/\/www.instagram.com\/eumedbridge","https:\/\/www.flickr.com\/photos\/euneighbours-south\/"]}]}},"_links":{"self":[{"href":"https:\/\/www.eumedbridge.eu\/fr\/wp-json\/wp\/v2\/news\/159112","targetHints":{"allow":["GET"]}}],"collection":[{"href":"https:\/\/www.eumedbridge.eu\/fr\/wp-json\/wp\/v2\/news"}],"about":[{"href":"https:\/\/www.eumedbridge.eu\/fr\/wp-json\/wp\/v2\/types\/news"}],"wp:featuredmedia":[{"embeddable":true,"href":"https:\/\/www.eumedbridge.eu\/fr\/wp-json\/wp\/v2\/media\/65397"}],"wp:attachment":[{"href":"https:\/\/www.eumedbridge.eu\/fr\/wp-json\/wp\/v2\/media?parent=159112"}],"wp:term":[{"taxonomy":"news_category","embeddable":true,"href":"https:\/\/www.eumedbridge.eu\/fr\/wp-json\/wp\/v2\/news_category?post=159112"},{"taxonomy":"country","embeddable":true,"href":"https:\/\/www.eumedbridge.eu\/fr\/wp-json\/wp\/v2\/country?post=159112"},{"taxonomy":"special_action","embeddable":true,"href":"https:\/\/www.eumedbridge.eu\/fr\/wp-json\/wp\/v2\/special_action?post=159112"},{"taxonomy":"custom_tag","embeddable":true,"href":"https:\/\/www.eumedbridge.eu\/fr\/wp-json\/wp\/v2\/custom_tag?post=159112"}],"curies":[{"name":"wp","href":"https:\/\/api.w.org\/{rel}","templated":true}]}}