{"id":159171,"date":"2021-03-09T00:00:00","date_gmt":"2021-03-08T22:00:00","guid":{"rendered":"http:\/\/south.euneighbours.eu\/news\/action-regionale-contre-la-traite-des-etres-humains-au-sud-de-la-mediterranee-repondre-aux-defis-de-la-cooperation-judiciaire\/"},"modified":"2022-07-12T13:57:25","modified_gmt":"2022-07-12T10:57:25","slug":"action-regionale-contre-la-traite-des-etres-humains-au-sud-de-la","status":"publish","type":"news","link":"https:\/\/www.eumedbridge.eu\/fr\/news\/action-regionale-contre-la-traite-des-etres-humains-au-sud-de-la\/","title":{"rendered":"Action r\u00e9gionale contre la traite des \u00eatres humains au Sud de la M\u00e9diterran\u00e9e : r\u00e9pondre aux d\u00e9fis de la coop\u00e9ration judiciaire"},"content":{"rendered":"<p>Dans le cadre du Programme Sud IV et \u00e0 l\u2019invitation des autorit\u00e9s du Royaume du Maroc, le Conseil de l\u2019Europe a organis\u00e9 les 24 et 25 f\u00e9vrier le 2\u00e8me s\u00e9minaire r\u00e9gional sur la lutte contre la traite des \u00eatres humains au Sud de la M\u00e9diterran\u00e9e, consacr\u00e9 aux enjeux de la coop\u00e9ration judiciaire dans ce domaine.<\/p>\n<p>Les repr\u00e9sentants des autorit\u00e9s gouvernementales et des institutions nationales de lutte contre la traite des \u00eatres humains ainsi que des experts internationaux et de la soci\u00e9t\u00e9 civile de diff\u00e9rents pays m\u00e9diterran\u00e9ens ont examin\u00e9 les moyens de renforcer la coop\u00e9ration judiciaire contre la traite des \u00eatres humains dans la r\u00e9gion, en rappelant les instruments juridiques internationaux qui la fondent et en se concentrant sur les modalit\u00e9s op\u00e9rationnelles de protection des victimes et de poursuite des auteurs \u00e0 travers la pr\u00e9sentation de diff\u00e9rentes exp\u00e9riences de partenariat en la mati\u00e8re.<\/p>\n<p>Ce s\u00e9minaire est la suite d\u2019une\u00a0premi\u00e8re rencontre qui a eu lieu le 26 novembre 2020 et qui a initi\u00e9 les r\u00e9flexions sur la mise en place d\u2019\u00e9changes structur\u00e9s et durables entre pays de la r\u00e9gion dans leur lutte contre la traite des \u00eatres humains, selon une logique de mutualisation des efforts. Ces initiatives ont comme objectif principal de renforcer l\u2019action r\u00e9gionale contre la traite des \u00eatres humains dans le Sud de la M\u00e9diterran\u00e9e.<\/p>\n<p>Le Programme Sud IV continue \u00e0 soutenir les pays du Sud de la M\u00e9diterran\u00e9e dans la construction d\u2019un espace juridique commun avec l\u2019UE, avec une attention particuli\u00e8re sur les r\u00e9formes l\u00e9gislatives des pays du Sud de la M\u00e9diterran\u00e9e et le renforcement des capacit\u00e9s institutionnelles, ainsi que l\u2019accompagnement dans le processus de r\u00e9forme. Le renforcement de la bonne gouvernance et de l\u2019\u00e9tat de droit ainsi que le respect et la protection des droits de l\u2019homme repr\u00e9sentent des piliers de ce Programme. Par ailleurs, une attention particuli\u00e8re sera accord\u00e9e aux activit\u00e9s de lutte contre la violence faite aux femmes et aux filles.<\/p>\n<p>\u00a0<\/p>\n<p><strong>Pour en savoir plus<\/strong><\/p>\n<p><a href=\"https:\/\/pjp-eu.coe.int\/fr\/web\/south-programme\/-\/regional-action-against-trafficking-in-human-beings-in-the-southern-mediterranean-facing-the-challenges-of-the-judiciary-cooperation\">Communiqu\u00e9 de presse<\/a><\/p>\n<p><a href=\"https:\/\/pjp-eu.coe.int\/fr\/web\/south-programme\/accueil\">Programme Sud IV<\/a><\/p>\n","protected":false},"featured_media":64887,"parent":0,"template":"","news_category":[],"country":[1953],"special_action":[],"custom_tag":[2313,2821],"class_list":["post-159171","news","type-news","status-publish","has-post-thumbnail","hentry","country-maroc","custom_tag-droit-de-lhomme","custom_tag-migration-fr"],"acf":[],"yoast_head":"<!-- This site is optimized with the Yoast SEO plugin v26.5 - https:\/\/yoast.com\/wordpress\/plugins\/seo\/ -->\n<title>Action r\u00e9gionale contre la traite des \u00eatres humains au Sud de la M\u00e9diterran\u00e9e : r\u00e9pondre aux d\u00e9fis de la coop\u00e9ration judiciaire - Voisins de l&#039;UE<\/title>\n<meta name=\"robots\" content=\"index, follow, max-snippet:-1, max-image-preview:large, max-video-preview:-1\" \/>\n<link rel=\"canonical\" href=\"https:\/\/www.eumedbridge.eu\/fr\/news\/action-regionale-contre-la-traite-des-etres-humains-au-sud-de-la\/\" \/>\n<meta property=\"og:locale\" content=\"fr_FR\" \/>\n<meta property=\"og:type\" content=\"article\" \/>\n<meta property=\"og:title\" content=\"Action r\u00e9gionale contre la traite des \u00eatres humains au Sud de la M\u00e9diterran\u00e9e : r\u00e9pondre aux d\u00e9fis de la coop\u00e9ration judiciaire - Voisins de l&#039;UE\" \/>\n<meta property=\"og:description\" content=\"Dans le cadre du Programme Sud IV et \u00e0 l\u2019invitation des autorit\u00e9s du Royaume du Maroc, le Conseil de l\u2019Europe a organis\u00e9 les 24 et 25 f\u00e9vrier le 2\u00e8me s\u00e9minaire r\u00e9gional sur la lutte contre la traite des \u00eatres humains au Sud de la M\u00e9diterran\u00e9e, consacr\u00e9 aux enjeux de la coop\u00e9ration judiciaire dans ce domaine. [&hellip;]\" \/>\n<meta property=\"og:url\" content=\"https:\/\/www.eumedbridge.eu\/fr\/news\/action-regionale-contre-la-traite-des-etres-humains-au-sud-de-la\/\" \/>\n<meta property=\"og:site_name\" content=\"Voisins de l&#039;UE\" \/>\n<meta property=\"article:publisher\" content=\"https:\/\/www.facebook.com\/eumedbridge\/\" \/>\n<meta property=\"article:modified_time\" content=\"2022-07-12T10:57:25+00:00\" \/>\n<meta property=\"og:image\" content=\"https:\/\/www.eumedbridge.eu\/wp-content\/uploads\/2022\/03\/Photo-Pending-Alert-1-2.jpg\" \/>\n\t<meta property=\"og:image:width\" content=\"870\" \/>\n\t<meta property=\"og:image:height\" content=\"489\" \/>\n\t<meta property=\"og:image:type\" content=\"image\/jpeg\" \/>\n<meta name=\"twitter:card\" content=\"summary_large_image\" \/>\n<meta name=\"twitter:site\" content=\"@eumedbridge\" \/>\n<meta name=\"twitter:label1\" content=\"Dur\u00e9e de lecture estim\u00e9e\" \/>\n\t<meta name=\"twitter:data1\" content=\"2 minutes\" \/>\n<script type=\"application\/ld+json\" class=\"yoast-schema-graph\">{\"@context\":\"https:\/\/schema.org\",\"@graph\":[{\"@type\":\"WebPage\",\"@id\":\"https:\/\/www.eumedbridge.eu\/fr\/news\/action-regionale-contre-la-traite-des-etres-humains-au-sud-de-la\/\",\"url\":\"https:\/\/www.eumedbridge.eu\/fr\/news\/action-regionale-contre-la-traite-des-etres-humains-au-sud-de-la\/\",\"name\":\"Action r\u00e9gionale contre la traite des \u00eatres humains au Sud de la M\u00e9diterran\u00e9e : r\u00e9pondre aux d\u00e9fis de la coop\u00e9ration judiciaire - Voisins de l'UE\",\"isPartOf\":{\"@id\":\"https:\/\/www.eumedbridge.eu\/#website\"},\"primaryImageOfPage\":{\"@id\":\"https:\/\/www.eumedbridge.eu\/fr\/news\/action-regionale-contre-la-traite-des-etres-humains-au-sud-de-la\/#primaryimage\"},\"image\":{\"@id\":\"https:\/\/www.eumedbridge.eu\/fr\/news\/action-regionale-contre-la-traite-des-etres-humains-au-sud-de-la\/#primaryimage\"},\"thumbnailUrl\":\"https:\/\/www.eumedbridge.eu\/wp-content\/uploads\/2022\/03\/Photo-Pending-Alert-1-2.jpg\",\"datePublished\":\"2021-03-08T22:00:00+00:00\",\"dateModified\":\"2022-07-12T10:57:25+00:00\",\"breadcrumb\":{\"@id\":\"https:\/\/www.eumedbridge.eu\/fr\/news\/action-regionale-contre-la-traite-des-etres-humains-au-sud-de-la\/#breadcrumb\"},\"inLanguage\":\"fr-FR\",\"potentialAction\":[{\"@type\":\"ReadAction\",\"target\":[\"https:\/\/www.eumedbridge.eu\/fr\/news\/action-regionale-contre-la-traite-des-etres-humains-au-sud-de-la\/\"]}]},{\"@type\":\"ImageObject\",\"inLanguage\":\"fr-FR\",\"@id\":\"https:\/\/www.eumedbridge.eu\/fr\/news\/action-regionale-contre-la-traite-des-etres-humains-au-sud-de-la\/#primaryimage\",\"url\":\"https:\/\/www.eumedbridge.eu\/wp-content\/uploads\/2022\/03\/Photo-Pending-Alert-1-2.jpg\",\"contentUrl\":\"https:\/\/www.eumedbridge.eu\/wp-content\/uploads\/2022\/03\/Photo-Pending-Alert-1-2.jpg\",\"width\":870,\"height\":489},{\"@type\":\"BreadcrumbList\",\"@id\":\"https:\/\/www.eumedbridge.eu\/fr\/news\/action-regionale-contre-la-traite-des-etres-humains-au-sud-de-la\/#breadcrumb\",\"itemListElement\":[{\"@type\":\"ListItem\",\"position\":1,\"name\":\"Home\",\"item\":\"https:\/\/www.eumedbridge.eu\/fr\/home-page\/\"},{\"@type\":\"ListItem\",\"position\":2,\"name\":\"Actualit\u00e9s\",\"item\":\"https:\/\/www.eumedbridge.eu\/fr\/news\/\"},{\"@type\":\"ListItem\",\"position\":3,\"name\":\"Action r\u00e9gionale contre la traite des \u00eatres humains au Sud de la M\u00e9diterran\u00e9e : r\u00e9pondre aux d\u00e9fis de la coop\u00e9ration judiciaire\"}]},{\"@type\":\"WebSite\",\"@id\":\"https:\/\/www.eumedbridge.eu\/#website\",\"url\":\"https:\/\/www.eumedbridge.eu\/\",\"name\":\"EU Medbridge\",\"description\":\"\",\"publisher\":{\"@id\":\"https:\/\/www.eumedbridge.eu\/#organization\"},\"potentialAction\":[{\"@type\":\"SearchAction\",\"target\":{\"@type\":\"EntryPoint\",\"urlTemplate\":\"https:\/\/www.eumedbridge.eu\/?s={search_term_string}\"},\"query-input\":{\"@type\":\"PropertyValueSpecification\",\"valueRequired\":true,\"valueName\":\"search_term_string\"}}],\"inLanguage\":\"fr-FR\"},{\"@type\":\"Organization\",\"@id\":\"https:\/\/www.eumedbridge.eu\/#organization\",\"name\":\"EU Medbridge\",\"url\":\"https:\/\/www.eumedbridge.eu\/\",\"logo\":{\"@type\":\"ImageObject\",\"inLanguage\":\"fr-FR\",\"@id\":\"https:\/\/www.eumedbridge.eu\/#\/schema\/logo\/image\/\",\"url\":\"https:\/\/www.eumedbridge.eu\/wp-content\/uploads\/2021\/12\/Logo.png\",\"contentUrl\":\"https:\/\/www.eumedbridge.eu\/wp-content\/uploads\/2021\/12\/Logo.png\",\"width\":325,\"height\":114,\"caption\":\"EU Medbridge\"},\"image\":{\"@id\":\"https:\/\/www.eumedbridge.eu\/#\/schema\/logo\/image\/\"},\"sameAs\":[\"https:\/\/www.facebook.com\/eumedbridge\/\",\"https:\/\/x.com\/eumedbridge\",\"https:\/\/www.linkedin.com\/company\/eumedbridge\",\"https:\/\/www.youtube.com\/@eumedbridge\",\"https:\/\/www.instagram.com\/eumedbridge\",\"https:\/\/www.flickr.com\/photos\/euneighbours-south\/\"]}]}<\/script>\n<!-- \/ Yoast SEO plugin. -->","yoast_head_json":{"title":"Action r\u00e9gionale contre la traite des \u00eatres humains au Sud de la M\u00e9diterran\u00e9e : r\u00e9pondre aux d\u00e9fis de la coop\u00e9ration judiciaire - Voisins de l'UE","robots":{"index":"index","follow":"follow","max-snippet":"max-snippet:-1","max-image-preview":"max-image-preview:large","max-video-preview":"max-video-preview:-1"},"canonical":"https:\/\/www.eumedbridge.eu\/fr\/news\/action-regionale-contre-la-traite-des-etres-humains-au-sud-de-la\/","og_locale":"fr_FR","og_type":"article","og_title":"Action r\u00e9gionale contre la traite des \u00eatres humains au Sud de la M\u00e9diterran\u00e9e : r\u00e9pondre aux d\u00e9fis de la coop\u00e9ration judiciaire - Voisins de l'UE","og_description":"Dans le cadre du Programme Sud IV et \u00e0 l\u2019invitation des autorit\u00e9s du Royaume du Maroc, le Conseil de l\u2019Europe a organis\u00e9 les 24 et 25 f\u00e9vrier le 2\u00e8me s\u00e9minaire r\u00e9gional sur la lutte contre la traite des \u00eatres humains au Sud de la M\u00e9diterran\u00e9e, consacr\u00e9 aux enjeux de la coop\u00e9ration judiciaire dans ce domaine. [&hellip;]","og_url":"https:\/\/www.eumedbridge.eu\/fr\/news\/action-regionale-contre-la-traite-des-etres-humains-au-sud-de-la\/","og_site_name":"Voisins de l'UE","article_publisher":"https:\/\/www.facebook.com\/eumedbridge\/","article_modified_time":"2022-07-12T10:57:25+00:00","og_image":[{"width":870,"height":489,"url":"https:\/\/www.eumedbridge.eu\/wp-content\/uploads\/2022\/03\/Photo-Pending-Alert-1-2.jpg","type":"image\/jpeg"}],"twitter_card":"summary_large_image","twitter_site":"@eumedbridge","twitter_misc":{"Dur\u00e9e de lecture estim\u00e9e":"2 minutes"},"schema":{"@context":"https:\/\/schema.org","@graph":[{"@type":"WebPage","@id":"https:\/\/www.eumedbridge.eu\/fr\/news\/action-regionale-contre-la-traite-des-etres-humains-au-sud-de-la\/","url":"https:\/\/www.eumedbridge.eu\/fr\/news\/action-regionale-contre-la-traite-des-etres-humains-au-sud-de-la\/","name":"Action r\u00e9gionale contre la traite des \u00eatres humains au Sud de la M\u00e9diterran\u00e9e : r\u00e9pondre aux d\u00e9fis de la coop\u00e9ration judiciaire - Voisins de l'UE","isPartOf":{"@id":"https:\/\/www.eumedbridge.eu\/#website"},"primaryImageOfPage":{"@id":"https:\/\/www.eumedbridge.eu\/fr\/news\/action-regionale-contre-la-traite-des-etres-humains-au-sud-de-la\/#primaryimage"},"image":{"@id":"https:\/\/www.eumedbridge.eu\/fr\/news\/action-regionale-contre-la-traite-des-etres-humains-au-sud-de-la\/#primaryimage"},"thumbnailUrl":"https:\/\/www.eumedbridge.eu\/wp-content\/uploads\/2022\/03\/Photo-Pending-Alert-1-2.jpg","datePublished":"2021-03-08T22:00:00+00:00","dateModified":"2022-07-12T10:57:25+00:00","breadcrumb":{"@id":"https:\/\/www.eumedbridge.eu\/fr\/news\/action-regionale-contre-la-traite-des-etres-humains-au-sud-de-la\/#breadcrumb"},"inLanguage":"fr-FR","potentialAction":[{"@type":"ReadAction","target":["https:\/\/www.eumedbridge.eu\/fr\/news\/action-regionale-contre-la-traite-des-etres-humains-au-sud-de-la\/"]}]},{"@type":"ImageObject","inLanguage":"fr-FR","@id":"https:\/\/www.eumedbridge.eu\/fr\/news\/action-regionale-contre-la-traite-des-etres-humains-au-sud-de-la\/#primaryimage","url":"https:\/\/www.eumedbridge.eu\/wp-content\/uploads\/2022\/03\/Photo-Pending-Alert-1-2.jpg","contentUrl":"https:\/\/www.eumedbridge.eu\/wp-content\/uploads\/2022\/03\/Photo-Pending-Alert-1-2.jpg","width":870,"height":489},{"@type":"BreadcrumbList","@id":"https:\/\/www.eumedbridge.eu\/fr\/news\/action-regionale-contre-la-traite-des-etres-humains-au-sud-de-la\/#breadcrumb","itemListElement":[{"@type":"ListItem","position":1,"name":"Home","item":"https:\/\/www.eumedbridge.eu\/fr\/home-page\/"},{"@type":"ListItem","position":2,"name":"Actualit\u00e9s","item":"https:\/\/www.eumedbridge.eu\/fr\/news\/"},{"@type":"ListItem","position":3,"name":"Action r\u00e9gionale contre la traite des \u00eatres humains au Sud de la M\u00e9diterran\u00e9e : r\u00e9pondre aux d\u00e9fis de la coop\u00e9ration judiciaire"}]},{"@type":"WebSite","@id":"https:\/\/www.eumedbridge.eu\/#website","url":"https:\/\/www.eumedbridge.eu\/","name":"EU Medbridge","description":"","publisher":{"@id":"https:\/\/www.eumedbridge.eu\/#organization"},"potentialAction":[{"@type":"SearchAction","target":{"@type":"EntryPoint","urlTemplate":"https:\/\/www.eumedbridge.eu\/?s={search_term_string}"},"query-input":{"@type":"PropertyValueSpecification","valueRequired":true,"valueName":"search_term_string"}}],"inLanguage":"fr-FR"},{"@type":"Organization","@id":"https:\/\/www.eumedbridge.eu\/#organization","name":"EU Medbridge","url":"https:\/\/www.eumedbridge.eu\/","logo":{"@type":"ImageObject","inLanguage":"fr-FR","@id":"https:\/\/www.eumedbridge.eu\/#\/schema\/logo\/image\/","url":"https:\/\/www.eumedbridge.eu\/wp-content\/uploads\/2021\/12\/Logo.png","contentUrl":"https:\/\/www.eumedbridge.eu\/wp-content\/uploads\/2021\/12\/Logo.png","width":325,"height":114,"caption":"EU Medbridge"},"image":{"@id":"https:\/\/www.eumedbridge.eu\/#\/schema\/logo\/image\/"},"sameAs":["https:\/\/www.facebook.com\/eumedbridge\/","https:\/\/x.com\/eumedbridge","https:\/\/www.linkedin.com\/company\/eumedbridge","https:\/\/www.youtube.com\/@eumedbridge","https:\/\/www.instagram.com\/eumedbridge","https:\/\/www.flickr.com\/photos\/euneighbours-south\/"]}]}},"_links":{"self":[{"href":"https:\/\/www.eumedbridge.eu\/fr\/wp-json\/wp\/v2\/news\/159171","targetHints":{"allow":["GET"]}}],"collection":[{"href":"https:\/\/www.eumedbridge.eu\/fr\/wp-json\/wp\/v2\/news"}],"about":[{"href":"https:\/\/www.eumedbridge.eu\/fr\/wp-json\/wp\/v2\/types\/news"}],"wp:featuredmedia":[{"embeddable":true,"href":"https:\/\/www.eumedbridge.eu\/fr\/wp-json\/wp\/v2\/media\/64887"}],"wp:attachment":[{"href":"https:\/\/www.eumedbridge.eu\/fr\/wp-json\/wp\/v2\/media?parent=159171"}],"wp:term":[{"taxonomy":"news_category","embeddable":true,"href":"https:\/\/www.eumedbridge.eu\/fr\/wp-json\/wp\/v2\/news_category?post=159171"},{"taxonomy":"country","embeddable":true,"href":"https:\/\/www.eumedbridge.eu\/fr\/wp-json\/wp\/v2\/country?post=159171"},{"taxonomy":"special_action","embeddable":true,"href":"https:\/\/www.eumedbridge.eu\/fr\/wp-json\/wp\/v2\/special_action?post=159171"},{"taxonomy":"custom_tag","embeddable":true,"href":"https:\/\/www.eumedbridge.eu\/fr\/wp-json\/wp\/v2\/custom_tag?post=159171"}],"curies":[{"name":"wp","href":"https:\/\/api.w.org\/{rel}","templated":true}]}}