{"id":159474,"date":"2020-12-07T00:00:00","date_gmt":"2020-12-06T22:00:00","guid":{"rendered":"http:\/\/south.euneighbours.eu\/news\/liban-des-programmes-finances-par-lue-sassocient-pour-mettre-en-oeuvre-des-projets-municipaux-pilotes\/"},"modified":"2022-07-12T14:51:38","modified_gmt":"2022-07-12T11:51:38","slug":"liban-des-programmes-finances-par-lue-sassocient-pour-mettre-en-oeuvre-des","status":"publish","type":"news","link":"https:\/\/www.eumedbridge.eu\/fr\/news\/liban-des-programmes-finances-par-lue-sassocient-pour-mettre-en-oeuvre-des\/","title":{"rendered":"Liban : des programmes financ\u00e9s par l\u2019UE s\u2019associent pour mettre en \u0153uvre des projets municipaux pilotes"},"content":{"rendered":"<p>Le projet Clima-Med et le projet du PNUD CEDRO\u00a05 (Country Entrepreneurship for Distributed Renewables Opportunities, entrepreneuriat national pour les opportunit\u00e9s d\u2019\u00e9nergies renouvelables r\u00e9parties) au Liban, tous deux financ\u00e9s par l\u2019UE, se sont associ\u00e9s pour mettre en \u0153uvre des projets municipaux pilotes en tant qu\u2019actions de d\u00e9monstration \u00e0 reproduire. Ces actions ont \u00e9t\u00e9 s\u00e9lectionn\u00e9es parmi celles qui ont \u00e9t\u00e9 fix\u00e9es dans les Plans d\u2019action en faveur d\u2019un acc\u00e8s \u00e0 une \u00e9nergie durable et du climat (PAAEDC) pr\u00e9par\u00e9s par les municipalit\u00e9s de Baakline, Kab Elias, Batloun et Bishmizzine, ainsi que par la communaut\u00e9 de communes de Dannieh, avec le soutien du projet Clima-Med. Elles comprennent des mesures et des mod\u00e8les de production et de consommation d\u2019\u00e9nergie \u00e0 long terme et couvrent les b\u00e2timents municipaux, r\u00e9sidentiels et commerciaux, les transports urbains, les d\u00e9chets, la production locale d\u2019\u00e9lectricit\u00e9 verte, ainsi que les mesures d\u2019adaptation li\u00e9es aux impacts du changement climatique.<\/p>\n<p>Le projet CEDRO\u00a05 vise \u00e0 renforcer l\u2019innovation, l\u2019entrepreneuriat et la recherche, \u00e0 favoriser le transfert de technologies et la cr\u00e9ation de nouvelles cha\u00eenes de valeur dans les secteurs des \u00e9nergies renouvelables et de l\u2019efficacit\u00e9 \u00e9nerg\u00e9tique, et \u00e0 appuyer les politiques d\u2019accompagnement, les formations et le renforcement des capacit\u00e9s.<\/p>\n<p>Le projet \u00ab\u00a0Clima-Med &#8211; Agir pour le climat dans le sud de la M\u00e9diterran\u00e9e\u00a0\u00bb, financ\u00e9 par l\u2019UE, vise \u00e0 soutenir la transition des pays partenaires vers un d\u00e9veloppement durable, faible en carbone et r\u00e9silient au climat.\u00a0L\u2019objectif global de l\u2019initiative est d\u2019am\u00e9liorer la s\u00e9curit\u00e9 \u00e9nerg\u00e9tique et la capacit\u00e9 d\u2019adaptation des pays partenaires et de contribuer ainsi \u00e0 des contextes socio-\u00e9conomiques plus stables, efficaces, comp\u00e9titifs et r\u00e9sistants au climat, tout en renfor\u00e7ant la souverainet\u00e9 \u00e9nerg\u00e9tique et en r\u00e9duisant les \u00e9missions de CO2.\u00a0<\/p>\n<p>\u00a0<\/p>\n<p><strong>Pour en savoir plus<\/strong><\/p>\n<p><a href=\"https:\/\/www.climamed.eu\/cooperation-between-eu-clima-med-and-cedro-v-projects-in-lebanon\/\">Communiqu\u00e9 de presse<\/a><\/p>\n<p>Clima-Med \u2013 <a href=\"https:\/\/www.climamed.eu\/fr\/\">Site internet<\/a> et <a href=\"https:\/\/www.facebook.com\/ClimaMed.eu\/\">Page Facebook<\/a><\/p>\n","protected":false},"featured_media":61443,"parent":0,"template":"","news_category":[],"country":[1949],"special_action":[],"custom_tag":[1884],"class_list":["post-159474","news","type-news","status-publish","has-post-thumbnail","hentry","country-liban","custom_tag-environnement-et-changement-climatique"],"acf":[],"yoast_head":"<!-- This site is optimized with the Yoast SEO plugin v26.5 - https:\/\/yoast.com\/wordpress\/plugins\/seo\/ -->\n<title>Liban : des programmes financ\u00e9s par l\u2019UE s\u2019associent pour mettre en \u0153uvre des projets municipaux pilotes - Voisins de l&#039;UE<\/title>\n<meta name=\"robots\" content=\"index, follow, max-snippet:-1, max-image-preview:large, max-video-preview:-1\" \/>\n<link rel=\"canonical\" href=\"https:\/\/www.eumedbridge.eu\/fr\/news\/liban-des-programmes-finances-par-lue-sassocient-pour-mettre-en-oeuvre-des\/\" \/>\n<meta property=\"og:locale\" content=\"fr_FR\" \/>\n<meta property=\"og:type\" content=\"article\" \/>\n<meta property=\"og:title\" content=\"Liban : des programmes financ\u00e9s par l\u2019UE s\u2019associent pour mettre en \u0153uvre des projets municipaux pilotes - Voisins de l&#039;UE\" \/>\n<meta property=\"og:description\" content=\"Le projet Clima-Med et le projet du PNUD CEDRO\u00a05 (Country Entrepreneurship for Distributed Renewables Opportunities, entrepreneuriat national pour les opportunit\u00e9s d\u2019\u00e9nergies renouvelables r\u00e9parties) au Liban, tous deux financ\u00e9s par l\u2019UE, se sont associ\u00e9s pour mettre en \u0153uvre des projets municipaux pilotes en tant qu\u2019actions de d\u00e9monstration \u00e0 reproduire. Ces actions ont \u00e9t\u00e9 s\u00e9lectionn\u00e9es parmi celles [&hellip;]\" \/>\n<meta property=\"og:url\" content=\"https:\/\/www.eumedbridge.eu\/fr\/news\/liban-des-programmes-finances-par-lue-sassocient-pour-mettre-en-oeuvre-des\/\" \/>\n<meta property=\"og:site_name\" content=\"Voisins de l&#039;UE\" \/>\n<meta property=\"article:publisher\" content=\"https:\/\/www.facebook.com\/eumedbridge\/\" \/>\n<meta property=\"article:modified_time\" content=\"2022-07-12T11:51:38+00:00\" \/>\n<meta property=\"og:image\" content=\"https:\/\/www.eumedbridge.eu\/wp-content\/uploads\/2022\/03\/photo-clima-med-1.jpg\" \/>\n\t<meta property=\"og:image:width\" content=\"1024\" \/>\n\t<meta property=\"og:image:height\" content=\"680\" \/>\n\t<meta property=\"og:image:type\" content=\"image\/jpeg\" \/>\n<meta name=\"twitter:card\" content=\"summary_large_image\" \/>\n<meta name=\"twitter:site\" content=\"@eumedbridge\" \/>\n<meta name=\"twitter:label1\" content=\"Dur\u00e9e de lecture estim\u00e9e\" \/>\n\t<meta name=\"twitter:data1\" content=\"2 minutes\" \/>\n<script type=\"application\/ld+json\" class=\"yoast-schema-graph\">{\"@context\":\"https:\/\/schema.org\",\"@graph\":[{\"@type\":\"WebPage\",\"@id\":\"https:\/\/www.eumedbridge.eu\/fr\/news\/liban-des-programmes-finances-par-lue-sassocient-pour-mettre-en-oeuvre-des\/\",\"url\":\"https:\/\/www.eumedbridge.eu\/fr\/news\/liban-des-programmes-finances-par-lue-sassocient-pour-mettre-en-oeuvre-des\/\",\"name\":\"Liban : des programmes financ\u00e9s par l\u2019UE s\u2019associent pour mettre en \u0153uvre des projets municipaux pilotes - Voisins de l'UE\",\"isPartOf\":{\"@id\":\"https:\/\/www.eumedbridge.eu\/#website\"},\"primaryImageOfPage\":{\"@id\":\"https:\/\/www.eumedbridge.eu\/fr\/news\/liban-des-programmes-finances-par-lue-sassocient-pour-mettre-en-oeuvre-des\/#primaryimage\"},\"image\":{\"@id\":\"https:\/\/www.eumedbridge.eu\/fr\/news\/liban-des-programmes-finances-par-lue-sassocient-pour-mettre-en-oeuvre-des\/#primaryimage\"},\"thumbnailUrl\":\"https:\/\/www.eumedbridge.eu\/wp-content\/uploads\/2022\/03\/photo-clima-med-1.jpg\",\"datePublished\":\"2020-12-06T22:00:00+00:00\",\"dateModified\":\"2022-07-12T11:51:38+00:00\",\"breadcrumb\":{\"@id\":\"https:\/\/www.eumedbridge.eu\/fr\/news\/liban-des-programmes-finances-par-lue-sassocient-pour-mettre-en-oeuvre-des\/#breadcrumb\"},\"inLanguage\":\"fr-FR\",\"potentialAction\":[{\"@type\":\"ReadAction\",\"target\":[\"https:\/\/www.eumedbridge.eu\/fr\/news\/liban-des-programmes-finances-par-lue-sassocient-pour-mettre-en-oeuvre-des\/\"]}]},{\"@type\":\"ImageObject\",\"inLanguage\":\"fr-FR\",\"@id\":\"https:\/\/www.eumedbridge.eu\/fr\/news\/liban-des-programmes-finances-par-lue-sassocient-pour-mettre-en-oeuvre-des\/#primaryimage\",\"url\":\"https:\/\/www.eumedbridge.eu\/wp-content\/uploads\/2022\/03\/photo-clima-med-1.jpg\",\"contentUrl\":\"https:\/\/www.eumedbridge.eu\/wp-content\/uploads\/2022\/03\/photo-clima-med-1.jpg\",\"width\":1024,\"height\":680},{\"@type\":\"BreadcrumbList\",\"@id\":\"https:\/\/www.eumedbridge.eu\/fr\/news\/liban-des-programmes-finances-par-lue-sassocient-pour-mettre-en-oeuvre-des\/#breadcrumb\",\"itemListElement\":[{\"@type\":\"ListItem\",\"position\":1,\"name\":\"Home\",\"item\":\"https:\/\/www.eumedbridge.eu\/fr\/home-page\/\"},{\"@type\":\"ListItem\",\"position\":2,\"name\":\"Actualit\u00e9s\",\"item\":\"https:\/\/www.eumedbridge.eu\/fr\/news\/\"},{\"@type\":\"ListItem\",\"position\":3,\"name\":\"Liban : des programmes financ\u00e9s par l\u2019UE s\u2019associent pour mettre en \u0153uvre des projets municipaux pilotes\"}]},{\"@type\":\"WebSite\",\"@id\":\"https:\/\/www.eumedbridge.eu\/#website\",\"url\":\"https:\/\/www.eumedbridge.eu\/\",\"name\":\"EU Medbridge\",\"description\":\"\",\"publisher\":{\"@id\":\"https:\/\/www.eumedbridge.eu\/#organization\"},\"potentialAction\":[{\"@type\":\"SearchAction\",\"target\":{\"@type\":\"EntryPoint\",\"urlTemplate\":\"https:\/\/www.eumedbridge.eu\/?s={search_term_string}\"},\"query-input\":{\"@type\":\"PropertyValueSpecification\",\"valueRequired\":true,\"valueName\":\"search_term_string\"}}],\"inLanguage\":\"fr-FR\"},{\"@type\":\"Organization\",\"@id\":\"https:\/\/www.eumedbridge.eu\/#organization\",\"name\":\"EU Medbridge\",\"url\":\"https:\/\/www.eumedbridge.eu\/\",\"logo\":{\"@type\":\"ImageObject\",\"inLanguage\":\"fr-FR\",\"@id\":\"https:\/\/www.eumedbridge.eu\/#\/schema\/logo\/image\/\",\"url\":\"https:\/\/www.eumedbridge.eu\/wp-content\/uploads\/2021\/12\/Logo.png\",\"contentUrl\":\"https:\/\/www.eumedbridge.eu\/wp-content\/uploads\/2021\/12\/Logo.png\",\"width\":325,\"height\":114,\"caption\":\"EU Medbridge\"},\"image\":{\"@id\":\"https:\/\/www.eumedbridge.eu\/#\/schema\/logo\/image\/\"},\"sameAs\":[\"https:\/\/www.facebook.com\/eumedbridge\/\",\"https:\/\/x.com\/eumedbridge\",\"https:\/\/www.linkedin.com\/company\/eumedbridge\",\"https:\/\/www.youtube.com\/@eumedbridge\",\"https:\/\/www.instagram.com\/eumedbridge\",\"https:\/\/www.flickr.com\/photos\/euneighbours-south\/\"]}]}<\/script>\n<!-- \/ Yoast SEO plugin. -->","yoast_head_json":{"title":"Liban : des programmes financ\u00e9s par l\u2019UE s\u2019associent pour mettre en \u0153uvre des projets municipaux pilotes - Voisins de l'UE","robots":{"index":"index","follow":"follow","max-snippet":"max-snippet:-1","max-image-preview":"max-image-preview:large","max-video-preview":"max-video-preview:-1"},"canonical":"https:\/\/www.eumedbridge.eu\/fr\/news\/liban-des-programmes-finances-par-lue-sassocient-pour-mettre-en-oeuvre-des\/","og_locale":"fr_FR","og_type":"article","og_title":"Liban : des programmes financ\u00e9s par l\u2019UE s\u2019associent pour mettre en \u0153uvre des projets municipaux pilotes - Voisins de l'UE","og_description":"Le projet Clima-Med et le projet du PNUD CEDRO\u00a05 (Country Entrepreneurship for Distributed Renewables Opportunities, entrepreneuriat national pour les opportunit\u00e9s d\u2019\u00e9nergies renouvelables r\u00e9parties) au Liban, tous deux financ\u00e9s par l\u2019UE, se sont associ\u00e9s pour mettre en \u0153uvre des projets municipaux pilotes en tant qu\u2019actions de d\u00e9monstration \u00e0 reproduire. Ces actions ont \u00e9t\u00e9 s\u00e9lectionn\u00e9es parmi celles [&hellip;]","og_url":"https:\/\/www.eumedbridge.eu\/fr\/news\/liban-des-programmes-finances-par-lue-sassocient-pour-mettre-en-oeuvre-des\/","og_site_name":"Voisins de l'UE","article_publisher":"https:\/\/www.facebook.com\/eumedbridge\/","article_modified_time":"2022-07-12T11:51:38+00:00","og_image":[{"width":1024,"height":680,"url":"https:\/\/www.eumedbridge.eu\/wp-content\/uploads\/2022\/03\/photo-clima-med-1.jpg","type":"image\/jpeg"}],"twitter_card":"summary_large_image","twitter_site":"@eumedbridge","twitter_misc":{"Dur\u00e9e de lecture estim\u00e9e":"2 minutes"},"schema":{"@context":"https:\/\/schema.org","@graph":[{"@type":"WebPage","@id":"https:\/\/www.eumedbridge.eu\/fr\/news\/liban-des-programmes-finances-par-lue-sassocient-pour-mettre-en-oeuvre-des\/","url":"https:\/\/www.eumedbridge.eu\/fr\/news\/liban-des-programmes-finances-par-lue-sassocient-pour-mettre-en-oeuvre-des\/","name":"Liban : des programmes financ\u00e9s par l\u2019UE s\u2019associent pour mettre en \u0153uvre des projets municipaux pilotes - Voisins de l'UE","isPartOf":{"@id":"https:\/\/www.eumedbridge.eu\/#website"},"primaryImageOfPage":{"@id":"https:\/\/www.eumedbridge.eu\/fr\/news\/liban-des-programmes-finances-par-lue-sassocient-pour-mettre-en-oeuvre-des\/#primaryimage"},"image":{"@id":"https:\/\/www.eumedbridge.eu\/fr\/news\/liban-des-programmes-finances-par-lue-sassocient-pour-mettre-en-oeuvre-des\/#primaryimage"},"thumbnailUrl":"https:\/\/www.eumedbridge.eu\/wp-content\/uploads\/2022\/03\/photo-clima-med-1.jpg","datePublished":"2020-12-06T22:00:00+00:00","dateModified":"2022-07-12T11:51:38+00:00","breadcrumb":{"@id":"https:\/\/www.eumedbridge.eu\/fr\/news\/liban-des-programmes-finances-par-lue-sassocient-pour-mettre-en-oeuvre-des\/#breadcrumb"},"inLanguage":"fr-FR","potentialAction":[{"@type":"ReadAction","target":["https:\/\/www.eumedbridge.eu\/fr\/news\/liban-des-programmes-finances-par-lue-sassocient-pour-mettre-en-oeuvre-des\/"]}]},{"@type":"ImageObject","inLanguage":"fr-FR","@id":"https:\/\/www.eumedbridge.eu\/fr\/news\/liban-des-programmes-finances-par-lue-sassocient-pour-mettre-en-oeuvre-des\/#primaryimage","url":"https:\/\/www.eumedbridge.eu\/wp-content\/uploads\/2022\/03\/photo-clima-med-1.jpg","contentUrl":"https:\/\/www.eumedbridge.eu\/wp-content\/uploads\/2022\/03\/photo-clima-med-1.jpg","width":1024,"height":680},{"@type":"BreadcrumbList","@id":"https:\/\/www.eumedbridge.eu\/fr\/news\/liban-des-programmes-finances-par-lue-sassocient-pour-mettre-en-oeuvre-des\/#breadcrumb","itemListElement":[{"@type":"ListItem","position":1,"name":"Home","item":"https:\/\/www.eumedbridge.eu\/fr\/home-page\/"},{"@type":"ListItem","position":2,"name":"Actualit\u00e9s","item":"https:\/\/www.eumedbridge.eu\/fr\/news\/"},{"@type":"ListItem","position":3,"name":"Liban : des programmes financ\u00e9s par l\u2019UE s\u2019associent pour mettre en \u0153uvre des projets municipaux pilotes"}]},{"@type":"WebSite","@id":"https:\/\/www.eumedbridge.eu\/#website","url":"https:\/\/www.eumedbridge.eu\/","name":"EU Medbridge","description":"","publisher":{"@id":"https:\/\/www.eumedbridge.eu\/#organization"},"potentialAction":[{"@type":"SearchAction","target":{"@type":"EntryPoint","urlTemplate":"https:\/\/www.eumedbridge.eu\/?s={search_term_string}"},"query-input":{"@type":"PropertyValueSpecification","valueRequired":true,"valueName":"search_term_string"}}],"inLanguage":"fr-FR"},{"@type":"Organization","@id":"https:\/\/www.eumedbridge.eu\/#organization","name":"EU Medbridge","url":"https:\/\/www.eumedbridge.eu\/","logo":{"@type":"ImageObject","inLanguage":"fr-FR","@id":"https:\/\/www.eumedbridge.eu\/#\/schema\/logo\/image\/","url":"https:\/\/www.eumedbridge.eu\/wp-content\/uploads\/2021\/12\/Logo.png","contentUrl":"https:\/\/www.eumedbridge.eu\/wp-content\/uploads\/2021\/12\/Logo.png","width":325,"height":114,"caption":"EU Medbridge"},"image":{"@id":"https:\/\/www.eumedbridge.eu\/#\/schema\/logo\/image\/"},"sameAs":["https:\/\/www.facebook.com\/eumedbridge\/","https:\/\/x.com\/eumedbridge","https:\/\/www.linkedin.com\/company\/eumedbridge","https:\/\/www.youtube.com\/@eumedbridge","https:\/\/www.instagram.com\/eumedbridge","https:\/\/www.flickr.com\/photos\/euneighbours-south\/"]}]}},"_links":{"self":[{"href":"https:\/\/www.eumedbridge.eu\/fr\/wp-json\/wp\/v2\/news\/159474","targetHints":{"allow":["GET"]}}],"collection":[{"href":"https:\/\/www.eumedbridge.eu\/fr\/wp-json\/wp\/v2\/news"}],"about":[{"href":"https:\/\/www.eumedbridge.eu\/fr\/wp-json\/wp\/v2\/types\/news"}],"wp:featuredmedia":[{"embeddable":true,"href":"https:\/\/www.eumedbridge.eu\/fr\/wp-json\/wp\/v2\/media\/61443"}],"wp:attachment":[{"href":"https:\/\/www.eumedbridge.eu\/fr\/wp-json\/wp\/v2\/media?parent=159474"}],"wp:term":[{"taxonomy":"news_category","embeddable":true,"href":"https:\/\/www.eumedbridge.eu\/fr\/wp-json\/wp\/v2\/news_category?post=159474"},{"taxonomy":"country","embeddable":true,"href":"https:\/\/www.eumedbridge.eu\/fr\/wp-json\/wp\/v2\/country?post=159474"},{"taxonomy":"special_action","embeddable":true,"href":"https:\/\/www.eumedbridge.eu\/fr\/wp-json\/wp\/v2\/special_action?post=159474"},{"taxonomy":"custom_tag","embeddable":true,"href":"https:\/\/www.eumedbridge.eu\/fr\/wp-json\/wp\/v2\/custom_tag?post=159474"}],"curies":[{"name":"wp","href":"https:\/\/api.w.org\/{rel}","templated":true}]}}