{"id":159733,"date":"2020-09-14T00:00:00","date_gmt":"2020-09-13T21:00:00","guid":{"rendered":"http:\/\/south.euneighbours.eu\/news\/journee-internationale-de-la-democratie-declaration-commune-du-hr-vp-josep-borrell-et-du-vp-dubravka-suica\/"},"modified":"2022-07-12T11:33:33","modified_gmt":"2022-07-12T08:33:33","slug":"journee-internationale-de-la-democratie-declaration-commune-du-hrvp-josep","status":"publish","type":"news","link":"https:\/\/www.eumedbridge.eu\/fr\/news\/journee-internationale-de-la-democratie-declaration-commune-du-hrvp-josep\/","title":{"rendered":"Journ\u00e9e internationale de la d\u00e9mocratie : d\u00e9claration commune du HR\/VP Josep Borrell et du VP Dubravka \u0160uica"},"content":{"rendered":"<p><span><span><span><span><span>\u00c0 la veille de la Journ\u00e9e internationale de la d\u00e9mocratie, le Haut repr\u00e9sentant\/vice-pr\u00e9sident de l\u2019UE, Josep\u00a0Borrell, et le vice-pr\u00e9sident Dubravka \u0160uica ont publi\u00e9 la d\u00e9claration commune suivante\u00a0: \u00a0\u00ab\u00a0Partout dans le monde, des gens continuent de manifester, souvent au p\u00e9ril de leur vie, leur d\u00e9sir de d\u00e9mocratie. De Hong Kong au Liban, de la Bi\u00e9lorussie au Soudan, derri\u00e8re les gros titres et les chiffres se cachent des personnes braves et courageuses de tous horizons. Nous leur rendons hommage et partageons leur engagement en faveur de la d\u00e9mocratie.<\/span><\/span><\/span><\/span><\/span><\/p>\n<p><span><span><span><span><span>La d\u00e9mocratie est confront\u00e9e \u00e0 des d\u00e9fis qui ont \u00e9t\u00e9 exacerb\u00e9s par la pand\u00e9mie de coronavirus. Dans le monde entier, les libert\u00e9s civiles sont \u00e9rod\u00e9es, les m\u00e9dias et journalistes ind\u00e9pendants r\u00e9prim\u00e9s et les institutions d\u00e9mocratiques affaiblies. La polarisation augmente \u00e0 mesure que la confiance des citoyens dans les institutions et les pratiques d\u00e9mocratiques s\u2019effrite. Avec l\u2019apparition de nouvelles possibilit\u00e9s de participation politique, nous sommes t\u00e9moins de l\u2019impact consid\u00e9rable des nouvelles formes de manipulation de l\u2019information et des processus \u00e9lectoraux et d\u00e9mocratiques, qui est intensifi\u00e9 par la technologie num\u00e9rique et les m\u00e9dias sociaux. \u00a0Face \u00e0 ces d\u00e9fis, l\u2019Union europ\u00e9enne redouble d\u2019efforts pour soutenir ceux qui \u0153uvrent pour d\u00e9fendre et instaurer la d\u00e9mocratie, pour encourager la participation et l\u2019inclusion d\u00e9mocratiques sans distinction de sexe ou d\u2019origine, pour garantir le contr\u00f4le et l\u2019\u00e9quilibre des pouvoirs institutionnels et pour contraindre les d\u00e9cideurs \u00e0 r\u00e9pondre de leurs actes. Nous jouons un r\u00f4le de premier plan dans la promotion et la protection de la d\u00e9mocratie dans le monde.<\/span><\/span><\/span><\/span><\/span><\/p>\n<p><span><span><span><span><span>[&#8230;] Le nouveau Plan d\u2019action en faveur des droits de l\u2019homme et de la d\u00e9mocratie d\u00e9finit nos ambitions et identifie les priorit\u00e9s d\u2019une action ext\u00e9rieure concr\u00e8te pour les ann\u00e9es \u00e0 venir. De la coop\u00e9ration impliquant d\u2019anciens ennemis en Colombie au r\u00e9tablissement de la justice en R\u00e9publique d\u00e9mocratique du Congo, en passant par l\u2019autonomisation des m\u00e9dias en Asie centrale et le renforcement du r\u00f4le des femmes en Syrie, l\u2019Union europ\u00e9enne continue de soutenir activement les valeurs et les initiatives d\u00e9mocratiques \u00e0 travers ses projets et sa coop\u00e9ration. En\u00a02019, l\u2019UE a d\u00e9ploy\u00e9 huit missions d\u2019observation des \u00e9lections et sept missions d\u2019experts \u00e9lectoraux dans le cadre de son engagement en faveur de la d\u00e9mocratie, des droits de l\u2019homme et de l\u2019\u00c9tat de droit dans le monde.\u00a0\u00a0\u00bb<\/span><\/span><\/span><\/span><\/span><\/p>\n<p>\u00a0<\/p>\n<p><span><span><span><strong><span><span>Pour en savoir plus<\/span><\/span><\/strong><\/span><\/span><\/span><\/p>\n<p><span><span><span><span><span><a href=\"https:\/\/ec.europa.eu\/commission\/presscorner\/detail\/en\/statement_20_1643\">Texte int\u00e9gral de la d\u00e9claration<\/a><\/span><\/span><\/span><\/span><\/span><\/p>\n","protected":false},"featured_media":58843,"parent":0,"template":"","news_category":[],"country":[1946,1947,1950,2124,1949,1951,1953,1952,2029,1955],"special_action":[],"custom_tag":[2313,2821],"class_list":["post-159733","news","type-news","status-publish","has-post-thumbnail","hentry","country-algerie","country-egypte","country-israel-fr","country-jordanie","country-liban","country-libye","country-maroc","country-palestine-fr","country-syrie","country-tunisie","custom_tag-droit-de-lhomme","custom_tag-migration-fr"],"acf":[],"yoast_head":"<!-- This site is optimized with the Yoast SEO plugin v26.5 - https:\/\/yoast.com\/wordpress\/plugins\/seo\/ -->\n<title>Journ\u00e9e internationale de la d\u00e9mocratie : d\u00e9claration commune du HR\/VP Josep Borrell et du VP Dubravka \u0160uica - Voisins de l&#039;UE<\/title>\n<meta name=\"robots\" content=\"index, follow, max-snippet:-1, max-image-preview:large, max-video-preview:-1\" \/>\n<link rel=\"canonical\" href=\"https:\/\/www.eumedbridge.eu\/fr\/news\/journee-internationale-de-la-democratie-declaration-commune-du-hrvp-josep\/\" \/>\n<meta property=\"og:locale\" content=\"fr_FR\" \/>\n<meta property=\"og:type\" content=\"article\" \/>\n<meta property=\"og:title\" content=\"Journ\u00e9e internationale de la d\u00e9mocratie : d\u00e9claration commune du HR\/VP Josep Borrell et du VP Dubravka \u0160uica - Voisins de l&#039;UE\" \/>\n<meta property=\"og:description\" content=\"\u00c0 la veille de la Journ\u00e9e internationale de la d\u00e9mocratie, le Haut repr\u00e9sentant\/vice-pr\u00e9sident de l\u2019UE, Josep\u00a0Borrell, et le vice-pr\u00e9sident Dubravka \u0160uica ont publi\u00e9 la d\u00e9claration commune suivante\u00a0: \u00a0\u00ab\u00a0Partout dans le monde, des gens continuent de manifester, souvent au p\u00e9ril de leur vie, leur d\u00e9sir de d\u00e9mocratie. De Hong Kong au Liban, de la Bi\u00e9lorussie au [&hellip;]\" \/>\n<meta property=\"og:url\" content=\"https:\/\/www.eumedbridge.eu\/fr\/news\/journee-internationale-de-la-democratie-declaration-commune-du-hrvp-josep\/\" \/>\n<meta property=\"og:site_name\" content=\"Voisins de l&#039;UE\" \/>\n<meta property=\"article:publisher\" content=\"https:\/\/www.facebook.com\/eumedbridge\/\" \/>\n<meta property=\"article:modified_time\" content=\"2022-07-12T08:33:33+00:00\" \/>\n<meta property=\"og:image\" content=\"https:\/\/www.eumedbridge.eu\/wp-content\/uploads\/2022\/03\/EU-flag_3-4.jpg\" \/>\n\t<meta property=\"og:image:width\" content=\"1600\" \/>\n\t<meta property=\"og:image:height\" content=\"900\" \/>\n\t<meta property=\"og:image:type\" content=\"image\/jpeg\" \/>\n<meta name=\"twitter:card\" content=\"summary_large_image\" \/>\n<meta name=\"twitter:site\" content=\"@eumedbridge\" \/>\n<meta name=\"twitter:label1\" content=\"Dur\u00e9e de lecture estim\u00e9e\" \/>\n\t<meta name=\"twitter:data1\" content=\"2 minutes\" \/>\n<script type=\"application\/ld+json\" class=\"yoast-schema-graph\">{\"@context\":\"https:\/\/schema.org\",\"@graph\":[{\"@type\":\"WebPage\",\"@id\":\"https:\/\/www.eumedbridge.eu\/fr\/news\/journee-internationale-de-la-democratie-declaration-commune-du-hrvp-josep\/\",\"url\":\"https:\/\/www.eumedbridge.eu\/fr\/news\/journee-internationale-de-la-democratie-declaration-commune-du-hrvp-josep\/\",\"name\":\"Journ\u00e9e internationale de la d\u00e9mocratie : d\u00e9claration commune du HR\/VP Josep Borrell et du VP Dubravka \u0160uica - Voisins de l'UE\",\"isPartOf\":{\"@id\":\"https:\/\/www.eumedbridge.eu\/#website\"},\"primaryImageOfPage\":{\"@id\":\"https:\/\/www.eumedbridge.eu\/fr\/news\/journee-internationale-de-la-democratie-declaration-commune-du-hrvp-josep\/#primaryimage\"},\"image\":{\"@id\":\"https:\/\/www.eumedbridge.eu\/fr\/news\/journee-internationale-de-la-democratie-declaration-commune-du-hrvp-josep\/#primaryimage\"},\"thumbnailUrl\":\"https:\/\/www.eumedbridge.eu\/wp-content\/uploads\/2022\/03\/EU-flag_3-4.jpg\",\"datePublished\":\"2020-09-13T21:00:00+00:00\",\"dateModified\":\"2022-07-12T08:33:33+00:00\",\"breadcrumb\":{\"@id\":\"https:\/\/www.eumedbridge.eu\/fr\/news\/journee-internationale-de-la-democratie-declaration-commune-du-hrvp-josep\/#breadcrumb\"},\"inLanguage\":\"fr-FR\",\"potentialAction\":[{\"@type\":\"ReadAction\",\"target\":[\"https:\/\/www.eumedbridge.eu\/fr\/news\/journee-internationale-de-la-democratie-declaration-commune-du-hrvp-josep\/\"]}]},{\"@type\":\"ImageObject\",\"inLanguage\":\"fr-FR\",\"@id\":\"https:\/\/www.eumedbridge.eu\/fr\/news\/journee-internationale-de-la-democratie-declaration-commune-du-hrvp-josep\/#primaryimage\",\"url\":\"https:\/\/www.eumedbridge.eu\/wp-content\/uploads\/2022\/03\/EU-flag_3-4.jpg\",\"contentUrl\":\"https:\/\/www.eumedbridge.eu\/wp-content\/uploads\/2022\/03\/EU-flag_3-4.jpg\",\"width\":1600,\"height\":900},{\"@type\":\"BreadcrumbList\",\"@id\":\"https:\/\/www.eumedbridge.eu\/fr\/news\/journee-internationale-de-la-democratie-declaration-commune-du-hrvp-josep\/#breadcrumb\",\"itemListElement\":[{\"@type\":\"ListItem\",\"position\":1,\"name\":\"Home\",\"item\":\"https:\/\/www.eumedbridge.eu\/fr\/home-page\/\"},{\"@type\":\"ListItem\",\"position\":2,\"name\":\"Actualit\u00e9s\",\"item\":\"https:\/\/www.eumedbridge.eu\/fr\/news\/\"},{\"@type\":\"ListItem\",\"position\":3,\"name\":\"Journ\u00e9e internationale de la d\u00e9mocratie : d\u00e9claration commune du HR\/VP Josep Borrell et du VP Dubravka \u0160uica\"}]},{\"@type\":\"WebSite\",\"@id\":\"https:\/\/www.eumedbridge.eu\/#website\",\"url\":\"https:\/\/www.eumedbridge.eu\/\",\"name\":\"EU Medbridge\",\"description\":\"\",\"publisher\":{\"@id\":\"https:\/\/www.eumedbridge.eu\/#organization\"},\"potentialAction\":[{\"@type\":\"SearchAction\",\"target\":{\"@type\":\"EntryPoint\",\"urlTemplate\":\"https:\/\/www.eumedbridge.eu\/?s={search_term_string}\"},\"query-input\":{\"@type\":\"PropertyValueSpecification\",\"valueRequired\":true,\"valueName\":\"search_term_string\"}}],\"inLanguage\":\"fr-FR\"},{\"@type\":\"Organization\",\"@id\":\"https:\/\/www.eumedbridge.eu\/#organization\",\"name\":\"EU Medbridge\",\"url\":\"https:\/\/www.eumedbridge.eu\/\",\"logo\":{\"@type\":\"ImageObject\",\"inLanguage\":\"fr-FR\",\"@id\":\"https:\/\/www.eumedbridge.eu\/#\/schema\/logo\/image\/\",\"url\":\"https:\/\/www.eumedbridge.eu\/wp-content\/uploads\/2021\/12\/Logo.png\",\"contentUrl\":\"https:\/\/www.eumedbridge.eu\/wp-content\/uploads\/2021\/12\/Logo.png\",\"width\":325,\"height\":114,\"caption\":\"EU Medbridge\"},\"image\":{\"@id\":\"https:\/\/www.eumedbridge.eu\/#\/schema\/logo\/image\/\"},\"sameAs\":[\"https:\/\/www.facebook.com\/eumedbridge\/\",\"https:\/\/x.com\/eumedbridge\",\"https:\/\/www.linkedin.com\/company\/eumedbridge\",\"https:\/\/www.youtube.com\/@eumedbridge\",\"https:\/\/www.instagram.com\/eumedbridge\",\"https:\/\/www.flickr.com\/photos\/euneighbours-south\/\"]}]}<\/script>\n<!-- \/ Yoast SEO plugin. -->","yoast_head_json":{"title":"Journ\u00e9e internationale de la d\u00e9mocratie : d\u00e9claration commune du HR\/VP Josep Borrell et du VP Dubravka \u0160uica - Voisins de l'UE","robots":{"index":"index","follow":"follow","max-snippet":"max-snippet:-1","max-image-preview":"max-image-preview:large","max-video-preview":"max-video-preview:-1"},"canonical":"https:\/\/www.eumedbridge.eu\/fr\/news\/journee-internationale-de-la-democratie-declaration-commune-du-hrvp-josep\/","og_locale":"fr_FR","og_type":"article","og_title":"Journ\u00e9e internationale de la d\u00e9mocratie : d\u00e9claration commune du HR\/VP Josep Borrell et du VP Dubravka \u0160uica - Voisins de l'UE","og_description":"\u00c0 la veille de la Journ\u00e9e internationale de la d\u00e9mocratie, le Haut repr\u00e9sentant\/vice-pr\u00e9sident de l\u2019UE, Josep\u00a0Borrell, et le vice-pr\u00e9sident Dubravka \u0160uica ont publi\u00e9 la d\u00e9claration commune suivante\u00a0: \u00a0\u00ab\u00a0Partout dans le monde, des gens continuent de manifester, souvent au p\u00e9ril de leur vie, leur d\u00e9sir de d\u00e9mocratie. De Hong Kong au Liban, de la Bi\u00e9lorussie au [&hellip;]","og_url":"https:\/\/www.eumedbridge.eu\/fr\/news\/journee-internationale-de-la-democratie-declaration-commune-du-hrvp-josep\/","og_site_name":"Voisins de l'UE","article_publisher":"https:\/\/www.facebook.com\/eumedbridge\/","article_modified_time":"2022-07-12T08:33:33+00:00","og_image":[{"width":1600,"height":900,"url":"https:\/\/www.eumedbridge.eu\/wp-content\/uploads\/2022\/03\/EU-flag_3-4.jpg","type":"image\/jpeg"}],"twitter_card":"summary_large_image","twitter_site":"@eumedbridge","twitter_misc":{"Dur\u00e9e de lecture estim\u00e9e":"2 minutes"},"schema":{"@context":"https:\/\/schema.org","@graph":[{"@type":"WebPage","@id":"https:\/\/www.eumedbridge.eu\/fr\/news\/journee-internationale-de-la-democratie-declaration-commune-du-hrvp-josep\/","url":"https:\/\/www.eumedbridge.eu\/fr\/news\/journee-internationale-de-la-democratie-declaration-commune-du-hrvp-josep\/","name":"Journ\u00e9e internationale de la d\u00e9mocratie : d\u00e9claration commune du HR\/VP Josep Borrell et du VP Dubravka \u0160uica - Voisins de l'UE","isPartOf":{"@id":"https:\/\/www.eumedbridge.eu\/#website"},"primaryImageOfPage":{"@id":"https:\/\/www.eumedbridge.eu\/fr\/news\/journee-internationale-de-la-democratie-declaration-commune-du-hrvp-josep\/#primaryimage"},"image":{"@id":"https:\/\/www.eumedbridge.eu\/fr\/news\/journee-internationale-de-la-democratie-declaration-commune-du-hrvp-josep\/#primaryimage"},"thumbnailUrl":"https:\/\/www.eumedbridge.eu\/wp-content\/uploads\/2022\/03\/EU-flag_3-4.jpg","datePublished":"2020-09-13T21:00:00+00:00","dateModified":"2022-07-12T08:33:33+00:00","breadcrumb":{"@id":"https:\/\/www.eumedbridge.eu\/fr\/news\/journee-internationale-de-la-democratie-declaration-commune-du-hrvp-josep\/#breadcrumb"},"inLanguage":"fr-FR","potentialAction":[{"@type":"ReadAction","target":["https:\/\/www.eumedbridge.eu\/fr\/news\/journee-internationale-de-la-democratie-declaration-commune-du-hrvp-josep\/"]}]},{"@type":"ImageObject","inLanguage":"fr-FR","@id":"https:\/\/www.eumedbridge.eu\/fr\/news\/journee-internationale-de-la-democratie-declaration-commune-du-hrvp-josep\/#primaryimage","url":"https:\/\/www.eumedbridge.eu\/wp-content\/uploads\/2022\/03\/EU-flag_3-4.jpg","contentUrl":"https:\/\/www.eumedbridge.eu\/wp-content\/uploads\/2022\/03\/EU-flag_3-4.jpg","width":1600,"height":900},{"@type":"BreadcrumbList","@id":"https:\/\/www.eumedbridge.eu\/fr\/news\/journee-internationale-de-la-democratie-declaration-commune-du-hrvp-josep\/#breadcrumb","itemListElement":[{"@type":"ListItem","position":1,"name":"Home","item":"https:\/\/www.eumedbridge.eu\/fr\/home-page\/"},{"@type":"ListItem","position":2,"name":"Actualit\u00e9s","item":"https:\/\/www.eumedbridge.eu\/fr\/news\/"},{"@type":"ListItem","position":3,"name":"Journ\u00e9e internationale de la d\u00e9mocratie : d\u00e9claration commune du HR\/VP Josep Borrell et du VP Dubravka \u0160uica"}]},{"@type":"WebSite","@id":"https:\/\/www.eumedbridge.eu\/#website","url":"https:\/\/www.eumedbridge.eu\/","name":"EU Medbridge","description":"","publisher":{"@id":"https:\/\/www.eumedbridge.eu\/#organization"},"potentialAction":[{"@type":"SearchAction","target":{"@type":"EntryPoint","urlTemplate":"https:\/\/www.eumedbridge.eu\/?s={search_term_string}"},"query-input":{"@type":"PropertyValueSpecification","valueRequired":true,"valueName":"search_term_string"}}],"inLanguage":"fr-FR"},{"@type":"Organization","@id":"https:\/\/www.eumedbridge.eu\/#organization","name":"EU Medbridge","url":"https:\/\/www.eumedbridge.eu\/","logo":{"@type":"ImageObject","inLanguage":"fr-FR","@id":"https:\/\/www.eumedbridge.eu\/#\/schema\/logo\/image\/","url":"https:\/\/www.eumedbridge.eu\/wp-content\/uploads\/2021\/12\/Logo.png","contentUrl":"https:\/\/www.eumedbridge.eu\/wp-content\/uploads\/2021\/12\/Logo.png","width":325,"height":114,"caption":"EU Medbridge"},"image":{"@id":"https:\/\/www.eumedbridge.eu\/#\/schema\/logo\/image\/"},"sameAs":["https:\/\/www.facebook.com\/eumedbridge\/","https:\/\/x.com\/eumedbridge","https:\/\/www.linkedin.com\/company\/eumedbridge","https:\/\/www.youtube.com\/@eumedbridge","https:\/\/www.instagram.com\/eumedbridge","https:\/\/www.flickr.com\/photos\/euneighbours-south\/"]}]}},"_links":{"self":[{"href":"https:\/\/www.eumedbridge.eu\/fr\/wp-json\/wp\/v2\/news\/159733","targetHints":{"allow":["GET"]}}],"collection":[{"href":"https:\/\/www.eumedbridge.eu\/fr\/wp-json\/wp\/v2\/news"}],"about":[{"href":"https:\/\/www.eumedbridge.eu\/fr\/wp-json\/wp\/v2\/types\/news"}],"wp:featuredmedia":[{"embeddable":true,"href":"https:\/\/www.eumedbridge.eu\/fr\/wp-json\/wp\/v2\/media\/58843"}],"wp:attachment":[{"href":"https:\/\/www.eumedbridge.eu\/fr\/wp-json\/wp\/v2\/media?parent=159733"}],"wp:term":[{"taxonomy":"news_category","embeddable":true,"href":"https:\/\/www.eumedbridge.eu\/fr\/wp-json\/wp\/v2\/news_category?post=159733"},{"taxonomy":"country","embeddable":true,"href":"https:\/\/www.eumedbridge.eu\/fr\/wp-json\/wp\/v2\/country?post=159733"},{"taxonomy":"special_action","embeddable":true,"href":"https:\/\/www.eumedbridge.eu\/fr\/wp-json\/wp\/v2\/special_action?post=159733"},{"taxonomy":"custom_tag","embeddable":true,"href":"https:\/\/www.eumedbridge.eu\/fr\/wp-json\/wp\/v2\/custom_tag?post=159733"}],"curies":[{"name":"wp","href":"https:\/\/api.w.org\/{rel}","templated":true}]}}