{"id":159816,"date":"2020-08-10T00:00:00","date_gmt":"2020-08-09T21:00:00","guid":{"rendered":"http:\/\/south.euneighbours.eu\/news\/avec-30-millions-deuros-supplementaires-la-commission-europeenne-promet-un-soutien-immediat-au-liban\/"},"modified":"2022-07-12T11:37:21","modified_gmt":"2022-07-12T08:37:21","slug":"avec-30-millions-deuros-supplementaires-la-commission-europeenne-promet-un","status":"publish","type":"news","link":"https:\/\/www.eumedbridge.eu\/fr\/news\/avec-30-millions-deuros-supplementaires-la-commission-europeenne-promet-un\/","title":{"rendered":"Avec 30 millions d&rsquo;euros suppl\u00e9mentaires, la Commission europ\u00e9enne promet un soutien imm\u00e9diat au Liban"},"content":{"rendered":"<p>Dans le cadre de la conf\u00e9rence internationale sur l&rsquo;aide et le soutien \u00e0 Beyrouth et au peuple libanais, la Commission europ\u00e9enne a promis un nouveau financement de 30 millions d&rsquo;euros afin de r\u00e9pondre aux besoins les plus pressants des personnes touch\u00e9es par l&rsquo;explosion meurtri\u00e8re du 4 ao\u00fbt \u00e0 Beyrouth.<\/p>\n<p>Cette somme vient s&rsquo;ajouter aux 33 millions d&rsquo;euros d\u00e9j\u00e0 annonc\u00e9s par la Pr\u00e9sidente von der Leyen, \u00e0 l&rsquo;occasion de leur conversation t\u00e9l\u00e9phonique jeudi.<\/p>\n<p><strong>Intervention d&rsquo;urgence \u00e0 Beyrouth, au Liban<\/strong><\/p>\n<p>Ce financement vient s&rsquo;ajouter aux op\u00e9rations d&rsquo;urgence en cours, qui comprennent :<\/p>\n<p>&#8211; 300 experts hautement qualifi\u00e9s de l&rsquo;UE et de ses \u00c9tats membres ont \u00e9t\u00e9 d\u00e9ploy\u00e9s dans le cadre du m\u00e9canisme de protection civile de l&rsquo;UE, notamment des \u00e9quipes de recherche et de sauvetage, d&rsquo;\u00e9valuation chimique et m\u00e9dicale ;<\/p>\n<p>&#8211; Equipements et fournitures m\u00e9dicales d&rsquo;urgence et en combinaisons de protection chimique<\/p>\n<p>&#8211; Un navire militaire dot\u00e9 d&rsquo;une capacit\u00e9 d&rsquo;\u00e9vacuation m\u00e9dicale par h\u00e9licopt\u00e8re, ainsi que des \u00e9quipements m\u00e9dicaux et de protection<\/p>\n<p>&#8211; Activation du syst\u00e8me de cartographie par satellite Copernicus afin d&rsquo;aider \u00e0 \u00e9valuer l&rsquo;\u00e9tendue des d\u00e9g\u00e2ts.<\/p>\n<p><strong>Pour en savoir plus<\/strong><\/p>\n<p><a href=\"https:\/\/ec.europa.eu\/commission\/presscorner\/detail\/fr\/ip_20_1466\">Communiqu\u00e9 de presse<\/a><\/p>\n","protected":false},"featured_media":58023,"parent":0,"template":"","news_category":[],"country":[1949],"special_action":[],"custom_tag":[2312,2821,1890],"class_list":["post-159816","news","type-news","status-publish","has-post-thumbnail","hentry","country-liban","custom_tag-developpement-durable","custom_tag-migration-fr","custom_tag-sante"],"acf":[],"yoast_head":"<!-- This site is optimized with the Yoast SEO plugin v26.5 - https:\/\/yoast.com\/wordpress\/plugins\/seo\/ -->\n<title>Avec 30 millions d&#039;euros suppl\u00e9mentaires, la Commission europ\u00e9enne promet un soutien imm\u00e9diat au Liban - Voisins de l&#039;UE<\/title>\n<meta name=\"robots\" content=\"index, follow, max-snippet:-1, max-image-preview:large, max-video-preview:-1\" \/>\n<link rel=\"canonical\" href=\"https:\/\/www.eumedbridge.eu\/fr\/news\/avec-30-millions-deuros-supplementaires-la-commission-europeenne-promet-un\/\" \/>\n<meta property=\"og:locale\" content=\"fr_FR\" \/>\n<meta property=\"og:type\" content=\"article\" \/>\n<meta property=\"og:title\" content=\"Avec 30 millions d&#039;euros suppl\u00e9mentaires, la Commission europ\u00e9enne promet un soutien imm\u00e9diat au Liban - Voisins de l&#039;UE\" \/>\n<meta property=\"og:description\" content=\"Dans le cadre de la conf\u00e9rence internationale sur l&rsquo;aide et le soutien \u00e0 Beyrouth et au peuple libanais, la Commission europ\u00e9enne a promis un nouveau financement de 30 millions d&rsquo;euros afin de r\u00e9pondre aux besoins les plus pressants des personnes touch\u00e9es par l&rsquo;explosion meurtri\u00e8re du 4 ao\u00fbt \u00e0 Beyrouth. Cette somme vient s&rsquo;ajouter aux 33 [&hellip;]\" \/>\n<meta property=\"og:url\" content=\"https:\/\/www.eumedbridge.eu\/fr\/news\/avec-30-millions-deuros-supplementaires-la-commission-europeenne-promet-un\/\" \/>\n<meta property=\"og:site_name\" content=\"Voisins de l&#039;UE\" \/>\n<meta property=\"article:publisher\" content=\"https:\/\/www.facebook.com\/eumedbridge\/\" \/>\n<meta property=\"article:modified_time\" content=\"2022-07-12T08:37:21+00:00\" \/>\n<meta property=\"og:image\" content=\"https:\/\/www.eumedbridge.eu\/wp-content\/uploads\/2022\/03\/commission-europeenne_0-1.jpg\" \/>\n\t<meta property=\"og:image:width\" content=\"1600\" \/>\n\t<meta property=\"og:image:height\" content=\"900\" \/>\n\t<meta property=\"og:image:type\" content=\"image\/jpeg\" \/>\n<meta name=\"twitter:card\" content=\"summary_large_image\" \/>\n<meta name=\"twitter:site\" content=\"@eumedbridge\" \/>\n<meta name=\"twitter:label1\" content=\"Dur\u00e9e de lecture estim\u00e9e\" \/>\n\t<meta name=\"twitter:data1\" content=\"1 minute\" \/>\n<script type=\"application\/ld+json\" class=\"yoast-schema-graph\">{\"@context\":\"https:\/\/schema.org\",\"@graph\":[{\"@type\":\"WebPage\",\"@id\":\"https:\/\/www.eumedbridge.eu\/fr\/news\/avec-30-millions-deuros-supplementaires-la-commission-europeenne-promet-un\/\",\"url\":\"https:\/\/www.eumedbridge.eu\/fr\/news\/avec-30-millions-deuros-supplementaires-la-commission-europeenne-promet-un\/\",\"name\":\"Avec 30 millions d'euros suppl\u00e9mentaires, la Commission europ\u00e9enne promet un soutien imm\u00e9diat au Liban - Voisins de l'UE\",\"isPartOf\":{\"@id\":\"https:\/\/www.eumedbridge.eu\/#website\"},\"primaryImageOfPage\":{\"@id\":\"https:\/\/www.eumedbridge.eu\/fr\/news\/avec-30-millions-deuros-supplementaires-la-commission-europeenne-promet-un\/#primaryimage\"},\"image\":{\"@id\":\"https:\/\/www.eumedbridge.eu\/fr\/news\/avec-30-millions-deuros-supplementaires-la-commission-europeenne-promet-un\/#primaryimage\"},\"thumbnailUrl\":\"https:\/\/www.eumedbridge.eu\/wp-content\/uploads\/2022\/03\/commission-europeenne_0-1.jpg\",\"datePublished\":\"2020-08-09T21:00:00+00:00\",\"dateModified\":\"2022-07-12T08:37:21+00:00\",\"breadcrumb\":{\"@id\":\"https:\/\/www.eumedbridge.eu\/fr\/news\/avec-30-millions-deuros-supplementaires-la-commission-europeenne-promet-un\/#breadcrumb\"},\"inLanguage\":\"fr-FR\",\"potentialAction\":[{\"@type\":\"ReadAction\",\"target\":[\"https:\/\/www.eumedbridge.eu\/fr\/news\/avec-30-millions-deuros-supplementaires-la-commission-europeenne-promet-un\/\"]}]},{\"@type\":\"ImageObject\",\"inLanguage\":\"fr-FR\",\"@id\":\"https:\/\/www.eumedbridge.eu\/fr\/news\/avec-30-millions-deuros-supplementaires-la-commission-europeenne-promet-un\/#primaryimage\",\"url\":\"https:\/\/www.eumedbridge.eu\/wp-content\/uploads\/2022\/03\/commission-europeenne_0-1.jpg\",\"contentUrl\":\"https:\/\/www.eumedbridge.eu\/wp-content\/uploads\/2022\/03\/commission-europeenne_0-1.jpg\",\"width\":1600,\"height\":900},{\"@type\":\"BreadcrumbList\",\"@id\":\"https:\/\/www.eumedbridge.eu\/fr\/news\/avec-30-millions-deuros-supplementaires-la-commission-europeenne-promet-un\/#breadcrumb\",\"itemListElement\":[{\"@type\":\"ListItem\",\"position\":1,\"name\":\"Home\",\"item\":\"https:\/\/www.eumedbridge.eu\/fr\/home-page\/\"},{\"@type\":\"ListItem\",\"position\":2,\"name\":\"Actualit\u00e9s\",\"item\":\"https:\/\/www.eumedbridge.eu\/fr\/news\/\"},{\"@type\":\"ListItem\",\"position\":3,\"name\":\"Avec 30 millions d&rsquo;euros suppl\u00e9mentaires, la Commission europ\u00e9enne promet un soutien imm\u00e9diat au Liban\"}]},{\"@type\":\"WebSite\",\"@id\":\"https:\/\/www.eumedbridge.eu\/#website\",\"url\":\"https:\/\/www.eumedbridge.eu\/\",\"name\":\"EU Medbridge\",\"description\":\"\",\"publisher\":{\"@id\":\"https:\/\/www.eumedbridge.eu\/#organization\"},\"potentialAction\":[{\"@type\":\"SearchAction\",\"target\":{\"@type\":\"EntryPoint\",\"urlTemplate\":\"https:\/\/www.eumedbridge.eu\/?s={search_term_string}\"},\"query-input\":{\"@type\":\"PropertyValueSpecification\",\"valueRequired\":true,\"valueName\":\"search_term_string\"}}],\"inLanguage\":\"fr-FR\"},{\"@type\":\"Organization\",\"@id\":\"https:\/\/www.eumedbridge.eu\/#organization\",\"name\":\"EU Medbridge\",\"url\":\"https:\/\/www.eumedbridge.eu\/\",\"logo\":{\"@type\":\"ImageObject\",\"inLanguage\":\"fr-FR\",\"@id\":\"https:\/\/www.eumedbridge.eu\/#\/schema\/logo\/image\/\",\"url\":\"https:\/\/www.eumedbridge.eu\/wp-content\/uploads\/2021\/12\/Logo.png\",\"contentUrl\":\"https:\/\/www.eumedbridge.eu\/wp-content\/uploads\/2021\/12\/Logo.png\",\"width\":325,\"height\":114,\"caption\":\"EU Medbridge\"},\"image\":{\"@id\":\"https:\/\/www.eumedbridge.eu\/#\/schema\/logo\/image\/\"},\"sameAs\":[\"https:\/\/www.facebook.com\/eumedbridge\/\",\"https:\/\/x.com\/eumedbridge\",\"https:\/\/www.linkedin.com\/company\/eumedbridge\",\"https:\/\/www.youtube.com\/@eumedbridge\",\"https:\/\/www.instagram.com\/eumedbridge\",\"https:\/\/www.flickr.com\/photos\/euneighbours-south\/\"]}]}<\/script>\n<!-- \/ Yoast SEO plugin. -->","yoast_head_json":{"title":"Avec 30 millions d'euros suppl\u00e9mentaires, la Commission europ\u00e9enne promet un soutien imm\u00e9diat au Liban - Voisins de l'UE","robots":{"index":"index","follow":"follow","max-snippet":"max-snippet:-1","max-image-preview":"max-image-preview:large","max-video-preview":"max-video-preview:-1"},"canonical":"https:\/\/www.eumedbridge.eu\/fr\/news\/avec-30-millions-deuros-supplementaires-la-commission-europeenne-promet-un\/","og_locale":"fr_FR","og_type":"article","og_title":"Avec 30 millions d'euros suppl\u00e9mentaires, la Commission europ\u00e9enne promet un soutien imm\u00e9diat au Liban - Voisins de l'UE","og_description":"Dans le cadre de la conf\u00e9rence internationale sur l&rsquo;aide et le soutien \u00e0 Beyrouth et au peuple libanais, la Commission europ\u00e9enne a promis un nouveau financement de 30 millions d&rsquo;euros afin de r\u00e9pondre aux besoins les plus pressants des personnes touch\u00e9es par l&rsquo;explosion meurtri\u00e8re du 4 ao\u00fbt \u00e0 Beyrouth. Cette somme vient s&rsquo;ajouter aux 33 [&hellip;]","og_url":"https:\/\/www.eumedbridge.eu\/fr\/news\/avec-30-millions-deuros-supplementaires-la-commission-europeenne-promet-un\/","og_site_name":"Voisins de l'UE","article_publisher":"https:\/\/www.facebook.com\/eumedbridge\/","article_modified_time":"2022-07-12T08:37:21+00:00","og_image":[{"width":1600,"height":900,"url":"https:\/\/www.eumedbridge.eu\/wp-content\/uploads\/2022\/03\/commission-europeenne_0-1.jpg","type":"image\/jpeg"}],"twitter_card":"summary_large_image","twitter_site":"@eumedbridge","twitter_misc":{"Dur\u00e9e de lecture estim\u00e9e":"1 minute"},"schema":{"@context":"https:\/\/schema.org","@graph":[{"@type":"WebPage","@id":"https:\/\/www.eumedbridge.eu\/fr\/news\/avec-30-millions-deuros-supplementaires-la-commission-europeenne-promet-un\/","url":"https:\/\/www.eumedbridge.eu\/fr\/news\/avec-30-millions-deuros-supplementaires-la-commission-europeenne-promet-un\/","name":"Avec 30 millions d'euros suppl\u00e9mentaires, la Commission europ\u00e9enne promet un soutien imm\u00e9diat au Liban - Voisins de l'UE","isPartOf":{"@id":"https:\/\/www.eumedbridge.eu\/#website"},"primaryImageOfPage":{"@id":"https:\/\/www.eumedbridge.eu\/fr\/news\/avec-30-millions-deuros-supplementaires-la-commission-europeenne-promet-un\/#primaryimage"},"image":{"@id":"https:\/\/www.eumedbridge.eu\/fr\/news\/avec-30-millions-deuros-supplementaires-la-commission-europeenne-promet-un\/#primaryimage"},"thumbnailUrl":"https:\/\/www.eumedbridge.eu\/wp-content\/uploads\/2022\/03\/commission-europeenne_0-1.jpg","datePublished":"2020-08-09T21:00:00+00:00","dateModified":"2022-07-12T08:37:21+00:00","breadcrumb":{"@id":"https:\/\/www.eumedbridge.eu\/fr\/news\/avec-30-millions-deuros-supplementaires-la-commission-europeenne-promet-un\/#breadcrumb"},"inLanguage":"fr-FR","potentialAction":[{"@type":"ReadAction","target":["https:\/\/www.eumedbridge.eu\/fr\/news\/avec-30-millions-deuros-supplementaires-la-commission-europeenne-promet-un\/"]}]},{"@type":"ImageObject","inLanguage":"fr-FR","@id":"https:\/\/www.eumedbridge.eu\/fr\/news\/avec-30-millions-deuros-supplementaires-la-commission-europeenne-promet-un\/#primaryimage","url":"https:\/\/www.eumedbridge.eu\/wp-content\/uploads\/2022\/03\/commission-europeenne_0-1.jpg","contentUrl":"https:\/\/www.eumedbridge.eu\/wp-content\/uploads\/2022\/03\/commission-europeenne_0-1.jpg","width":1600,"height":900},{"@type":"BreadcrumbList","@id":"https:\/\/www.eumedbridge.eu\/fr\/news\/avec-30-millions-deuros-supplementaires-la-commission-europeenne-promet-un\/#breadcrumb","itemListElement":[{"@type":"ListItem","position":1,"name":"Home","item":"https:\/\/www.eumedbridge.eu\/fr\/home-page\/"},{"@type":"ListItem","position":2,"name":"Actualit\u00e9s","item":"https:\/\/www.eumedbridge.eu\/fr\/news\/"},{"@type":"ListItem","position":3,"name":"Avec 30 millions d&rsquo;euros suppl\u00e9mentaires, la Commission europ\u00e9enne promet un soutien imm\u00e9diat au Liban"}]},{"@type":"WebSite","@id":"https:\/\/www.eumedbridge.eu\/#website","url":"https:\/\/www.eumedbridge.eu\/","name":"EU Medbridge","description":"","publisher":{"@id":"https:\/\/www.eumedbridge.eu\/#organization"},"potentialAction":[{"@type":"SearchAction","target":{"@type":"EntryPoint","urlTemplate":"https:\/\/www.eumedbridge.eu\/?s={search_term_string}"},"query-input":{"@type":"PropertyValueSpecification","valueRequired":true,"valueName":"search_term_string"}}],"inLanguage":"fr-FR"},{"@type":"Organization","@id":"https:\/\/www.eumedbridge.eu\/#organization","name":"EU Medbridge","url":"https:\/\/www.eumedbridge.eu\/","logo":{"@type":"ImageObject","inLanguage":"fr-FR","@id":"https:\/\/www.eumedbridge.eu\/#\/schema\/logo\/image\/","url":"https:\/\/www.eumedbridge.eu\/wp-content\/uploads\/2021\/12\/Logo.png","contentUrl":"https:\/\/www.eumedbridge.eu\/wp-content\/uploads\/2021\/12\/Logo.png","width":325,"height":114,"caption":"EU Medbridge"},"image":{"@id":"https:\/\/www.eumedbridge.eu\/#\/schema\/logo\/image\/"},"sameAs":["https:\/\/www.facebook.com\/eumedbridge\/","https:\/\/x.com\/eumedbridge","https:\/\/www.linkedin.com\/company\/eumedbridge","https:\/\/www.youtube.com\/@eumedbridge","https:\/\/www.instagram.com\/eumedbridge","https:\/\/www.flickr.com\/photos\/euneighbours-south\/"]}]}},"_links":{"self":[{"href":"https:\/\/www.eumedbridge.eu\/fr\/wp-json\/wp\/v2\/news\/159816","targetHints":{"allow":["GET"]}}],"collection":[{"href":"https:\/\/www.eumedbridge.eu\/fr\/wp-json\/wp\/v2\/news"}],"about":[{"href":"https:\/\/www.eumedbridge.eu\/fr\/wp-json\/wp\/v2\/types\/news"}],"wp:featuredmedia":[{"embeddable":true,"href":"https:\/\/www.eumedbridge.eu\/fr\/wp-json\/wp\/v2\/media\/58023"}],"wp:attachment":[{"href":"https:\/\/www.eumedbridge.eu\/fr\/wp-json\/wp\/v2\/media?parent=159816"}],"wp:term":[{"taxonomy":"news_category","embeddable":true,"href":"https:\/\/www.eumedbridge.eu\/fr\/wp-json\/wp\/v2\/news_category?post=159816"},{"taxonomy":"country","embeddable":true,"href":"https:\/\/www.eumedbridge.eu\/fr\/wp-json\/wp\/v2\/country?post=159816"},{"taxonomy":"special_action","embeddable":true,"href":"https:\/\/www.eumedbridge.eu\/fr\/wp-json\/wp\/v2\/special_action?post=159816"},{"taxonomy":"custom_tag","embeddable":true,"href":"https:\/\/www.eumedbridge.eu\/fr\/wp-json\/wp\/v2\/custom_tag?post=159816"}],"curies":[{"name":"wp","href":"https:\/\/api.w.org\/{rel}","templated":true}]}}