{"id":160040,"date":"2020-05-20T00:00:00","date_gmt":"2020-05-19T21:00:00","guid":{"rendered":"http:\/\/south.euneighbours.eu\/news\/tunisie-lunion-europeenne-livre-des-equipements-de-protection-individuelle-aux-forces-de-securite-interieure\/"},"modified":"2022-07-12T11:47:28","modified_gmt":"2022-07-12T08:47:28","slug":"tunisie-lunion-europeenne-livre-des-equipements-de-protection-individuelle","status":"publish","type":"news","link":"https:\/\/www.eumedbridge.eu\/fr\/news\/tunisie-lunion-europeenne-livre-des-equipements-de-protection-individuelle\/","title":{"rendered":"Tunisie : L\u2019Union europ\u00e9enne livre des \u00e9quipements de protection individuelle aux forces de s\u00e9curit\u00e9 int\u00e9rieure"},"content":{"rendered":"<p>Des \u00e9quipements\u00a0de protection individuelle ont \u00e9t\u00e9 livr\u00e9s hier aux\u00a0forces de s\u00e9curit\u00e9 int\u00e9rieure tunisiennes. La c\u00e9r\u00e9monie de livraison s\u2019est tenue au\u00a0si\u00e8ge de la\u00a0Direction des services de sant\u00e9 du minist\u00e8re de l\u2019Int\u00e9rieur,\u00a0en pr\u00e9sence de l\u2019ambassadeur de l\u2019Union europ\u00e9enne, S.E. Patrice Bergamini, de hauts cadres du minist\u00e8re de l\u2019Int\u00e9rieur et de M.\u00a0Pierre Bellet, magistrat et Directeur strat\u00e9gique du projet CT-MENA.<\/p>\n<p>Ces \u00e9quipements ont \u00e9t\u00e9 financ\u00e9s par CT-MENA, un projet europ\u00e9en actif au plan r\u00e9gional notamment dans le renforcement des capacit\u00e9s des organismes gouvernementaux de s\u00e9curit\u00e9.<\/p>\n<p>Par ailleurs, cette livraison rentre dans le cadre de l\u2019initiative\u00a0Team Europe, action solidaire entreprise par l\u2019Union europ\u00e9enne en r\u00e9ponse au Covid-19. <\/p>\n<p>Il est \u00e0 noter que ces \u00e9quipements de protection individuelle remis aux forces de s\u00e9curit\u00e9 int\u00e9rieures\u00a0ont \u00e9t\u00e9 livr\u00e9s par une soci\u00e9t\u00e9 100\u00a0% tunisienne, sp\u00e9cialis\u00e9e depuis\u00a0plus de vingt ans\u00a0dans ce type d\u2019\u00e9quipements.\u00a0<\/p>\n<p><p>\u00a0<\/p>\n<\/p>\n<p><strong>Pour en savoir plus<\/strong><\/p>\n<p><a href=\"https:\/\/eeas.europa.eu\/delegations\/tunisia\/79640\/l%E2%80%99union-europ%C3%A9enne-livre-des-%C3%A9quipements-de-protection-individuelle%C2%A0aux-forces-de-s%C3%A9curit%C3%A9_en\">Communiqu\u00e9 de presse<\/a><\/p>\n<p>D\u00e9l\u00e9gation de l\u2019UE en Tunisie \u2013 <a href=\"https:\/\/eeas.europa.eu\/delegations\/tunisia_fr\">Site internet<\/a> et <a href=\"https:\/\/www.facebook.com\/EUTunisie\/\">page Facebook<\/a><\/p>\n","protected":false},"featured_media":55793,"parent":0,"template":"","news_category":[],"country":[1955],"special_action":[],"custom_tag":[2313,2821],"class_list":["post-160040","news","type-news","status-publish","has-post-thumbnail","hentry","country-tunisie","custom_tag-droit-de-lhomme","custom_tag-migration-fr"],"acf":[],"yoast_head":"<!-- This site is optimized with the Yoast SEO plugin v26.5 - https:\/\/yoast.com\/wordpress\/plugins\/seo\/ -->\n<title>Tunisie : L\u2019Union europ\u00e9enne livre des \u00e9quipements de protection individuelle aux forces de s\u00e9curit\u00e9 int\u00e9rieure - Voisins de l&#039;UE<\/title>\n<meta name=\"robots\" content=\"index, follow, max-snippet:-1, max-image-preview:large, max-video-preview:-1\" \/>\n<link rel=\"canonical\" href=\"https:\/\/www.eumedbridge.eu\/fr\/news\/tunisie-lunion-europeenne-livre-des-equipements-de-protection-individuelle\/\" \/>\n<meta property=\"og:locale\" content=\"fr_FR\" \/>\n<meta property=\"og:type\" content=\"article\" \/>\n<meta property=\"og:title\" content=\"Tunisie : L\u2019Union europ\u00e9enne livre des \u00e9quipements de protection individuelle aux forces de s\u00e9curit\u00e9 int\u00e9rieure - Voisins de l&#039;UE\" \/>\n<meta property=\"og:description\" content=\"Des \u00e9quipements\u00a0de protection individuelle ont \u00e9t\u00e9 livr\u00e9s hier aux\u00a0forces de s\u00e9curit\u00e9 int\u00e9rieure tunisiennes. La c\u00e9r\u00e9monie de livraison s\u2019est tenue au\u00a0si\u00e8ge de la\u00a0Direction des services de sant\u00e9 du minist\u00e8re de l\u2019Int\u00e9rieur,\u00a0en pr\u00e9sence de l\u2019ambassadeur de l\u2019Union europ\u00e9enne, S.E. Patrice Bergamini, de hauts cadres du minist\u00e8re de l\u2019Int\u00e9rieur et de M.\u00a0Pierre Bellet, magistrat et Directeur strat\u00e9gique du [&hellip;]\" \/>\n<meta property=\"og:url\" content=\"https:\/\/www.eumedbridge.eu\/fr\/news\/tunisie-lunion-europeenne-livre-des-equipements-de-protection-individuelle\/\" \/>\n<meta property=\"og:site_name\" content=\"Voisins de l&#039;UE\" \/>\n<meta property=\"article:publisher\" content=\"https:\/\/www.facebook.com\/eumedbridge\/\" \/>\n<meta property=\"article:modified_time\" content=\"2022-07-12T08:47:28+00:00\" \/>\n<meta property=\"og:image\" content=\"https:\/\/www.eumedbridge.eu\/wp-content\/uploads\/2022\/03\/photo-Tunisie_0-2.jpg\" \/>\n\t<meta property=\"og:image:width\" content=\"750\" \/>\n\t<meta property=\"og:image:height\" content=\"421\" \/>\n\t<meta property=\"og:image:type\" content=\"image\/jpeg\" \/>\n<meta name=\"twitter:card\" content=\"summary_large_image\" \/>\n<meta name=\"twitter:site\" content=\"@eumedbridge\" \/>\n<meta name=\"twitter:label1\" content=\"Dur\u00e9e de lecture estim\u00e9e\" \/>\n\t<meta name=\"twitter:data1\" content=\"1 minute\" \/>\n<script type=\"application\/ld+json\" class=\"yoast-schema-graph\">{\"@context\":\"https:\/\/schema.org\",\"@graph\":[{\"@type\":\"WebPage\",\"@id\":\"https:\/\/www.eumedbridge.eu\/fr\/news\/tunisie-lunion-europeenne-livre-des-equipements-de-protection-individuelle\/\",\"url\":\"https:\/\/www.eumedbridge.eu\/fr\/news\/tunisie-lunion-europeenne-livre-des-equipements-de-protection-individuelle\/\",\"name\":\"Tunisie : L\u2019Union europ\u00e9enne livre des \u00e9quipements de protection individuelle aux forces de s\u00e9curit\u00e9 int\u00e9rieure - Voisins de l'UE\",\"isPartOf\":{\"@id\":\"https:\/\/www.eumedbridge.eu\/#website\"},\"primaryImageOfPage\":{\"@id\":\"https:\/\/www.eumedbridge.eu\/fr\/news\/tunisie-lunion-europeenne-livre-des-equipements-de-protection-individuelle\/#primaryimage\"},\"image\":{\"@id\":\"https:\/\/www.eumedbridge.eu\/fr\/news\/tunisie-lunion-europeenne-livre-des-equipements-de-protection-individuelle\/#primaryimage\"},\"thumbnailUrl\":\"https:\/\/www.eumedbridge.eu\/wp-content\/uploads\/2022\/03\/photo-Tunisie_0-2.jpg\",\"datePublished\":\"2020-05-19T21:00:00+00:00\",\"dateModified\":\"2022-07-12T08:47:28+00:00\",\"breadcrumb\":{\"@id\":\"https:\/\/www.eumedbridge.eu\/fr\/news\/tunisie-lunion-europeenne-livre-des-equipements-de-protection-individuelle\/#breadcrumb\"},\"inLanguage\":\"fr-FR\",\"potentialAction\":[{\"@type\":\"ReadAction\",\"target\":[\"https:\/\/www.eumedbridge.eu\/fr\/news\/tunisie-lunion-europeenne-livre-des-equipements-de-protection-individuelle\/\"]}]},{\"@type\":\"ImageObject\",\"inLanguage\":\"fr-FR\",\"@id\":\"https:\/\/www.eumedbridge.eu\/fr\/news\/tunisie-lunion-europeenne-livre-des-equipements-de-protection-individuelle\/#primaryimage\",\"url\":\"https:\/\/www.eumedbridge.eu\/wp-content\/uploads\/2022\/03\/photo-Tunisie_0-2.jpg\",\"contentUrl\":\"https:\/\/www.eumedbridge.eu\/wp-content\/uploads\/2022\/03\/photo-Tunisie_0-2.jpg\",\"width\":750,\"height\":421},{\"@type\":\"BreadcrumbList\",\"@id\":\"https:\/\/www.eumedbridge.eu\/fr\/news\/tunisie-lunion-europeenne-livre-des-equipements-de-protection-individuelle\/#breadcrumb\",\"itemListElement\":[{\"@type\":\"ListItem\",\"position\":1,\"name\":\"Home\",\"item\":\"https:\/\/www.eumedbridge.eu\/fr\/home-page\/\"},{\"@type\":\"ListItem\",\"position\":2,\"name\":\"Actualit\u00e9s\",\"item\":\"https:\/\/www.eumedbridge.eu\/fr\/news\/\"},{\"@type\":\"ListItem\",\"position\":3,\"name\":\"Tunisie : L\u2019Union europ\u00e9enne livre des \u00e9quipements de protection individuelle aux forces de s\u00e9curit\u00e9 int\u00e9rieure\"}]},{\"@type\":\"WebSite\",\"@id\":\"https:\/\/www.eumedbridge.eu\/#website\",\"url\":\"https:\/\/www.eumedbridge.eu\/\",\"name\":\"EU Medbridge\",\"description\":\"\",\"publisher\":{\"@id\":\"https:\/\/www.eumedbridge.eu\/#organization\"},\"potentialAction\":[{\"@type\":\"SearchAction\",\"target\":{\"@type\":\"EntryPoint\",\"urlTemplate\":\"https:\/\/www.eumedbridge.eu\/?s={search_term_string}\"},\"query-input\":{\"@type\":\"PropertyValueSpecification\",\"valueRequired\":true,\"valueName\":\"search_term_string\"}}],\"inLanguage\":\"fr-FR\"},{\"@type\":\"Organization\",\"@id\":\"https:\/\/www.eumedbridge.eu\/#organization\",\"name\":\"EU Medbridge\",\"url\":\"https:\/\/www.eumedbridge.eu\/\",\"logo\":{\"@type\":\"ImageObject\",\"inLanguage\":\"fr-FR\",\"@id\":\"https:\/\/www.eumedbridge.eu\/#\/schema\/logo\/image\/\",\"url\":\"https:\/\/www.eumedbridge.eu\/wp-content\/uploads\/2021\/12\/Logo.png\",\"contentUrl\":\"https:\/\/www.eumedbridge.eu\/wp-content\/uploads\/2021\/12\/Logo.png\",\"width\":325,\"height\":114,\"caption\":\"EU Medbridge\"},\"image\":{\"@id\":\"https:\/\/www.eumedbridge.eu\/#\/schema\/logo\/image\/\"},\"sameAs\":[\"https:\/\/www.facebook.com\/eumedbridge\/\",\"https:\/\/x.com\/eumedbridge\",\"https:\/\/www.linkedin.com\/company\/eumedbridge\",\"https:\/\/www.youtube.com\/@eumedbridge\",\"https:\/\/www.instagram.com\/eumedbridge\",\"https:\/\/www.flickr.com\/photos\/euneighbours-south\/\"]}]}<\/script>\n<!-- \/ Yoast SEO plugin. -->","yoast_head_json":{"title":"Tunisie : L\u2019Union europ\u00e9enne livre des \u00e9quipements de protection individuelle aux forces de s\u00e9curit\u00e9 int\u00e9rieure - Voisins de l'UE","robots":{"index":"index","follow":"follow","max-snippet":"max-snippet:-1","max-image-preview":"max-image-preview:large","max-video-preview":"max-video-preview:-1"},"canonical":"https:\/\/www.eumedbridge.eu\/fr\/news\/tunisie-lunion-europeenne-livre-des-equipements-de-protection-individuelle\/","og_locale":"fr_FR","og_type":"article","og_title":"Tunisie : L\u2019Union europ\u00e9enne livre des \u00e9quipements de protection individuelle aux forces de s\u00e9curit\u00e9 int\u00e9rieure - Voisins de l'UE","og_description":"Des \u00e9quipements\u00a0de protection individuelle ont \u00e9t\u00e9 livr\u00e9s hier aux\u00a0forces de s\u00e9curit\u00e9 int\u00e9rieure tunisiennes. La c\u00e9r\u00e9monie de livraison s\u2019est tenue au\u00a0si\u00e8ge de la\u00a0Direction des services de sant\u00e9 du minist\u00e8re de l\u2019Int\u00e9rieur,\u00a0en pr\u00e9sence de l\u2019ambassadeur de l\u2019Union europ\u00e9enne, S.E. Patrice Bergamini, de hauts cadres du minist\u00e8re de l\u2019Int\u00e9rieur et de M.\u00a0Pierre Bellet, magistrat et Directeur strat\u00e9gique du [&hellip;]","og_url":"https:\/\/www.eumedbridge.eu\/fr\/news\/tunisie-lunion-europeenne-livre-des-equipements-de-protection-individuelle\/","og_site_name":"Voisins de l'UE","article_publisher":"https:\/\/www.facebook.com\/eumedbridge\/","article_modified_time":"2022-07-12T08:47:28+00:00","og_image":[{"width":750,"height":421,"url":"https:\/\/www.eumedbridge.eu\/wp-content\/uploads\/2022\/03\/photo-Tunisie_0-2.jpg","type":"image\/jpeg"}],"twitter_card":"summary_large_image","twitter_site":"@eumedbridge","twitter_misc":{"Dur\u00e9e de lecture estim\u00e9e":"1 minute"},"schema":{"@context":"https:\/\/schema.org","@graph":[{"@type":"WebPage","@id":"https:\/\/www.eumedbridge.eu\/fr\/news\/tunisie-lunion-europeenne-livre-des-equipements-de-protection-individuelle\/","url":"https:\/\/www.eumedbridge.eu\/fr\/news\/tunisie-lunion-europeenne-livre-des-equipements-de-protection-individuelle\/","name":"Tunisie : L\u2019Union europ\u00e9enne livre des \u00e9quipements de protection individuelle aux forces de s\u00e9curit\u00e9 int\u00e9rieure - Voisins de l'UE","isPartOf":{"@id":"https:\/\/www.eumedbridge.eu\/#website"},"primaryImageOfPage":{"@id":"https:\/\/www.eumedbridge.eu\/fr\/news\/tunisie-lunion-europeenne-livre-des-equipements-de-protection-individuelle\/#primaryimage"},"image":{"@id":"https:\/\/www.eumedbridge.eu\/fr\/news\/tunisie-lunion-europeenne-livre-des-equipements-de-protection-individuelle\/#primaryimage"},"thumbnailUrl":"https:\/\/www.eumedbridge.eu\/wp-content\/uploads\/2022\/03\/photo-Tunisie_0-2.jpg","datePublished":"2020-05-19T21:00:00+00:00","dateModified":"2022-07-12T08:47:28+00:00","breadcrumb":{"@id":"https:\/\/www.eumedbridge.eu\/fr\/news\/tunisie-lunion-europeenne-livre-des-equipements-de-protection-individuelle\/#breadcrumb"},"inLanguage":"fr-FR","potentialAction":[{"@type":"ReadAction","target":["https:\/\/www.eumedbridge.eu\/fr\/news\/tunisie-lunion-europeenne-livre-des-equipements-de-protection-individuelle\/"]}]},{"@type":"ImageObject","inLanguage":"fr-FR","@id":"https:\/\/www.eumedbridge.eu\/fr\/news\/tunisie-lunion-europeenne-livre-des-equipements-de-protection-individuelle\/#primaryimage","url":"https:\/\/www.eumedbridge.eu\/wp-content\/uploads\/2022\/03\/photo-Tunisie_0-2.jpg","contentUrl":"https:\/\/www.eumedbridge.eu\/wp-content\/uploads\/2022\/03\/photo-Tunisie_0-2.jpg","width":750,"height":421},{"@type":"BreadcrumbList","@id":"https:\/\/www.eumedbridge.eu\/fr\/news\/tunisie-lunion-europeenne-livre-des-equipements-de-protection-individuelle\/#breadcrumb","itemListElement":[{"@type":"ListItem","position":1,"name":"Home","item":"https:\/\/www.eumedbridge.eu\/fr\/home-page\/"},{"@type":"ListItem","position":2,"name":"Actualit\u00e9s","item":"https:\/\/www.eumedbridge.eu\/fr\/news\/"},{"@type":"ListItem","position":3,"name":"Tunisie : L\u2019Union europ\u00e9enne livre des \u00e9quipements de protection individuelle aux forces de s\u00e9curit\u00e9 int\u00e9rieure"}]},{"@type":"WebSite","@id":"https:\/\/www.eumedbridge.eu\/#website","url":"https:\/\/www.eumedbridge.eu\/","name":"EU Medbridge","description":"","publisher":{"@id":"https:\/\/www.eumedbridge.eu\/#organization"},"potentialAction":[{"@type":"SearchAction","target":{"@type":"EntryPoint","urlTemplate":"https:\/\/www.eumedbridge.eu\/?s={search_term_string}"},"query-input":{"@type":"PropertyValueSpecification","valueRequired":true,"valueName":"search_term_string"}}],"inLanguage":"fr-FR"},{"@type":"Organization","@id":"https:\/\/www.eumedbridge.eu\/#organization","name":"EU Medbridge","url":"https:\/\/www.eumedbridge.eu\/","logo":{"@type":"ImageObject","inLanguage":"fr-FR","@id":"https:\/\/www.eumedbridge.eu\/#\/schema\/logo\/image\/","url":"https:\/\/www.eumedbridge.eu\/wp-content\/uploads\/2021\/12\/Logo.png","contentUrl":"https:\/\/www.eumedbridge.eu\/wp-content\/uploads\/2021\/12\/Logo.png","width":325,"height":114,"caption":"EU Medbridge"},"image":{"@id":"https:\/\/www.eumedbridge.eu\/#\/schema\/logo\/image\/"},"sameAs":["https:\/\/www.facebook.com\/eumedbridge\/","https:\/\/x.com\/eumedbridge","https:\/\/www.linkedin.com\/company\/eumedbridge","https:\/\/www.youtube.com\/@eumedbridge","https:\/\/www.instagram.com\/eumedbridge","https:\/\/www.flickr.com\/photos\/euneighbours-south\/"]}]}},"_links":{"self":[{"href":"https:\/\/www.eumedbridge.eu\/fr\/wp-json\/wp\/v2\/news\/160040","targetHints":{"allow":["GET"]}}],"collection":[{"href":"https:\/\/www.eumedbridge.eu\/fr\/wp-json\/wp\/v2\/news"}],"about":[{"href":"https:\/\/www.eumedbridge.eu\/fr\/wp-json\/wp\/v2\/types\/news"}],"wp:featuredmedia":[{"embeddable":true,"href":"https:\/\/www.eumedbridge.eu\/fr\/wp-json\/wp\/v2\/media\/55793"}],"wp:attachment":[{"href":"https:\/\/www.eumedbridge.eu\/fr\/wp-json\/wp\/v2\/media?parent=160040"}],"wp:term":[{"taxonomy":"news_category","embeddable":true,"href":"https:\/\/www.eumedbridge.eu\/fr\/wp-json\/wp\/v2\/news_category?post=160040"},{"taxonomy":"country","embeddable":true,"href":"https:\/\/www.eumedbridge.eu\/fr\/wp-json\/wp\/v2\/country?post=160040"},{"taxonomy":"special_action","embeddable":true,"href":"https:\/\/www.eumedbridge.eu\/fr\/wp-json\/wp\/v2\/special_action?post=160040"},{"taxonomy":"custom_tag","embeddable":true,"href":"https:\/\/www.eumedbridge.eu\/fr\/wp-json\/wp\/v2\/custom_tag?post=160040"}],"curies":[{"name":"wp","href":"https:\/\/api.w.org\/{rel}","templated":true}]}}