{"id":160049,"date":"2020-05-14T00:00:00","date_gmt":"2020-05-13T21:00:00","guid":{"rendered":"http:\/\/south.euneighbours.eu\/news\/la-fondation-anna-lindh-forme-des-formateurs-sur-les-echanges-virtuels\/"},"modified":"2022-07-12T11:47:54","modified_gmt":"2022-07-12T08:47:54","slug":"la-fondation-anna-lindh-forme-des-formateurs-sur-les-echanges-virtuels","status":"publish","type":"news","link":"https:\/\/www.eumedbridge.eu\/fr\/news\/la-fondation-anna-lindh-forme-des-formateurs-sur-les-echanges-virtuels\/","title":{"rendered":"La Fondation Anna Lindh forme des formateurs sur les \u00e9changes virtuels"},"content":{"rendered":"<p>La Fondation Anna Lindh a organis\u00e9 une formation pour les formateurs dans les secteurs de l\u2019\u00e9ducation formelle et l\u2019\u00e9ducation non-formelle le 12 Mai dernier. La session visait \u00e0 renforcer le savoir-faire en termes d\u2019\u00e9changes virtuels en g\u00e9n\u00e9ral et sur l\u2019organisation de sessions de formation virtuelles sur l\u2019\u00e9ducation \u00e0 la citoyennet\u00e9 interculturelle en particulier.<\/p>\n<p>Les participants \u00e0 cette formation venaient d\u2019horizons divers, \u00e0 savoir le Maroc, la Finlande, la Belgique, la Bulgarie, la Bosnie-Herz\u00e9govine, l\u2019Egypte, l\u2019Allemagne, la Gr\u00e8ce, la Hongrie, l\u2019Irlande, le Portugal, la Lithuanie, le Mont\u00e9n\u00e9gro, la Palestine, la Tunisie et la Turquie.<\/p>\n<p>La\u00a0Fondation Anna Lindh pour le dialogue interculturel\u00a0favorise la connaissance, le respect mutuel et le dialogue interculturel entre les populations de la r\u00e9gion euro-m\u00e9diterran\u00e9enne, au travers d&rsquo;un r\u00e9seau de plus de 3.000 organisations de la soci\u00e9t\u00e9 civile dans 43 pays. Son budget est co-financ\u00e9 par l&rsquo;UE (10 millions d\u2019euros) et les \u00c9tats membres de l&rsquo;UE (6 millions d\u2019euros).<\/p>\n<p><p>\u00a0<\/p>\n<\/p>\n<p><strong>Pour en savoir plus<\/strong><\/p>\n<p><a href=\"https:\/\/www.facebook.com\/annalindhfoundation\/posts\/2970882069635074\">Post Facebook<\/a><\/p>\n<p>Fondation Anna Lindh \u2013\u00a0<a href=\"https:\/\/www.annalindhfoundation.org\/fr\">site internet<\/a> et <a href=\"https:\/\/www.facebook.com\/annalindhfoundation\">page Facebook<\/a><\/p>\n","protected":false},"featured_media":55633,"parent":0,"template":"","news_category":[],"country":[1947,1953,1952,1955],"special_action":[],"custom_tag":[1874,2312,2817,1897],"class_list":["post-160049","news","type-news","status-publish","has-post-thumbnail","hentry","country-egypte","country-maroc","country-palestine-fr","country-tunisie","custom_tag-culture-fr","custom_tag-developpement-durable","custom_tag-education-fr","custom_tag-medias"],"acf":[],"yoast_head":"<!-- This site is optimized with the Yoast SEO plugin v26.5 - https:\/\/yoast.com\/wordpress\/plugins\/seo\/ -->\n<title>La Fondation Anna Lindh forme des formateurs sur les \u00e9changes virtuels - Voisins de l&#039;UE<\/title>\n<meta name=\"robots\" content=\"index, follow, max-snippet:-1, max-image-preview:large, max-video-preview:-1\" \/>\n<link rel=\"canonical\" href=\"https:\/\/www.eumedbridge.eu\/fr\/news\/la-fondation-anna-lindh-forme-des-formateurs-sur-les-echanges-virtuels\/\" \/>\n<meta property=\"og:locale\" content=\"fr_FR\" \/>\n<meta property=\"og:type\" content=\"article\" \/>\n<meta property=\"og:title\" content=\"La Fondation Anna Lindh forme des formateurs sur les \u00e9changes virtuels - Voisins de l&#039;UE\" \/>\n<meta property=\"og:description\" content=\"La Fondation Anna Lindh a organis\u00e9 une formation pour les formateurs dans les secteurs de l\u2019\u00e9ducation formelle et l\u2019\u00e9ducation non-formelle le 12 Mai dernier. La session visait \u00e0 renforcer le savoir-faire en termes d\u2019\u00e9changes virtuels en g\u00e9n\u00e9ral et sur l\u2019organisation de sessions de formation virtuelles sur l\u2019\u00e9ducation \u00e0 la citoyennet\u00e9 interculturelle en particulier. Les participants [&hellip;]\" \/>\n<meta property=\"og:url\" content=\"https:\/\/www.eumedbridge.eu\/fr\/news\/la-fondation-anna-lindh-forme-des-formateurs-sur-les-echanges-virtuels\/\" \/>\n<meta property=\"og:site_name\" content=\"Voisins de l&#039;UE\" \/>\n<meta property=\"article:publisher\" content=\"https:\/\/www.facebook.com\/eumedbridge\/\" \/>\n<meta property=\"article:modified_time\" content=\"2022-07-12T08:47:54+00:00\" \/>\n<meta property=\"og:image\" content=\"https:\/\/www.eumedbridge.eu\/wp-content\/uploads\/2022\/03\/photo-Anna-Lindh-3.png\" \/>\n\t<meta property=\"og:image:width\" content=\"720\" \/>\n\t<meta property=\"og:image:height\" content=\"519\" \/>\n\t<meta property=\"og:image:type\" content=\"image\/png\" \/>\n<meta name=\"twitter:card\" content=\"summary_large_image\" \/>\n<meta name=\"twitter:site\" content=\"@eumedbridge\" \/>\n<meta name=\"twitter:label1\" content=\"Dur\u00e9e de lecture estim\u00e9e\" \/>\n\t<meta name=\"twitter:data1\" content=\"1 minute\" \/>\n<script type=\"application\/ld+json\" class=\"yoast-schema-graph\">{\"@context\":\"https:\/\/schema.org\",\"@graph\":[{\"@type\":\"WebPage\",\"@id\":\"https:\/\/www.eumedbridge.eu\/fr\/news\/la-fondation-anna-lindh-forme-des-formateurs-sur-les-echanges-virtuels\/\",\"url\":\"https:\/\/www.eumedbridge.eu\/fr\/news\/la-fondation-anna-lindh-forme-des-formateurs-sur-les-echanges-virtuels\/\",\"name\":\"La Fondation Anna Lindh forme des formateurs sur les \u00e9changes virtuels - Voisins de l'UE\",\"isPartOf\":{\"@id\":\"https:\/\/www.eumedbridge.eu\/#website\"},\"primaryImageOfPage\":{\"@id\":\"https:\/\/www.eumedbridge.eu\/fr\/news\/la-fondation-anna-lindh-forme-des-formateurs-sur-les-echanges-virtuels\/#primaryimage\"},\"image\":{\"@id\":\"https:\/\/www.eumedbridge.eu\/fr\/news\/la-fondation-anna-lindh-forme-des-formateurs-sur-les-echanges-virtuels\/#primaryimage\"},\"thumbnailUrl\":\"https:\/\/www.eumedbridge.eu\/wp-content\/uploads\/2022\/03\/photo-Anna-Lindh-3.png\",\"datePublished\":\"2020-05-13T21:00:00+00:00\",\"dateModified\":\"2022-07-12T08:47:54+00:00\",\"breadcrumb\":{\"@id\":\"https:\/\/www.eumedbridge.eu\/fr\/news\/la-fondation-anna-lindh-forme-des-formateurs-sur-les-echanges-virtuels\/#breadcrumb\"},\"inLanguage\":\"fr-FR\",\"potentialAction\":[{\"@type\":\"ReadAction\",\"target\":[\"https:\/\/www.eumedbridge.eu\/fr\/news\/la-fondation-anna-lindh-forme-des-formateurs-sur-les-echanges-virtuels\/\"]}]},{\"@type\":\"ImageObject\",\"inLanguage\":\"fr-FR\",\"@id\":\"https:\/\/www.eumedbridge.eu\/fr\/news\/la-fondation-anna-lindh-forme-des-formateurs-sur-les-echanges-virtuels\/#primaryimage\",\"url\":\"https:\/\/www.eumedbridge.eu\/wp-content\/uploads\/2022\/03\/photo-Anna-Lindh-3.png\",\"contentUrl\":\"https:\/\/www.eumedbridge.eu\/wp-content\/uploads\/2022\/03\/photo-Anna-Lindh-3.png\",\"width\":720,\"height\":519},{\"@type\":\"BreadcrumbList\",\"@id\":\"https:\/\/www.eumedbridge.eu\/fr\/news\/la-fondation-anna-lindh-forme-des-formateurs-sur-les-echanges-virtuels\/#breadcrumb\",\"itemListElement\":[{\"@type\":\"ListItem\",\"position\":1,\"name\":\"Home\",\"item\":\"https:\/\/www.eumedbridge.eu\/fr\/home-page\/\"},{\"@type\":\"ListItem\",\"position\":2,\"name\":\"Actualit\u00e9s\",\"item\":\"https:\/\/www.eumedbridge.eu\/fr\/news\/\"},{\"@type\":\"ListItem\",\"position\":3,\"name\":\"La Fondation Anna Lindh forme des formateurs sur les \u00e9changes virtuels\"}]},{\"@type\":\"WebSite\",\"@id\":\"https:\/\/www.eumedbridge.eu\/#website\",\"url\":\"https:\/\/www.eumedbridge.eu\/\",\"name\":\"EU Medbridge\",\"description\":\"\",\"publisher\":{\"@id\":\"https:\/\/www.eumedbridge.eu\/#organization\"},\"potentialAction\":[{\"@type\":\"SearchAction\",\"target\":{\"@type\":\"EntryPoint\",\"urlTemplate\":\"https:\/\/www.eumedbridge.eu\/?s={search_term_string}\"},\"query-input\":{\"@type\":\"PropertyValueSpecification\",\"valueRequired\":true,\"valueName\":\"search_term_string\"}}],\"inLanguage\":\"fr-FR\"},{\"@type\":\"Organization\",\"@id\":\"https:\/\/www.eumedbridge.eu\/#organization\",\"name\":\"EU Medbridge\",\"url\":\"https:\/\/www.eumedbridge.eu\/\",\"logo\":{\"@type\":\"ImageObject\",\"inLanguage\":\"fr-FR\",\"@id\":\"https:\/\/www.eumedbridge.eu\/#\/schema\/logo\/image\/\",\"url\":\"https:\/\/www.eumedbridge.eu\/wp-content\/uploads\/2021\/12\/Logo.png\",\"contentUrl\":\"https:\/\/www.eumedbridge.eu\/wp-content\/uploads\/2021\/12\/Logo.png\",\"width\":325,\"height\":114,\"caption\":\"EU Medbridge\"},\"image\":{\"@id\":\"https:\/\/www.eumedbridge.eu\/#\/schema\/logo\/image\/\"},\"sameAs\":[\"https:\/\/www.facebook.com\/eumedbridge\/\",\"https:\/\/x.com\/eumedbridge\",\"https:\/\/www.linkedin.com\/company\/eumedbridge\",\"https:\/\/www.youtube.com\/@eumedbridge\",\"https:\/\/www.instagram.com\/eumedbridge\",\"https:\/\/www.flickr.com\/photos\/euneighbours-south\/\"]}]}<\/script>\n<!-- \/ Yoast SEO plugin. -->","yoast_head_json":{"title":"La Fondation Anna Lindh forme des formateurs sur les \u00e9changes virtuels - Voisins de l'UE","robots":{"index":"index","follow":"follow","max-snippet":"max-snippet:-1","max-image-preview":"max-image-preview:large","max-video-preview":"max-video-preview:-1"},"canonical":"https:\/\/www.eumedbridge.eu\/fr\/news\/la-fondation-anna-lindh-forme-des-formateurs-sur-les-echanges-virtuels\/","og_locale":"fr_FR","og_type":"article","og_title":"La Fondation Anna Lindh forme des formateurs sur les \u00e9changes virtuels - Voisins de l'UE","og_description":"La Fondation Anna Lindh a organis\u00e9 une formation pour les formateurs dans les secteurs de l\u2019\u00e9ducation formelle et l\u2019\u00e9ducation non-formelle le 12 Mai dernier. La session visait \u00e0 renforcer le savoir-faire en termes d\u2019\u00e9changes virtuels en g\u00e9n\u00e9ral et sur l\u2019organisation de sessions de formation virtuelles sur l\u2019\u00e9ducation \u00e0 la citoyennet\u00e9 interculturelle en particulier. Les participants [&hellip;]","og_url":"https:\/\/www.eumedbridge.eu\/fr\/news\/la-fondation-anna-lindh-forme-des-formateurs-sur-les-echanges-virtuels\/","og_site_name":"Voisins de l'UE","article_publisher":"https:\/\/www.facebook.com\/eumedbridge\/","article_modified_time":"2022-07-12T08:47:54+00:00","og_image":[{"width":720,"height":519,"url":"https:\/\/www.eumedbridge.eu\/wp-content\/uploads\/2022\/03\/photo-Anna-Lindh-3.png","type":"image\/png"}],"twitter_card":"summary_large_image","twitter_site":"@eumedbridge","twitter_misc":{"Dur\u00e9e de lecture estim\u00e9e":"1 minute"},"schema":{"@context":"https:\/\/schema.org","@graph":[{"@type":"WebPage","@id":"https:\/\/www.eumedbridge.eu\/fr\/news\/la-fondation-anna-lindh-forme-des-formateurs-sur-les-echanges-virtuels\/","url":"https:\/\/www.eumedbridge.eu\/fr\/news\/la-fondation-anna-lindh-forme-des-formateurs-sur-les-echanges-virtuels\/","name":"La Fondation Anna Lindh forme des formateurs sur les \u00e9changes virtuels - Voisins de l'UE","isPartOf":{"@id":"https:\/\/www.eumedbridge.eu\/#website"},"primaryImageOfPage":{"@id":"https:\/\/www.eumedbridge.eu\/fr\/news\/la-fondation-anna-lindh-forme-des-formateurs-sur-les-echanges-virtuels\/#primaryimage"},"image":{"@id":"https:\/\/www.eumedbridge.eu\/fr\/news\/la-fondation-anna-lindh-forme-des-formateurs-sur-les-echanges-virtuels\/#primaryimage"},"thumbnailUrl":"https:\/\/www.eumedbridge.eu\/wp-content\/uploads\/2022\/03\/photo-Anna-Lindh-3.png","datePublished":"2020-05-13T21:00:00+00:00","dateModified":"2022-07-12T08:47:54+00:00","breadcrumb":{"@id":"https:\/\/www.eumedbridge.eu\/fr\/news\/la-fondation-anna-lindh-forme-des-formateurs-sur-les-echanges-virtuels\/#breadcrumb"},"inLanguage":"fr-FR","potentialAction":[{"@type":"ReadAction","target":["https:\/\/www.eumedbridge.eu\/fr\/news\/la-fondation-anna-lindh-forme-des-formateurs-sur-les-echanges-virtuels\/"]}]},{"@type":"ImageObject","inLanguage":"fr-FR","@id":"https:\/\/www.eumedbridge.eu\/fr\/news\/la-fondation-anna-lindh-forme-des-formateurs-sur-les-echanges-virtuels\/#primaryimage","url":"https:\/\/www.eumedbridge.eu\/wp-content\/uploads\/2022\/03\/photo-Anna-Lindh-3.png","contentUrl":"https:\/\/www.eumedbridge.eu\/wp-content\/uploads\/2022\/03\/photo-Anna-Lindh-3.png","width":720,"height":519},{"@type":"BreadcrumbList","@id":"https:\/\/www.eumedbridge.eu\/fr\/news\/la-fondation-anna-lindh-forme-des-formateurs-sur-les-echanges-virtuels\/#breadcrumb","itemListElement":[{"@type":"ListItem","position":1,"name":"Home","item":"https:\/\/www.eumedbridge.eu\/fr\/home-page\/"},{"@type":"ListItem","position":2,"name":"Actualit\u00e9s","item":"https:\/\/www.eumedbridge.eu\/fr\/news\/"},{"@type":"ListItem","position":3,"name":"La Fondation Anna Lindh forme des formateurs sur les \u00e9changes virtuels"}]},{"@type":"WebSite","@id":"https:\/\/www.eumedbridge.eu\/#website","url":"https:\/\/www.eumedbridge.eu\/","name":"EU Medbridge","description":"","publisher":{"@id":"https:\/\/www.eumedbridge.eu\/#organization"},"potentialAction":[{"@type":"SearchAction","target":{"@type":"EntryPoint","urlTemplate":"https:\/\/www.eumedbridge.eu\/?s={search_term_string}"},"query-input":{"@type":"PropertyValueSpecification","valueRequired":true,"valueName":"search_term_string"}}],"inLanguage":"fr-FR"},{"@type":"Organization","@id":"https:\/\/www.eumedbridge.eu\/#organization","name":"EU Medbridge","url":"https:\/\/www.eumedbridge.eu\/","logo":{"@type":"ImageObject","inLanguage":"fr-FR","@id":"https:\/\/www.eumedbridge.eu\/#\/schema\/logo\/image\/","url":"https:\/\/www.eumedbridge.eu\/wp-content\/uploads\/2021\/12\/Logo.png","contentUrl":"https:\/\/www.eumedbridge.eu\/wp-content\/uploads\/2021\/12\/Logo.png","width":325,"height":114,"caption":"EU Medbridge"},"image":{"@id":"https:\/\/www.eumedbridge.eu\/#\/schema\/logo\/image\/"},"sameAs":["https:\/\/www.facebook.com\/eumedbridge\/","https:\/\/x.com\/eumedbridge","https:\/\/www.linkedin.com\/company\/eumedbridge","https:\/\/www.youtube.com\/@eumedbridge","https:\/\/www.instagram.com\/eumedbridge","https:\/\/www.flickr.com\/photos\/euneighbours-south\/"]}]}},"_links":{"self":[{"href":"https:\/\/www.eumedbridge.eu\/fr\/wp-json\/wp\/v2\/news\/160049","targetHints":{"allow":["GET"]}}],"collection":[{"href":"https:\/\/www.eumedbridge.eu\/fr\/wp-json\/wp\/v2\/news"}],"about":[{"href":"https:\/\/www.eumedbridge.eu\/fr\/wp-json\/wp\/v2\/types\/news"}],"wp:featuredmedia":[{"embeddable":true,"href":"https:\/\/www.eumedbridge.eu\/fr\/wp-json\/wp\/v2\/media\/55633"}],"wp:attachment":[{"href":"https:\/\/www.eumedbridge.eu\/fr\/wp-json\/wp\/v2\/media?parent=160049"}],"wp:term":[{"taxonomy":"news_category","embeddable":true,"href":"https:\/\/www.eumedbridge.eu\/fr\/wp-json\/wp\/v2\/news_category?post=160049"},{"taxonomy":"country","embeddable":true,"href":"https:\/\/www.eumedbridge.eu\/fr\/wp-json\/wp\/v2\/country?post=160049"},{"taxonomy":"special_action","embeddable":true,"href":"https:\/\/www.eumedbridge.eu\/fr\/wp-json\/wp\/v2\/special_action?post=160049"},{"taxonomy":"custom_tag","embeddable":true,"href":"https:\/\/www.eumedbridge.eu\/fr\/wp-json\/wp\/v2\/custom_tag?post=160049"}],"curies":[{"name":"wp","href":"https:\/\/api.w.org\/{rel}","templated":true}]}}