{"id":160197,"date":"2020-03-11T00:00:00","date_gmt":"2020-03-10T22:00:00","guid":{"rendered":"http:\/\/south.euneighbours.eu\/news\/la-delegation-de-lue-en-jordanie-organise-une-reception-et-un-bazar-pour-celebrer-la-journee-internationale-de-la-femme\/"},"modified":"2022-07-12T13:16:14","modified_gmt":"2022-07-12T10:16:14","slug":"la-delegation-de-lue-en-jordanie-organise-une-reception-et-un-bazar-pour","status":"publish","type":"news","link":"https:\/\/www.eumedbridge.eu\/fr\/news\/la-delegation-de-lue-en-jordanie-organise-une-reception-et-un-bazar-pour\/","title":{"rendered":"La d\u00e9l\u00e9gation de l\u2019UE en Jordanie organise une r\u00e9ception et un bazar pour c\u00e9l\u00e9brer la Journ\u00e9e internationale de la femme"},"content":{"rendered":"<p>La d\u00e9l\u00e9gation de l\u2019UE en Jordanie a r\u00e9uni des repr\u00e9sentants de la soci\u00e9t\u00e9 civile, des membres du gouvernement, des d\u00e9put\u00e9s, des diplomates et d\u2019autres invit\u00e9s pour c\u00e9l\u00e9brer la Journ\u00e9e internationale de la femme au centre-ville d\u2019Amman. Pour souligner les efforts communs d\u00e9ploy\u00e9s pour faire avancer les droits des femmes en Jordanie, l\u2019UE a organis\u00e9 un bazar o\u00f9 des Jordaniennes, Syriennes et Irakiennes repr\u00e9sentant six organisations de femmes ont pu exposer et vendre diff\u00e9rents produits artisanaux. L\u2019\u00e9v\u00e9nement s\u2019est achev\u00e9 par une r\u00e9ception durant laquelle des femmes inspirantes, dont Aya Majali, capitaine de l\u2019\u00e9quipe f\u00e9minine de football de Jordanie, et Khawlah Yaseen, directrice d\u2019une \u00e9cole f\u00e9ministe financ\u00e9e par l\u2019UE, ont \u00e9t\u00e9 invit\u00e9es \u00e0 parler de leur exp\u00e9rience.<\/p>\n<p>Aya Majali a insist\u00e9 sur la n\u00e9cessit\u00e9 de cr\u00e9er une communaut\u00e9 plus inclusive pour les athl\u00e8tes f\u00e9minines. En l\u2019invitant \u00e0 prendre la parole, l\u2019UE a voulu mettre en lumi\u00e8re des athl\u00e8tes f\u00e9minines de Jordanie qui, non seulement, ma\u00eetrisent leur carri\u00e8re, mais inspirent \u00e9galement des femmes et des filles tout en combattant les st\u00e9r\u00e9otypes sexistes.<\/p>\n<p>Khawlah Yaseen a, pour sa part, soulign\u00e9 qu\u2019il est n\u00e9cessaire de promouvoir le leadership f\u00e9minin pour lutter contre la violence sexuelle et sexiste en Jordanie. Elle dirige un projet financ\u00e9 par l\u2019UE et mis en \u0153uvre par Action Aid, qui est ax\u00e9 sur le d\u00e9veloppement des capacit\u00e9s des jeunes femmes et de leurs organisations \u00e0 lutter contre la violence sexuelle et sexiste.<\/p>\n<p>La chef de la d\u00e9l\u00e9gation de l\u2019UE, S.E. l\u2019ambassadrice Maria Hadjitheodosiou, a rendu hommage aux femmes en Jordanie et \u00e0 tous ceux qui travaillent d\u2019arrache-pied pour encourager et soutenir les femmes et leur permettre de r\u00e9aliser pleinement leur potentiel. Elle a \u00e9galement attir\u00e9 l\u2019attention sur le fait que, chaque ann\u00e9e, la Journ\u00e9e internationale de la femme nous rappelle \u00e0 tous que nous avons de nombreuses victoires \u00e0 c\u00e9l\u00e9brer, mais aussi bien d\u2019autres combats \u00e0 mener \u00e0 l\u2019avenir.<\/p>\n<p>\u00a0<\/p>\n<p><strong>Pour en savoir plus<\/strong><\/p>\n<p><a href=\"https:\/\/eeas.europa.eu\/delegations\/jordan\/75871\/eu-jordan-hosts-reception-and-bazaar-celebrate-international-womens-day_en\">Communiqu\u00e9 de presse<\/a><\/p>\n<p>D\u00e9l\u00e9gation de l\u2019UE en Jordanie \u2013 <a href=\"https:\/\/eeas.europa.eu\/delegations\/jordan_en\">Site internet<\/a> et <a href=\"https:\/\/www.facebook.com\/EUinJordan\/\">page Facebook<\/a><\/p>\n","protected":false},"featured_media":54083,"parent":0,"template":"","news_category":[],"country":[2124],"special_action":[],"custom_tag":[2312,2314],"class_list":["post-160197","news","type-news","status-publish","has-post-thumbnail","hentry","country-jordanie","custom_tag-developpement-durable","custom_tag-genre"],"acf":[],"yoast_head":"<!-- This site is optimized with the Yoast SEO plugin v26.5 - https:\/\/yoast.com\/wordpress\/plugins\/seo\/ -->\n<title>La d\u00e9l\u00e9gation de l\u2019UE en Jordanie organise une r\u00e9ception et un bazar pour c\u00e9l\u00e9brer la Journ\u00e9e internationale de la femme - Voisins de l&#039;UE<\/title>\n<meta name=\"robots\" content=\"index, follow, max-snippet:-1, max-image-preview:large, max-video-preview:-1\" \/>\n<link rel=\"canonical\" href=\"https:\/\/www.eumedbridge.eu\/fr\/news\/la-delegation-de-lue-en-jordanie-organise-une-reception-et-un-bazar-pour\/\" \/>\n<meta property=\"og:locale\" content=\"fr_FR\" \/>\n<meta property=\"og:type\" content=\"article\" \/>\n<meta property=\"og:title\" content=\"La d\u00e9l\u00e9gation de l\u2019UE en Jordanie organise une r\u00e9ception et un bazar pour c\u00e9l\u00e9brer la Journ\u00e9e internationale de la femme - Voisins de l&#039;UE\" \/>\n<meta property=\"og:description\" content=\"La d\u00e9l\u00e9gation de l\u2019UE en Jordanie a r\u00e9uni des repr\u00e9sentants de la soci\u00e9t\u00e9 civile, des membres du gouvernement, des d\u00e9put\u00e9s, des diplomates et d\u2019autres invit\u00e9s pour c\u00e9l\u00e9brer la Journ\u00e9e internationale de la femme au centre-ville d\u2019Amman. Pour souligner les efforts communs d\u00e9ploy\u00e9s pour faire avancer les droits des femmes en Jordanie, l\u2019UE a organis\u00e9 un [&hellip;]\" \/>\n<meta property=\"og:url\" content=\"https:\/\/www.eumedbridge.eu\/fr\/news\/la-delegation-de-lue-en-jordanie-organise-une-reception-et-un-bazar-pour\/\" \/>\n<meta property=\"og:site_name\" content=\"Voisins de l&#039;UE\" \/>\n<meta property=\"article:publisher\" content=\"https:\/\/www.facebook.com\/eumedbridge\/\" \/>\n<meta property=\"article:modified_time\" content=\"2022-07-12T10:16:14+00:00\" \/>\n<meta property=\"og:image\" content=\"https:\/\/www.eumedbridge.eu\/wp-content\/uploads\/2022\/03\/photo-jordanie-9.jpg\" \/>\n\t<meta property=\"og:image:width\" content=\"750\" \/>\n\t<meta property=\"og:image:height\" content=\"500\" \/>\n\t<meta property=\"og:image:type\" content=\"image\/jpeg\" \/>\n<meta name=\"twitter:card\" content=\"summary_large_image\" \/>\n<meta name=\"twitter:site\" content=\"@eumedbridge\" \/>\n<meta name=\"twitter:label1\" content=\"Dur\u00e9e de lecture estim\u00e9e\" \/>\n\t<meta name=\"twitter:data1\" content=\"2 minutes\" \/>\n<script type=\"application\/ld+json\" class=\"yoast-schema-graph\">{\"@context\":\"https:\/\/schema.org\",\"@graph\":[{\"@type\":\"WebPage\",\"@id\":\"https:\/\/www.eumedbridge.eu\/fr\/news\/la-delegation-de-lue-en-jordanie-organise-une-reception-et-un-bazar-pour\/\",\"url\":\"https:\/\/www.eumedbridge.eu\/fr\/news\/la-delegation-de-lue-en-jordanie-organise-une-reception-et-un-bazar-pour\/\",\"name\":\"La d\u00e9l\u00e9gation de l\u2019UE en Jordanie organise une r\u00e9ception et un bazar pour c\u00e9l\u00e9brer la Journ\u00e9e internationale de la femme - Voisins de l'UE\",\"isPartOf\":{\"@id\":\"https:\/\/www.eumedbridge.eu\/#website\"},\"primaryImageOfPage\":{\"@id\":\"https:\/\/www.eumedbridge.eu\/fr\/news\/la-delegation-de-lue-en-jordanie-organise-une-reception-et-un-bazar-pour\/#primaryimage\"},\"image\":{\"@id\":\"https:\/\/www.eumedbridge.eu\/fr\/news\/la-delegation-de-lue-en-jordanie-organise-une-reception-et-un-bazar-pour\/#primaryimage\"},\"thumbnailUrl\":\"https:\/\/www.eumedbridge.eu\/wp-content\/uploads\/2022\/03\/photo-jordanie-9.jpg\",\"datePublished\":\"2020-03-10T22:00:00+00:00\",\"dateModified\":\"2022-07-12T10:16:14+00:00\",\"breadcrumb\":{\"@id\":\"https:\/\/www.eumedbridge.eu\/fr\/news\/la-delegation-de-lue-en-jordanie-organise-une-reception-et-un-bazar-pour\/#breadcrumb\"},\"inLanguage\":\"fr-FR\",\"potentialAction\":[{\"@type\":\"ReadAction\",\"target\":[\"https:\/\/www.eumedbridge.eu\/fr\/news\/la-delegation-de-lue-en-jordanie-organise-une-reception-et-un-bazar-pour\/\"]}]},{\"@type\":\"ImageObject\",\"inLanguage\":\"fr-FR\",\"@id\":\"https:\/\/www.eumedbridge.eu\/fr\/news\/la-delegation-de-lue-en-jordanie-organise-une-reception-et-un-bazar-pour\/#primaryimage\",\"url\":\"https:\/\/www.eumedbridge.eu\/wp-content\/uploads\/2022\/03\/photo-jordanie-9.jpg\",\"contentUrl\":\"https:\/\/www.eumedbridge.eu\/wp-content\/uploads\/2022\/03\/photo-jordanie-9.jpg\",\"width\":750,\"height\":500},{\"@type\":\"BreadcrumbList\",\"@id\":\"https:\/\/www.eumedbridge.eu\/fr\/news\/la-delegation-de-lue-en-jordanie-organise-une-reception-et-un-bazar-pour\/#breadcrumb\",\"itemListElement\":[{\"@type\":\"ListItem\",\"position\":1,\"name\":\"Home\",\"item\":\"https:\/\/www.eumedbridge.eu\/fr\/home-page\/\"},{\"@type\":\"ListItem\",\"position\":2,\"name\":\"Actualit\u00e9s\",\"item\":\"https:\/\/www.eumedbridge.eu\/fr\/news\/\"},{\"@type\":\"ListItem\",\"position\":3,\"name\":\"La d\u00e9l\u00e9gation de l\u2019UE en Jordanie organise une r\u00e9ception et un bazar pour c\u00e9l\u00e9brer la Journ\u00e9e internationale de la femme\"}]},{\"@type\":\"WebSite\",\"@id\":\"https:\/\/www.eumedbridge.eu\/#website\",\"url\":\"https:\/\/www.eumedbridge.eu\/\",\"name\":\"EU Medbridge\",\"description\":\"\",\"publisher\":{\"@id\":\"https:\/\/www.eumedbridge.eu\/#organization\"},\"potentialAction\":[{\"@type\":\"SearchAction\",\"target\":{\"@type\":\"EntryPoint\",\"urlTemplate\":\"https:\/\/www.eumedbridge.eu\/?s={search_term_string}\"},\"query-input\":{\"@type\":\"PropertyValueSpecification\",\"valueRequired\":true,\"valueName\":\"search_term_string\"}}],\"inLanguage\":\"fr-FR\"},{\"@type\":\"Organization\",\"@id\":\"https:\/\/www.eumedbridge.eu\/#organization\",\"name\":\"EU Medbridge\",\"url\":\"https:\/\/www.eumedbridge.eu\/\",\"logo\":{\"@type\":\"ImageObject\",\"inLanguage\":\"fr-FR\",\"@id\":\"https:\/\/www.eumedbridge.eu\/#\/schema\/logo\/image\/\",\"url\":\"https:\/\/www.eumedbridge.eu\/wp-content\/uploads\/2021\/12\/Logo.png\",\"contentUrl\":\"https:\/\/www.eumedbridge.eu\/wp-content\/uploads\/2021\/12\/Logo.png\",\"width\":325,\"height\":114,\"caption\":\"EU Medbridge\"},\"image\":{\"@id\":\"https:\/\/www.eumedbridge.eu\/#\/schema\/logo\/image\/\"},\"sameAs\":[\"https:\/\/www.facebook.com\/eumedbridge\/\",\"https:\/\/x.com\/eumedbridge\",\"https:\/\/www.linkedin.com\/company\/eumedbridge\",\"https:\/\/www.youtube.com\/@eumedbridge\",\"https:\/\/www.instagram.com\/eumedbridge\",\"https:\/\/www.flickr.com\/photos\/euneighbours-south\/\"]}]}<\/script>\n<!-- \/ Yoast SEO plugin. -->","yoast_head_json":{"title":"La d\u00e9l\u00e9gation de l\u2019UE en Jordanie organise une r\u00e9ception et un bazar pour c\u00e9l\u00e9brer la Journ\u00e9e internationale de la femme - Voisins de l'UE","robots":{"index":"index","follow":"follow","max-snippet":"max-snippet:-1","max-image-preview":"max-image-preview:large","max-video-preview":"max-video-preview:-1"},"canonical":"https:\/\/www.eumedbridge.eu\/fr\/news\/la-delegation-de-lue-en-jordanie-organise-une-reception-et-un-bazar-pour\/","og_locale":"fr_FR","og_type":"article","og_title":"La d\u00e9l\u00e9gation de l\u2019UE en Jordanie organise une r\u00e9ception et un bazar pour c\u00e9l\u00e9brer la Journ\u00e9e internationale de la femme - Voisins de l'UE","og_description":"La d\u00e9l\u00e9gation de l\u2019UE en Jordanie a r\u00e9uni des repr\u00e9sentants de la soci\u00e9t\u00e9 civile, des membres du gouvernement, des d\u00e9put\u00e9s, des diplomates et d\u2019autres invit\u00e9s pour c\u00e9l\u00e9brer la Journ\u00e9e internationale de la femme au centre-ville d\u2019Amman. Pour souligner les efforts communs d\u00e9ploy\u00e9s pour faire avancer les droits des femmes en Jordanie, l\u2019UE a organis\u00e9 un [&hellip;]","og_url":"https:\/\/www.eumedbridge.eu\/fr\/news\/la-delegation-de-lue-en-jordanie-organise-une-reception-et-un-bazar-pour\/","og_site_name":"Voisins de l'UE","article_publisher":"https:\/\/www.facebook.com\/eumedbridge\/","article_modified_time":"2022-07-12T10:16:14+00:00","og_image":[{"width":750,"height":500,"url":"https:\/\/www.eumedbridge.eu\/wp-content\/uploads\/2022\/03\/photo-jordanie-9.jpg","type":"image\/jpeg"}],"twitter_card":"summary_large_image","twitter_site":"@eumedbridge","twitter_misc":{"Dur\u00e9e de lecture estim\u00e9e":"2 minutes"},"schema":{"@context":"https:\/\/schema.org","@graph":[{"@type":"WebPage","@id":"https:\/\/www.eumedbridge.eu\/fr\/news\/la-delegation-de-lue-en-jordanie-organise-une-reception-et-un-bazar-pour\/","url":"https:\/\/www.eumedbridge.eu\/fr\/news\/la-delegation-de-lue-en-jordanie-organise-une-reception-et-un-bazar-pour\/","name":"La d\u00e9l\u00e9gation de l\u2019UE en Jordanie organise une r\u00e9ception et un bazar pour c\u00e9l\u00e9brer la Journ\u00e9e internationale de la femme - Voisins de l'UE","isPartOf":{"@id":"https:\/\/www.eumedbridge.eu\/#website"},"primaryImageOfPage":{"@id":"https:\/\/www.eumedbridge.eu\/fr\/news\/la-delegation-de-lue-en-jordanie-organise-une-reception-et-un-bazar-pour\/#primaryimage"},"image":{"@id":"https:\/\/www.eumedbridge.eu\/fr\/news\/la-delegation-de-lue-en-jordanie-organise-une-reception-et-un-bazar-pour\/#primaryimage"},"thumbnailUrl":"https:\/\/www.eumedbridge.eu\/wp-content\/uploads\/2022\/03\/photo-jordanie-9.jpg","datePublished":"2020-03-10T22:00:00+00:00","dateModified":"2022-07-12T10:16:14+00:00","breadcrumb":{"@id":"https:\/\/www.eumedbridge.eu\/fr\/news\/la-delegation-de-lue-en-jordanie-organise-une-reception-et-un-bazar-pour\/#breadcrumb"},"inLanguage":"fr-FR","potentialAction":[{"@type":"ReadAction","target":["https:\/\/www.eumedbridge.eu\/fr\/news\/la-delegation-de-lue-en-jordanie-organise-une-reception-et-un-bazar-pour\/"]}]},{"@type":"ImageObject","inLanguage":"fr-FR","@id":"https:\/\/www.eumedbridge.eu\/fr\/news\/la-delegation-de-lue-en-jordanie-organise-une-reception-et-un-bazar-pour\/#primaryimage","url":"https:\/\/www.eumedbridge.eu\/wp-content\/uploads\/2022\/03\/photo-jordanie-9.jpg","contentUrl":"https:\/\/www.eumedbridge.eu\/wp-content\/uploads\/2022\/03\/photo-jordanie-9.jpg","width":750,"height":500},{"@type":"BreadcrumbList","@id":"https:\/\/www.eumedbridge.eu\/fr\/news\/la-delegation-de-lue-en-jordanie-organise-une-reception-et-un-bazar-pour\/#breadcrumb","itemListElement":[{"@type":"ListItem","position":1,"name":"Home","item":"https:\/\/www.eumedbridge.eu\/fr\/home-page\/"},{"@type":"ListItem","position":2,"name":"Actualit\u00e9s","item":"https:\/\/www.eumedbridge.eu\/fr\/news\/"},{"@type":"ListItem","position":3,"name":"La d\u00e9l\u00e9gation de l\u2019UE en Jordanie organise une r\u00e9ception et un bazar pour c\u00e9l\u00e9brer la Journ\u00e9e internationale de la femme"}]},{"@type":"WebSite","@id":"https:\/\/www.eumedbridge.eu\/#website","url":"https:\/\/www.eumedbridge.eu\/","name":"EU Medbridge","description":"","publisher":{"@id":"https:\/\/www.eumedbridge.eu\/#organization"},"potentialAction":[{"@type":"SearchAction","target":{"@type":"EntryPoint","urlTemplate":"https:\/\/www.eumedbridge.eu\/?s={search_term_string}"},"query-input":{"@type":"PropertyValueSpecification","valueRequired":true,"valueName":"search_term_string"}}],"inLanguage":"fr-FR"},{"@type":"Organization","@id":"https:\/\/www.eumedbridge.eu\/#organization","name":"EU Medbridge","url":"https:\/\/www.eumedbridge.eu\/","logo":{"@type":"ImageObject","inLanguage":"fr-FR","@id":"https:\/\/www.eumedbridge.eu\/#\/schema\/logo\/image\/","url":"https:\/\/www.eumedbridge.eu\/wp-content\/uploads\/2021\/12\/Logo.png","contentUrl":"https:\/\/www.eumedbridge.eu\/wp-content\/uploads\/2021\/12\/Logo.png","width":325,"height":114,"caption":"EU Medbridge"},"image":{"@id":"https:\/\/www.eumedbridge.eu\/#\/schema\/logo\/image\/"},"sameAs":["https:\/\/www.facebook.com\/eumedbridge\/","https:\/\/x.com\/eumedbridge","https:\/\/www.linkedin.com\/company\/eumedbridge","https:\/\/www.youtube.com\/@eumedbridge","https:\/\/www.instagram.com\/eumedbridge","https:\/\/www.flickr.com\/photos\/euneighbours-south\/"]}]}},"_links":{"self":[{"href":"https:\/\/www.eumedbridge.eu\/fr\/wp-json\/wp\/v2\/news\/160197","targetHints":{"allow":["GET"]}}],"collection":[{"href":"https:\/\/www.eumedbridge.eu\/fr\/wp-json\/wp\/v2\/news"}],"about":[{"href":"https:\/\/www.eumedbridge.eu\/fr\/wp-json\/wp\/v2\/types\/news"}],"wp:featuredmedia":[{"embeddable":true,"href":"https:\/\/www.eumedbridge.eu\/fr\/wp-json\/wp\/v2\/media\/54083"}],"wp:attachment":[{"href":"https:\/\/www.eumedbridge.eu\/fr\/wp-json\/wp\/v2\/media?parent=160197"}],"wp:term":[{"taxonomy":"news_category","embeddable":true,"href":"https:\/\/www.eumedbridge.eu\/fr\/wp-json\/wp\/v2\/news_category?post=160197"},{"taxonomy":"country","embeddable":true,"href":"https:\/\/www.eumedbridge.eu\/fr\/wp-json\/wp\/v2\/country?post=160197"},{"taxonomy":"special_action","embeddable":true,"href":"https:\/\/www.eumedbridge.eu\/fr\/wp-json\/wp\/v2\/special_action?post=160197"},{"taxonomy":"custom_tag","embeddable":true,"href":"https:\/\/www.eumedbridge.eu\/fr\/wp-json\/wp\/v2\/custom_tag?post=160197"}],"curies":[{"name":"wp","href":"https:\/\/api.w.org\/{rel}","templated":true}]}}