{"id":160359,"date":"2020-01-08T00:00:00","date_gmt":"2020-01-07T22:00:00","guid":{"rendered":"http:\/\/south.euneighbours.eu\/news\/lue-appelle-a-la-cessation-des-hostilites-et-de-toute-ingerence-exterieure-en-libye\/"},"modified":"2022-07-12T13:23:36","modified_gmt":"2022-07-12T10:23:36","slug":"lue-appelle-la-cessation-des-hostilites-et-de-toute-ingerence-exterieure","status":"publish","type":"news","link":"https:\/\/www.eumedbridge.eu\/fr\/news\/lue-appelle-la-cessation-des-hostilites-et-de-toute-ingerence-exterieure\/","title":{"rendered":"L\u2019UE appelle \u00e0 la cessation des hostilit\u00e9s et de toute ing\u00e9rence ext\u00e9rieure en Libye"},"content":{"rendered":"<p>Le Haut repr\u00e9sentant de l\u2019UE et les ministres des Affaires \u00e9trang\u00e8res de la France, de l\u2019Allemagne, de l\u2019Italie et du Royaume-Uni ont appel\u00e9 \u00e0 un cessez-le-feu en Libye et \u00e0 la fin de toute ing\u00e9rence ext\u00e9rieure. Les ministres des Affaires \u00e9trang\u00e8res de l\u2019UE discuteront \u00e9galement de la situation lors d\u2019un Conseil extraordinaire des affaires \u00e9trang\u00e8res pr\u00e9vu ce vendredi.<\/p>\n<p>\u00ab\u00a0Nous avons convenu que la principale urgence \u00e9tait de mettre fin aux combats \u00e0 Tripoli et dans ses environs. Nous avons d\u00e8s lors demand\u00e9 la cessation imm\u00e9diate des hostilit\u00e9s\u00a0\u00bb, a d\u00e9clar\u00e9 le Haut repr\u00e9sentant, Josep\u00a0Borrell, \u00e0 l\u2019issue d\u2019une r\u00e9union avec les quatre ministres des Affaires \u00e9trang\u00e8res tenue, hier, \u00e0 Bruxelles.<\/p>\n<p>Selon M.\u00a0Borrell, la situation s\u2019aggrave de jour en jour et la seule solution en Libye passe par une n\u00e9gociation politique entre les parties. \u00ab\u00a0L\u2019Union europ\u00e9enne ne fait pas usage de la force, elle utilise la voie diplomatique, elle d\u00e9fend l\u2019\u00c9tat de droit. Nous demandons la recherche d\u2019une solution diplomatique, \u00e9tant entendu qu\u2019il n\u2019y a pas de solution militaire \u00e0 la crise en Libye\u00a0\u00bb, a soulign\u00e9 \u00e0 nouveau M.\u00a0Borrell. C\u2019est pourquoi les quatre ministres ont exprim\u00e9 leur ferme soutien aux efforts de m\u00e9diation des Nations Unies et au processus de Berlin. Une d\u00e9claration conjointe a \u00e9t\u00e9 convenue, dans laquelle il est demand\u00e9 de mettre imm\u00e9diatement un terme \u00e0 toute nouvelle escalade de la violence et \u00e0 l\u2019ing\u00e9rence ext\u00e9rieure croissante. \u00ab\u00a0Plus les parties libyennes bellig\u00e9rantes s\u2019appuient sur une aide militaire \u00e9trang\u00e8re, plus elles accordent \u00e0 des acteurs ext\u00e9rieurs une influence exag\u00e9r\u00e9e sur les d\u00e9cisions que la Libye devrait prendre souverainement, au d\u00e9triment des int\u00e9r\u00eats nationaux libyens et de la stabilit\u00e9 r\u00e9gionale\u00a0\u00bb, indique la d\u00e9claration conjointe.<\/p>\n<p>Vendredi prochain, lors d\u2019un Conseil extraordinaire des affaires \u00e9trang\u00e8res appel\u00e9 \u00e0 discuter des d\u00e9veloppements en cours au Moyen-Orient et en Afrique du Nord, y compris la situation en Libye, le Haut repr\u00e9sentant discutera avec le reste des \u00c9tats membres de l\u2019UE de la mani\u00e8re de poursuivre toute action europ\u00e9enne.<\/p>\n<p>\u00a0<\/p>\n<p><strong>Pour en savoir plus<\/strong><\/p>\n<p><a href=\"https:\/\/eeas.europa.eu\/delegations\/libya\/72755\/eu-calls-halt-hostilities-and-all-outside-interference-libya_en\">Communiqu\u00e9 de presse<\/a><\/p>\n<p><a href=\"https:\/\/eeas.europa.eu\/delegations\/libya\/72749\/joint-statement-high-representative-european-union-common-foreign-and-security-policy-and_en\">D\u00e9claration conjointe<\/a><\/p>\n","protected":false},"featured_media":52413,"parent":0,"template":"","news_category":[],"country":[1951],"special_action":[],"custom_tag":[2821],"class_list":["post-160359","news","type-news","status-publish","has-post-thumbnail","hentry","country-libye","custom_tag-migration-fr"],"acf":[],"yoast_head":"<!-- This site is optimized with the Yoast SEO plugin v26.5 - https:\/\/yoast.com\/wordpress\/plugins\/seo\/ -->\n<title>L\u2019UE appelle \u00e0 la cessation des hostilit\u00e9s et de toute ing\u00e9rence ext\u00e9rieure en Libye - Voisins de l&#039;UE<\/title>\n<meta name=\"robots\" content=\"index, follow, max-snippet:-1, max-image-preview:large, max-video-preview:-1\" \/>\n<link rel=\"canonical\" href=\"https:\/\/www.eumedbridge.eu\/fr\/news\/lue-appelle-la-cessation-des-hostilites-et-de-toute-ingerence-exterieure\/\" \/>\n<meta property=\"og:locale\" content=\"fr_FR\" \/>\n<meta property=\"og:type\" content=\"article\" \/>\n<meta property=\"og:title\" content=\"L\u2019UE appelle \u00e0 la cessation des hostilit\u00e9s et de toute ing\u00e9rence ext\u00e9rieure en Libye - Voisins de l&#039;UE\" \/>\n<meta property=\"og:description\" content=\"Le Haut repr\u00e9sentant de l\u2019UE et les ministres des Affaires \u00e9trang\u00e8res de la France, de l\u2019Allemagne, de l\u2019Italie et du Royaume-Uni ont appel\u00e9 \u00e0 un cessez-le-feu en Libye et \u00e0 la fin de toute ing\u00e9rence ext\u00e9rieure. Les ministres des Affaires \u00e9trang\u00e8res de l\u2019UE discuteront \u00e9galement de la situation lors d\u2019un Conseil extraordinaire des affaires \u00e9trang\u00e8res [&hellip;]\" \/>\n<meta property=\"og:url\" content=\"https:\/\/www.eumedbridge.eu\/fr\/news\/lue-appelle-la-cessation-des-hostilites-et-de-toute-ingerence-exterieure\/\" \/>\n<meta property=\"og:site_name\" content=\"Voisins de l&#039;UE\" \/>\n<meta property=\"article:publisher\" content=\"https:\/\/www.facebook.com\/eumedbridge\/\" \/>\n<meta property=\"article:modified_time\" content=\"2022-07-12T10:23:36+00:00\" \/>\n<meta property=\"og:image\" content=\"https:\/\/www.eumedbridge.eu\/wp-content\/uploads\/2022\/03\/borrell2.jpg\" \/>\n\t<meta property=\"og:image:width\" content=\"750\" \/>\n\t<meta property=\"og:image:height\" content=\"562\" \/>\n\t<meta property=\"og:image:type\" content=\"image\/jpeg\" \/>\n<meta name=\"twitter:card\" content=\"summary_large_image\" \/>\n<meta name=\"twitter:site\" content=\"@eumedbridge\" \/>\n<meta name=\"twitter:label1\" content=\"Dur\u00e9e de lecture estim\u00e9e\" \/>\n\t<meta name=\"twitter:data1\" content=\"2 minutes\" \/>\n<script type=\"application\/ld+json\" class=\"yoast-schema-graph\">{\"@context\":\"https:\/\/schema.org\",\"@graph\":[{\"@type\":\"WebPage\",\"@id\":\"https:\/\/www.eumedbridge.eu\/fr\/news\/lue-appelle-la-cessation-des-hostilites-et-de-toute-ingerence-exterieure\/\",\"url\":\"https:\/\/www.eumedbridge.eu\/fr\/news\/lue-appelle-la-cessation-des-hostilites-et-de-toute-ingerence-exterieure\/\",\"name\":\"L\u2019UE appelle \u00e0 la cessation des hostilit\u00e9s et de toute ing\u00e9rence ext\u00e9rieure en Libye - Voisins de l'UE\",\"isPartOf\":{\"@id\":\"https:\/\/www.eumedbridge.eu\/#website\"},\"primaryImageOfPage\":{\"@id\":\"https:\/\/www.eumedbridge.eu\/fr\/news\/lue-appelle-la-cessation-des-hostilites-et-de-toute-ingerence-exterieure\/#primaryimage\"},\"image\":{\"@id\":\"https:\/\/www.eumedbridge.eu\/fr\/news\/lue-appelle-la-cessation-des-hostilites-et-de-toute-ingerence-exterieure\/#primaryimage\"},\"thumbnailUrl\":\"https:\/\/www.eumedbridge.eu\/wp-content\/uploads\/2022\/03\/borrell2.jpg\",\"datePublished\":\"2020-01-07T22:00:00+00:00\",\"dateModified\":\"2022-07-12T10:23:36+00:00\",\"breadcrumb\":{\"@id\":\"https:\/\/www.eumedbridge.eu\/fr\/news\/lue-appelle-la-cessation-des-hostilites-et-de-toute-ingerence-exterieure\/#breadcrumb\"},\"inLanguage\":\"fr-FR\",\"potentialAction\":[{\"@type\":\"ReadAction\",\"target\":[\"https:\/\/www.eumedbridge.eu\/fr\/news\/lue-appelle-la-cessation-des-hostilites-et-de-toute-ingerence-exterieure\/\"]}]},{\"@type\":\"ImageObject\",\"inLanguage\":\"fr-FR\",\"@id\":\"https:\/\/www.eumedbridge.eu\/fr\/news\/lue-appelle-la-cessation-des-hostilites-et-de-toute-ingerence-exterieure\/#primaryimage\",\"url\":\"https:\/\/www.eumedbridge.eu\/wp-content\/uploads\/2022\/03\/borrell2.jpg\",\"contentUrl\":\"https:\/\/www.eumedbridge.eu\/wp-content\/uploads\/2022\/03\/borrell2.jpg\",\"width\":750,\"height\":562},{\"@type\":\"BreadcrumbList\",\"@id\":\"https:\/\/www.eumedbridge.eu\/fr\/news\/lue-appelle-la-cessation-des-hostilites-et-de-toute-ingerence-exterieure\/#breadcrumb\",\"itemListElement\":[{\"@type\":\"ListItem\",\"position\":1,\"name\":\"Home\",\"item\":\"https:\/\/www.eumedbridge.eu\/fr\/home-page\/\"},{\"@type\":\"ListItem\",\"position\":2,\"name\":\"Actualit\u00e9s\",\"item\":\"https:\/\/www.eumedbridge.eu\/fr\/news\/\"},{\"@type\":\"ListItem\",\"position\":3,\"name\":\"L\u2019UE appelle \u00e0 la cessation des hostilit\u00e9s et de toute ing\u00e9rence ext\u00e9rieure en Libye\"}]},{\"@type\":\"WebSite\",\"@id\":\"https:\/\/www.eumedbridge.eu\/#website\",\"url\":\"https:\/\/www.eumedbridge.eu\/\",\"name\":\"EU Medbridge\",\"description\":\"\",\"publisher\":{\"@id\":\"https:\/\/www.eumedbridge.eu\/#organization\"},\"potentialAction\":[{\"@type\":\"SearchAction\",\"target\":{\"@type\":\"EntryPoint\",\"urlTemplate\":\"https:\/\/www.eumedbridge.eu\/?s={search_term_string}\"},\"query-input\":{\"@type\":\"PropertyValueSpecification\",\"valueRequired\":true,\"valueName\":\"search_term_string\"}}],\"inLanguage\":\"fr-FR\"},{\"@type\":\"Organization\",\"@id\":\"https:\/\/www.eumedbridge.eu\/#organization\",\"name\":\"EU Medbridge\",\"url\":\"https:\/\/www.eumedbridge.eu\/\",\"logo\":{\"@type\":\"ImageObject\",\"inLanguage\":\"fr-FR\",\"@id\":\"https:\/\/www.eumedbridge.eu\/#\/schema\/logo\/image\/\",\"url\":\"https:\/\/www.eumedbridge.eu\/wp-content\/uploads\/2021\/12\/Logo.png\",\"contentUrl\":\"https:\/\/www.eumedbridge.eu\/wp-content\/uploads\/2021\/12\/Logo.png\",\"width\":325,\"height\":114,\"caption\":\"EU Medbridge\"},\"image\":{\"@id\":\"https:\/\/www.eumedbridge.eu\/#\/schema\/logo\/image\/\"},\"sameAs\":[\"https:\/\/www.facebook.com\/eumedbridge\/\",\"https:\/\/x.com\/eumedbridge\",\"https:\/\/www.linkedin.com\/company\/eumedbridge\",\"https:\/\/www.youtube.com\/@eumedbridge\",\"https:\/\/www.instagram.com\/eumedbridge\",\"https:\/\/www.flickr.com\/photos\/euneighbours-south\/\"]}]}<\/script>\n<!-- \/ Yoast SEO plugin. -->","yoast_head_json":{"title":"L\u2019UE appelle \u00e0 la cessation des hostilit\u00e9s et de toute ing\u00e9rence ext\u00e9rieure en Libye - Voisins de l'UE","robots":{"index":"index","follow":"follow","max-snippet":"max-snippet:-1","max-image-preview":"max-image-preview:large","max-video-preview":"max-video-preview:-1"},"canonical":"https:\/\/www.eumedbridge.eu\/fr\/news\/lue-appelle-la-cessation-des-hostilites-et-de-toute-ingerence-exterieure\/","og_locale":"fr_FR","og_type":"article","og_title":"L\u2019UE appelle \u00e0 la cessation des hostilit\u00e9s et de toute ing\u00e9rence ext\u00e9rieure en Libye - Voisins de l'UE","og_description":"Le Haut repr\u00e9sentant de l\u2019UE et les ministres des Affaires \u00e9trang\u00e8res de la France, de l\u2019Allemagne, de l\u2019Italie et du Royaume-Uni ont appel\u00e9 \u00e0 un cessez-le-feu en Libye et \u00e0 la fin de toute ing\u00e9rence ext\u00e9rieure. Les ministres des Affaires \u00e9trang\u00e8res de l\u2019UE discuteront \u00e9galement de la situation lors d\u2019un Conseil extraordinaire des affaires \u00e9trang\u00e8res [&hellip;]","og_url":"https:\/\/www.eumedbridge.eu\/fr\/news\/lue-appelle-la-cessation-des-hostilites-et-de-toute-ingerence-exterieure\/","og_site_name":"Voisins de l'UE","article_publisher":"https:\/\/www.facebook.com\/eumedbridge\/","article_modified_time":"2022-07-12T10:23:36+00:00","og_image":[{"width":750,"height":562,"url":"https:\/\/www.eumedbridge.eu\/wp-content\/uploads\/2022\/03\/borrell2.jpg","type":"image\/jpeg"}],"twitter_card":"summary_large_image","twitter_site":"@eumedbridge","twitter_misc":{"Dur\u00e9e de lecture estim\u00e9e":"2 minutes"},"schema":{"@context":"https:\/\/schema.org","@graph":[{"@type":"WebPage","@id":"https:\/\/www.eumedbridge.eu\/fr\/news\/lue-appelle-la-cessation-des-hostilites-et-de-toute-ingerence-exterieure\/","url":"https:\/\/www.eumedbridge.eu\/fr\/news\/lue-appelle-la-cessation-des-hostilites-et-de-toute-ingerence-exterieure\/","name":"L\u2019UE appelle \u00e0 la cessation des hostilit\u00e9s et de toute ing\u00e9rence ext\u00e9rieure en Libye - Voisins de l'UE","isPartOf":{"@id":"https:\/\/www.eumedbridge.eu\/#website"},"primaryImageOfPage":{"@id":"https:\/\/www.eumedbridge.eu\/fr\/news\/lue-appelle-la-cessation-des-hostilites-et-de-toute-ingerence-exterieure\/#primaryimage"},"image":{"@id":"https:\/\/www.eumedbridge.eu\/fr\/news\/lue-appelle-la-cessation-des-hostilites-et-de-toute-ingerence-exterieure\/#primaryimage"},"thumbnailUrl":"https:\/\/www.eumedbridge.eu\/wp-content\/uploads\/2022\/03\/borrell2.jpg","datePublished":"2020-01-07T22:00:00+00:00","dateModified":"2022-07-12T10:23:36+00:00","breadcrumb":{"@id":"https:\/\/www.eumedbridge.eu\/fr\/news\/lue-appelle-la-cessation-des-hostilites-et-de-toute-ingerence-exterieure\/#breadcrumb"},"inLanguage":"fr-FR","potentialAction":[{"@type":"ReadAction","target":["https:\/\/www.eumedbridge.eu\/fr\/news\/lue-appelle-la-cessation-des-hostilites-et-de-toute-ingerence-exterieure\/"]}]},{"@type":"ImageObject","inLanguage":"fr-FR","@id":"https:\/\/www.eumedbridge.eu\/fr\/news\/lue-appelle-la-cessation-des-hostilites-et-de-toute-ingerence-exterieure\/#primaryimage","url":"https:\/\/www.eumedbridge.eu\/wp-content\/uploads\/2022\/03\/borrell2.jpg","contentUrl":"https:\/\/www.eumedbridge.eu\/wp-content\/uploads\/2022\/03\/borrell2.jpg","width":750,"height":562},{"@type":"BreadcrumbList","@id":"https:\/\/www.eumedbridge.eu\/fr\/news\/lue-appelle-la-cessation-des-hostilites-et-de-toute-ingerence-exterieure\/#breadcrumb","itemListElement":[{"@type":"ListItem","position":1,"name":"Home","item":"https:\/\/www.eumedbridge.eu\/fr\/home-page\/"},{"@type":"ListItem","position":2,"name":"Actualit\u00e9s","item":"https:\/\/www.eumedbridge.eu\/fr\/news\/"},{"@type":"ListItem","position":3,"name":"L\u2019UE appelle \u00e0 la cessation des hostilit\u00e9s et de toute ing\u00e9rence ext\u00e9rieure en Libye"}]},{"@type":"WebSite","@id":"https:\/\/www.eumedbridge.eu\/#website","url":"https:\/\/www.eumedbridge.eu\/","name":"EU Medbridge","description":"","publisher":{"@id":"https:\/\/www.eumedbridge.eu\/#organization"},"potentialAction":[{"@type":"SearchAction","target":{"@type":"EntryPoint","urlTemplate":"https:\/\/www.eumedbridge.eu\/?s={search_term_string}"},"query-input":{"@type":"PropertyValueSpecification","valueRequired":true,"valueName":"search_term_string"}}],"inLanguage":"fr-FR"},{"@type":"Organization","@id":"https:\/\/www.eumedbridge.eu\/#organization","name":"EU Medbridge","url":"https:\/\/www.eumedbridge.eu\/","logo":{"@type":"ImageObject","inLanguage":"fr-FR","@id":"https:\/\/www.eumedbridge.eu\/#\/schema\/logo\/image\/","url":"https:\/\/www.eumedbridge.eu\/wp-content\/uploads\/2021\/12\/Logo.png","contentUrl":"https:\/\/www.eumedbridge.eu\/wp-content\/uploads\/2021\/12\/Logo.png","width":325,"height":114,"caption":"EU Medbridge"},"image":{"@id":"https:\/\/www.eumedbridge.eu\/#\/schema\/logo\/image\/"},"sameAs":["https:\/\/www.facebook.com\/eumedbridge\/","https:\/\/x.com\/eumedbridge","https:\/\/www.linkedin.com\/company\/eumedbridge","https:\/\/www.youtube.com\/@eumedbridge","https:\/\/www.instagram.com\/eumedbridge","https:\/\/www.flickr.com\/photos\/euneighbours-south\/"]}]}},"_links":{"self":[{"href":"https:\/\/www.eumedbridge.eu\/fr\/wp-json\/wp\/v2\/news\/160359","targetHints":{"allow":["GET"]}}],"collection":[{"href":"https:\/\/www.eumedbridge.eu\/fr\/wp-json\/wp\/v2\/news"}],"about":[{"href":"https:\/\/www.eumedbridge.eu\/fr\/wp-json\/wp\/v2\/types\/news"}],"wp:featuredmedia":[{"embeddable":true,"href":"https:\/\/www.eumedbridge.eu\/fr\/wp-json\/wp\/v2\/media\/52413"}],"wp:attachment":[{"href":"https:\/\/www.eumedbridge.eu\/fr\/wp-json\/wp\/v2\/media?parent=160359"}],"wp:term":[{"taxonomy":"news_category","embeddable":true,"href":"https:\/\/www.eumedbridge.eu\/fr\/wp-json\/wp\/v2\/news_category?post=160359"},{"taxonomy":"country","embeddable":true,"href":"https:\/\/www.eumedbridge.eu\/fr\/wp-json\/wp\/v2\/country?post=160359"},{"taxonomy":"special_action","embeddable":true,"href":"https:\/\/www.eumedbridge.eu\/fr\/wp-json\/wp\/v2\/special_action?post=160359"},{"taxonomy":"custom_tag","embeddable":true,"href":"https:\/\/www.eumedbridge.eu\/fr\/wp-json\/wp\/v2\/custom_tag?post=160359"}],"curies":[{"name":"wp","href":"https:\/\/api.w.org\/{rel}","templated":true}]}}