{"id":160423,"date":"2019-12-11T00:00:00","date_gmt":"2019-12-10T22:00:00","guid":{"rendered":"http:\/\/south.euneighbours.eu\/news\/le-reseau-judiciaire-du-projet-cyber-sud-tient-sa-premiere-reunion\/"},"modified":"2022-07-12T13:28:12","modified_gmt":"2022-07-12T10:28:12","slug":"le-reseau-judiciaire-du-projet-cyber-sud-tient-sa-premiere-reunion","status":"publish","type":"news","link":"https:\/\/www.eumedbridge.eu\/fr\/news\/le-reseau-judiciaire-du-projet-cyber-sud-tient-sa-premiere-reunion\/","title":{"rendered":"Le R\u00e9seau judiciaire du projet Cyber Sud tient sa premi\u00e8re r\u00e9union"},"content":{"rendered":"<p>Le Conseil de l&rsquo;Europe, dans le cadre du projet Cyber Sud et avec le soutien du Bureau du Procureur G\u00e9n\u00e9ral du Portugal, a organis\u00e9 la premi\u00e8re r\u00e9union du R\u00e9seau judiciaire Cyber Sud qui s\u2019est tenue les 3 et 4 d\u00e9cembre 2019 \u00e0 Lisbonne, au Portugal.<\/p>\n<p>B\u00e9n\u00e9ficiant de l&rsquo;exp\u00e9rience du minist\u00e8re public portugais en mati\u00e8re de coordination, depuis des ann\u00e9es, d&rsquo;autres r\u00e9seaux judiciaires internationaux, cet \u00e9v\u00e9nement a rassembl\u00e9 les pays prioritaires de CyberSud (l\u2019Alg\u00e9rie, la Jordanie, le Liban, le Maroc et la Tunisie) dans le but d&rsquo;\u00e9tablir le R\u00e9seau qui constituera un forum continu, permettant des \u00e9changes d&rsquo;informations et de connaissances sur la cybercriminalit\u00e9 et les preuves \u00e9lectroniques.<\/p>\n<p>La r\u00e9union s&rsquo;est conclue avec l&rsquo;accord des pays de CyberSud pour poursuivre cette initiative, en \u00e9tablissant la mission et les objectifs du R\u00e9seau pour la prochaine p\u00e9riode.<\/p>\n<p>CyberSud est un projet conjoint de l\u2019Union europ\u00e9enne et du Conseil de l\u2019Europe. Il contribue \u00e0 la pr\u00e9vention et au contr\u00f4le de la cybercriminalit\u00e9 et d\u2019autres infractions impliquant la preuve \u00e9lectronique dans la r\u00e9gion du Voisinage Sud, en conformit\u00e9 aux normes internationales de protection des droits de l\u2019homme et au respect de l\u2019\u00c9tat de droit ainsi qu\u2019aux bonnes pratiques.<\/p>\n<p>\u00a0<\/p>\n<p><strong>Pour en savoir plus<\/strong><\/p>\n<p><a href=\"https:\/\/www.coe.int\/fr\/web\/cybercrime\/cybersouth\/-\/asset_publisher\/OcPUuy5AYW7m\/content\/cybersouth-judicial-network?inheritRedirect=false&#038;redirect=https%3A%2F%2Fwww.coe.int%2Fen%2Fweb%2Fcybercrime%2Fcybersouth%3Fp_p_id%3D101_INSTANCE_OcPUuy5AYW7m%26p_p_lifecycle%3D0%26p_p_state%3Dnormal%26p_p_mode%3Dview%26p_p_col_id%3Dcolumn-4%26p_p_col_pos%3D2%26p_p_col_count%3D4\">Communiqu\u00e9 de presse<\/a><\/p>\n<p>CyberSouth \u2013 <a href=\"https:\/\/www.coe.int\/fr\/web\/cybercrime\/cybersouth\">Page web<\/a><\/p>\n","protected":false},"featured_media":0,"parent":0,"template":"","news_category":[],"country":[1946,2124,1949,1953,1955],"special_action":[],"custom_tag":[2313,2821],"class_list":["post-160423","news","type-news","status-publish","hentry","country-algerie","country-jordanie","country-liban","country-maroc","country-tunisie","custom_tag-droit-de-lhomme","custom_tag-migration-fr"],"acf":[],"yoast_head":"<!-- This site is optimized with the Yoast SEO plugin v26.5 - https:\/\/yoast.com\/wordpress\/plugins\/seo\/ -->\n<title>Le R\u00e9seau judiciaire du projet Cyber Sud tient sa premi\u00e8re r\u00e9union - Voisins de l&#039;UE<\/title>\n<meta name=\"robots\" content=\"index, follow, max-snippet:-1, max-image-preview:large, max-video-preview:-1\" \/>\n<link rel=\"canonical\" href=\"https:\/\/www.eumedbridge.eu\/fr\/news\/le-reseau-judiciaire-du-projet-cyber-sud-tient-sa-premiere-reunion\/\" \/>\n<meta property=\"og:locale\" content=\"fr_FR\" \/>\n<meta property=\"og:type\" content=\"article\" \/>\n<meta property=\"og:title\" content=\"Le R\u00e9seau judiciaire du projet Cyber Sud tient sa premi\u00e8re r\u00e9union - Voisins de l&#039;UE\" \/>\n<meta property=\"og:description\" content=\"Le Conseil de l&rsquo;Europe, dans le cadre du projet Cyber Sud et avec le soutien du Bureau du Procureur G\u00e9n\u00e9ral du Portugal, a organis\u00e9 la premi\u00e8re r\u00e9union du R\u00e9seau judiciaire Cyber Sud qui s\u2019est tenue les 3 et 4 d\u00e9cembre 2019 \u00e0 Lisbonne, au Portugal. B\u00e9n\u00e9ficiant de l&rsquo;exp\u00e9rience du minist\u00e8re public portugais en mati\u00e8re de [&hellip;]\" \/>\n<meta property=\"og:url\" content=\"https:\/\/www.eumedbridge.eu\/fr\/news\/le-reseau-judiciaire-du-projet-cyber-sud-tient-sa-premiere-reunion\/\" \/>\n<meta property=\"og:site_name\" content=\"Voisins de l&#039;UE\" \/>\n<meta property=\"article:publisher\" content=\"https:\/\/www.facebook.com\/eumedbridge\/\" \/>\n<meta property=\"article:modified_time\" content=\"2022-07-12T10:28:12+00:00\" \/>\n<meta property=\"og:image\" content=\"https:\/\/www.eumedbridge.eu\/wp-content\/uploads\/2022\/03\/photo-cybersouth-11.jpg\" \/>\n\t<meta property=\"og:image:width\" content=\"870\" \/>\n\t<meta property=\"og:image:height\" content=\"489\" \/>\n\t<meta property=\"og:image:type\" content=\"image\/jpeg\" \/>\n<meta name=\"twitter:card\" content=\"summary_large_image\" \/>\n<meta name=\"twitter:site\" content=\"@eumedbridge\" \/>\n<meta name=\"twitter:label1\" content=\"Dur\u00e9e de lecture estim\u00e9e\" \/>\n\t<meta name=\"twitter:data1\" content=\"1 minute\" \/>\n<script type=\"application\/ld+json\" class=\"yoast-schema-graph\">{\"@context\":\"https:\/\/schema.org\",\"@graph\":[{\"@type\":\"WebPage\",\"@id\":\"https:\/\/www.eumedbridge.eu\/fr\/news\/le-reseau-judiciaire-du-projet-cyber-sud-tient-sa-premiere-reunion\/\",\"url\":\"https:\/\/www.eumedbridge.eu\/fr\/news\/le-reseau-judiciaire-du-projet-cyber-sud-tient-sa-premiere-reunion\/\",\"name\":\"Le R\u00e9seau judiciaire du projet Cyber Sud tient sa premi\u00e8re r\u00e9union - Voisins de l'UE\",\"isPartOf\":{\"@id\":\"https:\/\/www.eumedbridge.eu\/#website\"},\"datePublished\":\"2019-12-10T22:00:00+00:00\",\"dateModified\":\"2022-07-12T10:28:12+00:00\",\"breadcrumb\":{\"@id\":\"https:\/\/www.eumedbridge.eu\/fr\/news\/le-reseau-judiciaire-du-projet-cyber-sud-tient-sa-premiere-reunion\/#breadcrumb\"},\"inLanguage\":\"fr-FR\",\"potentialAction\":[{\"@type\":\"ReadAction\",\"target\":[\"https:\/\/www.eumedbridge.eu\/fr\/news\/le-reseau-judiciaire-du-projet-cyber-sud-tient-sa-premiere-reunion\/\"]}]},{\"@type\":\"BreadcrumbList\",\"@id\":\"https:\/\/www.eumedbridge.eu\/fr\/news\/le-reseau-judiciaire-du-projet-cyber-sud-tient-sa-premiere-reunion\/#breadcrumb\",\"itemListElement\":[{\"@type\":\"ListItem\",\"position\":1,\"name\":\"Home\",\"item\":\"https:\/\/www.eumedbridge.eu\/fr\/home-page\/\"},{\"@type\":\"ListItem\",\"position\":2,\"name\":\"Actualit\u00e9s\",\"item\":\"https:\/\/www.eumedbridge.eu\/fr\/news\/\"},{\"@type\":\"ListItem\",\"position\":3,\"name\":\"Le R\u00e9seau judiciaire du projet Cyber Sud tient sa premi\u00e8re r\u00e9union\"}]},{\"@type\":\"WebSite\",\"@id\":\"https:\/\/www.eumedbridge.eu\/#website\",\"url\":\"https:\/\/www.eumedbridge.eu\/\",\"name\":\"EU Medbridge\",\"description\":\"\",\"publisher\":{\"@id\":\"https:\/\/www.eumedbridge.eu\/#organization\"},\"potentialAction\":[{\"@type\":\"SearchAction\",\"target\":{\"@type\":\"EntryPoint\",\"urlTemplate\":\"https:\/\/www.eumedbridge.eu\/?s={search_term_string}\"},\"query-input\":{\"@type\":\"PropertyValueSpecification\",\"valueRequired\":true,\"valueName\":\"search_term_string\"}}],\"inLanguage\":\"fr-FR\"},{\"@type\":\"Organization\",\"@id\":\"https:\/\/www.eumedbridge.eu\/#organization\",\"name\":\"EU Medbridge\",\"url\":\"https:\/\/www.eumedbridge.eu\/\",\"logo\":{\"@type\":\"ImageObject\",\"inLanguage\":\"fr-FR\",\"@id\":\"https:\/\/www.eumedbridge.eu\/#\/schema\/logo\/image\/\",\"url\":\"https:\/\/www.eumedbridge.eu\/wp-content\/uploads\/2021\/12\/Logo.png\",\"contentUrl\":\"https:\/\/www.eumedbridge.eu\/wp-content\/uploads\/2021\/12\/Logo.png\",\"width\":325,\"height\":114,\"caption\":\"EU Medbridge\"},\"image\":{\"@id\":\"https:\/\/www.eumedbridge.eu\/#\/schema\/logo\/image\/\"},\"sameAs\":[\"https:\/\/www.facebook.com\/eumedbridge\/\",\"https:\/\/x.com\/eumedbridge\",\"https:\/\/www.linkedin.com\/company\/eumedbridge\",\"https:\/\/www.youtube.com\/@eumedbridge\",\"https:\/\/www.instagram.com\/eumedbridge\",\"https:\/\/www.flickr.com\/photos\/euneighbours-south\/\"]}]}<\/script>\n<!-- \/ Yoast SEO plugin. -->","yoast_head_json":{"title":"Le R\u00e9seau judiciaire du projet Cyber Sud tient sa premi\u00e8re r\u00e9union - Voisins de l'UE","robots":{"index":"index","follow":"follow","max-snippet":"max-snippet:-1","max-image-preview":"max-image-preview:large","max-video-preview":"max-video-preview:-1"},"canonical":"https:\/\/www.eumedbridge.eu\/fr\/news\/le-reseau-judiciaire-du-projet-cyber-sud-tient-sa-premiere-reunion\/","og_locale":"fr_FR","og_type":"article","og_title":"Le R\u00e9seau judiciaire du projet Cyber Sud tient sa premi\u00e8re r\u00e9union - Voisins de l'UE","og_description":"Le Conseil de l&rsquo;Europe, dans le cadre du projet Cyber Sud et avec le soutien du Bureau du Procureur G\u00e9n\u00e9ral du Portugal, a organis\u00e9 la premi\u00e8re r\u00e9union du R\u00e9seau judiciaire Cyber Sud qui s\u2019est tenue les 3 et 4 d\u00e9cembre 2019 \u00e0 Lisbonne, au Portugal. B\u00e9n\u00e9ficiant de l&rsquo;exp\u00e9rience du minist\u00e8re public portugais en mati\u00e8re de [&hellip;]","og_url":"https:\/\/www.eumedbridge.eu\/fr\/news\/le-reseau-judiciaire-du-projet-cyber-sud-tient-sa-premiere-reunion\/","og_site_name":"Voisins de l'UE","article_publisher":"https:\/\/www.facebook.com\/eumedbridge\/","article_modified_time":"2022-07-12T10:28:12+00:00","og_image":[{"width":870,"height":489,"url":"https:\/\/www.eumedbridge.eu\/wp-content\/uploads\/2022\/03\/photo-cybersouth-11.jpg","type":"image\/jpeg"}],"twitter_card":"summary_large_image","twitter_site":"@eumedbridge","twitter_misc":{"Dur\u00e9e de lecture estim\u00e9e":"1 minute"},"schema":{"@context":"https:\/\/schema.org","@graph":[{"@type":"WebPage","@id":"https:\/\/www.eumedbridge.eu\/fr\/news\/le-reseau-judiciaire-du-projet-cyber-sud-tient-sa-premiere-reunion\/","url":"https:\/\/www.eumedbridge.eu\/fr\/news\/le-reseau-judiciaire-du-projet-cyber-sud-tient-sa-premiere-reunion\/","name":"Le R\u00e9seau judiciaire du projet Cyber Sud tient sa premi\u00e8re r\u00e9union - Voisins de l'UE","isPartOf":{"@id":"https:\/\/www.eumedbridge.eu\/#website"},"datePublished":"2019-12-10T22:00:00+00:00","dateModified":"2022-07-12T10:28:12+00:00","breadcrumb":{"@id":"https:\/\/www.eumedbridge.eu\/fr\/news\/le-reseau-judiciaire-du-projet-cyber-sud-tient-sa-premiere-reunion\/#breadcrumb"},"inLanguage":"fr-FR","potentialAction":[{"@type":"ReadAction","target":["https:\/\/www.eumedbridge.eu\/fr\/news\/le-reseau-judiciaire-du-projet-cyber-sud-tient-sa-premiere-reunion\/"]}]},{"@type":"BreadcrumbList","@id":"https:\/\/www.eumedbridge.eu\/fr\/news\/le-reseau-judiciaire-du-projet-cyber-sud-tient-sa-premiere-reunion\/#breadcrumb","itemListElement":[{"@type":"ListItem","position":1,"name":"Home","item":"https:\/\/www.eumedbridge.eu\/fr\/home-page\/"},{"@type":"ListItem","position":2,"name":"Actualit\u00e9s","item":"https:\/\/www.eumedbridge.eu\/fr\/news\/"},{"@type":"ListItem","position":3,"name":"Le R\u00e9seau judiciaire du projet Cyber Sud tient sa premi\u00e8re r\u00e9union"}]},{"@type":"WebSite","@id":"https:\/\/www.eumedbridge.eu\/#website","url":"https:\/\/www.eumedbridge.eu\/","name":"EU Medbridge","description":"","publisher":{"@id":"https:\/\/www.eumedbridge.eu\/#organization"},"potentialAction":[{"@type":"SearchAction","target":{"@type":"EntryPoint","urlTemplate":"https:\/\/www.eumedbridge.eu\/?s={search_term_string}"},"query-input":{"@type":"PropertyValueSpecification","valueRequired":true,"valueName":"search_term_string"}}],"inLanguage":"fr-FR"},{"@type":"Organization","@id":"https:\/\/www.eumedbridge.eu\/#organization","name":"EU Medbridge","url":"https:\/\/www.eumedbridge.eu\/","logo":{"@type":"ImageObject","inLanguage":"fr-FR","@id":"https:\/\/www.eumedbridge.eu\/#\/schema\/logo\/image\/","url":"https:\/\/www.eumedbridge.eu\/wp-content\/uploads\/2021\/12\/Logo.png","contentUrl":"https:\/\/www.eumedbridge.eu\/wp-content\/uploads\/2021\/12\/Logo.png","width":325,"height":114,"caption":"EU Medbridge"},"image":{"@id":"https:\/\/www.eumedbridge.eu\/#\/schema\/logo\/image\/"},"sameAs":["https:\/\/www.facebook.com\/eumedbridge\/","https:\/\/x.com\/eumedbridge","https:\/\/www.linkedin.com\/company\/eumedbridge","https:\/\/www.youtube.com\/@eumedbridge","https:\/\/www.instagram.com\/eumedbridge","https:\/\/www.flickr.com\/photos\/euneighbours-south\/"]}]}},"_links":{"self":[{"href":"https:\/\/www.eumedbridge.eu\/fr\/wp-json\/wp\/v2\/news\/160423","targetHints":{"allow":["GET"]}}],"collection":[{"href":"https:\/\/www.eumedbridge.eu\/fr\/wp-json\/wp\/v2\/news"}],"about":[{"href":"https:\/\/www.eumedbridge.eu\/fr\/wp-json\/wp\/v2\/types\/news"}],"wp:attachment":[{"href":"https:\/\/www.eumedbridge.eu\/fr\/wp-json\/wp\/v2\/media?parent=160423"}],"wp:term":[{"taxonomy":"news_category","embeddable":true,"href":"https:\/\/www.eumedbridge.eu\/fr\/wp-json\/wp\/v2\/news_category?post=160423"},{"taxonomy":"country","embeddable":true,"href":"https:\/\/www.eumedbridge.eu\/fr\/wp-json\/wp\/v2\/country?post=160423"},{"taxonomy":"special_action","embeddable":true,"href":"https:\/\/www.eumedbridge.eu\/fr\/wp-json\/wp\/v2\/special_action?post=160423"},{"taxonomy":"custom_tag","embeddable":true,"href":"https:\/\/www.eumedbridge.eu\/fr\/wp-json\/wp\/v2\/custom_tag?post=160423"}],"curies":[{"name":"wp","href":"https:\/\/api.w.org\/{rel}","templated":true}]}}