{"id":160494,"date":"2019-11-20T00:00:00","date_gmt":"2019-11-19T22:00:00","guid":{"rendered":"http:\/\/south.euneighbours.eu\/news\/declaration-de-la-porte-parole-de-lue-au-sujet-de-la-frappe-aerienne-qui-a-vise-une-usine-dans-la-ville-libyenne-de-tripoli\/"},"modified":"2022-07-12T13:31:20","modified_gmt":"2022-07-12T10:31:20","slug":"declaration-de-la-porte-parole-de-lue-au-sujet-de-la-frappe-aerienne-qui","status":"publish","type":"news","link":"https:\/\/www.eumedbridge.eu\/fr\/news\/declaration-de-la-porte-parole-de-lue-au-sujet-de-la-frappe-aerienne-qui\/","title":{"rendered":"D\u00e9claration de la porte-parole de l\u2019UE au sujet de la frappe a\u00e9rienne qui a vis\u00e9 une usine dans la ville libyenne de Tripoli"},"content":{"rendered":"<p>La porte-parole de l\u2019UE a fait la d\u00e9claration suivante\u00a0:<\/p>\n<p>[Le 18 novembre] Une frappe a\u00e9rienne a vis\u00e9 une biscuiterie dans le quartier de Wadi Rabea \u00e0 Tripoli, faisant de nouveau des victimes civiles. Nous pr\u00e9sentons nos condol\u00e9ances aux familles des victimes et souhaitons un prompt r\u00e9tablissement aux bless\u00e9s.<\/p>\n<p>Le droit international, y compris le droit international humanitaire, doit \u00eatre pleinement respect\u00e9 et ceux qui le transgressent doivent r\u00e9pondre de leurs actes. Il est urgent de prendre toutes les mesures n\u00e9cessaires pour prot\u00e9ger les civils comme il se doit.<\/p>\n<p>\u00c0 l\u2019instar des pr\u00e9c\u00e9dentes attaques similaires visant des zones civiles \u00e0 Tripoli et dans les environs, cette frappe d\u00e9montre qu\u2019une solution politique doit \u00eatre trouv\u00e9e sans plus tarder et nous rappelle que la solution \u00e0 la crise libyenne n\u2019est pas de nature militaire. Toutes les parties doivent imm\u00e9diatement mettre un terme \u00e0 la violence et reprendre un processus politique sous la m\u00e9diation de l\u2019ONU.<\/p>\n<p>\u00c0 cette fin, l\u2019Union europ\u00e9enne continuera \u00e0 soutenir l\u2019action du Repr\u00e9sentant sp\u00e9cial des Nations Unies en vue de relancer le processus politique. L\u2019initiative de Berlin est l\u2019occasion de mettre fin au conflit en s\u2019attaquant aux probl\u00e8mes qui l\u2019alimentent et en ouvrant la voie \u00e0 la paix, la r\u00e9conciliation et la stabilit\u00e9.<\/p>\n<p>\u00a0<\/p>\n<p><strong>Pour en savoir plus<\/strong><\/p>\n<p><a href=\"https:\/\/eeas.europa.eu\/delegations\/libya\/70642\/statement-spokesperson-air-strike-hit-factory-tripoli-libya_en?fbclid=IwAR0Vgf_Rrrh6-6iG5m_7stUisRlBn1ZFBvxdWGUpmH1gKUdD2kmYythe6e4\">Communiqu\u00e9 de presse<\/a><\/p>\n<p>D\u00e9l\u00e9gation de l\u2019UE en Libye &#8211; <a href=\"https:\/\/eeas.europa.eu\/delegations\/libya_en\">Site internet<\/a> et <a href=\"https:\/\/www.facebook.com\/EUinLibya\/\">page Facebook<\/a><\/p>\n","protected":false},"featured_media":0,"parent":0,"template":"","news_category":[],"country":[1951],"special_action":[],"custom_tag":[2821],"class_list":["post-160494","news","type-news","status-publish","hentry","country-libye","custom_tag-migration-fr"],"acf":[],"yoast_head":"<!-- This site is optimized with the Yoast SEO plugin v26.5 - https:\/\/yoast.com\/wordpress\/plugins\/seo\/ -->\n<title>D\u00e9claration de la porte-parole de l\u2019UE au sujet de la frappe a\u00e9rienne qui a vis\u00e9 une usine dans la ville libyenne de Tripoli - Voisins de l&#039;UE<\/title>\n<meta name=\"robots\" content=\"index, follow, max-snippet:-1, max-image-preview:large, max-video-preview:-1\" \/>\n<link rel=\"canonical\" href=\"https:\/\/www.eumedbridge.eu\/fr\/news\/declaration-de-la-porte-parole-de-lue-au-sujet-de-la-frappe-aerienne-qui\/\" \/>\n<meta property=\"og:locale\" content=\"fr_FR\" \/>\n<meta property=\"og:type\" content=\"article\" \/>\n<meta property=\"og:title\" content=\"D\u00e9claration de la porte-parole de l\u2019UE au sujet de la frappe a\u00e9rienne qui a vis\u00e9 une usine dans la ville libyenne de Tripoli - Voisins de l&#039;UE\" \/>\n<meta property=\"og:description\" content=\"La porte-parole de l\u2019UE a fait la d\u00e9claration suivante\u00a0: [Le 18 novembre] Une frappe a\u00e9rienne a vis\u00e9 une biscuiterie dans le quartier de Wadi Rabea \u00e0 Tripoli, faisant de nouveau des victimes civiles. Nous pr\u00e9sentons nos condol\u00e9ances aux familles des victimes et souhaitons un prompt r\u00e9tablissement aux bless\u00e9s. Le droit international, y compris le droit [&hellip;]\" \/>\n<meta property=\"og:url\" content=\"https:\/\/www.eumedbridge.eu\/fr\/news\/declaration-de-la-porte-parole-de-lue-au-sujet-de-la-frappe-aerienne-qui\/\" \/>\n<meta property=\"og:site_name\" content=\"Voisins de l&#039;UE\" \/>\n<meta property=\"article:publisher\" content=\"https:\/\/www.facebook.com\/eumedbridge\/\" \/>\n<meta property=\"article:modified_time\" content=\"2022-07-12T10:31:20+00:00\" \/>\n<meta property=\"og:image\" content=\"https:\/\/www.eumedbridge.eu\/wp-content\/uploads\/2022\/03\/EU-Libya-16.jpg\" \/>\n\t<meta property=\"og:image:width\" content=\"1600\" \/>\n\t<meta property=\"og:image:height\" content=\"900\" \/>\n\t<meta property=\"og:image:type\" content=\"image\/jpeg\" \/>\n<meta name=\"twitter:card\" content=\"summary_large_image\" \/>\n<meta name=\"twitter:site\" content=\"@eumedbridge\" \/>\n<meta name=\"twitter:label1\" content=\"Dur\u00e9e de lecture estim\u00e9e\" \/>\n\t<meta name=\"twitter:data1\" content=\"1 minute\" \/>\n<script type=\"application\/ld+json\" class=\"yoast-schema-graph\">{\"@context\":\"https:\/\/schema.org\",\"@graph\":[{\"@type\":\"WebPage\",\"@id\":\"https:\/\/www.eumedbridge.eu\/fr\/news\/declaration-de-la-porte-parole-de-lue-au-sujet-de-la-frappe-aerienne-qui\/\",\"url\":\"https:\/\/www.eumedbridge.eu\/fr\/news\/declaration-de-la-porte-parole-de-lue-au-sujet-de-la-frappe-aerienne-qui\/\",\"name\":\"D\u00e9claration de la porte-parole de l\u2019UE au sujet de la frappe a\u00e9rienne qui a vis\u00e9 une usine dans la ville libyenne de Tripoli - Voisins de l'UE\",\"isPartOf\":{\"@id\":\"https:\/\/www.eumedbridge.eu\/#website\"},\"datePublished\":\"2019-11-19T22:00:00+00:00\",\"dateModified\":\"2022-07-12T10:31:20+00:00\",\"breadcrumb\":{\"@id\":\"https:\/\/www.eumedbridge.eu\/fr\/news\/declaration-de-la-porte-parole-de-lue-au-sujet-de-la-frappe-aerienne-qui\/#breadcrumb\"},\"inLanguage\":\"fr-FR\",\"potentialAction\":[{\"@type\":\"ReadAction\",\"target\":[\"https:\/\/www.eumedbridge.eu\/fr\/news\/declaration-de-la-porte-parole-de-lue-au-sujet-de-la-frappe-aerienne-qui\/\"]}]},{\"@type\":\"BreadcrumbList\",\"@id\":\"https:\/\/www.eumedbridge.eu\/fr\/news\/declaration-de-la-porte-parole-de-lue-au-sujet-de-la-frappe-aerienne-qui\/#breadcrumb\",\"itemListElement\":[{\"@type\":\"ListItem\",\"position\":1,\"name\":\"Home\",\"item\":\"https:\/\/www.eumedbridge.eu\/fr\/home-page\/\"},{\"@type\":\"ListItem\",\"position\":2,\"name\":\"Actualit\u00e9s\",\"item\":\"https:\/\/www.eumedbridge.eu\/fr\/news\/\"},{\"@type\":\"ListItem\",\"position\":3,\"name\":\"D\u00e9claration de la porte-parole de l\u2019UE au sujet de la frappe a\u00e9rienne qui a vis\u00e9 une usine dans la ville libyenne de Tripoli\"}]},{\"@type\":\"WebSite\",\"@id\":\"https:\/\/www.eumedbridge.eu\/#website\",\"url\":\"https:\/\/www.eumedbridge.eu\/\",\"name\":\"EU Medbridge\",\"description\":\"\",\"publisher\":{\"@id\":\"https:\/\/www.eumedbridge.eu\/#organization\"},\"potentialAction\":[{\"@type\":\"SearchAction\",\"target\":{\"@type\":\"EntryPoint\",\"urlTemplate\":\"https:\/\/www.eumedbridge.eu\/?s={search_term_string}\"},\"query-input\":{\"@type\":\"PropertyValueSpecification\",\"valueRequired\":true,\"valueName\":\"search_term_string\"}}],\"inLanguage\":\"fr-FR\"},{\"@type\":\"Organization\",\"@id\":\"https:\/\/www.eumedbridge.eu\/#organization\",\"name\":\"EU Medbridge\",\"url\":\"https:\/\/www.eumedbridge.eu\/\",\"logo\":{\"@type\":\"ImageObject\",\"inLanguage\":\"fr-FR\",\"@id\":\"https:\/\/www.eumedbridge.eu\/#\/schema\/logo\/image\/\",\"url\":\"https:\/\/www.eumedbridge.eu\/wp-content\/uploads\/2021\/12\/Logo.png\",\"contentUrl\":\"https:\/\/www.eumedbridge.eu\/wp-content\/uploads\/2021\/12\/Logo.png\",\"width\":325,\"height\":114,\"caption\":\"EU Medbridge\"},\"image\":{\"@id\":\"https:\/\/www.eumedbridge.eu\/#\/schema\/logo\/image\/\"},\"sameAs\":[\"https:\/\/www.facebook.com\/eumedbridge\/\",\"https:\/\/x.com\/eumedbridge\",\"https:\/\/www.linkedin.com\/company\/eumedbridge\",\"https:\/\/www.youtube.com\/@eumedbridge\",\"https:\/\/www.instagram.com\/eumedbridge\",\"https:\/\/www.flickr.com\/photos\/euneighbours-south\/\"]}]}<\/script>\n<!-- \/ Yoast SEO plugin. -->","yoast_head_json":{"title":"D\u00e9claration de la porte-parole de l\u2019UE au sujet de la frappe a\u00e9rienne qui a vis\u00e9 une usine dans la ville libyenne de Tripoli - Voisins de l'UE","robots":{"index":"index","follow":"follow","max-snippet":"max-snippet:-1","max-image-preview":"max-image-preview:large","max-video-preview":"max-video-preview:-1"},"canonical":"https:\/\/www.eumedbridge.eu\/fr\/news\/declaration-de-la-porte-parole-de-lue-au-sujet-de-la-frappe-aerienne-qui\/","og_locale":"fr_FR","og_type":"article","og_title":"D\u00e9claration de la porte-parole de l\u2019UE au sujet de la frappe a\u00e9rienne qui a vis\u00e9 une usine dans la ville libyenne de Tripoli - Voisins de l'UE","og_description":"La porte-parole de l\u2019UE a fait la d\u00e9claration suivante\u00a0: [Le 18 novembre] Une frappe a\u00e9rienne a vis\u00e9 une biscuiterie dans le quartier de Wadi Rabea \u00e0 Tripoli, faisant de nouveau des victimes civiles. Nous pr\u00e9sentons nos condol\u00e9ances aux familles des victimes et souhaitons un prompt r\u00e9tablissement aux bless\u00e9s. Le droit international, y compris le droit [&hellip;]","og_url":"https:\/\/www.eumedbridge.eu\/fr\/news\/declaration-de-la-porte-parole-de-lue-au-sujet-de-la-frappe-aerienne-qui\/","og_site_name":"Voisins de l'UE","article_publisher":"https:\/\/www.facebook.com\/eumedbridge\/","article_modified_time":"2022-07-12T10:31:20+00:00","og_image":[{"width":1600,"height":900,"url":"https:\/\/www.eumedbridge.eu\/wp-content\/uploads\/2022\/03\/EU-Libya-16.jpg","type":"image\/jpeg"}],"twitter_card":"summary_large_image","twitter_site":"@eumedbridge","twitter_misc":{"Dur\u00e9e de lecture estim\u00e9e":"1 minute"},"schema":{"@context":"https:\/\/schema.org","@graph":[{"@type":"WebPage","@id":"https:\/\/www.eumedbridge.eu\/fr\/news\/declaration-de-la-porte-parole-de-lue-au-sujet-de-la-frappe-aerienne-qui\/","url":"https:\/\/www.eumedbridge.eu\/fr\/news\/declaration-de-la-porte-parole-de-lue-au-sujet-de-la-frappe-aerienne-qui\/","name":"D\u00e9claration de la porte-parole de l\u2019UE au sujet de la frappe a\u00e9rienne qui a vis\u00e9 une usine dans la ville libyenne de Tripoli - Voisins de l'UE","isPartOf":{"@id":"https:\/\/www.eumedbridge.eu\/#website"},"datePublished":"2019-11-19T22:00:00+00:00","dateModified":"2022-07-12T10:31:20+00:00","breadcrumb":{"@id":"https:\/\/www.eumedbridge.eu\/fr\/news\/declaration-de-la-porte-parole-de-lue-au-sujet-de-la-frappe-aerienne-qui\/#breadcrumb"},"inLanguage":"fr-FR","potentialAction":[{"@type":"ReadAction","target":["https:\/\/www.eumedbridge.eu\/fr\/news\/declaration-de-la-porte-parole-de-lue-au-sujet-de-la-frappe-aerienne-qui\/"]}]},{"@type":"BreadcrumbList","@id":"https:\/\/www.eumedbridge.eu\/fr\/news\/declaration-de-la-porte-parole-de-lue-au-sujet-de-la-frappe-aerienne-qui\/#breadcrumb","itemListElement":[{"@type":"ListItem","position":1,"name":"Home","item":"https:\/\/www.eumedbridge.eu\/fr\/home-page\/"},{"@type":"ListItem","position":2,"name":"Actualit\u00e9s","item":"https:\/\/www.eumedbridge.eu\/fr\/news\/"},{"@type":"ListItem","position":3,"name":"D\u00e9claration de la porte-parole de l\u2019UE au sujet de la frappe a\u00e9rienne qui a vis\u00e9 une usine dans la ville libyenne de Tripoli"}]},{"@type":"WebSite","@id":"https:\/\/www.eumedbridge.eu\/#website","url":"https:\/\/www.eumedbridge.eu\/","name":"EU Medbridge","description":"","publisher":{"@id":"https:\/\/www.eumedbridge.eu\/#organization"},"potentialAction":[{"@type":"SearchAction","target":{"@type":"EntryPoint","urlTemplate":"https:\/\/www.eumedbridge.eu\/?s={search_term_string}"},"query-input":{"@type":"PropertyValueSpecification","valueRequired":true,"valueName":"search_term_string"}}],"inLanguage":"fr-FR"},{"@type":"Organization","@id":"https:\/\/www.eumedbridge.eu\/#organization","name":"EU Medbridge","url":"https:\/\/www.eumedbridge.eu\/","logo":{"@type":"ImageObject","inLanguage":"fr-FR","@id":"https:\/\/www.eumedbridge.eu\/#\/schema\/logo\/image\/","url":"https:\/\/www.eumedbridge.eu\/wp-content\/uploads\/2021\/12\/Logo.png","contentUrl":"https:\/\/www.eumedbridge.eu\/wp-content\/uploads\/2021\/12\/Logo.png","width":325,"height":114,"caption":"EU Medbridge"},"image":{"@id":"https:\/\/www.eumedbridge.eu\/#\/schema\/logo\/image\/"},"sameAs":["https:\/\/www.facebook.com\/eumedbridge\/","https:\/\/x.com\/eumedbridge","https:\/\/www.linkedin.com\/company\/eumedbridge","https:\/\/www.youtube.com\/@eumedbridge","https:\/\/www.instagram.com\/eumedbridge","https:\/\/www.flickr.com\/photos\/euneighbours-south\/"]}]}},"_links":{"self":[{"href":"https:\/\/www.eumedbridge.eu\/fr\/wp-json\/wp\/v2\/news\/160494","targetHints":{"allow":["GET"]}}],"collection":[{"href":"https:\/\/www.eumedbridge.eu\/fr\/wp-json\/wp\/v2\/news"}],"about":[{"href":"https:\/\/www.eumedbridge.eu\/fr\/wp-json\/wp\/v2\/types\/news"}],"wp:attachment":[{"href":"https:\/\/www.eumedbridge.eu\/fr\/wp-json\/wp\/v2\/media?parent=160494"}],"wp:term":[{"taxonomy":"news_category","embeddable":true,"href":"https:\/\/www.eumedbridge.eu\/fr\/wp-json\/wp\/v2\/news_category?post=160494"},{"taxonomy":"country","embeddable":true,"href":"https:\/\/www.eumedbridge.eu\/fr\/wp-json\/wp\/v2\/country?post=160494"},{"taxonomy":"special_action","embeddable":true,"href":"https:\/\/www.eumedbridge.eu\/fr\/wp-json\/wp\/v2\/special_action?post=160494"},{"taxonomy":"custom_tag","embeddable":true,"href":"https:\/\/www.eumedbridge.eu\/fr\/wp-json\/wp\/v2\/custom_tag?post=160494"}],"curies":[{"name":"wp","href":"https:\/\/api.w.org\/{rel}","templated":true}]}}